{"id":4208,"date":"2017-02-27T06:47:41","date_gmt":"2017-02-27T05:47:41","guid":{"rendered":"http:\/\/blog.inmontanis.info\/?p=4208"},"modified":"2023-03-01T20:30:40","modified_gmt":"2023-03-01T19:30:40","slug":"monte-piselli-27-2-2017","status":"publish","type":"post","link":"http:\/\/blog.inmontanis.info\/?p=4208","title":{"rendered":"Monte Piselli, 27.2.2017"},"content":{"rendered":"<p><strong>Alpi-Appennini 2017 Tag 4: Mo, 27.2. &#8211; Monte Piselli<\/strong><\/p>\n<p>Heute war ich mal wieder am Monte Piselli. Letztes und\/oder vorletztes Jahr war die DSB ja leider geschlossen. Vor ein paar Wochen hatte man die n\u00f6tigen Auflagen erledigt, um wieder in Betrieb gehen zu k\u00f6nnen. <\/p>\n<p>Auf dem Weg dorthin konnte ich die neue mautfreie blaue Autobahn (Schnellstra\u00dfe) von Foligno nach Polverina fahren, die ich letztes(?) Jahr ja schon auf einem kurzen St\u00fcck fahren konnte. Lt. Navi ergaben die ca. 30-35km (davon ca. 20 km Tunnel, alles vierspurig!!) eine saftige Zeitersparnis von ca. 1h &#8211; somit verstand ich, warum Google Maps 2,5h und meine Navis 3,5h f\u00fcr heute Morgen rechneten..<\/p>\n<p>Somit kam ich kurz nach 10 Uhr am Piselli an und kaufte mir zu dem Skipass um 16,- \u20ac (fremde Alfi-karten werden akzeptiert) auch noch ein Panino um 4,- (sp\u00e4ter noch eines, da ich ja heute kein Fr\u00fchst\u00fcck hatte). Dass die DSB so extrem unbequeme Lattenrostsessel hatte, wusste ich gar nicht mehr (diese Marchisio-Sessel sind von Haus ja schon nicht bequem wg. dem mittel liegenden \u00dcberkopfb\u00fcgel (daf\u00fcr kann man die Skistecken sch\u00f6n hinh\u00e4ngen), diese hier hat auch noch extra hohe Fu\u00dfraster und eben sehr d\u00fcnne Lattenrostsitze (unten und hinten). Nach der 4. Fahrt ging ich zum Auto retour und holte meinen russischen Schaumstoffsitz zum Umschnallen &#8211; welch Wohltat. Aber kaum sitzt man bequem, sp\u00fcrt man pl\u00f6tzlich die Lattenroste im R\u00fccken. <\/p>\n<p>Schnee hatte es genug (230-280cm lt. Schneebericht!), wurde bereits leicht weich, die Offpisth\u00e4nge (au\u00dfer mir hatte ich da heute keinen gesehen) waren nachmittags dann etwas pappig (wird wohl an ein paar Millimeter Neuschnee gelegen haben, aber darunter war auch noch eine W\u00fcstensandschicht). Zwischen den Pisten gab es auch noch einige Varianten (glaub tw. noch gar nicht gefahren) &#8211; so dass ich 20x bis 16 Uhr gefahren bin. Die DSB macht ja auf ihren ca. 850m L\u00e4nge nur ca. 230hm, aber man hat trotzdem genug Abwechslung hier. Als das fr\u00fcher noch ein einziger Korblift war, waren es ca. 2,3 km und 560hm &#8211; also ist die DSB nur noch weniger als die H\u00e4lfte. Sehr schade, dass man keinen Pendelbusverkehr von der Talabfahrt aus anbietet &#8211; die ja nach wie vor pr\u00e4pariert wird.<\/p>\n<p>(Fotos anklicken zum Vergr\u00f6\u00dfern)<\/p>\n<p><a href='http:\/\/extra.inmontanis.info\/d\/40486-2\/ge201702-03j.jpg'><img src=http:\/\/extra.inmontanis.info\/d\/40485-3\/ge201702-03j.jpg \/><\/a><br \/>\n^ D) Monte Piselli und Magenta die Fahrstrecke heute.<\/p>\n<p><a href='http:\/\/extra.inmontanis.info\/d\/40554-2\/DSC03010.jpg'><img src=http:\/\/extra.inmontanis.info\/d\/40553-3\/DSC03010.jpg \/><\/a><br \/>\n^ Die neue, 4-spurig ausgebaute SS 77, Tunnel an Tunnel, lt. Navi knapp 1h Zeitersparnis<\/p>\n<p><a href='http:\/\/extra.inmontanis.info\/d\/40558-2\/DSC03017.jpg'><img src=http:\/\/extra.inmontanis.info\/d\/40557-3\/DSC03017.jpg \/><\/a><br \/>\n^ Einer der vom letzten Erdbeben mitgenommeren Orte<\/p>\n<p><a href='http:\/\/extra.inmontanis.info\/d\/40562-2\/DSC03021.jpg'><img src=http:\/\/extra.inmontanis.info\/d\/40561-3\/DSC03021.jpg \/><\/a><br \/>\n^ Monti Sibillini &#8211; heute leider kein Skitag hier, einige Skigebiete wg. des Erdbebens geschlossen<\/p>\n<p><a href='http:\/\/ski.inmontanis.info\/d\/227855-3\/DSC03027.jpg'><img src=http:\/\/ski.inmontanis.info\/d\/227854-3\/DSC03027.jpg \/><\/a><br \/>\n^ Auffahrt zum Monte Piselli<\/p>\n<p><a href='http:\/\/ski.inmontanis.info\/d\/227859-3\/DSC03030.jpg'><img src=http:\/\/ski.inmontanis.info\/d\/227858-3\/DSC03030.jpg \/><\/a><br \/>\n^ Monte Piselli, Blick zur ehemaligen Korblift-Abfahrt<\/p>\n<p><a href='http:\/\/ski.inmontanis.info\/d\/227986-3\/DSC03037.jpg'><img src=http:\/\/ski.inmontanis.info\/d\/227985-3\/DSC03037.jpg \/><\/a><br \/>\n^ Auffahrt zur DSB immer noch ungeteert. Oben zu sehen der rechte Offpiste-Hang<\/p>\n<p><a href='http:\/\/ski.inmontanis.info\/d\/228021-2\/DSC03042.jpg'><img src=http:\/\/ski.inmontanis.info\/d\/228020-3\/DSC03042.jpg \/><\/a><br \/>\n^ Parkplatz vs. DSB<\/p>\n<p><a href='http:\/\/ski.inmontanis.info\/d\/227868-3\/DSC03043.jpg'><img src=http:\/\/ski.inmontanis.info\/d\/227867-3\/DSC03043.jpg \/><\/a><br \/>\n^ Zum Gl\u00fcck hat man diese neuen, nervigen Kindersicherungen nur links gemacht. Und scheint einigen zu st\u00f6ren ;)<\/p>\n<p><a href='http:\/\/ski.inmontanis.info\/d\/227877-3\/DSC03046.jpg'><img src=http:\/\/ski.inmontanis.info\/d\/227876-3\/DSC03046.jpg \/><\/a><br \/>\n^ Mit IR war das Meer schon vormittags gut zu sehen<\/p>\n<p><a href='http:\/\/ski.inmontanis.info\/d\/227991-3\/DSC03047.jpg'><img src=http:\/\/ski.inmontanis.info\/d\/227990-3\/DSC03047.jpg \/><\/a><br \/>\n^ Die neuen Nummern-Aufkleber an den St\u00fctzen sind \u00fcbrigens von Sacmif!<\/p>\n<p><a href='http:\/\/ski.inmontanis.info\/d\/227995-3\/DSC03048.jpg'><img src=http:\/\/ski.inmontanis.info\/d\/227994-3\/DSC03048.jpg \/><\/a><br \/>\n^ Leider immer noch stillgelegt (und auch das F\u00f6rderband hier oben ist nicht mehr, scheint unterm Schnee vergraben. An der ehemaligen Korblift-Talstation hat man mittlerweile ein \u00dcbungs-F\u00f6rderband eingerichtet.)<\/p>\n<p><a href='http:\/\/ski.inmontanis.info\/d\/227881-3\/DSC03053.jpg'><img src=http:\/\/ski.inmontanis.info\/d\/227880-3\/DSC03053.jpg \/><\/a><br \/>\n^ Der tolle, steile, rechte Offpiste-Hang<\/p>\n<p><a href='http:\/\/ski.inmontanis.info\/d\/227885-3\/DSC03054.jpg'><img src=http:\/\/ski.inmontanis.info\/d\/227884-3\/DSC03054.jpg \/><\/a><br \/>\n^ Der tolle, steile, rechte Offpiste-Hang. Schnee war tw. recht gut hier<\/p>\n<p><a href='http:\/\/ski.inmontanis.info\/d\/227889-3\/DSC03057.jpg'><img src=http:\/\/ski.inmontanis.info\/d\/227888-3\/DSC03057.jpg \/><\/a><br \/>\n^ Zur\u00fcck durch den Wald, aber heuer ohne eine Markierung<\/p>\n<p><a href='http:\/\/ski.inmontanis.info\/d\/227893-3\/DSC03059.jpg'><img src=http:\/\/ski.inmontanis.info\/d\/227892-3\/DSC03059.jpg \/><\/a><br \/>\n^ Zur\u00fcck durch den Wald<\/p>\n<p><a href='http:\/\/ski.inmontanis.info\/d\/227897-3\/DSC03061.jpg'><img src=http:\/\/ski.inmontanis.info\/d\/227896-3\/DSC03061.jpg \/><\/a><br \/>\n^ DSB<\/p>\n<p><a href='http:\/\/ski.inmontanis.info\/d\/227999-3\/DSC03064.jpg'><img src=http:\/\/ski.inmontanis.info\/d\/227998-3\/DSC03064.jpg \/><\/a><br \/>\n^ DSB<\/p>\n<p><a href='http:\/\/ski.inmontanis.info\/d\/227902-3\/DSC03067.jpg'><img src=http:\/\/ski.inmontanis.info\/d\/227901-3\/DSC03067.jpg \/><\/a><br \/>\n^ Pano seitlich des Offpiste-Hangs<\/p>\n<p><a href='http:\/\/ski.inmontanis.info\/d\/227906-3\/DSC03068.jpg'><img src=http:\/\/ski.inmontanis.info\/d\/227905-3\/DSC03068.jpg \/><\/a><br \/>\n^ Der rechte Offpiste-Hang<\/p>\n<p><a href='http:\/\/ski.inmontanis.info\/d\/227910-3\/DSC03071.jpg'><img src=http:\/\/ski.inmontanis.info\/d\/227909-3\/DSC03071.jpg \/><\/a><br \/>\n^ Sand lag in der Luft und auf dem Schnee<\/p>\n<p><a href='http:\/\/ski.inmontanis.info\/d\/228025-2\/DSC03074.jpg'><img src=http:\/\/ski.inmontanis.info\/d\/228024-3\/DSC03074.jpg \/><\/a><br \/>\n^ Dank des russischen Sitzkissens waren die Lattenrostsessel doch viel bequemer.<\/p>\n<p><a href='http:\/\/ski.inmontanis.info\/d\/227918-3\/DSC03080.jpg'><img src=http:\/\/ski.inmontanis.info\/d\/227917-3\/DSC03080.jpg \/><\/a><br \/>\n^ Antennen<\/p>\n<p><a href='http:\/\/ski.inmontanis.info\/d\/228004-3\/DSC03081.jpg'><img src=http:\/\/ski.inmontanis.info\/d\/228003-3\/DSC03081.jpg \/><\/a><br \/>\n^ Nachmittags sah man das Meer auch so<\/p>\n<p><a href='http:\/\/ski.inmontanis.info\/d\/228029-2\/DSC03051.jpg'><img src=http:\/\/ski.inmontanis.info\/d\/228028-3\/DSC03051.jpg \/><\/a><br \/>\n^ .. aber mit IR nat\u00fcrlich besser. Am Horizont evtl. die K\u00fcste Kroatiens.<\/p>\n<p><a href='http:\/\/ski.inmontanis.info\/d\/227927-3\/DSC03083.jpg'><img src=http:\/\/ski.inmontanis.info\/d\/227926-3\/DSC03083.jpg \/><\/a><br \/>\n^ Variante<\/p>\n<p><a href='http:\/\/ski.inmontanis.info\/d\/228009-3\/DSC03086.jpg'><img src=http:\/\/ski.inmontanis.info\/d\/228008-3\/DSC03086.jpg \/><\/a><br \/>\n^ Ex-Baita<\/p>\n<p><a href='http:\/\/ski.inmontanis.info\/d\/227932-3\/DSC03089.jpg'><img src=http:\/\/ski.inmontanis.info\/d\/227931-3\/DSC03089.jpg \/><\/a><br \/>\n^ Ex-Baita<\/p>\n<p><a href='http:\/\/ski.inmontanis.info\/d\/227936-3\/DSC03091.jpg'><img src=http:\/\/ski.inmontanis.info\/d\/227935-3\/DSC03091.jpg \/><\/a><br \/>\n^ Ex-Baita<\/p>\n<p><a href='http:\/\/ski.inmontanis.info\/d\/227940-3\/DSC03093.jpg'><img src=http:\/\/ski.inmontanis.info\/d\/227939-3\/DSC03093.jpg \/><\/a><br \/>\n^ Ex-Baita vs. DSB<\/p>\n<p><a href='http:\/\/ski.inmontanis.info\/d\/227944-3\/DSC03095.jpg'><img src=http:\/\/ski.inmontanis.info\/d\/227943-3\/DSC03095.jpg \/><\/a><br \/>\n^ Zufahrt zu einer weiteren Variante zwischen den Abfahrten<\/p>\n<p><a href='http:\/\/ski.inmontanis.info\/d\/227948-3\/DSC03096.jpg'><img src=http:\/\/ski.inmontanis.info\/d\/227947-3\/DSC03096.jpg \/><\/a><br \/>\n^ Besagte Variante zwischen den Abfahrten<\/p>\n<p><a href='http:\/\/ski.inmontanis.info\/d\/227952-3\/DSC03097.jpg'><img src=http:\/\/ski.inmontanis.info\/d\/227951-3\/DSC03097.jpg \/><\/a><br \/>\n^ Hatte versucht, den R\u00fcckweg von der rechten Offpistevariante etwas fr\u00fcher anzugehen, man kam aber nicht gut durch.<\/p>\n<p><a href='http:\/\/ski.inmontanis.info\/d\/227956-3\/DSC03102.jpg'><img src=http:\/\/ski.inmontanis.info\/d\/227955-3\/DSC03102.jpg \/><\/a><br \/>\n^ DSB Technik<\/p>\n<p><a href='http:\/\/ski.inmontanis.info\/d\/227960-3\/DSC03103.jpg'><img src=http:\/\/ski.inmontanis.info\/d\/227959-3\/DSC03103.jpg \/><\/a><br \/>\n^ Hatte versucht, den R\u00fcckweg von der rechten Offpistevariante noch etwas fr\u00fcher anzugehen, man kam aber nicht gut durch.<\/p>\n<p><a href='http:\/\/ski.inmontanis.info\/d\/227964-3\/DSC03105.jpg'><img src=http:\/\/ski.inmontanis.info\/d\/227963-3\/DSC03105.jpg \/><\/a><br \/>\n^ Enorme Schneemassen im Wald. Offizielle Schneeh\u00f6henangabe war um die 2,8m<\/p>\n<p><a href='http:\/\/ski.inmontanis.info\/d\/227968-3\/DSC03106.jpg'><img src=http:\/\/ski.inmontanis.info\/d\/227967-3\/DSC03106.jpg \/><\/a><br \/>\n^ Noch eine kurze Variante rechts der DSB<\/p>\n<p><a href='http:\/\/ski.inmontanis.info\/d\/228013-3\/DSC03109.jpg'><img src=http:\/\/ski.inmontanis.info\/d\/228012-3\/DSC03109.jpg \/><\/a><br \/>\n^ Die linke Weg-Variante war zuletzt auch noch spa\u00dfig<\/p>\n<p><a href='http:\/\/ski.inmontanis.info\/d\/227973-3\/DSC03110.jpg'><img src=http:\/\/ski.inmontanis.info\/d\/227972-3\/DSC03110.jpg \/><\/a><br \/>\n^ DSB im R\u00fcckblick<\/p>\n<p><a href='http:\/\/ski.inmontanis.info\/d\/227977-3\/DSC03113.jpg'><img src=http:\/\/ski.inmontanis.info\/d\/227976-3\/DSC03113.jpg \/><\/a><br \/>\n^ .. und der ehemalige untere Teil des Korblifts, sehr schade drum.<\/p>\n<p><a href='http:\/\/ski.inmontanis.info\/d\/228033-2\/DSC03114.jpg'><img src=http:\/\/ski.inmontanis.info\/d\/228032-3\/DSC03114.jpg \/><\/a><br \/>\n^ Das russische Sitzkissen, das ich hier endlich mal gebrauchen konnte<\/p>\n<p><a href='http:\/\/ski.inmontanis.info\/d\/227982-3\/ge20170227a.jpg'><img src=http:\/\/ski.inmontanis.info\/d\/227981-3\/ge20170227a.jpg \/><\/a><br \/>\n^ GPS-Track 27.2.2017 in Gelb und vorheriger Besuch mit Trinc in Blau<\/p>\n<p>Ein kleines Filmchen von heute, On- und Offpiste am Monte Piselli, inkl. der urigen Waldr\u00fcckfahrt:<\/p>\n<p><object style=\"height: 500px; width: 900px\"><param name=\"movie\" value=\"http:\/\/www.youtube.com\/v\/hPLwnK8brIY\"><\/param><param name=\"wmode\" value=\"transparent\"><\/param><embed src=\"http:\/\/www.youtube.com\/v\/hPLwnK8brIY\" type=\"application\/x-shockwave-flash\" wmode=\"transparent\"  width=\"900\" height=\"480\"><\/embed><\/object><\/p>\n<p>Ich klebte noch schnell 2 Aufkleber auf&#8217;s Auto..<\/p>\n<p><a href='http:\/\/extra.inmontanis.info\/d\/40566-2\/DSC03116.jpg'><img src=http:\/\/extra.inmontanis.info\/d\/40565-3\/DSC03116.jpg \/><\/a><br \/>\n^ Hab endlich mal einen meiner Graffer-Aufkleber aufgeklebt..<\/p>\n<p><a href='http:\/\/extra.inmontanis.info\/d\/40570-2\/DSC03117.jpg'><img src=http:\/\/extra.inmontanis.info\/d\/40569-3\/DSC03117.jpg \/><\/a><br \/>\n^ .. der Aufkleber dagegen gef\u00e4llt mir rechteckig beschnitten hier nicht so ganz &#8211; werd ich evtl. mal noch anders beschnitten probieren.<\/p>\n<p>\u00dcbenachtungstechnisch gab es heute wieder einige Kandidaten, leider allesamt 1-1,5h von meinem morgigen Ziel entfernt. Ich entschied mich f\u00fcr eine K\u00fcstennahe, aber nicht ganz am Strand (siehe gestrige Anmerkungen) liegende, ein ***-Motel um 30,- \u20ac \u00dcF. Wollte mautfrei hinfahren und entschied mich f\u00fcr die Strecke am Meer entlang. Es war schon dunkel, man sieht von hier aus eh nix und es war nervige Fahrerei durch volle Ortschaften. Nach ca. 7 von 25km nahm ich die Abzweigung zur Autobahn. Von der dortigen Ausfahrt die 2km zum Motel waren dann aber auch Stau mit Zeitverlust von 15 Minuten. H\u00e4tte ich mir also schenken k\u00f6nnen. Daf\u00fcr waren die ca. 20 km Autobahn um 1,50 \u20ac g\u00fcnstig.<\/p>\n<p><a href='http:\/\/extra.inmontanis.info\/d\/40574-2\/DSC03119.jpg'><img src=http:\/\/extra.inmontanis.info\/d\/40573-3\/DSC03119.jpg \/><\/a><br \/>\n^ Die Stra\u00dfe gerade aus wurde von einer Lawine erwischt &#8211; da werd ich einen kleinen Umwg links rum fahren m\u00fcssen<\/p>\n<p>Leider bekam ich kein Nichtraucherzimmer &#8211; somit das glaub zweite Motel, das ich in Italien kenne und das zweite, wo ich nur ein Raucherzimmer bekomme. Anscheinend ist das in Italien in Motels so \u00fcblich?! Werd ich mir wohl merken m\u00fcssen. Aber mein Grund f\u00fcr die Wahl war, dass man in einem Motel f\u00fcr gew\u00f6hnlich fr\u00fch fr\u00fchst\u00fccken kann. Wie sich herausstellte ab 7 Uhr, das passt ja.<\/p>\n<p><a href='http:\/\/extra.inmontanis.info\/d\/40578-2\/DSC03124.jpg'><img src=http:\/\/extra.inmontanis.info\/d\/40577-3\/DSC03124.jpg \/><\/a><br \/>\n^ Heutiges Motel-Zimmer, nicht toll<\/p>\n<p><a href='http:\/\/extra.inmontanis.info\/d\/40582-2\/DSC03125_001.jpg'><img src=http:\/\/extra.inmontanis.info\/d\/40581-3\/DSC03125_001.jpg \/><\/a><br \/>\n^ Heutiges Motel-Zimmer, nicht toll und leider kein Nichtraucher-Zimmer.<\/p>\n<p>Abendessen war etwas eigenartig, am Tisch stehen 2 Steher, ein paar Pizzen (keine nach meinem Geschmack) und am zweiten lauter Vor- und Hauptspeisen mit Fisch und Meeresfr\u00fcchten. Drunter klein, dass es auch ein Fleischmen\u00fc g\u00e4be. Das las sie mir dann vor, ich nahm die Gnochetti mit Rag\u00fa und irgendwas schweinisches (irgendein Nackensteak oder so und ein st\u00fcck Salsiccia, mit Pommes) &#8211; mit 20,- \u20ac ist das Men\u00fc ohne Dessert recht teuer. Komsicherweise wollte man mir dann noch (gratis wohl) einen Teller Muscheln andrehen. Macht ja Sinn, wenn man sich ein Fleischmen\u00fc aussucht?! Ich lehnte dankend ab.<\/p>\n<p>Internet ist leider sp\u00fcrbar langsamer als die letzten Tage, sehr schlecht, auch dann am Morgen. Kann aber auch sein, dass hier etliche mehr Leute da sind. Fr\u00fchst\u00fccksbuffet war italienisch &#8211; Croissants, Zwieback, kein Brot etc., Joghurt, Cornflakes (sogar mit Milch), Kuchen<\/p>\n<p>Ansonsten, die Skigebiete hier werden auch immer weniger: Scanno hat heuer zu und Prato Selva glaub ich schon l\u00e4nger? Weiter im Norden heuer Monte Prata und Ussita wg. dem Erdbeben..<\/p>\n<p>Paar Dashcam-Sequenzen von heute, insb. komplett der neue Teil der SS 77 (so macht man das, liebe Deutsche und \u00d6sterreicher), sowie die Auffahrt auf den Monte Piselli:<\/p>\n<p><object style=\"height: 500px; width: 900px\"><param name=\"movie\" value=\"http:\/\/www.youtube.com\/v\/T58KTpY92Mw\"><\/param><param name=\"wmode\" value=\"transparent\"><\/param><embed src=\"http:\/\/www.youtube.com\/v\/T58KTpY92Mw\" type=\"application\/x-shockwave-flash\" wmode=\"transparent\"  width=\"900\" height=\"480\"><\/embed><\/object><\/p>\n<p>(Fortsetzung folgt.)<\/p>\n","protected":false},"excerpt":{"rendered":"<p>Alpi-Appennini 2017 Tag 4: Mo, 27.2. &#8211; Monte Piselli<\/p>\n<p>Heute war ich mal wieder am Monte Piselli. Letztes und\/oder vorletztes Jahr war die DSB ja leider geschlossen. Vor ein paar Wochen hatte man die n\u00f6tigen Auflagen erledigt, um wieder in Betrieb gehen zu k\u00f6nnen. <\/p>\n<p>Auf dem Weg dorthin konnte ich die neue mautfreie blaue <a href=\"http:\/\/blog.inmontanis.info\/?p=4208\">[&#8230;]<\/a><\/p>\n","protected":false},"author":1,"featured_media":0,"comment_status":"closed","ping_status":"closed","sticky":false,"template":"","format":"standard","meta":{"footnotes":""},"categories":[160,15,236,59,27],"tags":[38,90,80,37],"class_list":["post-4208","post","type-post","status-publish","format-standard","hentry","category-2017-02-alpi-appennini","category-italienitaly","category-monte-piselli","category-nostalgie","category-skifahren-winterskiing-winter","tag-dsb","tag-infrarot","tag-marchisio","tag-meer","odd"],"_links":{"self":[{"href":"http:\/\/blog.inmontanis.info\/index.php?rest_route=\/wp\/v2\/posts\/4208","targetHints":{"allow":["GET"]}}],"collection":[{"href":"http:\/\/blog.inmontanis.info\/index.php?rest_route=\/wp\/v2\/posts"}],"about":[{"href":"http:\/\/blog.inmontanis.info\/index.php?rest_route=\/wp\/v2\/types\/post"}],"author":[{"embeddable":true,"href":"http:\/\/blog.inmontanis.info\/index.php?rest_route=\/wp\/v2\/users\/1"}],"replies":[{"embeddable":true,"href":"http:\/\/blog.inmontanis.info\/index.php?rest_route=%2Fwp%2Fv2%2Fcomments&post=4208"}],"version-history":[{"count":2,"href":"http:\/\/blog.inmontanis.info\/index.php?rest_route=\/wp\/v2\/posts\/4208\/revisions"}],"predecessor-version":[{"id":4210,"href":"http:\/\/blog.inmontanis.info\/index.php?rest_route=\/wp\/v2\/posts\/4208\/revisions\/4210"}],"wp:attachment":[{"href":"http:\/\/blog.inmontanis.info\/index.php?rest_route=%2Fwp%2Fv2%2Fmedia&parent=4208"}],"wp:term":[{"taxonomy":"category","embeddable":true,"href":"http:\/\/blog.inmontanis.info\/index.php?rest_route=%2Fwp%2Fv2%2Fcategories&post=4208"},{"taxonomy":"post_tag","embeddable":true,"href":"http:\/\/blog.inmontanis.info\/index.php?rest_route=%2Fwp%2Fv2%2Ftags&post=4208"}],"curies":[{"name":"wp","href":"https:\/\/api.w.org\/{rel}","templated":true}]}}