{"id":4204,"date":"2017-02-26T15:47:53","date_gmt":"2017-02-26T14:47:53","guid":{"rendered":"http:\/\/blog.inmontanis.info\/?p=4204"},"modified":"2023-08-02T22:14:02","modified_gmt":"2023-08-02T20:14:02","slug":"lurisia-26-2-2017","status":"publish","type":"post","link":"http:\/\/blog.inmontanis.info\/?p=4204","title":{"rendered":"Lurisia, 26.2.2017"},"content":{"rendered":"<p><strong>Alpi-Appennini 2017 Tag 3: So, 26.2. &#8211; Lurisia<\/strong><\/p>\n<p>Bei den Pistenverh\u00e4ltnissen gestern hatte ich in Lurisia heute auch nicht viel besseres erwartet, wohl aber erhofft, aber es war auch schlecht. Offpiste gar noch schlechter, es ging egtl. nur da, wo keiner gefahren ist &#8211; weil Harschdeckel dann wenigstens nicht ruppig. Pisten bis auf eine auch viel zu hart. Voll war&#8217;s auch, aber das bef\u00fcrchtete ich f\u00fcr Sonntag auch, aber ging bei der Route nicht anders. SL Pineta fehlt da halt. Evtl. n\u00e4chstes Jahr, dass er wieder offen ist. Falls \u00fcberhaupt offen ist. Die Abfahrten erreicht man zwar auch mit den zwei anderen SL, aber zwischen den beiden SL muss man etwas aufsteigen.<\/p>\n<p>Achja, nat\u00fcrlich lief mir gleich als erstes, als ich oben war, Jacopo \u00fcber den Weg :) War heute an der Bergstation Betulla-SL stationiert, arbeitet also nach wie vor hier (vor 2 Jahren waren es ja noch andere Betreiber, letzte Saison war ja komplett zu).<\/p>\n<p>Gute Nachrichten auch von Gegen\u00fcber (Mondole\/Artesina): Die beiden DSBs aus Rastello waren wieder in Betrieb.<\/p>\n<p>(Fotos anklicken zum Vergr\u00f6\u00dfern)<\/p>\n<p><a href='http:\/\/extra.inmontanis.info\/d\/40486-2\/ge201702-03j.jpg'><img src=http:\/\/extra.inmontanis.info\/d\/40485-3\/ge201702-03j.jpg \/><\/a><br \/>\n^ C) Lurisia und folgend t\u00fcrkis die Fahrstrecke heute Abend.<\/p>\n<p><a href='http:\/\/extra.inmontanis.info\/d\/40526-2\/DSC02933.jpg'><img src=http:\/\/extra.inmontanis.info\/d\/40525-3\/DSC02933.jpg \/><\/a><br \/>\n^ Blick von der Ebene zu den Bergen &#8211; Monviso<\/p>\n<p><a href='http:\/\/extra.inmontanis.info\/d\/40530-2\/DSC02935.jpg'><img src=http:\/\/extra.inmontanis.info\/d\/40529-3\/DSC02935.jpg \/><\/a><br \/>\n^ Blick von der Ebene zu den Bergen &#8211; Mondovi<\/p>\n<p><a href='http:\/\/ski.inmontanis.info\/d\/227763-3\/DSC02938.jpg'><img src=http:\/\/ski.inmontanis.info\/d\/227762-3\/DSC02938.jpg \/><\/a><br \/>\n^ Talstation<\/p>\n<p><a href='http:\/\/ski.inmontanis.info\/d\/227767-3\/DSC02940.jpg'><img src=http:\/\/ski.inmontanis.info\/d\/227766-3\/DSC02940.jpg \/><\/a><br \/>\n^ Die seit einigen Jahren stillgelegte DSB steht auch noch wie gehabt.<\/p>\n<p><a href='http:\/\/ski.inmontanis.info\/d\/227771-3\/DSC02944.jpg'><img src=http:\/\/ski.inmontanis.info\/d\/227770-3\/DSC02944.jpg \/><\/a><br \/>\n^ SL Betulla. Rechts oben auf meinen Skiern der ehemalige Korblift hier<\/p>\n<p><a href='http:\/\/ski.inmontanis.info\/d\/227835-2\/DSC02945.jpg'><img src=http:\/\/ski.inmontanis.info\/d\/227834-3\/DSC02945.jpg \/><\/a><br \/>\n^ SL Betulla<\/p>\n<p><a href='http:\/\/ski.inmontanis.info\/d\/227779-3\/DSC02952.jpg'><img src=http:\/\/ski.inmontanis.info\/d\/227778-3\/DSC02952.jpg \/><\/a><br \/>\n^ SL Betulla<\/p>\n<p><a href='http:\/\/ski.inmontanis.info\/d\/227839-2\/DSC02956.jpg'><img src=http:\/\/ski.inmontanis.info\/d\/227838-3\/DSC02956.jpg \/><\/a><br \/>\n^ Die Abfahrt direkt rechts des geschlossenen SL Pineta oben war nicht pr\u00e4pariert<\/p>\n<p><a href='http:\/\/ski.inmontanis.info\/d\/227784-3\/DSC02957.jpg'><img src=http:\/\/ski.inmontanis.info\/d\/227783-3\/DSC02957.jpg \/><\/a><br \/>\n^ SL Genzianella. Leider gab&#8217;s hier heute ein Rennen, daher l\u00e4ngere Wartezeiten am Lift<\/p>\n<p><a href='http:\/\/ski.inmontanis.info\/d\/227843-2\/DSC02960.jpg'><img src=http:\/\/ski.inmontanis.info\/d\/227842-3\/DSC02960.jpg \/><\/a><br \/>\n^ SL Genzianella und links der derzeit geschlossene SL Pineta und Blick in die Poebene<\/p>\n<p><a href='http:\/\/ski.inmontanis.info\/d\/227789-3\/DSC02961.jpg'><img src=http:\/\/ski.inmontanis.info\/d\/227788-3\/DSC02961.jpg \/><\/a><br \/>\n^ SL Genzianella (Blau) und SL Pineta (Gelb)<\/p>\n<p><a href='http:\/\/ski.inmontanis.info\/d\/227793-3\/DSC02964.jpg'><img src=http:\/\/ski.inmontanis.info\/d\/227792-3\/DSC02964.jpg \/><\/a><br \/>\n^ Flachlandpano<\/p>\n<p><a href='http:\/\/ski.inmontanis.info\/d\/227797-3\/DSC02965.jpg'><img src=http:\/\/ski.inmontanis.info\/d\/227796-3\/DSC02965.jpg \/><\/a><br \/>\n^ Abfahrt Serralunga, rechts am SL Pineta &#8211; die sch\u00f6nste Abfahrt im Skigebiet<\/p>\n<p><a href='http:\/\/ski.inmontanis.info\/d\/227801-3\/DSC02969.jpg'><img src=http:\/\/ski.inmontanis.info\/d\/227800-3\/DSC02969.jpg \/><\/a><br \/>\n^ SL Pineta, leider geschlossen. Via Skiweg kommt man aber zum SL Betulla<\/p>\n<p><a href='http:\/\/ski.inmontanis.info\/d\/227847-2\/DSC02972.jpg'><img src=http:\/\/ski.inmontanis.info\/d\/227846-3\/DSC02972.jpg \/><\/a><br \/>\n^ SL Betulla<\/p>\n<p><a href='http:\/\/ski.inmontanis.info\/d\/227806-3\/DSC02973.jpg'><img src=http:\/\/ski.inmontanis.info\/d\/227805-3\/DSC02973.jpg \/><\/a><br \/>\n^ SL Margherita. Der Skigebietsteil dahinter ist ja nach wie vor stillgelegt.<\/p>\n<p><a href='http:\/\/ski.inmontanis.info\/d\/227810-3\/DSC02974.jpg'><img src=http:\/\/ski.inmontanis.info\/d\/227809-3\/DSC02974.jpg \/><\/a><br \/>\n^ Talabfahrt, gr\u00f6\u00dftenteils eisig hart gefroren, nur dieser Teil war sch\u00f6n aufgefirnt<\/p>\n<p><a href='http:\/\/ski.inmontanis.info\/d\/227814-3\/DSC02975.jpg'><img src=http:\/\/ski.inmontanis.info\/d\/227813-3\/DSC02975.jpg \/><\/a><br \/>\n^ .. allerdings gab&#8217;s doch einen l\u00e4ngeren Fu\u00dfweg auf der Talabfahrt.<\/p>\n<p><a href='http:\/\/ski.inmontanis.info\/d\/227818-3\/DSC02976.jpg'><img src=http:\/\/ski.inmontanis.info\/d\/227817-3\/DSC02976.jpg \/><\/a><br \/>\n^ Nat\u00fcrlich musste ich ein Bild mit meinen Skiern im alten Korb machen ;-)<\/p>\n<p><a href='http:\/\/ski.inmontanis.info\/d\/227822-3\/DSC02979.jpg'><img src=http:\/\/ski.inmontanis.info\/d\/227821-3\/DSC02979.jpg \/><\/a><br \/>\n^ Wartezeiten nun auch am SL Betulla<\/p>\n<p><a href='http:\/\/ski.inmontanis.info\/d\/227826-3\/DSC02982.jpg'><img src=http:\/\/ski.inmontanis.info\/d\/227825-3\/DSC02982.jpg \/><\/a><br \/>\n^ Abfahrt ganz rechts am SL Pineta &#8211; hier war der Schnee noch halbwegs pulvrig. Da ich sie schon \u00f6fters gefahren bin, wusste ich wie und wo ..<\/p>\n<p><a href='http:\/\/ski.inmontanis.info\/d\/227851-2\/DSC02984.jpg'><img src=http:\/\/ski.inmontanis.info\/d\/227850-3\/DSC02984.jpg \/><\/a><br \/>\n^ Abfahrt ganz rechts am SL Pineta<\/p>\n<p><a href='http:\/\/ski.inmontanis.info\/d\/227831-3\/DSC02986.jpg'><img src=http:\/\/ski.inmontanis.info\/d\/227830-3\/DSC02986.jpg \/><\/a><br \/>\n^ Zum Schluss nochmal die sch\u00f6ne Serralunga und ab ins Tal<\/p>\n<p>Gegen 13\/13:30 Uhr h\u00f6rte ich auf, da ich noch ca. 6h zum Hotel nahe Assisi\/Perugia fahren musste. Immerhin dank Sonntag kein Stau um Genua, nur um Florenz wars etwas voller. Da hatte ich auch ein bisschen einen leeren Tank. Sobald das gelbe Licht leuchtet wird auch hier im Ignis (wie im Qubo) die Rest-km-Anzeige ausgeblendet, so dass man dann gar nichts mehr wei\u00df, au\u00dfer, dass lt. Segment 3l \u00fcbrig sein sollen. Bevor es dann ganz aus ist, soll das letzte Segment glaub ich noch blinken &#8211; soweit kam&#8217;s zum Gl\u00fcck nicht. Leider konnte ich nicht volltanken (weil Karten nicht akzeptiert &#8211; wie \u00fcblich in rund 95% der italienischen Tankstellenterminals, dass keine ausl\u00e4ndischen Bankomatkarten akzeptiert werden &#8211; im Gegensatz zu z.B. Frankreich), somit 2&#215;20 \u20ac reingeschoben), aber ich bin 550km seit dem letzten Volltanken gefahren und h\u00e4tte also vmtl. 27-28l reinbekommen. Sollte mir mal wieder einen Reservekanister mitnehmen &#8211; dann f\u00e4hrt man etwas beruhigter ..<\/p>\n<p><a href='http:\/\/extra.inmontanis.info\/d\/40534-2\/DSC02988.jpg'><img src=http:\/\/extra.inmontanis.info\/d\/40533-3\/DSC02988.jpg \/><\/a><br \/>\n^ Die zweigeteilte Autobahn nach Savona ist immer f\u00fcr ein Fotomotiv gut ;-)<\/p>\n<p><a href='http:\/\/extra.inmontanis.info\/d\/40538-2\/DSC02992.jpg'><img src=http:\/\/extra.inmontanis.info\/d\/40537-3\/DSC02992.jpg \/><\/a><br \/>\n^ Kleiner Halt an einer Autobahnrastst\u00e4tte nach Savona<\/p>\n<p><a href='http:\/\/extra.inmontanis.info\/d\/40542-2\/DSC02994.jpg'><img src=http:\/\/extra.inmontanis.info\/d\/40541-3\/DSC02994.jpg \/><\/a><br \/>\n^ Viel Meer sieht man von der Autobahn ja immer nicht ..<\/p>\n<p>Das 4-Sterne-Hotel war leer, daher um 31,50 f\u00fcr \u00dcF (auf booking.com) bekommen, wobei ich morgen wohl um 7 Uhr ohne Fr\u00fchst\u00fcck fahren werde &#8211; lt. Navi sinds 3-3,5h bis zum Monte Piselli, weil etwas Umweg, da eine Verbindungsstra\u00dfe seit dem letzten Erdbeben gesperrt ist. Hier g\u00e4be es zwar die alte Umfahrung \u00fcber das Skigebiet Forca Canapine, aber es ist mir leider nicht exakt klar, von wo bis wo die neue Stra\u00dfe genau gesperrt ist &#8211; lt. Google Maps, dem man zwar nicht immer trauen kann, w\u00e4re auch diese Umfahrung nicht m\u00f6glich&#8230;<\/p>\n<p>Essen in einer nahen Pizzeria, leckere Pizza mit Salsiccia und Tr\u00fcffel-Sauce, Tiramisu und 0,75l Wasser um in Summe g\u00fcnstige 11,50 \u20ac. Ansonsten sch\u00f6nes, (sehr warmes) Zimmer, Internet auch ok.<\/p>\n<p><a href='http:\/\/extra.inmontanis.info\/d\/40550-2\/IMG_2863.jpg'><img src=http:\/\/extra.inmontanis.info\/d\/40549-3\/IMG_2863.jpg \/><\/a><br \/>\n^ Leckere Pizza heute<\/p>\n<p>Das ist der Vorteil an solch einem Reisen &#8211; man erwischt h\u00e4ufig g\u00fcnstige Hotels abseits gerade aktiver Tourismuszentren. H\u00e4tte mir f\u00fcr heute oder morgen ja auch ein Hotel am Meer genommen, w\u00e4re auch so g\u00fcnstig zu bekommen, aber der Wetterbericht meldete jeweils morgens bedeckten Himmel &#8211; dann lohnt sich das ja weniger. Zudem es dort in Strandn\u00e4he auch mit dem Parken immer etwas schwieriger ausschaut,  Hotel an Hotel, kostenpflichtige Privatparkpl\u00e4tze, ..<\/p>\n<p><a href='http:\/\/extra.inmontanis.info\/d\/40546-2\/DSC03005.jpg'><img src=http:\/\/extra.inmontanis.info\/d\/40545-3\/DSC03005.jpg \/><\/a><br \/>\n^ Heutiges Hotelzimmer<\/p>\n<p>(Fortsetzung folgt.)<\/p>\n","protected":false},"excerpt":{"rendered":"<p>Alpi-Appennini 2017 Tag 3: So, 26.2. &#8211; Lurisia<\/p>\n<p>Bei den Pistenverh\u00e4ltnissen gestern hatte ich in Lurisia heute auch nicht viel besseres erwartet, wohl aber erhofft, aber es war auch schlecht. Offpiste gar noch schlechter, es ging egtl. nur da, wo keiner gefahren ist &#8211; weil Harschdeckel dann wenigstens nicht ruppig. Pisten bis auf eine auch <a href=\"http:\/\/blog.inmontanis.info\/?p=4204\">[&#8230;]<\/a><\/p>\n","protected":false},"author":1,"featured_media":0,"comment_status":"closed","ping_status":"closed","sticky":false,"template":"","format":"standard","meta":{"footnotes":""},"categories":[160,15,231,59,27],"tags":[63,80,47],"class_list":["post-4204","post","type-post","status-publish","format-standard","hentry","category-2017-02-alpi-appennini","category-italienitaly","category-lurisia","category-nostalgie","category-skifahren-winterskiing-winter","tag-korblift","tag-marchisio","tag-sl","odd"],"_links":{"self":[{"href":"http:\/\/blog.inmontanis.info\/index.php?rest_route=\/wp\/v2\/posts\/4204","targetHints":{"allow":["GET"]}}],"collection":[{"href":"http:\/\/blog.inmontanis.info\/index.php?rest_route=\/wp\/v2\/posts"}],"about":[{"href":"http:\/\/blog.inmontanis.info\/index.php?rest_route=\/wp\/v2\/types\/post"}],"author":[{"embeddable":true,"href":"http:\/\/blog.inmontanis.info\/index.php?rest_route=\/wp\/v2\/users\/1"}],"replies":[{"embeddable":true,"href":"http:\/\/blog.inmontanis.info\/index.php?rest_route=%2Fwp%2Fv2%2Fcomments&post=4204"}],"version-history":[{"count":3,"href":"http:\/\/blog.inmontanis.info\/index.php?rest_route=\/wp\/v2\/posts\/4204\/revisions"}],"predecessor-version":[{"id":4207,"href":"http:\/\/blog.inmontanis.info\/index.php?rest_route=\/wp\/v2\/posts\/4204\/revisions\/4207"}],"wp:attachment":[{"href":"http:\/\/blog.inmontanis.info\/index.php?rest_route=%2Fwp%2Fv2%2Fmedia&parent=4204"}],"wp:term":[{"taxonomy":"category","embeddable":true,"href":"http:\/\/blog.inmontanis.info\/index.php?rest_route=%2Fwp%2Fv2%2Fcategories&post=4204"},{"taxonomy":"post_tag","embeddable":true,"href":"http:\/\/blog.inmontanis.info\/index.php?rest_route=%2Fwp%2Fv2%2Ftags&post=4204"}],"curies":[{"name":"wp","href":"https:\/\/api.w.org\/{rel}","templated":true}]}}