{"id":4195,"date":"2017-02-24T05:33:39","date_gmt":"2017-02-24T04:33:39","guid":{"rendered":"http:\/\/blog.inmontanis.info\/?p=4195"},"modified":"2023-08-04T18:33:55","modified_gmt":"2023-08-04T16:33:55","slug":"bardonecchia-24-2-2017","status":"publish","type":"post","link":"http:\/\/blog.inmontanis.info\/?p=4195","title":{"rendered":"Bardonecchia, 24.2.2017"},"content":{"rendered":"<p>Alpi-Appennini 2017 Tag 1: Fr, 24.2. &#8211; Bardonecchia<\/p>\n<p>Egtl. h\u00e4tte ich ja geplant, f\u00fcr 2,5 Wochen zu verreisen und nahm mir auch den Urlaub entsprechend. Schwerpunkt Griechenland, etwas. restlicher Balkan und Sizilien und\/oder T\u00fcrkei. Die Vorhersagen gestern Abend jedoch waren f\u00fcr nichts wirklich berauschend. Auf der Hinfahrt richtung Griechenland h\u00e4tte es die n\u00e4chsten Tage nur wenig Sonne geben sollen, genauso richtung Sizilien. Die l\u00e4ngeren Prognosen zeigten auch am \u00c4tna kein durchgreifendes Sch\u00f6nwetter. Zudem gl\u00e4nzten die Skigebiete in Rum\u00e4nien auch nicht gerade durch viel Schnee. Da ich meinen Ignis erst gestern angemeldet hab, hab ich logischerweise auch die Gr\u00fcne Karte, die ich in einigen Balkanl\u00e4ndern br\u00e4uchte, nicht mehr rechtzeitig erhalten &#8211; eine Sache, die ich leider komplett \u00fcbersehen hatte, somit kein Montenegro und Mazedonien etc.<\/p>\n<p>Ich entschied mich daher, erst mal der Sonne nach zu fahren. Das bedeutete f\u00fcr die n\u00e4chsten Tage meine Lieblingsecke der Alpen, die Meeralpen im S\u00fcdwesten. Danach je nach Wettervorhersage vielleicht weiter nach Sizilien, vielleicht dann weiter nach Griechenland, vielleicht aber statt beidem in die Pyren\u00e4en. F\u00fcr die n\u00e4chsten 3 Tage sollte ich aber hier in der Sonne bleiben, Piemont und in Frankreich, denn auch Gr\u00e9oli\u00e8res meldete 60cm und alles offen und sonnig. <\/p>\n<p>Bardonecchia wollte ich heuer ja auch nochmal besuchen und hatte mir die Keycard letztes Mal aufgehoben, und da die am Freitag alles wichtige offen haben, entschied ich mich daf\u00fcr. Leider gestern nicht mehr alles packen k\u00f6nnen (wg. Routenplanungen etc.), kam daher nicht so fr\u00fch ins Bett, daher erst um 2 Uhr aufgestanden. Stau um Turin (wie bef\u00fcrchtet), Ankunft kurz nach 11 Uhr. Trotzdem voller TK-Preis um 36,-, erst ab 13h g\u00fcnstiger.<\/p>\n<p>Aber es war eh erst ab Mittag sonnig, quasi wolkenlos im Skigebiet. Schnee sehr hart, oben trotz dauernder Sonne leider nicht weich geworden. Viele ehemalige Abfahrten nicht fahren k\u00f6nnen, da offpiste der Schnee auch sehr anstrengend war. Ein leichter Bruchharsch ging tw. gut. Selbst die Talabfahrt war um 12:30 Uhr noch hart. Um 13:30 gro\u00dfteils aufgefirnt und somit besser, gleich nochmal. Und ein drittes Mal. Zum Schluss auch nochmal 2x, aber da hatte es schon wieder angezogen. Leider war auch oben kaum eine Piste frisch pr\u00e4pariert und der Rest windm\u00e4\u00dfig ruppig\/eisig-hart abgeweht.<\/p>\n<p>(Fotos anklicken zum Vergr\u00f6\u00dfern)<\/p>\n<p><a href='http:\/\/extra.inmontanis.info\/d\/40482-2\/ge201702-03f.jpg'><img src=http:\/\/extra.inmontanis.info\/d\/40481-3\/ge201702-03f.jpg \/><\/a><br \/>\n^ Die dann tats\u00e4chlich gefahrene Strecke im \u00dcberblick, wie \u00fcblich die verschiedenen Tagesetappen in verschiedenen Farben<\/p>\n<p><a href='http:\/\/extra.inmontanis.info\/d\/40486-2\/ge201702-03j.jpg'><img src=http:\/\/extra.inmontanis.info\/d\/40485-3\/ge201702-03j.jpg \/><\/a><br \/>\n^ Die besuchten Skigebiete im Vgl. zu den restlichen Skigebieten<br \/>\nA) Bardonecchia<\/p>\n<p><a href='http:\/\/extra.inmontanis.info\/d\/40494-2\/DSC02710.jpg'><img src=http:\/\/extra.inmontanis.info\/d\/40493-3\/DSC02710.jpg \/><\/a><br \/>\n^ Schneefall \u00fcbern Arlberg? Interessant, gar nicht mit gerechnet. Aber keine Kettenpflicht talw\u00e4rts ausgeschlagen.<\/p>\n<p><a href='http:\/\/ski.inmontanis.info\/d\/227345-2\/DSC02713.jpg'><img src=http:\/\/ski.inmontanis.info\/d\/227344-3\/DSC02713.jpg \/><\/a><br \/>\n^ 8EUB und Talabfahrt<\/p>\n<p><a href='http:\/\/ski.inmontanis.info\/d\/227349-2\/DSC02715.jpg'><img src=http:\/\/ski.inmontanis.info\/d\/227348-3\/DSC02715.jpg \/><\/a><br \/>\n^ DSB Sektion 2 und rechts eine der ehemaligen Abfahrten<\/p>\n<p><a href='http:\/\/ski.inmontanis.info\/d\/227353-2\/DSC02717.jpg'><img src=http:\/\/ski.inmontanis.info\/d\/227352-3\/DSC02717.jpg \/><\/a><br \/>\n^ K\u00f6nnte das letzte Jahr der Marchisio-DSB sein<\/p>\n<p><a href='http:\/\/ski.inmontanis.info\/d\/227357-2\/DSC02720.jpg'><img src=http:\/\/ski.inmontanis.info\/d\/227356-3\/DSC02720.jpg \/><\/a><br \/>\n^ SL Jafferau, die Abfahrt rechts war leider wg. eines Rennens f\u00fcr ein paar Stunden gesperrt.<\/p>\n<p><a href='http:\/\/ski.inmontanis.info\/d\/227361-2\/DSC02724.jpg'><img src=http:\/\/ski.inmontanis.info\/d\/227360-3\/DSC02724.jpg \/><\/a><br \/>\n^ Obere DSB Ban<\/p>\n<p><a href='http:\/\/ski.inmontanis.info\/d\/227421-2\/DSC02726.jpg'><img src=http:\/\/ski.inmontanis.info\/d\/227420-3\/DSC02726.jpg \/><\/a><br \/>\n^ SL Jafferau; hier oben liegt teils weniger Schnee (abgeblasen) als im Dezember..<\/p>\n<p><a href='http:\/\/ski.inmontanis.info\/d\/227366-2\/DSC02728.jpg'><img src=http:\/\/ski.inmontanis.info\/d\/227365-3\/DSC02728.jpg \/><\/a><br \/>\n^ Die Panoramica-Piste rechts vom SL Jafferau ist offiziell auch gesperrt &#8211; keine Ahnung warum. Lang nicht mehr pr\u00e4pariert und daher eisig hart<\/p>\n<p><a href='http:\/\/ski.inmontanis.info\/d\/227425-2\/DSC02731.jpg'><img src=http:\/\/ski.inmontanis.info\/d\/227424-3\/DSC02731.jpg \/><\/a><br \/>\n^ Eine der ehemaligen Abfahrten, offpiste war leider heute nicht sehr gut.<\/p>\n<p><a href='http:\/\/ski.inmontanis.info\/d\/227371-2\/DSC02732.jpg'><img src=http:\/\/ski.inmontanis.info\/d\/227370-3\/DSC02732.jpg \/><\/a><br \/>\n^ Eine der ehemaligen Abfahrten. Im Schatten links am Pistenrand wars hier und da noch halbwegs pulvrig<\/p>\n<p><a href='http:\/\/ski.inmontanis.info\/d\/227375-2\/DSC02734.jpg'><img src=http:\/\/ski.inmontanis.info\/d\/227374-3\/DSC02734.jpg \/><\/a><br \/>\n^ DSB Sektion 2. Der Ersatz wird dann &#8211; wie der Vorfolger &#8211; hoffentlich wieder etwas weiter hinauf gehen.<\/p>\n<p><a href='http:\/\/ski.inmontanis.info\/d\/227379-2\/DSC02738.jpg'><img src=http:\/\/ski.inmontanis.info\/d\/227378-3\/DSC02738.jpg \/><\/a><br \/>\n^ Abfahrt an und Blick zur DSB Ban, dahinter SL Jafferau<\/p>\n<p><a href='http:\/\/ski.inmontanis.info\/d\/227383-2\/DSC02741.jpg'><img src=http:\/\/ski.inmontanis.info\/d\/227382-3\/DSC02741.jpg \/><\/a><br \/>\n^ Talabfahrt, firnte nachmittags sch\u00f6n auf und bin ich somit ein paar Mal gefahren<\/p>\n<p><a href='http:\/\/ski.inmontanis.info\/d\/227387-2\/DSC02746.jpg'><img src=http:\/\/ski.inmontanis.info\/d\/227386-3\/DSC02746.jpg \/><\/a><br \/>\n^ Glaub die Unterseite meiner Carpani-Ski hatte ich noch nicht fotografiert.. (Logo von Carpani, der Wolf)<\/p>\n<p><a href='http:\/\/ski.inmontanis.info\/d\/227391-2\/DSC02747.jpg'><img src=http:\/\/ski.inmontanis.info\/d\/227390-3\/DSC02747.jpg \/><\/a><br \/>\n^ Abfahrt rechts des SL Jafferau, das Rennen ist weg, aber frisch pr\u00e4pariert wurde die Abfahrt auch schon ein paar Tage nicht. Leider alles sehr hart. Aber mit Pr\u00e4parierung w\u00e4rs vmtl. knollig..<\/p>\n<p><a href='http:\/\/ski.inmontanis.info\/d\/227429-2\/DSC02749.jpg'><img src=http:\/\/ski.inmontanis.info\/d\/227428-3\/DSC02749.jpg \/><\/a><br \/>\n^ Eine der ehemaligen Abfahrten. Im Schatten ganz schmall links am Pistenrand wars tw. sogar noch richtig pulvrig<\/p>\n<p><a href='http:\/\/ski.inmontanis.info\/d\/227396-2\/DSC02751.jpg'><img src=http:\/\/ski.inmontanis.info\/d\/227395-3\/DSC02751.jpg \/><\/a><br \/>\n^ SL Plateau<\/p>\n<p><a href='http:\/\/ski.inmontanis.info\/d\/227400-2\/DSC02752.jpg'><img src=http:\/\/ski.inmontanis.info\/d\/227399-3\/DSC02752.jpg \/><\/a><br \/>\n^ Gesperrte Abfahrt am SL Challier, heute (unter der Woche) nicht in Betrieb, am Ende der Abfahrt kann man mit kurzem Aufstieg zur Talabfahrt r\u00fcber<\/p>\n<p><a href='http:\/\/ski.inmontanis.info\/d\/227404-2\/DSC02754.jpg'><img src=http:\/\/ski.inmontanis.info\/d\/227403-3\/DSC02754.jpg \/><\/a><br \/>\n^ Die letztes Jahr in Frankreich (Decathlon) gekaufte Skihose hat am Knie 2 Farbtupfer, der rechte in Rot entspricht dem Rot meiner Strolz-Skischue, der linke in Blau nun dem Blau meiner neuen (von meinem Vater gen\u00e4hten Bogner-) Skijacke. Witzige Zuf\u00e4lle manchmal.<\/p>\n<p><a href='http:\/\/ski.inmontanis.info\/d\/227433-2\/DSC02757.jpg'><img src=http:\/\/ski.inmontanis.info\/d\/227432-3\/DSC02757.jpg \/><\/a><br \/>\n^ Alter ESL<\/p>\n<p><a href='http:\/\/ski.inmontanis.info\/d\/227409-2\/DSC02758.jpg'><img src=http:\/\/ski.inmontanis.info\/d\/227408-3\/DSC02758.jpg \/><\/a><br \/>\n^ Alte Marchisio-DSB, heftiger Ausstieg, aber keine Ahnung welche Sektion das war<\/p>\n<p><a href='http:\/\/ski.inmontanis.info\/d\/227413-2\/ge20170224a.jpg'><img src=http:\/\/ski.inmontanis.info\/d\/227412-3\/ge20170224a.jpg \/><\/a><br \/>\n^ GPS-Track 24.2.2017 in Gelb, vorherige Besuche in Blau<\/p>\n<p><a href='http:\/\/ski.inmontanis.info\/d\/227417-2\/ge20170224c.jpg'><img src=http:\/\/ski.inmontanis.info\/d\/227416-3\/ge20170224c.jpg \/><\/a><br \/>\n^ GPS-Track 24.2.2017 in Gelb, vorherige Besuche in Blau. Mist, wie man sieht, hab ich wieder einige ehemalige Pistenschneisen \u00fcbersehen. Muss mir n\u00e4chstes Mal das Sat-Bild mitnehmen.<\/p>\n<p><a href='http:\/\/extra.inmontanis.info\/d\/40498-2\/DSC02759.jpg'><img src=http:\/\/extra.inmontanis.info\/d\/40497-3\/DSC02759.jpg \/><\/a><br \/>\n^ Ignis bepackt. Hab mich f\u00fcr die 2 gro\u00dfen Koffer entschieden plus einen der kleinen, weil der unten besser reinpasst.<\/p>\n<p><a href='http:\/\/extra.inmontanis.info\/d\/40502-2\/DSC02760.jpg'><img src=http:\/\/extra.inmontanis.info\/d\/40501-3\/DSC02760.jpg \/><\/a><br \/>\n^ Auf der Seite die beiden Taschen, die t\u00e4glich in die Hotels mitgenommen werden, sowie ein Ersatzrad (normales Winterrad auf Stahlfelge, war g\u00fcnstiger als das offiziell erh\u00e4ltliche Notrad, das im Kofferraum ebenfalls Platz wegnehmen w\u00fcrde)<\/p>\n<p>Falls mich Trinc irgendwo noch abschnittsweise besuchen kommt, sollten seine Sachen auch noch problemlos reinpassen, m\u00fcssen die Skier halt etwas anders positioniert werden.<\/p>\n<p>Abends wieder mal in der Villa Glicini \u00fcbernachtet, f\u00fcr 35,- \u00dcF + 19,- das Men\u00fc. Schneeberichte-Check: Greolieres meldet nur noch 15cm, das bringts ja gar nicht :( Also dann doch kein Hotel f\u00fcr morgen Abend um Nizza. Daf\u00fcr solls am Etna Mitte\/Ende n\u00e4chster Woche doch wieder einige Tage sonnig werden, immerhin eine positive Aussicht.<\/p>\n<p><a href='http:\/\/extra.inmontanis.info\/d\/40506-2\/DSC02765.jpg'><img src=http:\/\/extra.inmontanis.info\/d\/40505-3\/DSC02765.jpg \/><\/a><br \/>\n^ Heutiges Hotelzimmer &#8211; die Zimmer hier sind auch immer ein bisschen anders.<\/p>\n<p>(Fortsetzung folgt.)<\/p>\n","protected":false},"excerpt":{"rendered":"<p>Alpi-Appennini 2017 Tag 1: Fr, 24.2. &#8211; Bardonecchia<\/p>\n<p>Egtl. h\u00e4tte ich ja geplant, f\u00fcr 2,5 Wochen zu verreisen und nahm mir auch den Urlaub entsprechend. Schwerpunkt Griechenland, etwas. restlicher Balkan und Sizilien und\/oder T\u00fcrkei. Die Vorhersagen gestern Abend jedoch waren f\u00fcr nichts wirklich berauschend. Auf der Hinfahrt richtung Griechenland h\u00e4tte es die n\u00e4chsten Tage nur <a href=\"http:\/\/blog.inmontanis.info\/?p=4195\">[&#8230;]<\/a><\/p>\n","protected":false},"author":1,"featured_media":0,"comment_status":"closed","ping_status":"closed","sticky":false,"template":"","format":"standard","meta":{"footnotes":""},"categories":[160,526,15,27],"tags":[53,38,80,47],"class_list":["post-4195","post","type-post","status-publish","format-standard","hentry","category-2017-02-alpi-appennini","category-bardonecchia","category-italienitaly","category-skifahren-winterskiing-winter","tag-8eub","tag-dsb","tag-marchisio","tag-sl","odd"],"_links":{"self":[{"href":"http:\/\/blog.inmontanis.info\/index.php?rest_route=\/wp\/v2\/posts\/4195","targetHints":{"allow":["GET"]}}],"collection":[{"href":"http:\/\/blog.inmontanis.info\/index.php?rest_route=\/wp\/v2\/posts"}],"about":[{"href":"http:\/\/blog.inmontanis.info\/index.php?rest_route=\/wp\/v2\/types\/post"}],"author":[{"embeddable":true,"href":"http:\/\/blog.inmontanis.info\/index.php?rest_route=\/wp\/v2\/users\/1"}],"replies":[{"embeddable":true,"href":"http:\/\/blog.inmontanis.info\/index.php?rest_route=%2Fwp%2Fv2%2Fcomments&post=4195"}],"version-history":[{"count":3,"href":"http:\/\/blog.inmontanis.info\/index.php?rest_route=\/wp\/v2\/posts\/4195\/revisions"}],"predecessor-version":[{"id":4198,"href":"http:\/\/blog.inmontanis.info\/index.php?rest_route=\/wp\/v2\/posts\/4195\/revisions\/4198"}],"wp:attachment":[{"href":"http:\/\/blog.inmontanis.info\/index.php?rest_route=%2Fwp%2Fv2%2Fmedia&parent=4195"}],"wp:term":[{"taxonomy":"category","embeddable":true,"href":"http:\/\/blog.inmontanis.info\/index.php?rest_route=%2Fwp%2Fv2%2Fcategories&post=4195"},{"taxonomy":"post_tag","embeddable":true,"href":"http:\/\/blog.inmontanis.info\/index.php?rest_route=%2Fwp%2Fv2%2Ftags&post=4195"}],"curies":[{"name":"wp","href":"https:\/\/api.w.org\/{rel}","templated":true}]}}