{"id":4186,"date":"2017-02-12T16:39:42","date_gmt":"2017-02-12T15:39:42","guid":{"rendered":"http:\/\/blog.inmontanis.info\/?p=4186"},"modified":"2023-08-05T22:10:22","modified_gmt":"2023-08-05T20:10:22","slug":"kossen-12-2-2017","status":"publish","type":"post","link":"http:\/\/blog.inmontanis.info\/?p=4186","title":{"rendered":"K\u00f6ssen, 12.2.2017"},"content":{"rendered":"<p>Am So, 12.2.2017, ging&#8217;s f\u00fcr einen Halbtag nach K\u00f6ssen (nachmittags wollte ich noch etwas arbeiten), somit das \u00f6stlichste Skigebiet meiner Saisonkarte, nachdem ich ja einen Tag zuvor in Lech das westlichste besuchte.<\/p>\n<p>War ganz sch\u00f6n was los, aber die Wartezeiten hielten sich noch in Grenzen, insb. konnte man die an der rechten DSB ja mit der linken DSB umfahren. Schnee war auf einigen Abfahrtsst\u00fccken (insb. am unteren steilen SL bzw. dem untern Teil der EUB) sehr gut, aber die Skiroute war eisig verh\u00e4rtert, bin ich nur abschnittsweise mal gefahren. F\u00fcr einen halb- bis dreiviertel Tag hat man jedenfalls genug Auswahl hier oben. Wie in Lech gilt auch hier: Im Fr\u00fchjahr sch\u00f6ner.<\/p>\n<p><a href='http:\/\/ski.inmontanis.info\/d\/226626-2\/DSC02374.jpg'><img src=http:\/\/ski.inmontanis.info\/d\/226625-3\/DSC02374.jpg \/><\/a><br \/>\n^ Am \u00dcbungs-SL und der 6EUB und der rechten oberen DSB gab&#8217;s immer etwas Wartezeiten<\/p>\n<p><a href='http:\/\/ski.inmontanis.info\/d\/226630-2\/DSC02375.jpg'><img src=http:\/\/ski.inmontanis.info\/d\/226629-3\/DSC02375.jpg \/><\/a><br \/>\n^ Untere DSB<\/p>\n<p><a href='http:\/\/ski.inmontanis.info\/d\/226634-2\/DSC02377.jpg'><img src=http:\/\/ski.inmontanis.info\/d\/226633-3\/DSC02377.jpg \/><\/a><br \/>\n^ Pano an der unteren DSB<\/p>\n<p><a href='http:\/\/ski.inmontanis.info\/d\/226638-2\/DSC02381.jpg'><img src=http:\/\/ski.inmontanis.info\/d\/226637-3\/DSC02381.jpg \/><\/a><br \/>\n^ Pano an der oberen DSB<\/p>\n<p><a href='http:\/\/ski.inmontanis.info\/d\/226642-2\/DSC02384.jpg'><img src=http:\/\/ski.inmontanis.info\/d\/226641-3\/DSC02384.jpg \/><\/a><br \/>\n^ Die beiden Gipfel-DSBs<\/p>\n<p><a href='http:\/\/ski.inmontanis.info\/d\/226646-2\/DSC02385.jpg'><img src=http:\/\/ski.inmontanis.info\/d\/226645-3\/DSC02385.jpg \/><\/a><br \/>\n^ Linke DSB<\/p>\n<p><a href='http:\/\/ski.inmontanis.info\/d\/226650-2\/DSC02387.jpg'><img src=http:\/\/ski.inmontanis.info\/d\/226649-3\/DSC02387.jpg \/><\/a><br \/>\n^ Tiefblick am SL<\/p>\n<p><a href='http:\/\/ski.inmontanis.info\/d\/226654-2\/DSC02388.jpg'><img src=http:\/\/ski.inmontanis.info\/d\/226653-3\/DSC02388.jpg \/><\/a><br \/>\n^ Linke DSB und SL<\/p>\n<p><a href='http:\/\/ski.inmontanis.info\/d\/226658-2\/DSC02389.jpg'><img src=http:\/\/ski.inmontanis.info\/d\/226657-3\/DSC02389.jpg \/><\/a><br \/>\n^ Abfahrt hier ohne Pistenbegrenzung und Absperrung, sch\u00f6n.<\/p>\n","protected":false},"excerpt":{"rendered":"<p>Am So, 12.2.2017, ging&#8217;s f\u00fcr einen Halbtag nach K\u00f6ssen (nachmittags wollte ich noch etwas arbeiten), somit das \u00f6stlichste Skigebiet meiner Saisonkarte, nachdem ich ja einen Tag zuvor in Lech das westlichste besuchte.<\/p>\n<p>War ganz sch\u00f6n was los, aber die Wartezeiten hielten sich noch in Grenzen, insb. konnte man die an der rechten DSB ja mit <a href=\"http:\/\/blog.inmontanis.info\/?p=4186\">[&#8230;]<\/a><\/p>\n","protected":false},"author":1,"featured_media":0,"comment_status":"closed","ping_status":"closed","sticky":false,"template":"","format":"standard","meta":{"footnotes":""},"categories":[862,25,13,27],"tags":[39,38,47],"class_list":["post-4186","post","type-post","status-publish","format-standard","hentry","category-kossen","category-noreport","category-austria","category-skifahren-winterskiing-winter","tag-6eub","tag-dsb","tag-sl","odd"],"_links":{"self":[{"href":"http:\/\/blog.inmontanis.info\/index.php?rest_route=\/wp\/v2\/posts\/4186","targetHints":{"allow":["GET"]}}],"collection":[{"href":"http:\/\/blog.inmontanis.info\/index.php?rest_route=\/wp\/v2\/posts"}],"about":[{"href":"http:\/\/blog.inmontanis.info\/index.php?rest_route=\/wp\/v2\/types\/post"}],"author":[{"embeddable":true,"href":"http:\/\/blog.inmontanis.info\/index.php?rest_route=\/wp\/v2\/users\/1"}],"replies":[{"embeddable":true,"href":"http:\/\/blog.inmontanis.info\/index.php?rest_route=%2Fwp%2Fv2%2Fcomments&post=4186"}],"version-history":[{"count":1,"href":"http:\/\/blog.inmontanis.info\/index.php?rest_route=\/wp\/v2\/posts\/4186\/revisions"}],"predecessor-version":[{"id":4187,"href":"http:\/\/blog.inmontanis.info\/index.php?rest_route=\/wp\/v2\/posts\/4186\/revisions\/4187"}],"wp:attachment":[{"href":"http:\/\/blog.inmontanis.info\/index.php?rest_route=%2Fwp%2Fv2%2Fmedia&parent=4186"}],"wp:term":[{"taxonomy":"category","embeddable":true,"href":"http:\/\/blog.inmontanis.info\/index.php?rest_route=%2Fwp%2Fv2%2Fcategories&post=4186"},{"taxonomy":"post_tag","embeddable":true,"href":"http:\/\/blog.inmontanis.info\/index.php?rest_route=%2Fwp%2Fv2%2Ftags&post=4186"}],"curies":[{"name":"wp","href":"https:\/\/api.w.org\/{rel}","templated":true}]}}