{"id":4183,"date":"2017-02-11T22:40:05","date_gmt":"2017-02-11T21:40:05","guid":{"rendered":"http:\/\/blog.inmontanis.info\/?p=4183"},"modified":"2023-08-05T22:05:53","modified_gmt":"2023-08-05T20:05:53","slug":"lech-zurs-11-2-2017","status":"publish","type":"post","link":"http:\/\/blog.inmontanis.info\/?p=4183","title":{"rendered":"Lech-Z\u00fcrs, 11.2.2017"},"content":{"rendered":"<p>Am Sa, 11.2.2017, fuhr ich das westlichste Skigebiet meiner Saisonkarte an &#8211; Lech-Z\u00fcrs. Normalerweise bin ich hier ja eher am Anfang oder Ende der Saison, aber am Anfang lag heuer so wenig Schnee und ich brauchte auch unbedingt neue Sohlen an meinen Strolz-Skischuhen. Nebenbei gab mir das die Gelegenheit, mal ein paar Skirouten zu fahren, die ich noch nie gefahren bin, z.B. die beiden an der DSB in Zug.<\/p>\n<p>Ich versuchte m\u00f6glichst den Abfahrten und Routen mit Schiebestrecken auszuweichen, gelang mir aber leider nicht. Wartezeiten hatte ich egtl. nur in Lech, am meisten an den beiden PB, die anderen konnte ich soweit ganz gut umfahren.<\/p>\n<p>Geparkt hab ich wie \u00fcblich in Z\u00fcrs, da mir die Flexenbahn zu unflexibel schien &#8211; da sie nachmittags nicht so lang f\u00e4hrt und man somit a) fr\u00fcher aufh\u00f6ren m\u00fcsste und b) auch noch mit der EUB talw\u00e4rts fahren m\u00fcsste. <\/p>\n<p>(Fotos anlicken zum Vergr\u00f6\u00dfern)<\/p>\n<p><a href='http:\/\/ski.inmontanis.info\/d\/226460-2\/DSC02280.jpg'><img src=http:\/\/ski.inmontanis.info\/d\/226459-3\/DSC02280.jpg \/><\/a><br \/>\n^ Neue Trittkopf-EUB Sektion I<\/p>\n<p><a href='http:\/\/ski.inmontanis.info\/d\/226464-2\/DSC02281.jpg'><img src=http:\/\/ski.inmontanis.info\/d\/226463-3\/DSC02281.jpg \/><\/a><br \/>\n^ Neue Trittkopf-EUB Sektion I+II<\/p>\n<p><a href='http:\/\/ski.inmontanis.info\/d\/226468-2\/DSC02284.jpg'><img src=http:\/\/ski.inmontanis.info\/d\/226467-3\/DSC02284.jpg \/><\/a><br \/>\n^ Trittkopfbahn Mittelstation und Flexenbahn<\/p>\n<p><a href='http:\/\/ski.inmontanis.info\/d\/226472-2\/DSC02288.jpg'><img src=http:\/\/ski.inmontanis.info\/d\/226471-3\/DSC02288.jpg \/><\/a><br \/>\n^ Neue Trittkopf-EUB Sektion II<\/p>\n<p><a href='http:\/\/ski.inmontanis.info\/d\/226476-2\/DSC02289.jpg'><img src=http:\/\/ski.inmontanis.info\/d\/226475-3\/DSC02289.jpg \/><\/a><br \/>\n^ Trittkopfbahn Mittelstation und Flexenbahn<\/p>\n<p><a href='http:\/\/ski.inmontanis.info\/d\/226480-2\/DSC02290.jpg'><img src=http:\/\/ski.inmontanis.info\/d\/226479-3\/DSC02290.jpg \/><\/a><br \/>\n^ Neue Trittkopf-EUB Sektion II<\/p>\n<p><a href='http:\/\/ski.inmontanis.info\/d\/226484-2\/DSC02292.jpg'><img src=http:\/\/ski.inmontanis.info\/d\/226483-3\/DSC02292.jpg \/><\/a><br \/>\n^ Skiroute 136, bissl giftig um die Uhrzeit. Wollte nachmittags auch den unteren Teil noch fahren, aber hatte keine Zeit mehr daf\u00fcr.<\/p>\n<p><a href='http:\/\/ski.inmontanis.info\/d\/226488-2\/DSC02293.jpg'><img src=http:\/\/ski.inmontanis.info\/d\/226487-3\/DSC02293.jpg \/><\/a><br \/>\n^ Die Arlberger haben so viel Geld, die beschneien mit Swarovski-Kristalle ;-)<\/p>\n<p>(Scherz)<\/p>\n<p><a href='http:\/\/ski.inmontanis.info\/d\/226492-2\/DSC02298.jpg'><img src=http:\/\/ski.inmontanis.info\/d\/226491-3\/DSC02298.jpg \/><\/a><br \/>\n^ DSB Madloch, landschaftlich der sch\u00f6nste Lift am Arlberg<\/p>\n<p><a href='http:\/\/ski.inmontanis.info\/d\/226496-2\/DSC02302.jpg'><img src=http:\/\/ski.inmontanis.info\/d\/226495-3\/DSC02302.jpg \/><\/a><br \/>\n^ DSB Madloch, die Piste fuhr ich heute nicht, da mir der Schnee zu stumpf war und man somit am Gegenhang hinter mir h\u00e4tte aufsteigen m\u00fcssen (zuf\u00e4llig fuhren gerade zwei und ich konnte das beobachten)<\/p>\n<p><a href='http:\/\/ski.inmontanis.info\/d\/226500-2\/DSC02304.jpg'><img src=http:\/\/ski.inmontanis.info\/d\/226499-3\/DSC02304.jpg \/><\/a><br \/>\n^ Blick zur DSB Zug und rechts daneben die Route Zuppert. Schaut von hier aus steil aus, aber wenn man sie f\u00e4hrt geht sie. Allerdings nahm ich an, dass sie jetzt vormittags noch zu giftig ist und hob mir sie f\u00fcr sp\u00e4ter auf, in der Hoffnung sie w\u00fcrde dann aufweichen.<\/p>\n<p><a href='http:\/\/ski.inmontanis.info\/d\/226504-2\/DSC02306.jpg'><img src=http:\/\/ski.inmontanis.info\/d\/226503-3\/DSC02306.jpg \/><\/a><br \/>\n^ Route 221 Liezen von der Bergstation DSB Zugerberg, bin ich glaub ich auch noch nie gefahren.<\/p>\n<p><a href='http:\/\/ski.inmontanis.info\/d\/226508-2\/DSC02307.jpg'><img src=http:\/\/ski.inmontanis.info\/d\/226507-3\/DSC02307.jpg \/><\/a><br \/>\n^ Route 221 Liezen<\/p>\n<p><a href='http:\/\/ski.inmontanis.info\/d\/226512-2\/DSC02309.jpg'><img src=http:\/\/ski.inmontanis.info\/d\/226511-3\/DSC02309.jpg \/><\/a><br \/>\n^ Route Zugertobel<\/p>\n<p><a href='http:\/\/ski.inmontanis.info\/d\/226516-2\/DSC02312.jpg'><img src=http:\/\/ski.inmontanis.info\/d\/226515-3\/DSC02312.jpg \/><\/a><br \/>\n^ Route Zugertobel<\/p>\n<p><a href='http:\/\/ski.inmontanis.info\/d\/226520-2\/DSC02313.jpg'><img src=http:\/\/ski.inmontanis.info\/d\/226519-3\/DSC02313.jpg \/><\/a><br \/>\n^ Route Zugertobel<\/p>\n<p><a href='http:\/\/ski.inmontanis.info\/d\/226618-2\/DSC02314.jpg'><img src=http:\/\/ski.inmontanis.info\/d\/226617-3\/DSC02314.jpg \/><\/a><br \/>\n^ Route Zugertobel<\/p>\n<p><a href='http:\/\/ski.inmontanis.info\/d\/226525-2\/DSC02315.jpg'><img src=http:\/\/ski.inmontanis.info\/d\/226524-3\/DSC02315.jpg \/><\/a><br \/>\n^ Route Zugertobel &#8211; abgesehen von der Landschaft skifahrerisch sinnlos, zudem viel Schieberei vor bis zur DSB, werd ich hoffentlich nicht nochmal fahren.<\/p>\n<p><a href='http:\/\/ski.inmontanis.info\/d\/226529-2\/DSC02318.jpg'><img src=http:\/\/ski.inmontanis.info\/d\/226528-3\/DSC02318.jpg \/><\/a><br \/>\n^ Route Zugertobel<\/p>\n<p><a href='http:\/\/ski.inmontanis.info\/d\/226533-2\/DSC02322.jpg'><img src=http:\/\/ski.inmontanis.info\/d\/226532-3\/DSC02322.jpg \/><\/a><br \/>\n^ 8KSB Steinm\u00e4hder &#8211; riesige Menschenschlange an der Talstatoin &#8211; dann fahr ich da lieber sp\u00e4ter.<\/p>\n<p><a href='http:\/\/ski.inmontanis.info\/d\/226537-2\/DSC02323.jpg'><img src=http:\/\/ski.inmontanis.info\/d\/226536-3\/DSC02323.jpg \/><\/a><br \/>\n^ .. dann lieber zum SL Hinterwies mit Blick auf Lech<\/p>\n<p><a href='http:\/\/ski.inmontanis.info\/d\/226541-2\/DSC02325.jpg'><img src=http:\/\/ski.inmontanis.info\/d\/226540-3\/DSC02325.jpg \/><\/a><br \/>\n^ SL \u00dcbungslift hat kaum noch Kurzb\u00fcgel, fast nur noch Teller.<\/p>\n<p><a href='http:\/\/ski.inmontanis.info\/d\/226545-2\/DSC02326.jpg'><img src=http:\/\/ski.inmontanis.info\/d\/226544-3\/DSC02326.jpg \/><\/a><br \/>\n^ Hatte mich erst gewundert, was das Schild bedeuten soll, dann wurde es mir klar, als ich diese vorbildhafte Gruppe sah &#8211; man darf den Lift nur in 3er Gruppen queren ;-)<\/p>\n<p><a href='http:\/\/ski.inmontanis.info\/d\/226549-2\/DSC02328.jpg'><img src=http:\/\/ski.inmontanis.info\/d\/226548-3\/DSC02328.jpg \/><\/a><br \/>\n^ Abfahrt DSB Schlosskopf<\/p>\n<p><a href='http:\/\/ski.inmontanis.info\/d\/226553-2\/DSC02331.jpg'><img src=http:\/\/ski.inmontanis.info\/d\/226552-3\/DSC02331.jpg \/><\/a><br \/>\n^ DSB Schlosskopf. Die Routen dr\u00fcben von den PB sparte ich mir, die Lauferei von dort zur DSB ist einfach nur nervig.<\/p>\n<p><a href='http:\/\/ski.inmontanis.info\/d\/226557-2\/DSC02333.jpg'><img src=http:\/\/ski.inmontanis.info\/d\/226556-3\/DSC02333.jpg \/><\/a><br \/>\n^ DSB Rotschrofen. Im Prinzip ist dieser ganze Bereich von Lech heute viel zu voll. Falls das an den beiden f\u00fcr mich sinnlosen Verbindungsbahnen nach Warth und Stuben liegt &#8211; h\u00e4tte ich lieber darauf verzichtet.<\/p>\n<p><a href='http:\/\/ski.inmontanis.info\/d\/226561-2\/DSC02338.jpg'><img src=http:\/\/ski.inmontanis.info\/d\/226560-3\/DSC02338.jpg \/><\/a><br \/>\n^ Kombibahn Weibermahd. Die Leute stehen alle an der KSB, ich hatte die EUB-Kabine f\u00fcr mich alleine. Leider gibts ja kaum EUBs hier, daher bin ich sie insg. 3x gefahren<\/p>\n<p><a href='http:\/\/ski.inmontanis.info\/d\/226565-2\/DSC02342.jpg'><img src=http:\/\/ski.inmontanis.info\/d\/226564-3\/DSC02342.jpg \/><\/a><br \/>\n^ Bergstation Kriegerhorn mit Blick nach Zug, vorne die Skiroute Zuppert runter nach Zug, die nun kurz nach Mittag sch\u00f6n weich aufgetaut ist.<\/p>\n<p><a href='http:\/\/ski.inmontanis.info\/d\/226622-2\/DSC02344.jpg'><img src=http:\/\/ski.inmontanis.info\/d\/226621-3\/DSC02344.jpg \/><\/a><br \/>\n^ Route Zuppert<\/p>\n<p><a href='http:\/\/ski.inmontanis.info\/d\/226570-2\/DSC02345.jpg'><img src=http:\/\/ski.inmontanis.info\/d\/226569-3\/DSC02345.jpg \/><\/a><br \/>\n^ Route Zuppert<\/p>\n<p><a href='http:\/\/ski.inmontanis.info\/d\/226574-2\/DSC02346.jpg'><img src=http:\/\/ski.inmontanis.info\/d\/226573-3\/DSC02346.jpg \/><\/a><br \/>\n^ Route Zuppert<\/p>\n<p><a href='http:\/\/ski.inmontanis.info\/d\/226578-2\/DSC02347.jpg'><img src=http:\/\/ski.inmontanis.info\/d\/226577-3\/DSC02347.jpg \/><\/a><br \/>\n^ Route Zuppert. Offiziell ginge sie nach links, aber fast alle fahren rechts richtung dorf &#8211; da muss man dann auch weniger weit zur DSB schieben<\/p>\n<p><a href='http:\/\/ski.inmontanis.info\/d\/226582-2\/DSC02348.jpg'><img src=http:\/\/ski.inmontanis.info\/d\/226581-3\/DSC02348.jpg \/><\/a><br \/>\n^ DSB Zugerberg. Schade, dass das seinerzeit nicht als 4EUB gebaut wurde.<\/p>\n<p><a href='http:\/\/ski.inmontanis.info\/d\/226586-2\/DSC02349.jpg'><img src=http:\/\/ski.inmontanis.info\/d\/226585-3\/DSC02349.jpg \/><\/a><br \/>\n^ Route Furkawang, gegen\u00fcber 8KSB Steinm\u00e4hder, nun mit weniger Wartezeiten, also 1x gefahren.<\/p>\n<p>Am Weg zur R\u00fcfikopf PB machte ich kurz beim Strolz stopp und hab die Sohlen ersetzen lassen &#8211; hat ca. eine halbe Stunde gedauert, weil nach 2 Jahren wieder komplett abgelaufen und etliche Schraubk\u00f6pfe abgerissen waren -> 16,- \u20ac gekostet. Evtl. kauf ich in 1-2 Jahren dann neue Schalen f\u00fcr die aktuellen Innenschuhe &#8211; hatte ich bei den alten ja auch zwischendrin gemacht. Wobei ich mir die Schalen dann auch heuer noch kaufen k\u00f6nnte, werden vtml. g\u00fcnstiger sein als n\u00e4chstes Jahr &#8211; und dann halt einfach derweil aufheben.. Die Farben wurden mittlerweile ge\u00e4ndert, die neuen wei\u00dfen Schalen haben die bisherigen schwarzen (also weicheren) ersetzt, die blauen Schalen die bisherigen roten (h\u00e4rteren). Die strahlend wei\u00dfen schauen echt gut aus. Die blauen sind unten dunkel und oben hellblau, das gefiel mir weniger.<\/p>\n<p>An der PB f\u00fcrchte ich erst l\u00e4ngere Wartezeiten, war dann aber erleichtert, dass die Laute kaum hinter den Zutrittslesern vor den Aufz\u00fcgen standen. \u00c4hm. Wie jetzt? Man kann heute nicht hier direkt in die Aufz\u00fcge einsteigen? Man muss stattdessen weiter ins Geb\u00e4ude rein, eine Wende machen und auf der R\u00fcckseite der Aufz\u00fcge einsteigen? Und oben dann nochmal warten? Pfff.. <\/p>\n<p><a href='http:\/\/ski.inmontanis.info\/d\/226590-2\/DSC02351.jpg'><img src=http:\/\/ski.inmontanis.info\/d\/226589-3\/DSC02351.jpg \/><\/a><br \/>\n^ Wusste gar nicht, dass man an den R\u00fcfikopf-PB um die Aufz\u00fcge rumlaufen kann. Daher leider insg. ca. 20min Wartezeit<\/p>\n<p><a href='http:\/\/ski.inmontanis.info\/d\/226594-2\/DSC02353.jpg'><img src=http:\/\/ski.inmontanis.info\/d\/226593-3\/DSC02353.jpg \/><\/a><br \/>\n^ R\u00fcfikopf-PB<\/p>\n<p><a href='http:\/\/ski.inmontanis.info\/d\/226598-2\/DSC02355.jpg'><img src=http:\/\/ski.inmontanis.info\/d\/226597-3\/DSC02355.jpg \/><\/a><br \/>\n^ SL Sch\u00fcttboden, nach wie vor mein Lieblingseck\/-lift am Arlberg, somit 5x gefahren, Wartezeiten gab&#8217;s keine.<\/p>\n<p>Morgens hatte ich mir ja gedacht, ich k\u00f6nnte heut mal das Z\u00fcrser T\u00e4li zum Schluss fahren. Im Fr\u00fchjahr ja nicht so empfehlenswert, da manchmal wg. Lawinengefahr gesperrt. Als ich so am Sch\u00fcttboden-SL war und die schattigen H\u00e4nge gegen\u00fcber ansah, wollte ich davon absehen und bin also erst mal ein paar mal den SL gefahren und wollte dann noch an den sonnigen KSBs bleiben. Aber es kamen einige Wolken und es war hier auch nicht mehr so sonnig, also fuhr ich doch dr\u00fcben und noch 2x die Muggengrat-KSB, da sie bis 16:30 f\u00e4hrt. Hatte immerhin den Vorteil, dass ich bis zum Auto abfahren konnte.<\/p>\n<p><a href='http:\/\/ski.inmontanis.info\/d\/226602-2\/DSC02360.jpg'><img src=http:\/\/ski.inmontanis.info\/d\/226601-3\/DSC02360.jpg \/><\/a><br \/>\n^ Flexenpass und gegen\u00fcber Trittkopf-Flexenbahn<\/p>\n<p><a href='http:\/\/ski.inmontanis.info\/d\/226606-2\/DSC02362.jpg'><img src=http:\/\/ski.inmontanis.info\/d\/226605-3\/DSC02362.jpg \/><\/a><br \/>\n^ Flexenbahn<\/p>\n<p><a href='http:\/\/ski.inmontanis.info\/d\/226610-2\/DSC02364.jpg'><img src=http:\/\/ski.inmontanis.info\/d\/226609-3\/DSC02364.jpg \/><\/a><br \/>\n^ Trittkopf- und Flexenbahn<\/p>\n<p><a href='http:\/\/ski.inmontanis.info\/d\/226614-2\/ge20170211d.jpg'><img src=http:\/\/ski.inmontanis.info\/d\/226613-3\/ge20170211d.jpg \/><\/a><br \/>\n^ GPS-Track 11.2.2017, bei der R\u00fcfikopf-PB gab es ein paar Aussetzer<\/p>\n<p>Fazit: Im Fr\u00fchjahr ist&#8217;s doch sch\u00f6ner und ruhiger hier. Meine restlichen 2 Saisonkartentage werde ich 1x in St. Anton verbringen und das 2. Mal vmtl. nochmal in Lech-Z\u00fcrs &#8211; ist einfach sch\u00f6ner als St. Anton. Vmtl. beide erst im April.<\/p>\n","protected":false},"excerpt":{"rendered":"<p>Am Sa, 11.2.2017, fuhr ich das westlichste Skigebiet meiner Saisonkarte an &#8211; Lech-Z\u00fcrs. Normalerweise bin ich hier ja eher am Anfang oder Ende der Saison, aber am Anfang lag heuer so wenig Schnee und ich brauchte auch unbedingt neue Sohlen an meinen Strolz-Skischuhen. Nebenbei gab mir das die Gelegenheit, mal ein paar Skirouten zu fahren, <a href=\"http:\/\/blog.inmontanis.info\/?p=4183\">[&#8230;]<\/a><\/p>\n","protected":false},"author":1,"featured_media":0,"comment_status":"closed","ping_status":"closed","sticky":false,"template":"","format":"standard","meta":{"footnotes":""},"categories":[860,25,13,27],"tags":[72,49,38,47],"class_list":["post-4183","post","type-post","status-publish","format-standard","hentry","category-lech-zurs","category-noreport","category-austria","category-skifahren-winterskiing-winter","tag-10eub","tag-4sb","tag-dsb","tag-sl","odd"],"_links":{"self":[{"href":"http:\/\/blog.inmontanis.info\/index.php?rest_route=\/wp\/v2\/posts\/4183","targetHints":{"allow":["GET"]}}],"collection":[{"href":"http:\/\/blog.inmontanis.info\/index.php?rest_route=\/wp\/v2\/posts"}],"about":[{"href":"http:\/\/blog.inmontanis.info\/index.php?rest_route=\/wp\/v2\/types\/post"}],"author":[{"embeddable":true,"href":"http:\/\/blog.inmontanis.info\/index.php?rest_route=\/wp\/v2\/users\/1"}],"replies":[{"embeddable":true,"href":"http:\/\/blog.inmontanis.info\/index.php?rest_route=%2Fwp%2Fv2%2Fcomments&post=4183"}],"version-history":[{"count":2,"href":"http:\/\/blog.inmontanis.info\/index.php?rest_route=\/wp\/v2\/posts\/4183\/revisions"}],"predecessor-version":[{"id":4185,"href":"http:\/\/blog.inmontanis.info\/index.php?rest_route=\/wp\/v2\/posts\/4183\/revisions\/4185"}],"wp:attachment":[{"href":"http:\/\/blog.inmontanis.info\/index.php?rest_route=%2Fwp%2Fv2%2Fmedia&parent=4183"}],"wp:term":[{"taxonomy":"category","embeddable":true,"href":"http:\/\/blog.inmontanis.info\/index.php?rest_route=%2Fwp%2Fv2%2Fcategories&post=4183"},{"taxonomy":"post_tag","embeddable":true,"href":"http:\/\/blog.inmontanis.info\/index.php?rest_route=%2Fwp%2Fv2%2Ftags&post=4183"}],"curies":[{"name":"wp","href":"https:\/\/api.w.org\/{rel}","templated":true}]}}