{"id":4179,"date":"2017-02-10T05:37:03","date_gmt":"2017-02-10T04:37:03","guid":{"rendered":"http:\/\/blog.inmontanis.info\/?p=4179"},"modified":"2023-08-05T21:20:05","modified_gmt":"2023-08-05T19:20:05","slug":"rosshutte-10-2-2017","status":"publish","type":"post","link":"http:\/\/blog.inmontanis.info\/?p=4179","title":{"rendered":"Rossh\u00fctte, 10.2.2017"},"content":{"rendered":"<p>Am Freitag nahm ich mir ab Mittag Zeitausgleich und fuhr auf die Rossh\u00fctte &#8211; f\u00fcr einen Halbtag gerade richtig.<\/p>\n<p>Schnee war OK, stellenweise besser, stellenweise h\u00e4rter, stellenweise sch\u00f6n fr\u00fchlingshaft weich. Bis auf die Nachtskipiste bin ich alles gefahren.<\/p>\n<p>(Fotos anklicken zum Vergr\u00f6\u00dfern)<\/p>\n<p><a href='http:\/\/ski.inmontanis.info\/d\/226381-2\/DSC02228.jpg'><img src=http:\/\/ski.inmontanis.info\/d\/226380-3\/DSC02228.jpg \/><\/a><br \/>\n^ Den nostalgischsten Blick ins Skigebiet hat man ander Talstation der PB Seefelder Joch samt Kurven-SL Joch<\/p>\n<p><a href='http:\/\/ski.inmontanis.info\/d\/226385-2\/DSC02230.jpg'><img src=http:\/\/ski.inmontanis.info\/d\/226384-3\/DSC02230.jpg \/><\/a><br \/>\n^ Pano an der PB-Bergstation<\/p>\n<p><a href='http:\/\/ski.inmontanis.info\/d\/226389-2\/DSC02233.jpg'><img src=http:\/\/ski.inmontanis.info\/d\/226388-3\/DSC02233.jpg \/><\/a><br \/>\n^ Kein Drohnenbild &#8211; sondern aus der PB H\u00e4rmelekopf aus fotografiert<\/p>\n<p><a href='http:\/\/ski.inmontanis.info\/d\/226393-2\/DSC02237.jpg'><img src=http:\/\/ski.inmontanis.info\/d\/226392-3\/DSC02237.jpg \/><\/a><br \/>\n^ 6KSB Reitheralm<\/p>\n<p><a href='http:\/\/ski.inmontanis.info\/d\/226397-2\/DSC02243.jpg'><img src=http:\/\/ski.inmontanis.info\/d\/226396-3\/DSC02243.jpg \/><\/a><br \/>\n^ Blick von der Bergstation 6KSB Reitheralm auf die andere Seite &#8211; und man sieht auch beide PB<\/p>\n<p><a href='http:\/\/ski.inmontanis.info\/d\/226401-2\/DSC02244.jpg'><img src=http:\/\/ski.inmontanis.info\/d\/226400-3\/DSC02244.jpg \/><\/a><br \/>\n^ SSB und Tal-SL<\/p>\n<p><a href='http:\/\/ski.inmontanis.info\/d\/226405-2\/DSC02246.jpg'><img src=http:\/\/ski.inmontanis.info\/d\/226404-3\/DSC02246.jpg \/><\/a><br \/>\n^ SSB<\/p>\n<p><a href='http:\/\/ski.inmontanis.info\/d\/226409-2\/DSC02248.jpg'><img src=http:\/\/ski.inmontanis.info\/d\/226408-3\/DSC02248.jpg \/><\/a><br \/>\n^ SSB<\/p>\n<p><a href='http:\/\/ski.inmontanis.info\/d\/226448-2\/DSC02249.jpg'><img src=http:\/\/ski.inmontanis.info\/d\/226447-3\/DSC02249.jpg \/><\/a><br \/>\n^ SSB &#8211; neuerdings wohl in pink+grau<\/p>\n<p><a href='http:\/\/ski.inmontanis.info\/d\/226414-2\/DSC02252.jpg'><img src=http:\/\/ski.inmontanis.info\/d\/226413-3\/DSC02252.jpg \/><\/a><br \/>\n^ SSB, oberer Teil<\/p>\n<p><a href='http:\/\/ski.inmontanis.info\/d\/226418-2\/DSC02253.jpg'><img src=http:\/\/ski.inmontanis.info\/d\/226417-3\/DSC02253.jpg \/><\/a><br \/>\n^ Joch-SL<\/p>\n<p><a href='http:\/\/ski.inmontanis.info\/d\/226422-2\/DSC02255.jpg'><img src=http:\/\/ski.inmontanis.info\/d\/226421-3\/DSC02255.jpg \/><\/a><br \/>\n^ Joch-PB<\/p>\n<p><a href='http:\/\/ski.inmontanis.info\/d\/226426-2\/DSC02257.jpg'><img src=http:\/\/ski.inmontanis.info\/d\/226425-3\/DSC02257.jpg \/><\/a><br \/>\n^ Joch-PB<\/p>\n<p><a href='http:\/\/ski.inmontanis.info\/d\/226452-2\/DSC02258.jpg'><img src=http:\/\/ski.inmontanis.info\/d\/226451-3\/DSC02258.jpg \/><\/a><br \/>\n^ Joch-SL<\/p>\n<p><a href='http:\/\/ski.inmontanis.info\/d\/226431-2\/DSC02260.jpg'><img src=http:\/\/ski.inmontanis.info\/d\/226430-3\/DSC02260.jpg \/><\/a><br \/>\n^ Joch-SL<\/p>\n<p><a href='http:\/\/ski.inmontanis.info\/d\/226435-2\/DSC02268.jpg'><img src=http:\/\/ski.inmontanis.info\/d\/226434-3\/DSC02268.jpg \/><\/a><br \/>\n^ Tal-SL und SSB<\/p>\n<p><a href='http:\/\/ski.inmontanis.info\/d\/226439-2\/DSC02270.jpg'><img src=http:\/\/ski.inmontanis.info\/d\/226438-3\/DSC02270.jpg \/><\/a><br \/>\n^ Tal-SL und SSB<\/p>\n<p><a href='http:\/\/ski.inmontanis.info\/d\/226456-2\/DSC02274.jpg'><img src=http:\/\/ski.inmontanis.info\/d\/226455-3\/DSC02274.jpg \/><\/a><br \/>\n^ \u00dcbungsbereich, abgeschottet vom Rest des Skigebietes<\/p>\n<p><a href='http:\/\/ski.inmontanis.info\/d\/226444-2\/ge20170210.jpg'><img src=http:\/\/ski.inmontanis.info\/d\/226443-3\/ge20170210.jpg \/><\/a><br \/>\n^ Ein halber Tag auf der Rossh\u00fctte, genau recht<\/p>\n","protected":false},"excerpt":{"rendered":"<p>Am Freitag nahm ich mir ab Mittag Zeitausgleich und fuhr auf die Rossh\u00fctte &#8211; f\u00fcr einen Halbtag gerade richtig.<\/p>\n<p>Schnee war OK, stellenweise besser, stellenweise h\u00e4rter, stellenweise sch\u00f6n fr\u00fchlingshaft weich. Bis auf die Nachtskipiste bin ich alles gefahren.<\/p>\n<p>(Fotos anklicken zum Vergr\u00f6\u00dfern)<\/p>\n<p> ^ Den nostalgischsten Blick ins Skigebiet hat man ander Talstation der PB <a href=\"http:\/\/blog.inmontanis.info\/?p=4179\">[&#8230;]<\/a><\/p>\n","protected":false},"author":1,"featured_media":0,"comment_status":"closed","ping_status":"closed","sticky":false,"template":"","format":"standard","meta":{"footnotes":""},"categories":[25,13,843,27],"tags":[56,52,47,46],"class_list":["post-4179","post","type-post","status-publish","format-standard","hentry","category-noreport","category-austria","category-seefeld","category-skifahren-winterskiing-winter","tag-6sb","tag-pb","tag-sl","tag-ssb","odd"],"_links":{"self":[{"href":"http:\/\/blog.inmontanis.info\/index.php?rest_route=\/wp\/v2\/posts\/4179","targetHints":{"allow":["GET"]}}],"collection":[{"href":"http:\/\/blog.inmontanis.info\/index.php?rest_route=\/wp\/v2\/posts"}],"about":[{"href":"http:\/\/blog.inmontanis.info\/index.php?rest_route=\/wp\/v2\/types\/post"}],"author":[{"embeddable":true,"href":"http:\/\/blog.inmontanis.info\/index.php?rest_route=\/wp\/v2\/users\/1"}],"replies":[{"embeddable":true,"href":"http:\/\/blog.inmontanis.info\/index.php?rest_route=%2Fwp%2Fv2%2Fcomments&post=4179"}],"version-history":[{"count":1,"href":"http:\/\/blog.inmontanis.info\/index.php?rest_route=\/wp\/v2\/posts\/4179\/revisions"}],"predecessor-version":[{"id":4180,"href":"http:\/\/blog.inmontanis.info\/index.php?rest_route=\/wp\/v2\/posts\/4179\/revisions\/4180"}],"wp:attachment":[{"href":"http:\/\/blog.inmontanis.info\/index.php?rest_route=%2Fwp%2Fv2%2Fmedia&parent=4179"}],"wp:term":[{"taxonomy":"category","embeddable":true,"href":"http:\/\/blog.inmontanis.info\/index.php?rest_route=%2Fwp%2Fv2%2Fcategories&post=4179"},{"taxonomy":"post_tag","embeddable":true,"href":"http:\/\/blog.inmontanis.info\/index.php?rest_route=%2Fwp%2Fv2%2Ftags&post=4179"}],"curies":[{"name":"wp","href":"https:\/\/api.w.org\/{rel}","templated":true}]}}