{"id":4177,"date":"2017-02-05T05:08:57","date_gmt":"2017-02-05T04:08:57","guid":{"rendered":"http:\/\/blog.inmontanis.info\/?p=4177"},"modified":"2023-08-06T08:41:53","modified_gmt":"2023-08-06T06:41:53","slug":"kellerjochranggerkopfl-5-2-2016","status":"publish","type":"post","link":"http:\/\/blog.inmontanis.info\/?p=4177","title":{"rendered":"Kellerjoch+Ranggerk\u00f6pfl, 5.2.2017"},"content":{"rendered":"<p>Zur Abwechslung ging&#8217;s mal wieder in zwei Skigebiete meiner Saisonkarte &#8211; viel wollte ich heute nicht fahren, war das Wetter doch nicht sehr sonnig und ich hatte im Gesch\u00e4ft zu tun.<\/p>\n<p>Als erstes besuchte ich das Kellerjoch. Oben ging&#8217;s ganz gut, die DSB-Abfahrten teilweise auch, dann war ich \u00fcberrascht, einen neuen SL im Talstationsbereich der DSB zu sehen und schlussendlich entt\u00e4uscht, weil daf\u00fcr der alte Stahlseil-Kurzb\u00fcgler geschliffen wurde. <\/p>\n<p><a href='http:\/\/ski.inmontanis.info\/d\/226316-2\/DSC02187.jpg'><img src=http:\/\/ski.inmontanis.info\/d\/226315-3\/DSC02187.jpg \/><\/a><br \/>\n^ Vom ESL unten schaut die Abfahrt gut aus &#8211; eine T\u00e4uschung.<\/p>\n<p><a href='http:\/\/ski.inmontanis.info\/d\/226320-2\/DSC02190.jpg'><img src=http:\/\/ski.inmontanis.info\/d\/226319-3\/DSC02190.jpg \/><\/a><br \/>\n^ ESL<\/p>\n<p><a href='http:\/\/ski.inmontanis.info\/d\/226324-2\/DSC02191.jpg'><img src=http:\/\/ski.inmontanis.info\/d\/226323-3\/DSC02191.jpg \/><\/a><br \/>\n^ ESL<\/p>\n<p><a href='http:\/\/ski.inmontanis.info\/d\/226377-2\/DSC02198.jpg'><img src=http:\/\/ski.inmontanis.info\/d\/226376-3\/DSC02198.jpg \/><\/a><br \/>\n^ Bauarbeiten am neuen \u00dcbungsgel\u00e4nde<\/p>\n<p><a href='http:\/\/ski.inmontanis.info\/d\/226329-2\/DSC02199.jpg'><img src=http:\/\/ski.inmontanis.info\/d\/226328-3\/DSC02199.jpg \/><\/a><br \/>\n^ DSB und schwarze Abfahrt. War ziemlich eisig abgefahren, nur das erste, pr\u00e4parierte St\u00fcck, ging wie \u00fcblich super.<\/p>\n<p><a href='http:\/\/ski.inmontanis.info\/d\/226333-2\/DSC02202.jpg'><img src=http:\/\/ski.inmontanis.info\/d\/226332-3\/DSC02202.jpg \/><\/a><br \/>\n^ Talblick DSB mit Mittelstation<\/p>\n<p><a href='http:\/\/ski.inmontanis.info\/d\/226337-2\/DSC02203.jpg'><img src=http:\/\/ski.inmontanis.info\/d\/226336-3\/DSC02203.jpg \/><\/a><br \/>\n^ DSB und SL, hier oben ging&#8217;s am besten &#8211; daher erst mal den SL ein paar mal gefahren<\/p>\n<p><a href='http:\/\/ski.inmontanis.info\/d\/226341-2\/DSC02206.jpg'><img src=http:\/\/ski.inmontanis.info\/d\/226340-3\/DSC02206.jpg \/><\/a><br \/>\n^ Neuer (steiler) \u00dcbungs-SL Grafenast<\/p>\n<p><a href='http:\/\/ski.inmontanis.info\/d\/226345-2\/DSC02207.jpg'><img src=http:\/\/ski.inmontanis.info\/d\/226344-3\/DSC02207.jpg \/><\/a><br \/>\n^ Neuer (steiler und beschneiter) \u00dcbungs-SL Grafenast<\/p>\n<p><a href='http:\/\/ski.inmontanis.info\/d\/226349-2\/DSC02209.jpg'><img src=http:\/\/ski.inmontanis.info\/d\/226348-3\/DSC02209.jpg \/><\/a><br \/>\n^ .. daf\u00fcr wurde dann dieser sch\u00f6ne Kurzb\u00fcgler stillgelegt :-(<\/p>\n<p><a href='http:\/\/ski.inmontanis.info\/d\/226353-2\/DSC02211.jpg'><img src=http:\/\/ski.inmontanis.info\/d\/226352-3\/DSC02211.jpg \/><\/a><br \/>\n^ Ex-SL<\/p>\n<p><a href='http:\/\/ski.inmontanis.info\/d\/226357-2\/DSC02213.jpg'><img src=http:\/\/ski.inmontanis.info\/d\/226356-3\/DSC02213.jpg \/><\/a><br \/>\n^ Ex-SL<\/p>\n<p><a href='http:\/\/ski.inmontanis.info\/d\/226361-2\/DSC02214.jpg'><img src=http:\/\/ski.inmontanis.info\/d\/226360-3\/DSC02214.jpg \/><\/a><br \/>\n^ Ex-SL<\/p>\n<p><a href='http:\/\/ski.inmontanis.info\/d\/226365-2\/DSC02216.jpg'><img src=http:\/\/ski.inmontanis.info\/d\/226364-3\/DSC02216.jpg \/><\/a><br \/>\n^ Ex-SL<\/p>\n<p><a href='http:\/\/ski.inmontanis.info\/d\/226369-2\/DSC02217.jpg'><img src=http:\/\/ski.inmontanis.info\/d\/226368-3\/DSC02217.jpg \/><\/a><br \/>\n^ ESL-Abfahrt, hart gefroren, dreckig und teils steinig.<\/p>\n<p><a href='http:\/\/ski.inmontanis.info\/d\/226373-2\/DSC02218.jpg'><img src=http:\/\/ski.inmontanis.info\/d\/226372-3\/DSC02218.jpg \/><\/a><br \/>\n^ ESL-Abfahrt, man musste zwar nicht abschnallen, aber ein paar L\u00f6cher hatte man mehr im Belag.<\/p>\n<p>Die Abfahrt am ESL nahm ich leider zu schnell in Angriff, denn die ging so schlecht, dass ich sie kein zweites Mal fahren wollte &#8211; obwohl ich oben die Abfahrten gerne nochmal gefahren w\u00e4re. Naja, dann halt arbeiten.<\/p>\n<p>Gegen 14 Uhr war ich mit meinen Sachen fertig und ich fuhr noch zum Ranggerk\u00f6pfl.<\/p>\n<p><a href='http:\/\/ski.inmontanis.info\/d\/226295-2\/DSC02220.jpg'><img src=http:\/\/ski.inmontanis.info\/d\/226294-3\/DSC02220.jpg \/><\/a><br \/>\n^ Warum auch immer &#8211; man hat es heuer nicht geschafft, die Talabfahrt fertig zu beschneien. Somit auch kein Nachtski bisher.<\/p>\n<p><a href='http:\/\/ski.inmontanis.info\/d\/226312-2\/DSC02222.jpg'><img src=http:\/\/ski.inmontanis.info\/d\/226311-3\/DSC02222.jpg \/><\/a><br \/>\n^ Am oberen SL ging&#8217;s ganz gut<\/p>\n<p><a href='http:\/\/ski.inmontanis.info\/d\/226300-2\/DSC02223.jpg'><img src=http:\/\/ski.inmontanis.info\/d\/226299-3\/DSC02223.jpg \/><\/a><br \/>\n^ .. auch offpiste war&#8217;s hier noch pulvrig.<\/p>\n<p><a href='http:\/\/ski.inmontanis.info\/d\/226304-2\/DSC02226.jpg'><img src=http:\/\/ski.inmontanis.info\/d\/226303-3\/DSC02226.jpg \/><\/a><br \/>\n^ Talabfahrt &#8211; sind nat\u00fcrlich immer wieder welche gefahren, ich nat\u00fcrlich auch.<\/p>\n<p><a href='http:\/\/ski.inmontanis.info\/d\/226308-2\/DSC02227.jpg'><img src=http:\/\/ski.inmontanis.info\/d\/226307-3\/DSC02227.jpg \/><\/a><br \/>\n^ Talabfahrt. Ganz unten wurde es dann etwas schwierig.<\/p>\n","protected":false},"excerpt":{"rendered":"<p>Zur Abwechslung ging&#8217;s mal wieder in zwei Skigebiete meiner Saisonkarte &#8211; viel wollte ich heute nicht fahren, war das Wetter doch nicht sehr sonnig und ich hatte im Gesch\u00e4ft zu tun.<\/p>\n<p>Als erstes besuchte ich das Kellerjoch. Oben ging&#8217;s ganz gut, die DSB-Abfahrten teilweise auch, dann war ich \u00fcberrascht, einen neuen SL im Talstationsbereich der <a href=\"http:\/\/blog.inmontanis.info\/?p=4177\">[&#8230;]<\/a><\/p>\n","protected":false},"author":1,"featured_media":0,"comment_status":"closed","ping_status":"closed","sticky":false,"template":"","format":"standard","meta":{"footnotes":""},"categories":[864,25,13,848,27],"tags":[38,35,47],"class_list":["post-4177","post","type-post","status-publish","format-standard","hentry","category-kellerjoch","category-noreport","category-austria","category-rangger-kopfl","category-skifahren-winterskiing-winter","tag-dsb","tag-esl","tag-sl","odd"],"_links":{"self":[{"href":"http:\/\/blog.inmontanis.info\/index.php?rest_route=\/wp\/v2\/posts\/4177","targetHints":{"allow":["GET"]}}],"collection":[{"href":"http:\/\/blog.inmontanis.info\/index.php?rest_route=\/wp\/v2\/posts"}],"about":[{"href":"http:\/\/blog.inmontanis.info\/index.php?rest_route=\/wp\/v2\/types\/post"}],"author":[{"embeddable":true,"href":"http:\/\/blog.inmontanis.info\/index.php?rest_route=\/wp\/v2\/users\/1"}],"replies":[{"embeddable":true,"href":"http:\/\/blog.inmontanis.info\/index.php?rest_route=%2Fwp%2Fv2%2Fcomments&post=4177"}],"version-history":[{"count":2,"href":"http:\/\/blog.inmontanis.info\/index.php?rest_route=\/wp\/v2\/posts\/4177\/revisions"}],"predecessor-version":[{"id":4182,"href":"http:\/\/blog.inmontanis.info\/index.php?rest_route=\/wp\/v2\/posts\/4177\/revisions\/4182"}],"wp:attachment":[{"href":"http:\/\/blog.inmontanis.info\/index.php?rest_route=%2Fwp%2Fv2%2Fmedia&parent=4177"}],"wp:term":[{"taxonomy":"category","embeddable":true,"href":"http:\/\/blog.inmontanis.info\/index.php?rest_route=%2Fwp%2Fv2%2Fcategories&post=4177"},{"taxonomy":"post_tag","embeddable":true,"href":"http:\/\/blog.inmontanis.info\/index.php?rest_route=%2Fwp%2Fv2%2Ftags&post=4177"}],"curies":[{"name":"wp","href":"https:\/\/api.w.org\/{rel}","templated":true}]}}