{"id":4172,"date":"2017-02-04T21:42:28","date_gmt":"2017-02-04T20:42:28","guid":{"rendered":"http:\/\/blog.inmontanis.info\/?p=4172"},"modified":"2023-08-05T20:52:11","modified_gmt":"2023-08-05T18:52:11","slug":"zwolferhorn-4-2-2017","status":"publish","type":"post","link":"http:\/\/blog.inmontanis.info\/?p=4172","title":{"rendered":"Zw\u00f6lferhorn, 4.2.2017"},"content":{"rendered":"<p>Eine Woche nach meiner Nostalgie-Tour machte ich nochmals einen Nostalgie-Abstecher: Denn netterweise ist die Zw\u00f6lferhornbahn nach kurzer Revisionspause wieder in Betrieb und die Abfahrt nach wie vor ge\u00f6ffnet. Da sie heuer ersetzt werden soll, wollte ich unbedingt im Winter nochmal zum Skifahren rauf.<\/p>\n<p>Wettervorhersagen waren sowohl f\u00fcr SA wie SO teils sonnig &#8211; ich entschied mich f\u00fcr Samstag, verkehrstechnisch nat\u00fcrlich nicht so prickelnd. Da ich zeitig aus dem Bett kam, nahm ich die k\u00fcrzere Strecke \u00fcber das &#8220;kleine deutsche Eck&#8221; und war p\u00fcnklich zum Betriebsbeginn in St. Gilgen. Wobei ich erst mal probierte, am Laimerlift zu halten, der in der Tageskarte inkludiert ist. Hier gab es zwar auch Parkautomaten, aber lt. Aushang f\u00fcr Liftfahrer gratis. Aber da es hier oben keine Tageskarten f\u00fcr die Gondel gab fuhr ich halt zum unteren Parkplatz und zahlte die Tagesgeb\u00fchr &#8211; glaub es waren 4,- \u20ac. Geht ja noch.<\/p>\n<p>Beim Kauf der Tageskarte wurde ich darauf hingewiesen, dass heute nicht pr\u00e4pariert ist. Ja, warum soll man auch vor dem Wochenende pr\u00e4parieren, wenn die meisten Skifahrer kommen?! Es stellte sich heraus, dass abschnittsweise doch pr\u00e4pariert war, und das bisschen war auch bitter n\u00f6tig, denn wg. der warmen Temperaturen der letzten Tage waren die Offpisteverh\u00e4ltnisse zu vergessen &#8211; eisig hart. Besser ging es in den unteren Waldschneisen, da war es bereits vormittags dank des Nebels nass-weich. Dieser zog sich zum Gl\u00fcck bald zur\u00fcck und es wurde f\u00fcr ein paar Stunden sehr sonnig. Nachmittags kam eine dicke Wolkendecke und ich verzichtete auf die letzte Fahrt.<\/p>\n<p>Ich fuhr also meistens nur die pr\u00e4parierte Piste und wagte mich nur kurzfristig auf den qu\u00e4lenden Rest. Was soll&#8217;s, die Pisten und H\u00e4nge kann man auch noch nach einem Neubau der Seilbahn fahren &#8211; heute ging&#8217;s mir ja nur darum, nochmal Abschied zu nehmen. Als ich gegen Mittag im Buffet an der Talstation ein &#8220;Bratwurstweckerl&#8221; a\u00df, sind den beiden Damen meine Skier wohlwollend aufgefallen &#8211; die Bediensteten in den Stationen haben nichts weiter gesagt. Sp\u00e4ter gab es sogar noch etwas Wartezeiten, als einige asiatische Gruppen mit der Bahn fuhren.<\/p>\n<p>(Fotos anklicken zum Vergr\u00f6\u00dfern. Zum Gl\u00fcck war die Garantiereparatur meiner A7II schneller fertig und ich konnte sie heute bereits wieder mitnehmen &#8211; der Unterschied zur alten Nex-5 ist doch enorm. Die meiste Zeit lie\u00df ich heute das 17mm &#8211; Objektiv drauf.)<\/p>\n<p><a href='http:\/\/ski.inmontanis.info\/d\/226088-2\/DSC02046.jpg'><img src=http:\/\/ski.inmontanis.info\/d\/226087-3\/DSC02046.jpg \/><\/a><br \/>\n^ Die Zw\u00f6lferhornbahn ist eine der wenigen noch in Betrieb befindlichen Seilbahnen, die ich auf meinen Skiern verewigt hatte. (Mit der gelben Kabine knapp ober der Bindung links)<\/p>\n<p><a href='http:\/\/ski.inmontanis.info\/d\/226092-2\/DSC02050.jpg'><img src=http:\/\/ski.inmontanis.info\/d\/226091-3\/DSC02050.jpg \/><\/a><br \/>\n^ Das zweite gro\u00dfe Spannfeld<\/p>\n<p><a href='http:\/\/ski.inmontanis.info\/d\/226096-2\/DSC02053.jpg'><img src=http:\/\/ski.inmontanis.info\/d\/226095-3\/DSC02053.jpg \/><\/a><br \/>\n^ Ger\u00e4umige Kabine. Zugegeben, die runden Gondeln gefallen mir besser.<\/p>\n<p><a href='http:\/\/ski.inmontanis.info\/d\/226100-2\/DSC02058.jpg'><img src=http:\/\/ski.inmontanis.info\/d\/226099-3\/DSC02058.jpg \/><\/a><br \/>\n^ .. mit talfahrender Kabine<\/p>\n<p><a href='http:\/\/ski.inmontanis.info\/d\/226267-2\/DSC02061.jpg'><img src=http:\/\/ski.inmontanis.info\/d\/226266-3\/DSC02061.jpg \/><\/a><br \/>\n^ Ausgang Bergstation. Good bye..<\/p>\n<p><a href='http:\/\/ski.inmontanis.info\/d\/226105-2\/DSC02065.jpg'><img src=http:\/\/ski.inmontanis.info\/d\/226104-3\/DSC02065.jpg \/><\/a><br \/>\n^ Der Weg zur Abfahrt f\u00fchrt \u00fcber die Bergstation. Da weiter rechts hinauf ging ich heute nicht.<\/p>\n<p><a href='http:\/\/ski.inmontanis.info\/d\/226109-2\/DSC02071.jpg'><img src=http:\/\/ski.inmontanis.info\/d\/226108-3\/DSC02071.jpg \/><\/a><br \/>\n^ Obere H\u00e4nge. Buckel wie auch nebendran sehr giftig.<\/p>\n<p><a href='http:\/\/ski.inmontanis.info\/d\/226271-2\/DSC02075.jpg'><img src=http:\/\/ski.inmontanis.info\/d\/226270-3\/DSC02075.jpg \/><\/a><br \/>\n^ Im Tal ist noch Nebel.<\/p>\n<p><a href='http:\/\/ski.inmontanis.info\/d\/226114-3\/DSC02075-2.jpg'><img src=http:\/\/ski.inmontanis.info\/d\/226113-3\/DSC02075-2.jpg \/><\/a><br \/>\n^ Gleiches Bild aber anders beschnitten.<\/p>\n<p><a href='http:\/\/ski.inmontanis.info\/d\/226118-3\/DSC02081.jpg'><img src=http:\/\/ski.inmontanis.info\/d\/226117-3\/DSC02081.jpg \/><\/a><br \/>\n^ Talstation<\/p>\n<p><a href='http:\/\/ski.inmontanis.info\/d\/226122-3\/DSC02083.jpg'><img src=http:\/\/ski.inmontanis.info\/d\/226121-3\/DSC02083.jpg \/><\/a><br \/>\n^ In der Tal- und Bergstation h\u00e4ngt jeweils eine runde Kabine &#8211; warum auch immer und woher die kommen.<\/p>\n<p><a href='http:\/\/ski.inmontanis.info\/d\/226126-2\/DSC02090.jpg'><img src=http:\/\/ski.inmontanis.info\/d\/226125-3\/DSC02090.jpg \/><\/a><br \/>\n^ Bergstation<\/p>\n<p><a href='http:\/\/ski.inmontanis.info\/d\/226130-2\/DSC02091.jpg'><img src=http:\/\/ski.inmontanis.info\/d\/226129-3\/DSC02091.jpg \/><\/a><br \/>\n^ Bergstation, ein paar Bleche, manuelle Seilz\u00fcge, fertig ist die Station anno 1957.<\/p>\n<p><a href='http:\/\/ski.inmontanis.info\/d\/226275-2\/DSC02101.jpg'><img src=http:\/\/ski.inmontanis.info\/d\/226274-3\/DSC02101.jpg \/><\/a><br \/>\n^ Pano an der Bergstation<\/p>\n<p><a href='http:\/\/ski.inmontanis.info\/d\/226135-2\/DSC02106.jpg'><img src=http:\/\/ski.inmontanis.info\/d\/226134-3\/DSC02106.jpg \/><\/a><br \/>\n^ Talstation. Bahn wird heuer 60 Jahre alt &#8211; und soll das 61. nicht mehr erleben.<\/p>\n<p><a href='http:\/\/ski.inmontanis.info\/d\/226139-2\/DSC03023.jpg'><img src=http:\/\/ski.inmontanis.info\/d\/226138-3\/DSC03023.jpg \/><\/a><br \/>\n^ IR-Pano<\/p>\n<p><a href='http:\/\/ski.inmontanis.info\/d\/226143-2\/DSC03024.jpg'><img src=http:\/\/ski.inmontanis.info\/d\/226142-3\/DSC03024.jpg \/><\/a><br \/>\n^ IR-Pano<\/p>\n<p><a href='http:\/\/ski.inmontanis.info\/d\/226147-2\/DSC02109.jpg'><img src=http:\/\/ski.inmontanis.info\/d\/226146-3\/DSC02109.jpg \/><\/a><br \/>\n^ Pano an der Bergstation<\/p>\n<p><a href='http:\/\/ski.inmontanis.info\/d\/226151-2\/DSC02111.jpg'><img src=http:\/\/ski.inmontanis.info\/d\/226150-3\/DSC02111.jpg \/><\/a><br \/>\n^ Pano an der Bergstation<\/p>\n<p><a href='http:\/\/ski.inmontanis.info\/d\/226155-2\/DSC02113.jpg'><img src=http:\/\/ski.inmontanis.info\/d\/226154-3\/DSC02113.jpg \/><\/a><br \/>\n^ Bergstation<\/p>\n<p><a href='http:\/\/ski.inmontanis.info\/d\/226159-2\/DSC02117.jpg'><img src=http:\/\/ski.inmontanis.info\/d\/226158-3\/DSC02117.jpg \/><\/a><br \/>\n^ St\u00fctzen\u00fcberfahrt an der Bergstation. Bei dem langen Gondelabstand muss man immer ganz sch\u00f6n lang warten, wenn man filmen und fotografiere will &#8211; und eines versemmelt oder noch am scharf stellen ist ..<\/p>\n<p><a href='http:\/\/ski.inmontanis.info\/d\/226279-2\/DSC02119.jpg'><img src=http:\/\/ski.inmontanis.info\/d\/226278-3\/DSC02119.jpg \/><\/a><br \/>\n^ Pano abseits der Piste auf den Wolfgangsee und in die Berge<\/p>\n<p><a href='http:\/\/ski.inmontanis.info\/d\/226164-2\/DSC02121.jpg'><img src=http:\/\/ski.inmontanis.info\/d\/226163-3\/DSC02121.jpg \/><\/a><br \/>\n^ Pano abseits der Piste auf den Wolfgangsee und in die Berge<\/p>\n<p><a href='http:\/\/ski.inmontanis.info\/d\/226168-2\/DSC02125.jpg'><img src=http:\/\/ski.inmontanis.info\/d\/226167-3\/DSC02125.jpg \/><\/a><br \/>\n^ St\u00fctze und See<\/p>\n<p><a href='http:\/\/ski.inmontanis.info\/d\/226172-2\/DSC02131.jpg'><img src=http:\/\/ski.inmontanis.info\/d\/226171-3\/DSC02131.jpg \/><\/a><br \/>\n^ An dieser St\u00fctze rattert es immer, wenn das Seil in die Rollen rein- und wieder rausgeht.<\/p>\n<p><a href='http:\/\/ski.inmontanis.info\/d\/226176-2\/DSC02133.jpg'><img src=http:\/\/ski.inmontanis.info\/d\/226175-3\/DSC02133.jpg \/><\/a><br \/>\n^ Am Ende der Talabfahrt musste man heute etwas weiter laufen. Oder wie ich vorsichtig am Stra\u00dfenrand runter, nachdem man bei der ersten Fahrt den Schnee etwas vom Rand auf die Stra\u00dfe runter gedr\u00fcckt hat &#8211; Self-Made-Beschneiung ;-)<\/p>\n<p><a href='http:\/\/ski.inmontanis.info\/d\/226180-2\/DSC02134.jpg'><img src=http:\/\/ski.inmontanis.info\/d\/226179-3\/DSC02134.jpg \/><\/a><br \/>\n^ Glorreiche Zeiten anno 1965 (lt. der Jahreszahl im Gem\u00e4lde links unten). Schade um den ESL, den SL und die blauen Kabinen.<\/p>\n<p><a href='http:\/\/ski.inmontanis.info\/d\/226184-2\/DSC02135.jpg'><img src=http:\/\/ski.inmontanis.info\/d\/226183-3\/DSC02135.jpg \/><\/a><br \/>\n^ Altes s\/w-Foto mit ESL<\/p>\n<p><a href='http:\/\/ski.inmontanis.info\/d\/226188-2\/DSC02136.jpg'><img src=http:\/\/ski.inmontanis.info\/d\/226187-3\/DSC02136.jpg \/><\/a><br \/>\n^ Altes Foto von vmtl. der Er\u00f6ffnung der Bahn. Wo heute die Stra\u00dfe ist, verlief fr\u00fcher der Zug.<\/p>\n<p><a href='http:\/\/ski.inmontanis.info\/d\/226192-2\/DSC02137.jpg'><img src=http:\/\/ski.inmontanis.info\/d\/226191-3\/DSC02137.jpg \/><\/a><br \/>\n^ Wolfgangsee. Ohne den w\u00e4r die Bahn nur halb so sch\u00f6n.<\/p>\n<p><a href='http:\/\/ski.inmontanis.info\/d\/226283-2\/DSC02141.jpg'><img src=http:\/\/ski.inmontanis.info\/d\/226282-3\/DSC02141.jpg \/><\/a><br \/>\n^ St. Gilgen und das erste gro\u00dfe Spannfeld<\/p>\n<p><a href='http:\/\/ski.inmontanis.info\/d\/226197-2\/DSC02143.jpg'><img src=http:\/\/ski.inmontanis.info\/d\/226196-3\/DSC02143.jpg \/><\/a><br \/>\n^ St\u00fctze 1<\/p>\n<p><a href='http:\/\/ski.inmontanis.info\/d\/226287-2\/DSC02145.jpg'><img src=http:\/\/ski.inmontanis.info\/d\/226286-3\/DSC02145.jpg \/><\/a><br \/>\n^ An der Sausteigalm<\/p>\n<p><a href='http:\/\/ski.inmontanis.info\/d\/226202-2\/DSC02147.jpg'><img src=http:\/\/ski.inmontanis.info\/d\/226201-3\/DSC02147.jpg \/><\/a><br \/>\n^ .. und mit der ehemaligen ESL-Talstation<\/p>\n<p><a href='http:\/\/ski.inmontanis.info\/d\/226206-2\/DSC02152.jpg'><img src=http:\/\/ski.inmontanis.info\/d\/226205-3\/DSC02152.jpg \/><\/a><br \/>\n^ An der vorletzten St\u00fctze<\/p>\n<p><a href='http:\/\/ski.inmontanis.info\/d\/226210-2\/DSC02155.jpg'><img src=http:\/\/ski.inmontanis.info\/d\/226209-3\/DSC02155.jpg \/><\/a><br \/>\n^ .. und mit der 20<\/p>\n<p><a href='http:\/\/ski.inmontanis.info\/d\/226214-2\/DSC02156.jpg'><img src=http:\/\/ski.inmontanis.info\/d\/226213-3\/DSC02156.jpg \/><\/a><br \/>\n^ An der Bergstation<\/p>\n<p><a href='http:\/\/ski.inmontanis.info\/d\/226218-2\/DSC02157.jpg'><img src=http:\/\/ski.inmontanis.info\/d\/226217-3\/DSC02157.jpg \/><\/a><br \/>\n^ Abfahrt mit Seeblick und hart gefrorenem Schnee<\/p>\n<p><a href='http:\/\/ski.inmontanis.info\/d\/226222-2\/DSC02161.jpg'><img src=http:\/\/ski.inmontanis.info\/d\/226221-3\/DSC02161.jpg \/><\/a><br \/>\n^ St\u00fctze mit See<\/p>\n<p><a href='http:\/\/ski.inmontanis.info\/d\/226226-2\/DSC02163.jpg'><img src=http:\/\/ski.inmontanis.info\/d\/226225-3\/DSC02163.jpg \/><\/a><br \/>\n^ Stra\u00dfenquerung an der Talabfahrt, dann geht&#8217;s noch ein bissl, dann muss man die Stra\u00dfe ein St\u00fcck bergauf zu Fu\u00df  und dann den n\u00e4chsten Weg runter.<\/p>\n<p><a href='http:\/\/ski.inmontanis.info\/d\/226230-2\/DSC02164.jpg'><img src=http:\/\/ski.inmontanis.info\/d\/226229-3\/DSC02164.jpg \/><\/a><br \/>\n^ Nachmittags gab&#8217;s dann insb. wg. einiger Asiaten-Gruppen Wartezeiten.<\/p>\n<p><a href='http:\/\/ski.inmontanis.info\/d\/226234-2\/DSC02165.jpg'><img src=http:\/\/ski.inmontanis.info\/d\/226233-3\/DSC02165.jpg \/><\/a><br \/>\n^ Talstation<\/p>\n<p><a href='http:\/\/ski.inmontanis.info\/d\/226238-2\/DSC02166.jpg'><img src=http:\/\/ski.inmontanis.info\/d\/226237-3\/DSC02166.jpg \/><\/a><br \/>\n^ Talstation<\/p>\n<p><a href='http:\/\/ski.inmontanis.info\/d\/226242-2\/DSC02167.jpg'><img src=http:\/\/ski.inmontanis.info\/d\/226241-3\/DSC02167.jpg \/><\/a><br \/>\n^ Talstation<\/p>\n<p><a href='http:\/\/ski.inmontanis.info\/d\/226246-2\/DSC02168.jpg'><img src=http:\/\/ski.inmontanis.info\/d\/226245-3\/DSC02168.jpg \/><\/a><br \/>\n^ Talstation<\/p>\n<p><a href='http:\/\/ski.inmontanis.info\/d\/226250-2\/DSC02170.jpg'><img src=http:\/\/ski.inmontanis.info\/d\/226249-3\/DSC02170.jpg \/><\/a><br \/>\n^ Strecke (komplett)<\/p>\n<p><a href='http:\/\/ski.inmontanis.info\/d\/226291-2\/DSC02172.jpg'><img src=http:\/\/ski.inmontanis.info\/d\/226290-3\/DSC02172.jpg \/><\/a><br \/>\n^ Einige Tourengeher gehen zu Fu\u00df hinauf und fahren mit der Gondel runter ;-)<\/p>\n<p><a href='http:\/\/ski.inmontanis.info\/d\/226255-2\/DSC02175.jpg'><img src=http:\/\/ski.inmontanis.info\/d\/226254-3\/DSC02175.jpg \/><\/a><br \/>\n^ Offpiste-Abfahrten im oberen Bereich heute leider alle zu vergessen. Links unten Ex-ESL<\/p>\n<p><a href='http:\/\/ski.inmontanis.info\/d\/226259-2\/DSC02176.jpg'><img src=http:\/\/ski.inmontanis.info\/d\/226258-3\/DSC02176.jpg \/><\/a><br \/>\n^ Bergstation, die Wolken sind da &#8211; und ich wieder weg.<\/p>\n<p><a href='http:\/\/ski.inmontanis.info\/d\/226263-2\/ge20170204a.jpg'><img src=http:\/\/ski.inmontanis.info\/d\/226262-3\/ge20170204a.jpg \/><\/a><br \/>\n^ GPS-Track 4.2.2017 (Gelb) und einige der vorherigen Besuche in Blau. An die rechte Au\u00dfenrumvariante (zumindest den Weg) hatte ich leider gar nicht gedacht.<\/p>\n<p>Heute gibt&#8217;s ein etwas l\u00e4ngeres Filmchen von mir:<\/p>\n<p><object style=\"height: 500px; width: 900px\"><param name=\"movie\" value=\"http:\/\/www.youtube.com\/v\/Rmn4OuW1V3k\"><\/param><param name=\"wmode\" value=\"transparent\"><\/param><embed src=\"http:\/\/www.youtube.com\/v\/Rmn4OuW1V3k\" type=\"application\/x-shockwave-flash\" wmode=\"transparent\"  width=\"900\" height=\"480\"><\/embed><\/object><\/p>\n<p>Fazit: Auch wenn die Bahn ersetzt wird, ist das Skigebiet dank des See-Blicks und der steilen Offpisteh\u00e4nge bei gutem Schnee eine Reise wert. Und sooo h\u00fcbsch sind die aktuellen Kabinen ja jetzt auch nicht. Dennoch wird nat\u00fcrlich viel Flair in den Stationen verloren gehen.<\/p>\n<p>Die R\u00fcckfahrt verlief dann nicht so staufrei &#8211; um den Stau an der Grenze zu umfahren, bin ich eine Abfahrt in Salzburg fr\u00fcher raus, aber auch da staute es sich. Kurzer Zwischenhalt am deutschen McDonalds auf ein McRib und &#8220;\u00fcber die Kampenwandbahn&#8221; nach Kufstein. Den Warnungen zum Trotz nicht Alpbachtal rausgefahren &#8211; um 17:45 gab es vor der Ausfahrt Zillertal tats\u00e4chlich ca. 5km Stau, teils stehend, und zwar auf beiden Fahrspuren. Nerv. Weil die Leut so bl\u00f6d sind und sich nicht zeitig einordnen k\u00f6nnen.<\/p>\n","protected":false},"excerpt":{"rendered":"<p>Eine Woche nach meiner Nostalgie-Tour machte ich nochmals einen Nostalgie-Abstecher: Denn netterweise ist die Zw\u00f6lferhornbahn nach kurzer Revisionspause wieder in Betrieb und die Abfahrt nach wie vor ge\u00f6ffnet. Da sie heuer ersetzt werden soll, wollte ich unbedingt im Winter nochmal zum Skifahren rauf.<\/p>\n<p>Wettervorhersagen waren sowohl f\u00fcr SA wie SO teils sonnig &#8211; ich entschied <a href=\"http:\/\/blog.inmontanis.info\/?p=4172\">[&#8230;]<\/a><\/p>\n","protected":false},"author":1,"featured_media":0,"comment_status":"closed","ping_status":"closed","sticky":false,"template":"","format":"standard","meta":{"footnotes":""},"categories":[59,25,13,27,829],"tags":[60,90,45,47],"class_list":["post-4172","post","type-post","status-publish","format-standard","hentry","category-nostalgie","category-noreport","category-austria","category-skifahren-winterskiing-winter","category-zwolferhorn","tag-4zub","tag-infrarot","tag-see","tag-sl","odd"],"_links":{"self":[{"href":"http:\/\/blog.inmontanis.info\/index.php?rest_route=\/wp\/v2\/posts\/4172","targetHints":{"allow":["GET"]}}],"collection":[{"href":"http:\/\/blog.inmontanis.info\/index.php?rest_route=\/wp\/v2\/posts"}],"about":[{"href":"http:\/\/blog.inmontanis.info\/index.php?rest_route=\/wp\/v2\/types\/post"}],"author":[{"embeddable":true,"href":"http:\/\/blog.inmontanis.info\/index.php?rest_route=\/wp\/v2\/users\/1"}],"replies":[{"embeddable":true,"href":"http:\/\/blog.inmontanis.info\/index.php?rest_route=%2Fwp%2Fv2%2Fcomments&post=4172"}],"version-history":[{"count":4,"href":"http:\/\/blog.inmontanis.info\/index.php?rest_route=\/wp\/v2\/posts\/4172\/revisions"}],"predecessor-version":[{"id":4176,"href":"http:\/\/blog.inmontanis.info\/index.php?rest_route=\/wp\/v2\/posts\/4172\/revisions\/4176"}],"wp:attachment":[{"href":"http:\/\/blog.inmontanis.info\/index.php?rest_route=%2Fwp%2Fv2%2Fmedia&parent=4172"}],"wp:term":[{"taxonomy":"category","embeddable":true,"href":"http:\/\/blog.inmontanis.info\/index.php?rest_route=%2Fwp%2Fv2%2Fcategories&post=4172"},{"taxonomy":"post_tag","embeddable":true,"href":"http:\/\/blog.inmontanis.info\/index.php?rest_route=%2Fwp%2Fv2%2Ftags&post=4172"}],"curies":[{"name":"wp","href":"https:\/\/api.w.org\/{rel}","templated":true}]}}