{"id":4150,"date":"2017-01-24T22:27:21","date_gmt":"2017-01-24T21:27:21","guid":{"rendered":"http:\/\/blog.inmontanis.info\/?p=4150"},"modified":"2023-08-05T14:52:02","modified_gmt":"2023-08-05T12:52:02","slug":"mythen-24-1-2017","status":"publish","type":"post","link":"http:\/\/blog.inmontanis.info\/?p=4150","title":{"rendered":"Mythen, 24.1.2017"},"content":{"rendered":"<p><em>NostalskiAlpsNord &#8211; Tag 4: Di, 24.1.2017 &#8211; Mythen<\/em><\/p>\n<p>Der Mythen. Und sein Skigebiet. Es war damals das erste Skigebiet meiner ersten Alpinforums-Skisafari, am 6.1.2004:<br \/>\n<a href='http:\/\/www.alpinforum.com\/forum\/viewtopic.php?f=53&#038;t=4359'>http:\/\/www.alpinforum.com\/forum\/viewtopic.php?f=53&#038;t=4359<\/a> (ohne Bilder, aber mit mehr Alpinforums-Kommentaren)<br \/>\n<a href='http:\/\/www.sommerschi.com\/forum\/reportagen-f8\/6-1-11-1-2004-downhill-und-starli-in-der-zentralsc-t2603.html'>http:\/\/www.sommerschi.com\/forum\/reportagen-f8\/6-1-11-1-2004-downhill-und-starli-in-der-zentralsc-t2603.html<\/a> (mit Bildern)<\/p>\n<p>Ich wollte unbedingt in die Zentralschweiz nach all den interessanten Berichten und &#8220;Downhill&#8221; begleitete mich damals. Damals machten wir die &#8220;Verbindung&#8221; zum Skigebiet Hochstuckli &#8211; das war damals im Skipass inkludiert &#8211; und das war so anstrengend, dass ich das nie mehr wiederholen w\u00fcrde. Viel hat sich seitdem im restlichen Skigebiet nicht getan: Die 2 Sektionen Rotenflue-PB wurden mit einer 8EUB ersetzt &#8211; alle anderen Lifte laufen noch wie eh und je (glaub ich). Abgesehen von der nervigen Verbindung fand ich&#8217;s damals ziemlich genial &#8211; aber es war eben auch meine erste Nostalgieskisafari. Ob ich das also bei dem Zweitbesuch nach so langer Zeit wieder so genial finden werde? Und &#8211; mein Zitat aus dem Bericht von damals:<\/p>\n<blockquote><p>Essen: am &#8220;Pistenrestaurant Gro\u00dfenboden&#8221; zum ersten mal die \u00c4lpermaccaroni gegessen und .. es war Liebe auf den ersten Bi\u00df ;-) .. hat zwar das Apfelmus gefehlt, aber diese &#8220;R\u00f6stzwiebel&#8221; (braun, aber sehr weich!) waren genial. <\/p><\/blockquote>\n<p>Nun, <em>das<\/em> hat sich leider komplett ge\u00e4ndert. Das SB-Restaurant Gro\u00dfenboden wurde neu gebaut und die \u00c4lplermagronen waren heute zwar mit Apfelmus aber ansonsten die schlechtesten, die ich glaub ich je gegessen hatte :-( Mit 15,- CHF allerdings recht g\u00fcnstig.<\/p>\n<p>&#8211;<\/p>\n<p>Kurz vor 5 Uhr kam ich weg, die Anreise ist ja recht schnell, da muss man nicht all zu fr\u00fch aufstehen, noch kurz tanken &#8211; um 7 dann in Feldkirch, da war dann schon ganz sch\u00f6n Verkehr im Gegensatz zu sonst, wenn ich fr\u00fcher oder am Wochenende fahr&#8230;<\/p>\n<p>Kurz nach 8:30 war ich in Rickenbach an der Rotenflue-Bahn. Preise f\u00fcr&#8217;s Parken hab ich von hier keine im Netz gefunden, nur von den anderen Einstiegspunkten am Mythen, wo es \u00fcberall 5,- CHF pro Tag kosten soll. Na, hier an der 8EUB sind es 8,- CHF. Dann also zum n\u00e4chsten SL rauffahren (Handgruobi &#8211; h\u00f6rt sich an wie eine Puppe aus der Sesamstra\u00dfe &#8211; oder wie eine Watschn (&#8220;Hand, grob&#8221;) ..). War doch etwas m\u00fchseliger, weil schmale Stra\u00dfe und dann auch noch Fu\u00dfweg vom Parkplatz zum SL. Naja. Tageskarte samt Parkgeb\u00fchren kostet somit 50,- CHF, was dann auch trotz Schweiz-Malus hart an der Grenze f\u00fcr mich ist. Aber daf\u00fcr bekommt man ja auch ein nostalgisches Skigebiet mit 1x 15PB, 1x 8EUB und sonst nur SL. Allerdings sind die SL relativ eint\u00f6nig, alle haben z.B. orangene B\u00fcgel, kein einziger mit blauen B\u00fcgeln. Auch bei den St\u00fctzenformen gibt&#8217;s nur wenig Unterschiede, keine der urigen Schweizerischen, somit ist ein Lift fast wie der andere.<\/p>\n<p>Entgegen meiner Erinnerung war die rechte Seite doch interessanter, insb. der SL Kulm von Ibergeregg mit seinen 5 netten Varianten. Aber auch die Au\u00dfenrumabfahrten an den SL Handgruobi und Gro\u00dfenboden waren nett. Das beste Pano gab&#8217;s dann am Haggenegg. Komplett unter den Erwartungen und den Erinnerungen blieb dann leider die Abfahrt an der Rotenflue-8EUB. Einerseits liegt die neue Mittelstation viel h\u00f6her als fr\u00fcher bei den PBs, so dass die Abfahrt zur Mittelstation nun wesentlich k\u00fcrzer ist. Zudem h\u00e4tte ich egtl. die ge\u00f6ffnete Skiroute ins Tal fahren wollen &#8211; aber bei dichtem Nebel war ich mir noch nicht mal hinsichtlich des Abfahrtsabzweigs klar &#8211; und keine Ahnung ob man die Route bei dem Nebel h\u00e4tte erkennen k\u00f6nnen. Der Schnee war glaub ich hier unten auch nicht besonders toll, vmtl. getaut und wieder angefroren, so sah es an einem der zwei m\u00f6glichen Abzweige aus.<\/p>\n<p>(Fotos anklicken zum Vergr\u00f6\u00dfern. Da meine neuere Cam derzeit auf Reparatur ist, musste eine meiner \u00e4lteren Cams herhalten &#8211; daher auf dieser Reise keine ganz so gute Bildqualit\u00e4t. Au\u00dferdem hab ich daher wieder einmal etwas mehr IR-Fotos gemacht.)<\/p>\n<p><a href='http:\/\/extra.inmontanis.info\/d\/40300-2\/ge201701retroalps1.jpg'><img src=http:\/\/extra.inmontanis.info\/d\/40299-3\/ge201701retroalps1.jpg \/><\/a><br \/>\nE) Mythen (Schwyz)<\/p>\n<p><a href='http:\/\/ski.inmontanis.info\/d\/223505-3\/DSC00924.jpg'><img src=http:\/\/ski.inmontanis.info\/d\/223504-3\/DSC00924.jpg \/><\/a><br \/>\n^ SL Handgruobi. Abfahrt rechts daneben wird beschneit und ist nur m\u00e4\u00dfig interessant, aber weiter rechts gibt&#8217;s noch eine nettere Abfahrt.<\/p>\n<p><a href='http:\/\/ski.inmontanis.info\/d\/223509-3\/DSC00925.jpg'><img src=http:\/\/ski.inmontanis.info\/d\/223508-3\/DSC00925.jpg \/><\/a><br \/>\n^ SL Handgruobi \/ Gro\u00dfenboden<\/p>\n<p><a href='http:\/\/ski.inmontanis.info\/d\/223704-2\/DSC00926.jpg'><img src=http:\/\/ski.inmontanis.info\/d\/223703-3\/DSC00926.jpg \/><\/a><br \/>\n^ SL Gro\u00dfenboden<\/p>\n<p><a href='http:\/\/ski.inmontanis.info\/d\/223514-3\/DSC00928.jpg'><img src=http:\/\/ski.inmontanis.info\/d\/223513-3\/DSC00928.jpg \/><\/a><br \/>\n^ SL Kulm \/ Ibergeregg, mit seinen 5 netten, schmalen, kupierten Abfahrten<\/p>\n<p><a href='http:\/\/ski.inmontanis.info\/d\/223518-3\/DSC00929.jpg'><img src=http:\/\/ski.inmontanis.info\/d\/223517-3\/DSC00929.jpg \/><\/a><br \/>\n^ SL Kulm \/ Ibergeregg<\/p>\n<p><a href='http:\/\/ski.inmontanis.info\/d\/223522-2\/DSC00930.jpg'><img src=http:\/\/ski.inmontanis.info\/d\/223521-3\/DSC00930.jpg \/><\/a><br \/>\n^ SL Kulm + Alpstubli \/ Ibergeregg<\/p>\n<p><a href='http:\/\/ski.inmontanis.info\/d\/223526-2\/DSC00933.jpg'><img src=http:\/\/ski.inmontanis.info\/d\/223525-3\/DSC00933.jpg \/><\/a><br \/>\n^ Br\u00fcnnelistock mit den 3 SL Kulm, Gro\u00dfenboden und Zw\u00e4cken. Zum SL Zw\u00e4cken kommt man von den anderen SL nur mit Schieben (links rum)<\/p>\n<p><a href='http:\/\/ski.inmontanis.info\/d\/223530-3\/DSC00934.jpg'><img src=http:\/\/ski.inmontanis.info\/d\/223529-3\/DSC00934.jpg \/><\/a><br \/>\n^ Eine der Au\u00dfenrumabfahrten am SL Kulm zum SL Alpstubli<\/p>\n<p><a href='http:\/\/ski.inmontanis.info\/d\/223534-3\/DSC00935.jpg'><img src=http:\/\/ski.inmontanis.info\/d\/223533-3\/DSC00935.jpg \/><\/a><br \/>\n^ SL Zw\u00e4cken<\/p>\n<p><a href='http:\/\/ski.inmontanis.info\/d\/223538-3\/DSC00936.jpg'><img src=http:\/\/ski.inmontanis.info\/d\/223537-3\/DSC00936.jpg \/><\/a><br \/>\n^ SL Zw\u00e4cken. Die linke Abfahrt war vormittags leider f\u00fcr ein Renntraining gesperrt, so dass man nur erschwert (d.h. ein St\u00fcck bergauf) die Verbindungspiste nach Brunni erreichte.<\/p>\n<p><a href='http:\/\/ski.inmontanis.info\/d\/223542-3\/DSC00937.jpg'><img src=http:\/\/ski.inmontanis.info\/d\/223541-3\/DSC00937.jpg \/><\/a><br \/>\n^ Verbindung zum SL St\u00e4gleren, hier gibt es zum Gl\u00fcck einen kurzen (aber sehr anstrengenden) Seillift.<\/p>\n<p><a href='http:\/\/ski.inmontanis.info\/d\/223546-3\/DSC00938.jpg'><img src=http:\/\/ski.inmontanis.info\/d\/223545-3\/DSC00938.jpg \/><\/a><br \/>\n^ Blick von der Abfahrt am SL St\u00e4gleren zum SL Zw\u00e4cken<\/p>\n<p><a href='http:\/\/ski.inmontanis.info\/d\/223550-3\/DSC00939.jpg'><img src=http:\/\/ski.inmontanis.info\/d\/223549-3\/DSC00939.jpg \/><\/a><br \/>\n^ SL St\u00e4gleren und Tal-Berg-Tal-SL Holzegg<\/p>\n<p><a href='http:\/\/ski.inmontanis.info\/d\/223554-3\/DSC00940.jpg'><img src=http:\/\/ski.inmontanis.info\/d\/223553-3\/DSC00940.jpg \/><\/a><br \/>\n^ SL St\u00e4gleren<\/p>\n<p><a href='http:\/\/ski.inmontanis.info\/d\/223558-3\/DSC00943.jpg'><img src=http:\/\/ski.inmontanis.info\/d\/223557-3\/DSC00943.jpg \/><\/a><br \/>\n^ Pano<\/p>\n<p><a href='http:\/\/ski.inmontanis.info\/d\/223562-3\/DSC00944.jpg'><img src=http:\/\/ski.inmontanis.info\/d\/223561-3\/DSC00944.jpg \/><\/a><br \/>\n^ Verbindungsabfahrt Zw\u00e4cken &#8211; Brunni. Langer Skiweg.<\/p>\n<p><a href='http:\/\/ski.inmontanis.info\/d\/223566-3\/DSC00949.jpg'><img src=http:\/\/ski.inmontanis.info\/d\/223565-3\/DSC00949.jpg \/><\/a><br \/>\n^ Gro\u00dfer und kleiner Mythen<\/p>\n<p><a href='http:\/\/ski.inmontanis.info\/d\/223570-2\/DSC00948.jpg'><img src=http:\/\/ski.inmontanis.info\/d\/223569-3\/DSC00948.jpg \/><\/a><br \/>\n^ Verbindungsabfahrt Zw\u00e4cken &#8211; Brunni und Blick zu den beiden SL Brunni-Haggenegg<\/p>\n<p><a href='http:\/\/ski.inmontanis.info\/d\/223574-3\/DSC00952.jpg'><img src=http:\/\/ski.inmontanis.info\/d\/223573-3\/DSC00952.jpg \/><\/a><br \/>\n^ SL Brunni-Haggenegg 2<\/p>\n<p><a href='http:\/\/ski.inmontanis.info\/d\/223578-3\/DSC00953.jpg'><img src=http:\/\/ski.inmontanis.info\/d\/223577-3\/DSC00953.jpg \/><\/a><br \/>\n^ SL Brunni-Haggenegg 2<\/p>\n<p><a href='http:\/\/ski.inmontanis.info\/d\/223582-3\/DSC00956.jpg'><img src=http:\/\/ski.inmontanis.info\/d\/223581-3\/DSC00956.jpg \/><\/a><br \/>\n^ Pano am SL Brunni-Haggenegg 2<\/p>\n<p><a href='http:\/\/ski.inmontanis.info\/d\/223586-3\/DSC00958.jpg'><img src=http:\/\/ski.inmontanis.info\/d\/223585-3\/DSC00958.jpg \/><\/a><br \/>\n^ SL Brunni-Haggenegg 1<\/p>\n<p><a href='http:\/\/ski.inmontanis.info\/d\/223590-3\/DSC00961.jpg'><img src=http:\/\/ski.inmontanis.info\/d\/223589-3\/DSC00961.jpg \/><\/a><br \/>\n^ Pano am SL Brunni-Haggenegg 2 mit Mythen und Nebelmeer<\/p>\n<p><a href='http:\/\/ski.inmontanis.info\/d\/223708-2\/DSC00962.jpg'><img src=http:\/\/ski.inmontanis.info\/d\/223707-3\/DSC00962.jpg \/><\/a><br \/>\n^ Pano am SL Brunni-Haggenegg 2 mit Nebelmeer. Kein Seepano heute, aber bei Sonne und Seepano h\u00e4tte ich ja die Rigi besuchen m\u00fcssen.<\/p>\n<p><a href='http:\/\/ski.inmontanis.info\/d\/223595-3\/DSC00963.jpg'><img src=http:\/\/ski.inmontanis.info\/d\/223594-3\/DSC00963.jpg \/><\/a><br \/>\n^ Nette Abfahrt am SL Brunni-Haggenegg<\/p>\n<p><a href='http:\/\/ski.inmontanis.info\/d\/223599-3\/DSC02995.jpg'><img src=http:\/\/ski.inmontanis.info\/d\/223598-3\/DSC02995.jpg \/><\/a><br \/>\n^ .. und im Vergleich dazu in IR (s\/w)<\/p>\n<p><a href='http:\/\/ski.inmontanis.info\/d\/223603-3\/DSC02996.jpg'><img src=http:\/\/ski.inmontanis.info\/d\/223602-3\/DSC02996.jpg \/><\/a><br \/>\n^ .. und im Vergleich dazu in IR (Falschfarben mit Orange-Filter) &#8211; gef\u00e4llt mir pers\u00f6nlich ja besser als diese dunkelgr\u00fcn-fast-schwarzen B\u00e4ume. <\/p>\n<p><a href='http:\/\/ski.inmontanis.info\/d\/223607-3\/DSC00964.jpg'><img src=http:\/\/ski.inmontanis.info\/d\/223606-3\/DSC00964.jpg \/><\/a><br \/>\n^ Brunni-Holzegg, PB in Bildmitte. Der linke Arschloch-SL am Gegenhang ist zwar im Mythen-Plan drin, aber kein Skipassverbund (weder Mythen noch Swissknifevalley) gelten dort. Das erf\u00e4hrt man aber erst mittels eines Zettels am Skipasslesers, wenn man vor dem Eingang steht.<\/p>\n<p><a href='http:\/\/ski.inmontanis.info\/d\/223611-3\/DSC00969.jpg'><img src=http:\/\/ski.inmontanis.info\/d\/223610-3\/DSC00969.jpg \/><\/a><br \/>\n^ PB Brunni-Holzegg. F\u00e4hrt offiziell nur alle ca. 30 Minuten. Bl\u00f6derweise war 2 Minuten vor der Abfahrt die Gondel dann doch so gesteckt voll, dass man eine Zwischenfahrt einlegen musste, die dann gleich get\u00e4tigt wurde. Auch ein Krampf.<\/p>\n<p><a href='http:\/\/ski.inmontanis.info\/d\/223615-3\/DSC00970.jpg'><img src=http:\/\/ski.inmontanis.info\/d\/223614-3\/DSC00970.jpg \/><\/a><br \/>\n^ Von der PB Brunni-Holzegg muss man wieder einmal ein bisschen Aufsteigen. (Nachdem man vorher schon eine schmale, eisige Treppe zur Hotel-Terrasse und dann \u00fcber selbige gegangen ist)<\/p>\n<p><a href='http:\/\/ski.inmontanis.info\/d\/223619-3\/DSC00973.jpg'><img src=http:\/\/ski.inmontanis.info\/d\/223618-3\/DSC00973.jpg \/><\/a><br \/>\n^ Tal-Berg-Tal-SL Holzegg<\/p>\n<p><a href='http:\/\/ski.inmontanis.info\/d\/223623-3\/DSC00972.jpg'><img src=http:\/\/ski.inmontanis.info\/d\/223622-3\/DSC00972.jpg \/><\/a><br \/>\n^ Abzweig Abfahrt 8EUB Rotenflue-Rickenbach mit Nebelmeer.<\/p>\n<p><a href='http:\/\/ski.inmontanis.info\/d\/223627-3\/DSC00974.jpg'><img src=http:\/\/ski.inmontanis.info\/d\/223626-3\/DSC00974.jpg \/><\/a><br \/>\n^ Abfahrt Rotenflue-Rickenbach<\/p>\n<p><a href='http:\/\/ski.inmontanis.info\/d\/223631-3\/DSC00975.jpg'><img src=http:\/\/ski.inmontanis.info\/d\/223630-3\/DSC00975.jpg \/><\/a><br \/>\n^ Abfahrt Rotenflue-Rickenbach, leider dichter Nebel<\/p>\n<p><a href='http:\/\/ski.inmontanis.info\/d\/223635-3\/DSC00976.jpg'><img src=http:\/\/ski.inmontanis.info\/d\/223634-3\/DSC00976.jpg \/><\/a><br \/>\n^ 8EUB Rotenflue. Wie jetzt, schon an der Mittelstation? Das war doch damals die sch\u00f6nste Piste dachte ich? Und heute nur irgendein flaches, langweiliges kurzes Ding..<\/p>\n<p><a href='http:\/\/ski.inmontanis.info\/d\/223639-2\/DSC00978.jpg'><img src=http:\/\/ski.inmontanis.info\/d\/223638-3\/DSC00978.jpg \/><\/a><br \/>\n^ Rotenflue-Rickenbach. Talabfahrt macht bei der Sicht leider keinen Sinn.<\/p>\n<p><a href='http:\/\/ski.inmontanis.info\/d\/223643-3\/DSC00982.jpg'><img src=http:\/\/ski.inmontanis.info\/d\/223642-3\/DSC00982.jpg \/><\/a><br \/>\n^ SL Alp<\/p>\n<p><a href='http:\/\/ski.inmontanis.info\/d\/223712-2\/DSC00983.jpg'><img src=http:\/\/ski.inmontanis.info\/d\/223711-3\/DSC00983.jpg \/><\/a><br \/>\n^ 8EUB Rotenflue<\/p>\n<p><a href='http:\/\/ski.inmontanis.info\/d\/223648-2\/DSC00984.jpg'><img src=http:\/\/ski.inmontanis.info\/d\/223647-3\/DSC00984.jpg \/><\/a><br \/>\n^ Tal-Berg-Tal-SL Holzegg, SL St\u00e4gleren, SL Zw\u00e4cken gegen\u00fcber<\/p>\n<p><a href='http:\/\/ski.inmontanis.info\/d\/223652-3\/DSC00988.jpg'><img src=http:\/\/ski.inmontanis.info\/d\/223651-3\/DSC00988.jpg \/><\/a><br \/>\n^ Abfahrt PB Holzegg. Ist gr\u00f6\u00dftenteils auch nur ein Skiweg, aber ein paar H\u00e4nge gibt&#8217;s doch.<\/p>\n<p><a href='http:\/\/ski.inmontanis.info\/d\/223656-3\/DSC00989.jpg'><img src=http:\/\/ski.inmontanis.info\/d\/223655-3\/DSC00989.jpg \/><\/a><br \/>\n^ PB Brunni-Holzegg. Hatte Gl\u00fcck und es kamen ein paar Leute, daher Gondel voll und Zwischenfahrt m\u00f6glich. <\/p>\n<p><a href='http:\/\/ski.inmontanis.info\/d\/223660-3\/DSC00992.jpg'><img src=http:\/\/ski.inmontanis.info\/d\/223659-3\/DSC00992.jpg \/><\/a><br \/>\n^ PB Brunni-Holzegg<\/p>\n<p><a href='http:\/\/ski.inmontanis.info\/d\/223664-3\/DSC00993.jpg'><img src=http:\/\/ski.inmontanis.info\/d\/223663-3\/DSC00993.jpg \/><\/a><br \/>\n^ PB Brunni-Holzegg.<\/p>\n<p><a href='http:\/\/ski.inmontanis.info\/d\/223668-2\/DSC00998.jpg'><img src=http:\/\/ski.inmontanis.info\/d\/223667-3\/DSC00998.jpg \/><\/a><br \/>\n^ SL Kulm<\/p>\n<p><a href='http:\/\/ski.inmontanis.info\/d\/223672-3\/DSC01000.jpg'><img src=http:\/\/ski.inmontanis.info\/d\/223671-3\/DSC01000.jpg \/><\/a><br \/>\n^ SL Gro\u00dfenboden mit Nebelmeer. Dessen direkten Abfahrten werden ja mittlerweile beschneit. Leider merkt man es &#8211; kaum gibt es Beschneiung, sind die Pisten h\u00e4rter. Waren die h\u00e4rtesten Pisten heute. Gleiches fiel mir auch in den Skigebieten der restlichen Reise immer wieder auf.<\/p>\n<p><a href='http:\/\/ski.inmontanis.info\/d\/223676-2\/DSC01003.jpg'><img src=http:\/\/ski.inmontanis.info\/d\/223675-3\/DSC01003.jpg \/><\/a><br \/>\n^ Au\u00dfenrumabfahrt von der Abfahrt SL Kulm zum SL Gro\u00dfenboden, Naturschnee und netter. Kaum machte ich ein paar Fotos, kam eine gro\u00dfe Gruppe Holl\u00e4nder des Wegs und mussten sich neben mir positionieren.<\/p>\n<p><a href='http:\/\/ski.inmontanis.info\/d\/223680-2\/DSC01004.jpg'><img src=http:\/\/ski.inmontanis.info\/d\/223679-3\/DSC01004.jpg \/><\/a><br \/>\n^ Au\u00dfenrumabfahrt am SL Handgruobi. Auch nett.<\/p>\n<p><a href='http:\/\/ski.inmontanis.info\/d\/223684-2\/DSC01005.jpg'><img src=http:\/\/ski.inmontanis.info\/d\/223683-3\/DSC01005.jpg \/><\/a><br \/>\n^ Au\u00dfenrumabfahrt am SL Handgruobi. Auch nett.<\/p>\n<p><a href='http:\/\/ski.inmontanis.info\/d\/223688-2\/DSC01006.jpg'><img src=http:\/\/ski.inmontanis.info\/d\/223687-3\/DSC01006.jpg \/><\/a><br \/>\n^ Pistenplan<\/p>\n<p><a href='http:\/\/ski.inmontanis.info\/d\/223692-2\/DSC01008.jpg'><img src=http:\/\/ski.inmontanis.info\/d\/223691-3\/DSC01008.jpg \/><\/a><br \/>\n^ SL Gro\u00dfenboden mit Nebelmeer, das nachmittags nun ganz sch\u00f6n weit rauf gewandert ist.<\/p>\n<p><a href='http:\/\/ski.inmontanis.info\/d\/223696-2\/DSC01017.jpg'><img src=http:\/\/ski.inmontanis.info\/d\/223695-3\/DSC01017.jpg \/><\/a><br \/>\n^ Stra\u00dfe Rickenbach-Handgruobi, tw. nur einspurig.<\/p>\n<p><a href='http:\/\/ski.inmontanis.info\/d\/223700-2\/ge20170124b.jpg'><img src=http:\/\/ski.inmontanis.info\/d\/223699-3\/ge20170124b.jpg \/><\/a><br \/>\n^ GPS-Track 2017 (Gelb) und 2004 (T\u00fcrkis), man beachte u.a. die Verk\u00fcrzung der Abfahrt zur Mittelstation an der Rotenfluebahn links unten.<\/p>\n<p>Gegen 15:30 war ich mit meiner Runde fertig und gab die Axess-Keycard wieder ab &#8211; meine beiden konten hier leider nicht geladen werden. Allzu gro\u00dfe Lust auf einen Drittbesuch in n\u00e4chster Zeit hab ich leider keinen. Es gibt doch viele Skigebiete, die mir besser gefallen. Nervig fand ich heute auch die vielen Schiebestrecken an den Verbindungen. Auch war es relativ voll heute, es kam immer mal wieder vor, dass einige vor einem an den SL waren. Da kenn ich leerere Skigebiete au\u00dferhalb der Schweiz!<\/p>\n<p>Um eventuellen Staus um Luzern, Bern und Montreux zu umgehen, fuhr ich die k\u00fcrzere, aber lt. Navi ca. 50min l\u00e4ngere Strecke \u00fcber Altdorf und Br\u00fcnigpass, Thun und Zweisimmen &#8211; hatte aber haufenweise Schnarchnasen irgendwo vor mir. Mit 80 km\/h darf man in der Schweiz auf Landstra\u00dfen ja eh nicht schnell fahren, warum m\u00fcssen dann so viele nur 65 oder 70 fahren wollen!? In Italien fahren die Langsamfahrer dann wenigstens nur 40 und man kann sie einfacher \u00fcberholen ;) Aber bei dem Gegenverkehr heute w\u00e4re das auch nicht gegangen.<\/p>\n<p>Noch ein kurzer Zwischenhalt beim Quick und um 20:45 war ich im Ibis-Budget Thonon, wo ich mich f\u00fcr 5 Tage einquartiert hab. Mit der Zimmerkarte gab&#8217;s ein paar Probleme, die erste ging nicht, dann bekam ich ein zweites Zimmer und eine zweite Karte, die ging dann auch nicht, dann eine dritte Karte aber f\u00fcr das zweite Zimmer. Das war allerdings nicht das Zimmer, das ich reserviert hatte, sondern ein gr\u00f6\u00dferes (Familienzimmer) ..  Obwohl es \u00fcber booking.com auch einige brauchbare und nicht (viel) teurere Alternativen n\u00e4her an den Skigebieten gegeben h\u00e4tte, aber hier hab ich jetzt den Vorteil, dass ich spontaner reagieren kann und z.B. jeden Morgen entscheiden kann, ob ich eines der Skigebiete mit Genferseepano anfahre &#8211; je nachdem ob der Wettebericht dann Nebel meldet oder nicht.. <\/p>\n<p>Allerdings m\u00fcsste man ja meinen, dass Nebel und Wetter am Genfersee relativ gleich ist an seinen Enden, aber meteoswiss meldet in den Vorherschauen f\u00fcr Montreux, Lausanne und Genf immer recht unterschiedliches &#8211; da soll sich dann wieder einer auskennen.. Nervig ist allerdings, dass jetzt pl\u00f6tzlich die &#8220;9 Tage Sonnenschein&#8221;-Vorhersage geschrumpft ist, und nun einige stark wolkige Tage mit evtl. sogar Schneefall geben soll, insb. von Freitag bis Sonntag. Dann w\u00e4r es evtl. nervig, dass ich mich hier bereits bis Sonntag fix einquartiert hab. Und daher werd ich morgen wohl trotz Nebel Rochers-de-Naye fahren m\u00fcssen, weil es am Wochenende vielleicht noch schlechter ist &#8211; dann lieber Nebelmeer und Sonne als Bedeckt und Seepano..<\/p>\n<p>(Fortsetzung folgt.)<\/p>\n","protected":false},"excerpt":{"rendered":"<p>NostalskiAlpsNord &#8211; Tag 4: Di, 24.1.2017 &#8211; Mythen<\/p>\n<p>Der Mythen. Und sein Skigebiet. Es war damals das erste Skigebiet meiner ersten Alpinforums-Skisafari, am 6.1.2004: http:\/\/www.alpinforum.com\/forum\/viewtopic.php?f=53&#038;t=4359 (ohne Bilder, aber mit mehr Alpinforums-Kommentaren) http:\/\/www.sommerschi.com\/forum\/reportagen-f8\/6-1-11-1-2004-downhill-und-starli-in-der-zentralsc-t2603.html (mit Bildern)<\/p>\n<p>Ich wollte unbedingt in die Zentralschweiz nach all den interessanten Berichten und &#8220;Downhill&#8221; begleitete mich damals. Damals machten wir die &#8220;Verbindung&#8221; <a href=\"http:\/\/blog.inmontanis.info\/?p=4150\">[&#8230;]<\/a><\/p>\n","protected":false},"author":1,"featured_media":0,"comment_status":"closed","ping_status":"closed","sticky":false,"template":"","format":"standard","meta":{"footnotes":""},"categories":[159,720,59,14,27],"tags":[53,90,77,52,47],"class_list":["post-4150","post","type-post","status-publish","format-standard","hentry","category-2017-01-nostalskialpsnord","category-mythen","category-nostalgie","category-swiss","category-skifahren-winterskiing-winter","tag-8eub","tag-infrarot","tag-nebelmeer","tag-pb","tag-sl","odd"],"_links":{"self":[{"href":"http:\/\/blog.inmontanis.info\/index.php?rest_route=\/wp\/v2\/posts\/4150","targetHints":{"allow":["GET"]}}],"collection":[{"href":"http:\/\/blog.inmontanis.info\/index.php?rest_route=\/wp\/v2\/posts"}],"about":[{"href":"http:\/\/blog.inmontanis.info\/index.php?rest_route=\/wp\/v2\/types\/post"}],"author":[{"embeddable":true,"href":"http:\/\/blog.inmontanis.info\/index.php?rest_route=\/wp\/v2\/users\/1"}],"replies":[{"embeddable":true,"href":"http:\/\/blog.inmontanis.info\/index.php?rest_route=%2Fwp%2Fv2%2Fcomments&post=4150"}],"version-history":[{"count":3,"href":"http:\/\/blog.inmontanis.info\/index.php?rest_route=\/wp\/v2\/posts\/4150\/revisions"}],"predecessor-version":[{"id":5003,"href":"http:\/\/blog.inmontanis.info\/index.php?rest_route=\/wp\/v2\/posts\/4150\/revisions\/5003"}],"wp:attachment":[{"href":"http:\/\/blog.inmontanis.info\/index.php?rest_route=%2Fwp%2Fv2%2Fmedia&parent=4150"}],"wp:term":[{"taxonomy":"category","embeddable":true,"href":"http:\/\/blog.inmontanis.info\/index.php?rest_route=%2Fwp%2Fv2%2Fcategories&post=4150"},{"taxonomy":"post_tag","embeddable":true,"href":"http:\/\/blog.inmontanis.info\/index.php?rest_route=%2Fwp%2Fv2%2Ftags&post=4150"}],"curies":[{"name":"wp","href":"https:\/\/api.w.org\/{rel}","templated":true}]}}