{"id":4147,"date":"2017-01-23T20:41:46","date_gmt":"2017-01-23T19:41:46","guid":{"rendered":"http:\/\/blog.inmontanis.info\/?p=4147"},"modified":"2023-07-30T18:36:22","modified_gmt":"2023-07-30T16:36:22","slug":"kampenwand-23-1-2017","status":"publish","type":"post","link":"http:\/\/blog.inmontanis.info\/?p=4147","title":{"rendered":"Kampenwand, 23.1.2017"},"content":{"rendered":"<p><em>NostalskiAlpsNord &#8211; Tag 3: Mo, 23.1.2017 &#8211; Kampenwand<\/em><\/p>\n<p>Heute ging&#8217;s mit Kris auf die Kampenwand, sein Erstbesuch dort. Tageskarte kostete 27,50 \u20ac, los war so gut wie gar nix. Offen war alles, auch die DSB, die wir aber nicht gefahren sind, erschlie\u00dft sie doch die langweiligste Piste, die man noch dazu eh fahren muss, will man hin und wieder mit der 4ZUB rauf. Au\u00dfer man f\u00e4hrt die Trasse unter der Seilbahn, wie Kris es einmal tat.<\/p>\n<p>Viel zum Skifahren kommt man allerdings nicht, wenn man mit Kris unterwegs ist, da er jedem Seilbahner ein Gespr\u00e4ch raufh\u00e4ngt und dadurch viel erf\u00e4hrt und auch immer wieder Technikbegehungen rausschlagen kann. Nur an der Talstation der 4ZUB kam er bei den beiden nicht so zum Zug. Leider mussten wir dabei erfahren, dass es bereits konkrete Pl\u00e4ne samt Genehmigung f\u00fcr einen Ersatz der nostalgischen Hasenclever-4ZUB (vmtl. eine 8- oder 10EUB) gibt und es in 2-3 Jahren soweit sein k\u00f6nnte. Gr\u00fcnde sind die vielen Wartezeiten im Sommer. Auch eine Einstellung des Skibetriebs k\u00f6nnte passieren. Die Seilbahner oben im Skigebiet h\u00e4ngen aber durchaus auch an ihren alten Anlagen, m\u00f6chten maximal den ESL mit einer DSB ersetzt sehen und wissen den Nostalgiefaktor zu sch\u00e4tzen, den Kris nicht erm\u00fcdend auch immer wieder betonte.<\/p>\n<p>Schnee war hart, aber griffig, offpiste nur in unbefahrenen St\u00fccken (z.B. im Wald \/ am Waldrand) pulvrig. Bissl Dreck und Steine gab&#8217;s auch, aber ich hab hier schon schlimmeres gesehen. Bin nachmittags dann auch mit meinen neuen Carpani gefahren, da ich unbedingt ein Fotoshooting mit der alten Kabine machen wollte.<\/p>\n<p>(Fotos anklicken zum Vergr\u00f6\u00dfern. Da meine neuere Cam derzeit auf Reparatur ist, musste eine meiner \u00e4lteren Cams herhalten &#8211; daher auf dieser Reise keine ganz so gute Bildqualit\u00e4t. Au\u00dferdem hab ich daher wieder einmal etwas mehr IR-Fotos gemacht.)<\/p>\n<p><a href='http:\/\/extra.inmontanis.info\/d\/40300-2\/ge201701retroalps1.jpg'><img src=http:\/\/extra.inmontanis.info\/d\/40299-3\/ge201701retroalps1.jpg \/><\/a><br \/>\nD) Kampenwand<\/p>\n<p><a href='http:\/\/ski.inmontanis.info\/d\/223358-3\/DSC00865.jpg'><img src=http:\/\/ski.inmontanis.info\/d\/223357-3\/DSC00865.jpg \/><\/a><br \/>\n^ Talstation und Strecke<\/p>\n<p><a href='http:\/\/ski.inmontanis.info\/d\/223362-3\/DSC02974.jpg'><img src=http:\/\/ski.inmontanis.info\/d\/223361-3\/DSC02974.jpg \/><\/a><br \/>\n^ Talstation und Strecke (IR). Das nervige Fahrrad musste ich rausretouschieren, die restlichen Unterschiede (Fahnen, B\u00e4ume, Eingangsschild etc) zum vorherigen Bild liegen am Infrarot-Licht.<\/p>\n<p><a href='http:\/\/ski.inmontanis.info\/d\/223366-3\/DSC00867.jpg'><img src=http:\/\/ski.inmontanis.info\/d\/223365-3\/DSC00867.jpg \/><\/a><br \/>\n^ Talstation. Antrieb ist im Keller, daher ist es nicht sehr laut.<\/p>\n<p><a href='http:\/\/ski.inmontanis.info\/d\/223486-2\/DSC00868.jpg'><img src=http:\/\/ski.inmontanis.info\/d\/223485-3\/DSC00868.jpg \/><\/a><br \/>\n^ Bergstation, es waren nicht alle Gondeln am Seil heute. Links der gondelnde \u00d6ltank.<\/p>\n<p><a href='http:\/\/ski.inmontanis.info\/d\/223371-3\/DSC00872.jpg'><img src=http:\/\/ski.inmontanis.info\/d\/223370-3\/DSC00872.jpg \/><\/a><br \/>\n^ Hasenclever-Klemmen<\/p>\n<p><a href='http:\/\/ski.inmontanis.info\/d\/223375-3\/DSC00876.jpg'><img src=http:\/\/ski.inmontanis.info\/d\/223374-3\/DSC00876.jpg \/><\/a><br \/>\n^ Es gibt zwei Gondelgenerationen, glaub die rechten waren die neueren? Wer genau hinschaut, sieht einige Unterschiede. Rundung an der Seite und und und.<\/p>\n<p><a href='http:\/\/ski.inmontanis.info\/d\/223379-2\/DSC00875.jpg'><img src=http:\/\/ski.inmontanis.info\/d\/223378-3\/DSC00875.jpg \/><\/a><br \/>\n^ Hasenclever-Klemme<\/p>\n<p><a href='http:\/\/ski.inmontanis.info\/d\/223383-3\/DSC00877.jpg'><img src=http:\/\/ski.inmontanis.info\/d\/223382-3\/DSC00877.jpg \/><\/a><br \/>\n^ An der Bergstation schaut&#8217;s echt immer nach sehr viel Schnee aus.<\/p>\n<p><a href='http:\/\/ski.inmontanis.info\/d\/223387-3\/DSC00878.jpg'><img src=http:\/\/ski.inmontanis.info\/d\/223386-3\/DSC00878.jpg \/><\/a><br \/>\n^ Flachlandpano<\/p>\n<p><a href='http:\/\/ski.inmontanis.info\/d\/223391-3\/DSC00880.jpg'><img src=http:\/\/ski.inmontanis.info\/d\/223390-3\/DSC00880.jpg \/><\/a><br \/>\n^ SL Ausstieg vs. Flachland. Da wir den SL dann erst wieder am sp\u00e4ten Nachmittag gefahren sind, meinte der Seilbahner dann, wir w\u00e4ren Tourengeher gewesen und h\u00e4tten ihn in Gespr\u00e4che einlullend um eine Fahrt betrogen :) (Obwohl wir die Skip\u00e4sse ja gut sichtbar an unseren Jacken hatten.)<\/p>\n<p><a href='http:\/\/ski.inmontanis.info\/d\/223395-3\/DSC00881.jpg'><img src=http:\/\/ski.inmontanis.info\/d\/223394-3\/DSC00881.jpg \/><\/a><br \/>\n^ ESL. ESL+SL liegen selbst jetzt noch fast ganztags fast komplett im Schatten.<\/p>\n<p><a href='http:\/\/ski.inmontanis.info\/d\/223399-3\/DSC00884.jpg'><img src=http:\/\/ski.inmontanis.info\/d\/223398-3\/DSC00884.jpg \/><\/a><br \/>\n^ Eine der ESL-Abfahrtsvarianten. Allerdings ist das fast ausschlie\u00dflich nur Gras und Dreck, kaum Steine.<\/p>\n<p><a href='http:\/\/ski.inmontanis.info\/d\/223403-3\/DSC00886.jpg'><img src=http:\/\/ski.inmontanis.info\/d\/223402-3\/DSC00886.jpg \/><\/a><br \/>\n^ ESL-Abfahrtsvarianten<\/p>\n<p><a href='http:\/\/ski.inmontanis.info\/d\/223407-2\/DSC00887.jpg'><img src=http:\/\/ski.inmontanis.info\/d\/223406-3\/DSC00887.jpg \/><\/a><br \/>\n^ ESL vs. Flachland<\/p>\n<p><a href='http:\/\/ski.inmontanis.info\/d\/223411-2\/DSC02977.jpg'><img src=http:\/\/ski.inmontanis.info\/d\/223410-3\/DSC02977.jpg \/><\/a><br \/>\n^ ESL vs. Flachland (IR)<\/p>\n<p><a href='http:\/\/ski.inmontanis.info\/d\/223415-2\/DSC00889.jpg'><img src=http:\/\/ski.inmontanis.info\/d\/223414-3\/DSC00889.jpg \/><\/a><br \/>\n^ Am Start der Abfahrt am ESL gibt&#8217;s sogar Matten!<\/p>\n<p><a href='http:\/\/ski.inmontanis.info\/d\/223420-2\/DSC00891.jpg'><img src=http:\/\/ski.inmontanis.info\/d\/223419-3\/DSC00891.jpg \/><\/a><br \/>\n^ Eine der ESL-Abfahrtsvarianten<\/p>\n<p><a href='http:\/\/ski.inmontanis.info\/d\/223424-2\/DSC00890.jpg'><img src=http:\/\/ski.inmontanis.info\/d\/223423-3\/DSC00890.jpg \/><\/a><br \/>\n^ ESL vs. Flachland. Hier oben scheint ganztags Sonne.<\/p>\n<p><a href='http:\/\/ski.inmontanis.info\/d\/223428-2\/DSC00892.jpg'><img src=http:\/\/ski.inmontanis.info\/d\/223427-3\/DSC00892.jpg \/><\/a><br \/>\n^ Blick zu ESL und SL von einer der ESL-Abfahrten<\/p>\n<p><a href='http:\/\/ski.inmontanis.info\/d\/223432-3\/DSC00895.jpg'><img src=http:\/\/ski.inmontanis.info\/d\/223431-3\/DSC00895.jpg \/><\/a><br \/>\n^ Notstromaggregat<\/p>\n<p><a href='http:\/\/ski.inmontanis.info\/d\/223436-3\/DSC00899.jpg'><img src=http:\/\/ski.inmontanis.info\/d\/223435-3\/DSC00899.jpg \/><\/a><br \/>\n^ Das gro\u00dfe Spannfeld der Gondelbahn<\/p>\n<p><a href='http:\/\/ski.inmontanis.info\/d\/223440-2\/DSC00902.jpg'><img src=http:\/\/ski.inmontanis.info\/d\/223439-3\/DSC00902.jpg \/><\/a><br \/>\n^ Das \u00fcbliche Seilbahnbild mit dem Schloss<\/p>\n<p><a href='http:\/\/ski.inmontanis.info\/d\/223444-3\/DSC00904.jpg'><img src=http:\/\/ski.inmontanis.info\/d\/223443-3\/DSC00904.jpg \/><\/a><br \/>\n^ Meine Nostalgieliftfoto-Ski in der Nostalgiegondel ;)<\/p>\n<p><a href='http:\/\/ski.inmontanis.info\/d\/223496-2\/DSC00905.jpg'><img src=http:\/\/ski.inmontanis.info\/d\/223495-3\/DSC00905.jpg \/><\/a><br \/>\n^ Meine Nostalgieliftfoto-Ski in der Nostalgiegondel ;)<\/p>\n<p><a href='http:\/\/ski.inmontanis.info\/d\/223449-2\/DSC00907.jpg'><img src=http:\/\/ski.inmontanis.info\/d\/223448-3\/DSC00907.jpg \/><\/a><br \/>\n^ Die Kampenwandbahn ist mit einer der roten Gondeln ja auf meinen Skiern vertreten &#8211; als eine der wenigen noch in Betrieb befindlichen Anlagen<\/p>\n<p><a href='http:\/\/ski.inmontanis.info\/d\/223453-2\/DSC00910.jpg'><img src=http:\/\/ski.inmontanis.info\/d\/223452-3\/DSC00910.jpg \/><\/a><br \/>\n^ ESL-Pano<\/p>\n<p><a href='http:\/\/ski.inmontanis.info\/d\/223457-3\/DSC00911.jpg'><img src=http:\/\/ski.inmontanis.info\/d\/223456-3\/DSC00911.jpg \/><\/a><br \/>\n^ ESL Bergstation<\/p>\n<p><a href='http:\/\/ski.inmontanis.info\/d\/223461-2\/DSC00912.jpg'><img src=http:\/\/ski.inmontanis.info\/d\/223460-3\/DSC00912.jpg \/><\/a><br \/>\n^ ESL Bergstation<\/p>\n<p>Als wir hier waren, gab es einen Notstopp am ESL, da beinahe ein Paraglider nahe der Talstation mit dem ESL kollidierte. Der wurde dann vom Seilbahner an der Talstation gleichmal ordentlich zurecht gewiesen ;)<\/p>\n<p><a href='http:\/\/ski.inmontanis.info\/d\/223465-3\/DSC00914.jpg'><img src=http:\/\/ski.inmontanis.info\/d\/223464-3\/DSC00914.jpg \/><\/a><br \/>\n^ ESL Bergstation<\/p>\n<p><a href='http:\/\/ski.inmontanis.info\/d\/223469-3\/DSC00918.jpg'><img src=http:\/\/ski.inmontanis.info\/d\/223468-3\/DSC00918.jpg \/><\/a><br \/>\n^ ESL Bergstation<\/p>\n<p><a href='http:\/\/ski.inmontanis.info\/d\/223473-3\/DSC00917.jpg'><img src=http:\/\/ski.inmontanis.info\/d\/223472-3\/DSC00917.jpg \/><\/a><br \/>\n^ ESL-Pano vs. Chiemsee<\/p>\n<p><a href='http:\/\/ski.inmontanis.info\/d\/223491-2\/DSC00919.jpg'><img src=http:\/\/ski.inmontanis.info\/d\/223490-3\/DSC00919.jpg \/><\/a><br \/>\n^ ESL-Abfahrt vs. Chiemsee<\/p>\n<p><a href='http:\/\/ski.inmontanis.info\/d\/223477-2\/DSC02984.jpg'><img src=http:\/\/ski.inmontanis.info\/d\/223476-3\/DSC02984.jpg \/><\/a><br \/>\n^ ESL-Pano vs. Chiemsee (IR)<\/p>\n<p><a href='http:\/\/ski.inmontanis.info\/d\/223482-3\/DSC02985.jpg'><img src=http:\/\/ski.inmontanis.info\/d\/223481-3\/DSC02985.jpg \/><\/a><br \/>\n^ Chiemsee (IR)<\/p>\n<p><a href='http:\/\/ski.inmontanis.info\/d\/223501-2\/ge20170123a.jpg'><img src=http:\/\/ski.inmontanis.info\/d\/223500-3\/ge20170123a.jpg \/><\/a><br \/>\n^ GPS-Track 23.1.2017 (Gelb) und einige der vorherigen Besuche (Blau). Die DSB sind wir heute nicht gefahren.<\/p>\n<p>Mein heutiges Video:<br \/>\n<object style=\"height: 500px; width: 900px\"><param name=\"movie\" value=\"http:\/\/www.youtube.com\/v\/cVmtmct3yXk\"><\/param><param name=\"wmode\" value=\"transparent\"><\/param><embed src=\"http:\/\/www.youtube.com\/v\/cVmtmct3yXk\" type=\"application\/x-shockwave-flash\" wmode=\"transparent\"  width=\"900\" height=\"480\"><\/embed><\/object><\/p>\n<p>Kris&#8217; Fotos:<br \/>\n<a href='https:\/\/goo.gl\/photos\/huLU7d1rSpDdyCs46'>https:\/\/goo.gl\/photos\/huLU7d1rSpDdyCs46<\/a><\/p>\n<p>Fazit: W\u00e4rend man andernorts eingez\u00e4unt und bevormundet skifahren soll, kann man hier noch frei atmen, denken, sich entfalten und darf seine Spur selbst suchen und finden. Genie\u00dft und besucht das Skigebiet, so lang es noch geht. Und fahrt lieber 2x im Winter als 1x im Sommer hin, denn im Sommer ist eh genug los ;-) <\/p>\n<p>(Fortsetzung folgt.)<\/p>\n","protected":false},"excerpt":{"rendered":"<p>NostalskiAlpsNord &#8211; Tag 3: Mo, 23.1.2017 &#8211; Kampenwand<\/p>\n<p>Heute ging&#8217;s mit Kris auf die Kampenwand, sein Erstbesuch dort. Tageskarte kostete 27,50 \u20ac, los war so gut wie gar nix. Offen war alles, auch die DSB, die wir aber nicht gefahren sind, erschlie\u00dft sie doch die langweiligste Piste, die man noch dazu eh fahren muss, will <a href=\"http:\/\/blog.inmontanis.info\/?p=4147\">[&#8230;]<\/a><\/p>\n","protected":false},"author":1,"featured_media":0,"comment_status":"closed","ping_status":"closed","sticky":false,"template":"","format":"standard","meta":{"footnotes":""},"categories":[159,12,268,59,27],"tags":[60,35,90,45,47],"class_list":["post-4147","post","type-post","status-publish","format-standard","hentry","category-2017-01-nostalskialpsnord","category-germany","category-kampenwand","category-nostalgie","category-skifahren-winterskiing-winter","tag-4zub","tag-esl","tag-infrarot","tag-see","tag-sl","odd"],"_links":{"self":[{"href":"http:\/\/blog.inmontanis.info\/index.php?rest_route=\/wp\/v2\/posts\/4147","targetHints":{"allow":["GET"]}}],"collection":[{"href":"http:\/\/blog.inmontanis.info\/index.php?rest_route=\/wp\/v2\/posts"}],"about":[{"href":"http:\/\/blog.inmontanis.info\/index.php?rest_route=\/wp\/v2\/types\/post"}],"author":[{"embeddable":true,"href":"http:\/\/blog.inmontanis.info\/index.php?rest_route=\/wp\/v2\/users\/1"}],"replies":[{"embeddable":true,"href":"http:\/\/blog.inmontanis.info\/index.php?rest_route=%2Fwp%2Fv2%2Fcomments&post=4147"}],"version-history":[{"count":2,"href":"http:\/\/blog.inmontanis.info\/index.php?rest_route=\/wp\/v2\/posts\/4147\/revisions"}],"predecessor-version":[{"id":4149,"href":"http:\/\/blog.inmontanis.info\/index.php?rest_route=\/wp\/v2\/posts\/4147\/revisions\/4149"}],"wp:attachment":[{"href":"http:\/\/blog.inmontanis.info\/index.php?rest_route=%2Fwp%2Fv2%2Fmedia&parent=4147"}],"wp:term":[{"taxonomy":"category","embeddable":true,"href":"http:\/\/blog.inmontanis.info\/index.php?rest_route=%2Fwp%2Fv2%2Fcategories&post=4147"},{"taxonomy":"post_tag","embeddable":true,"href":"http:\/\/blog.inmontanis.info\/index.php?rest_route=%2Fwp%2Fv2%2Ftags&post=4147"}],"curies":[{"name":"wp","href":"https:\/\/api.w.org\/{rel}","templated":true}]}}