{"id":4144,"date":"2017-01-22T21:17:20","date_gmt":"2017-01-22T20:17:20","guid":{"rendered":"http:\/\/blog.inmontanis.info\/?p=4144"},"modified":"2023-07-30T18:59:30","modified_gmt":"2023-07-30T16:59:30","slug":"wendelstein-22-1-2017","status":"publish","type":"post","link":"http:\/\/blog.inmontanis.info\/?p=4144","title":{"rendered":"Wendelstein, 22.1.2017"},"content":{"rendered":"<p><em>NostalskiAlpsNord &#8211; Tag 2: So, 22.1.2017 &#8211; Wendelstein<\/em><\/p>\n<p>Puristisch. Anspruchsvoll. Urig. Skifahren in Reinkultur. So k\u00f6nnte man den Wendelstein wohl bezeichnen. <\/p>\n<p>Heute ging&#8217;s endlich mal wieder auf den Wendelstein, mit der ersten Zahnradbahn ab Brannenburg um 9 Uhr. Kurz vor dem Parkplatz pl\u00f6tzlich Stau, rien ne va plus &#8211; aber zum Gl\u00fcck wollten die nicht alle auf den Wendelstein, sondern weiter auf&#8217;s Sudelfeld. Die Tageskarte mit 35,- \u20ac z\u00e4hlt aber nicht zu den g\u00fcnstigsten.<\/p>\n<p>Es sollte sich aber trotzdem zeigen, dass der erste Zug der lerste war, da die sonst \u00fcblichen Pendelz\u00fcge ab Mitteralm ausfielen (&#8220;Es steht uns heute nur 1 Zug zur Verf\u00fcgung&#8221;) und die Z\u00fcge (bzw. ist es ja immer der gleiche) somit nur st\u00fcndlich verkehrten und immer bis zum bersten voll waren &#8211; inkl. Stehpl\u00e4tze in den G\u00e4ngen und an den T\u00fcren, schon an der Mitteralm waren kaum noch Sitzpl\u00e4tze vorhanden. Somit kamen jedesmal vielleicht ca. 200-300 Personen gleichzeitig an der Bergstation an, die meisten davon Skifahrer, und qu\u00e4lten sich den steilen und etwas schneearmen Starthang runter. Auch die PB fuhr durchgehend, aber hier musste ich nur 1x eine Kabine abwarten. Die SL waren nach Ankunft der ZRB oder PB kurzzeitig etwas voller, ging aber im Hinblick auf Wartezeiten.<\/p>\n<p>Schnee war etwas wenig und es gab hier wie dort einiges an Dreck und Steine, so dass ich mir leider einmal eine ziemliche Nase in meine neuen Carpani eingefahren hab. Zum Abschluss fuhr ich nat\u00fcrlich &#8211; wie manch andere &#8211; die aufgelassene Talabfahrt nach Brannenburg, immer wieder ein Highlight, sowohl das St\u00fcck Mitteralm-Aipl, wie auch der Rest.<\/p>\n<p>(Fotos anklicken zum Vergr\u00f6\u00dfern. Da meine neuere Cam derzeit auf Reparatur ist, musste eine meiner \u00e4lteren Cams herhalten &#8211; daher auf dieser Reise keine ganz so gute Bildqualit\u00e4t. Au\u00dferdem hab ich daher wieder einmal etwas mehr IR-Fotos gemacht.)<\/p>\n<p><a href='http:\/\/extra.inmontanis.info\/d\/40300-2\/ge201701retroalps1.jpg'><img src=http:\/\/extra.inmontanis.info\/d\/40299-3\/ge201701retroalps1.jpg \/><\/a><br \/>\nC) Wendelstein<\/p>\n<p><a href='http:\/\/ski.inmontanis.info\/d\/223104-3\/DSC00733.jpg'><img src=http:\/\/ski.inmontanis.info\/d\/223103-3\/DSC00733.jpg \/><\/a><br \/>\n^ Starthang<\/p>\n<p><a href='http:\/\/ski.inmontanis.info\/d\/223108-3\/DSC00738.jpg'><img src=http:\/\/ski.inmontanis.info\/d\/223107-3\/DSC00738.jpg \/><\/a><br \/>\n^ Abfahrt mit H\u00f6hen und Tiefen &#8211; statt eben planiert<\/p>\n<p><a href='http:\/\/ski.inmontanis.info\/d\/223112-3\/DSC00740.jpg'><img src=http:\/\/ski.inmontanis.info\/d\/223111-3\/DSC00740.jpg \/><\/a><br \/>\n^ SL Lacher, Zubringer zur Ostabfahrt<\/p>\n<p><a href='http:\/\/ski.inmontanis.info\/d\/223116-3\/DSC00743.jpg'><img src=http:\/\/ski.inmontanis.info\/d\/223115-3\/DSC00743.jpg \/><\/a><br \/>\n^ SL Lacher mit Blick zum Wendelstein-Gipfel<\/p>\n<p><a href='http:\/\/ski.inmontanis.info\/d\/223120-3\/DSC00745.jpg'><img src=http:\/\/ski.inmontanis.info\/d\/223119-3\/DSC00745.jpg \/><\/a><br \/>\n^ SL Bockstein<\/p>\n<p><a href='http:\/\/ski.inmontanis.info\/d\/223124-3\/DSC00746.jpg'><img src=http:\/\/ski.inmontanis.info\/d\/223123-3\/DSC00746.jpg \/><\/a><br \/>\n^ Beide SL. Ganz ohne Plastikz\u00e4une geht&#8217;s auch hier leider nicht.<\/p>\n<p><a href='http:\/\/ski.inmontanis.info\/d\/223128-3\/DSC00749.jpg'><img src=http:\/\/ski.inmontanis.info\/d\/223127-3\/DSC00749.jpg \/><\/a><br \/>\n^ Westabfahrt zur PB, hatte nachmittags schon viele braune Stellen.<\/p>\n<p><a href='http:\/\/ski.inmontanis.info\/d\/223132-3\/DSC00753.jpg'><img src=http:\/\/ski.inmontanis.info\/d\/223131-3\/DSC00753.jpg \/><\/a><br \/>\n^ Westabfahrt zur PB, teilweise etwas steinig<\/p>\n<p><a href='http:\/\/ski.inmontanis.info\/d\/223136-3\/DSC00755.jpg'><img src=http:\/\/ski.inmontanis.info\/d\/223135-3\/DSC00755.jpg \/><\/a><br \/>\n^ Ausstellung 100 Jahre Wendelsteinbahn<\/p>\n<p><a href='http:\/\/ski.inmontanis.info\/d\/223140-3\/DSC00764.jpg'><img src=http:\/\/ski.inmontanis.info\/d\/223139-3\/DSC00764.jpg \/><\/a><br \/>\n^ Ausstellung 100 Jahre Wendelsteinbahn<\/p>\n<p><a href='http:\/\/ski.inmontanis.info\/d\/223144-3\/DSC00759.jpg'><img src=http:\/\/ski.inmontanis.info\/d\/223143-3\/DSC00759.jpg \/><\/a><br \/>\n^ Ausstellung 100 Jahre Wendelsteinbahn<\/p>\n<p><a href='http:\/\/ski.inmontanis.info\/d\/223148-3\/DSC00760.jpg'><img src=http:\/\/ski.inmontanis.info\/d\/223147-3\/DSC00760.jpg \/><\/a><br \/>\n^ Ausstellung 100 Jahre Wendelsteinbahn. N\u00e4he Aipl soll eine alte Zahnraddampflok vergraben sein!? Wer macht sich da mal auf Spurensuche?<\/p>\n<p><a href='http:\/\/ski.inmontanis.info\/d\/223152-3\/DSC00763.jpg'><img src=http:\/\/ski.inmontanis.info\/d\/223151-3\/DSC00763.jpg \/><\/a><br \/>\n^ Der Steinwall wurde ohne Tunnel f\u00fcr die Skiabfahrt gebaut.<\/p>\n<p><a href='http:\/\/ski.inmontanis.info\/d\/223334-2\/DSC00769.jpg'><img src=http:\/\/ski.inmontanis.info\/d\/223333-3\/DSC00769.jpg \/><\/a><br \/>\n^ Auch die Seilbahn wird in der Ausstellung kurz behandelt<\/p>\n<p><a href='http:\/\/ski.inmontanis.info\/d\/223157-3\/DSC00771-74.jpg'><img src=http:\/\/ski.inmontanis.info\/d\/223156-3\/DSC00771-74.jpg \/><\/a><br \/>\n^ Gipfel, PB-Bergstation etc.<\/p>\n<p><a href='http:\/\/ski.inmontanis.info\/d\/223161-3\/DSC00775.jpg'><img src=http:\/\/ski.inmontanis.info\/d\/223160-3\/DSC00775.jpg \/><\/a><br \/>\n^ Pano und Blick runter zur Abfahrt bzw. SL Lacher<\/p>\n<p><a href='http:\/\/ski.inmontanis.info\/d\/223165-3\/DSC00776.jpg'><img src=http:\/\/ski.inmontanis.info\/d\/223164-3\/DSC00776.jpg \/><\/a><br \/>\n^ Pano und Blick ins Skigebiet Sudelfeld, gleich nebendran. Zum Gl\u00fcck nicht verbunden.<\/p>\n<p><a href='http:\/\/ski.inmontanis.info\/d\/223169-3\/DSC00778.jpg'><img src=http:\/\/ski.inmontanis.info\/d\/223168-3\/DSC00778.jpg \/><\/a><br \/>\n^ Pano und Blick runter zur PB<\/p>\n<p><a href='http:\/\/ski.inmontanis.info\/d\/223173-3\/DSC00780.jpg'><img src=http:\/\/ski.inmontanis.info\/d\/223172-3\/DSC00780.jpg \/><\/a><br \/>\n^ Pano ins Flachland<\/p>\n<p><a href='http:\/\/ski.inmontanis.info\/d\/223177-2\/DSC02941.jpg'><img src=http:\/\/ski.inmontanis.info\/d\/223176-3\/DSC02941.jpg \/><\/a><br \/>\n^ IR-Pano ins Flachland<\/p>\n<p><a href='http:\/\/ski.inmontanis.info\/d\/223181-3\/DSC02942.jpg'><img src=http:\/\/ski.inmontanis.info\/d\/223180-3\/DSC02942.jpg \/><\/a><br \/>\n^ Aufstieg von der PB zur Abfahrt etc. (IR)<\/p>\n<p><a href='http:\/\/ski.inmontanis.info\/d\/223185-3\/DSC02948.jpg'><img src=http:\/\/ski.inmontanis.info\/d\/223184-3\/DSC02948.jpg \/><\/a><br \/>\n^ Pistenquerung unter der Zahnradbahn (IR)<\/p>\n<p><a href='http:\/\/ski.inmontanis.info\/d\/223189-3\/DSC02951.jpg'><img src=http:\/\/ski.inmontanis.info\/d\/223188-3\/DSC02951.jpg \/><\/a><br \/>\n^ Zahnradbahn und Flachlandblick (IR)<\/p>\n<p><a href='http:\/\/ski.inmontanis.info\/d\/223193-3\/DSC02953.jpg'><img src=http:\/\/ski.inmontanis.info\/d\/223192-3\/DSC02953.jpg \/><\/a><br \/>\n^ IR-Pano \u00fcbers Flachland, am Horizont der Bayrische Wald und\/oder B\u00f6hmerwald, jeweils ca. 180km entfernt.<\/p>\n<p><a href='http:\/\/ski.inmontanis.info\/d\/223197-3\/DSC02959.jpg'><img src=http:\/\/ski.inmontanis.info\/d\/223196-3\/DSC02959.jpg \/><\/a><br \/>\n^ Ostabfahrt (IR) &#8211; unterer Buckelpistenhang<\/p>\n<p><a href='http:\/\/ski.inmontanis.info\/d\/223201-3\/DSC02967.jpg'><img src=http:\/\/ski.inmontanis.info\/d\/223200-3\/DSC02967.jpg \/><\/a><br \/>\n^ Ostabfahrt (IR) &#8211; Kreuzung mit Zahnradbahn<\/p>\n<p><a href='http:\/\/ski.inmontanis.info\/d\/223205-3\/DSC02969.jpg'><img src=http:\/\/ski.inmontanis.info\/d\/223204-3\/DSC02969.jpg \/><\/a><br \/>\n^ Ostabfahrt (IR) &#8211; Kreuzung mit Zahnradbahn<\/p>\n<p><a href='http:\/\/ski.inmontanis.info\/d\/223209-3\/DSC02970.jpg'><img src=http:\/\/ski.inmontanis.info\/d\/223208-3\/DSC02970.jpg \/><\/a><br \/>\n^ Mitteralm, offizielles Ende der Ostabfahrt<\/p>\n<p><a href='http:\/\/ski.inmontanis.info\/d\/223213-3\/DSC02971.jpg'><img src=http:\/\/ski.inmontanis.info\/d\/223212-3\/DSC02971.jpg \/><\/a><br \/>\n^ IR-Pano mit Blick ins Skigebiet Sudelfeld<\/p>\n<p><a href='http:\/\/ski.inmontanis.info\/d\/223217-3\/DSC02973.jpg'><img src=http:\/\/ski.inmontanis.info\/d\/223216-3\/DSC02973.jpg \/><\/a><br \/>\n^ IR-Pano<\/p>\n<p><a href='http:\/\/ski.inmontanis.info\/d\/223221-2\/DSC00787.jpg'><img src=http:\/\/ski.inmontanis.info\/d\/223220-3\/DSC00787.jpg \/><\/a><br \/>\n^ Beide SL<\/p>\n<p><a href='http:\/\/ski.inmontanis.info\/d\/223338-2\/DSC00790.jpg'><img src=http:\/\/ski.inmontanis.info\/d\/223337-3\/DSC00790.jpg \/><\/a><br \/>\n^ Zahnradbahn und Flachlandblick<\/p>\n<p><a href='http:\/\/ski.inmontanis.info\/d\/223226-2\/DSC00793.jpg'><img src=http:\/\/ski.inmontanis.info\/d\/223225-3\/DSC00793.jpg \/><\/a><br \/>\n^ Zahnradbahn und Gipfel und Abfahrt. Verglichen mit dem alten Bild fehlt da ein Haus direkt auf dem Bergstationsbahnhof.<\/p>\n<p><a href='http:\/\/ski.inmontanis.info\/d\/223230-2\/DSC00797.jpg'><img src=http:\/\/ski.inmontanis.info\/d\/223229-3\/DSC00797.jpg \/><\/a><br \/>\n^ Ostabfahrt, der obere Teil wird ja pr\u00e4pariert.<\/p>\n<p><a href='http:\/\/ski.inmontanis.info\/d\/223234-2\/DSC00798.jpg'><img src=http:\/\/ski.inmontanis.info\/d\/223233-3\/DSC00798.jpg \/><\/a><br \/>\n^ Ostabfahrt, schneearmer Einstieg zum unpr\u00e4parierten Teil<\/p>\n<p><a href='http:\/\/ski.inmontanis.info\/d\/223238-2\/DSC00802.jpg'><img src=http:\/\/ski.inmontanis.info\/d\/223237-3\/DSC00802.jpg \/><\/a><br \/>\n^ Ostabfahrt, der erste steile Buckelhang<\/p>\n<p><a href='http:\/\/ski.inmontanis.info\/d\/223242-3\/DSC00806.jpg'><img src=http:\/\/ski.inmontanis.info\/d\/223241-3\/DSC00806.jpg \/><\/a><br \/>\n^ Ostabfahrt, der untere steile Buckelhang, dazwischen ein kurzes Bergaufst\u00fcck<\/p>\n<p><a href='http:\/\/ski.inmontanis.info\/d\/223246-3\/DSC00809.jpg'><img src=http:\/\/ski.inmontanis.info\/d\/223245-3\/DSC00809.jpg \/><\/a><br \/>\n^ Ostabfahrt, Querung Zahnradbahn<\/p>\n<p><a href='http:\/\/ski.inmontanis.info\/d\/223342-2\/DSC00815.jpg'><img src=http:\/\/ski.inmontanis.info\/d\/223341-3\/DSC00815.jpg \/><\/a><br \/>\n^ PB<\/p>\n<p><a href='http:\/\/ski.inmontanis.info\/d\/223346-2\/DSC00817.jpg'><img src=http:\/\/ski.inmontanis.info\/d\/223345-3\/DSC00817.jpg \/><\/a><br \/>\n^ PB<\/p>\n<p><a href='http:\/\/ski.inmontanis.info\/d\/223252-3\/DSC00821.jpg'><img src=http:\/\/ski.inmontanis.info\/d\/223251-3\/DSC00821.jpg \/><\/a><br \/>\n^ PB, die einzige St\u00fctze<\/p>\n<p><a href='http:\/\/ski.inmontanis.info\/d\/223256-3\/DSC00828.jpg'><img src=http:\/\/ski.inmontanis.info\/d\/223255-3\/DSC00828.jpg \/><\/a><br \/>\n^ PB<\/p>\n<p><a href='http:\/\/ski.inmontanis.info\/d\/223350-2\/DSC00832.jpg'><img src=http:\/\/ski.inmontanis.info\/d\/223349-3\/DSC00832.jpg \/><\/a><br \/>\n^ Da die Z\u00fcge nur st\u00fcndlich fuhren und komplett voll waren (inkl. aller m\u00f6glicher Stehpl\u00e4tze), gab es am Starthang immer ein ziemliches Gewusel, auch da es teils schneearm und abgerutscht war. Und dann auch etliche kleine Kinder &#8211; aus denen werden gute Skifahrer, wenn sie hier lernen.<\/p>\n<p><a href='http:\/\/ski.inmontanis.info\/d\/223261-3\/DSC00834.jpg'><img src=http:\/\/ski.inmontanis.info\/d\/223260-3\/DSC00834.jpg \/><\/a><br \/>\n^ Gewusel am Starthang, wenn ca. 200-300 Personen ankommen<\/p>\n<p><a href='http:\/\/ski.inmontanis.info\/d\/223265-3\/DSC00836.jpg'><img src=http:\/\/ski.inmontanis.info\/d\/223264-3\/DSC00836.jpg \/><\/a><br \/>\n^ Mitteralm<\/p>\n<p><a href='http:\/\/ski.inmontanis.info\/d\/223269-3\/DSC00835.jpg'><img src=http:\/\/ski.inmontanis.info\/d\/223268-3\/DSC00835.jpg \/><\/a><br \/>\n^ Immer gesperrt &#8211; die Abfahrt Mitteralm-Aipl. Offiziell darf man in Aipl ja bergw\u00e4rts nicht in die ZRB einsteigen, also fahr ich die Abfahrt immer nur zum Schluss &#8211; und bis ins Tal.<\/p>\n<p><a href='http:\/\/ski.inmontanis.info\/d\/223273-3\/DSC00837.jpg'><img src=http:\/\/ski.inmontanis.info\/d\/223272-3\/DSC00837.jpg \/><\/a><br \/>\n^ Mitteralm-Aipl. Ist f\u00fcr mich immer das Highlight am Ende eines Wendelsteintages.<\/p>\n<p><a href='http:\/\/ski.inmontanis.info\/d\/223277-3\/DSC00838.jpg'><img src=http:\/\/ski.inmontanis.info\/d\/223276-3\/DSC00838.jpg \/><\/a><br \/>\n^ Mitteralm-Aipl<\/p>\n<p><a href='http:\/\/ski.inmontanis.info\/d\/223281-3\/DSC00840.jpg'><img src=http:\/\/ski.inmontanis.info\/d\/223280-3\/DSC00840.jpg \/><\/a><br \/>\n^ Mitteralm-Aipl<\/p>\n<p><a href='http:\/\/ski.inmontanis.info\/d\/223285-3\/DSC00841.jpg'><img src=http:\/\/ski.inmontanis.info\/d\/223284-3\/DSC00841.jpg \/><\/a><br \/>\n^ Mitteralm-Aipl<\/p>\n<p><a href='http:\/\/ski.inmontanis.info\/d\/223289-3\/DSC00844.jpg'><img src=http:\/\/ski.inmontanis.info\/d\/223288-3\/DSC00844.jpg \/><\/a><br \/>\n^ Mitteralm-Aipl<\/p>\n<p><a href='http:\/\/ski.inmontanis.info\/d\/223293-3\/DSC00845.jpg'><img src=http:\/\/ski.inmontanis.info\/d\/223292-3\/DSC00845.jpg \/><\/a><br \/>\n^ Bahnhof Aipl. Ab hier bis ins Tal ist die Abfahrt mit einem Schild Lebensgefahr und Privatweg gekennzeichnet. Fahren trotzdem genug.<\/p>\n<p><a href='http:\/\/ski.inmontanis.info\/d\/223297-3\/DSC00848.jpg'><img src=http:\/\/ski.inmontanis.info\/d\/223296-3\/DSC00848.jpg \/><\/a><br \/>\n^ Aipl<\/p>\n<p><a href='http:\/\/ski.inmontanis.info\/d\/223301-3\/DSC00851.jpg'><img src=http:\/\/ski.inmontanis.info\/d\/223300-3\/DSC00851.jpg \/><\/a><br \/>\n^ Auf der lebensgef\u00e4hrlichen und gesperrten Talabfahrt<\/p>\n<p><a href='http:\/\/ski.inmontanis.info\/d\/223305-2\/DSC00852.jpg'><img src=http:\/\/ski.inmontanis.info\/d\/223304-3\/DSC00852.jpg \/><\/a><br \/>\n^ Talabfahrt<\/p>\n<p><a href='http:\/\/ski.inmontanis.info\/d\/223309-2\/DSC00854.jpg'><img src=http:\/\/ski.inmontanis.info\/d\/223308-3\/DSC00854.jpg \/><\/a><br \/>\n^ Talabfahrt<\/p>\n<p><a href='http:\/\/ski.inmontanis.info\/d\/223313-2\/DSC00856.jpg'><img src=http:\/\/ski.inmontanis.info\/d\/223312-3\/DSC00856.jpg \/><\/a><br \/>\n^ Talabfahrt<\/p>\n<p><a href='http:\/\/ski.inmontanis.info\/d\/223317-2\/DSC00859.jpg'><img src=http:\/\/ski.inmontanis.info\/d\/223316-3\/DSC00859.jpg \/><\/a><br \/>\n^ Talabfahrt<\/p>\n<p><a href='http:\/\/ski.inmontanis.info\/d\/223321-2\/DSC00861.jpg'><img src=http:\/\/ski.inmontanis.info\/d\/223320-3\/DSC00861.jpg \/><\/a><br \/>\n^ Talabfahrt, endet direkt am Zahnradbahnbahnhof<\/p>\n<p><a href='http:\/\/ski.inmontanis.info\/d\/223325-2\/DSC00863.jpg'><img src=http:\/\/ski.inmontanis.info\/d\/223324-3\/DSC00863.jpg \/><\/a><br \/>\n^ Zahnradbahnbahnhof<\/p>\n<p><a href='http:\/\/ski.inmontanis.info\/d\/223329-2\/DSC00864.jpg'><img src=http:\/\/ski.inmontanis.info\/d\/223328-3\/DSC00864.jpg \/><\/a><br \/>\n^ Klassische Statustafel an der Talstation. Interessant der Unterschied bei den Abfahrten zwischen geschlossen und gesperrt &#8211; nur worin besteht dieser? Und wo ist der Seehang? Und was war die Tourenabfahrt Nr. 5?<\/p>\n<p><a href='http:\/\/ski.inmontanis.info\/d\/223354-2\/ge20170122b.jpg'><img src=http:\/\/ski.inmontanis.info\/d\/223353-3\/ge20170122b.jpg \/><\/a><br \/>\n^ GPS-Track 22.1.2017, links die PB, dann die beiden SL im V-Winkel und rechts dann die Zahnradbahn samt Abfahrt bis Mitteralm, die lange Verl\u00e4ngerung bis Aipl (Kreuzung Zahnradbahn) und weiter bis ins Tal<\/p>\n<p>Fazit: Nat\u00fcrlich gibt&#8217;s auch einige Nachteile am Wendelstein, der Aufstieg von der PB zur Abfahrt oder der kurze Aufstieg an der Ostabfahrt oder der Aufstieg am Bahnhof Mitteralm oder das Auflassen der sch\u00f6nen Abfahrt Mitteralm-Aipl oder &#8230; aber im Grunde ist der Wendelstein schon ein toller Nostalgie-Skiberg, der mit seinen teils anspruchsvollen Abfahrten, der ungew\u00f6hnlichen Erschlie\u00dfung mittels Zahnradbahn (mag ich sehr) und Pendelbahn, des tollen Panoramas, des kunstschneelosen Naturschnees und vielem mehr zu den letzten, altmodischen, klassischen Skigebieten z\u00e4hlt, die man nirgends sonst in der Welt so zahlreich und nah beieinander findet, wie in den bayerischen Alpen. M\u00f6gen sie uns noch lang erhalten bleiben.<\/p>\n<p>Eigentlich h\u00e4tte ich am Dienstag (\u00fcbermorgen) ja Hochgrat fahren wollen (und am Mittwoch Vorarlberg), aber der Skibetrieb wurde lt. Homepage bereits wieder eingestellt. Die Skigebiete in der Schweiz bin ich ja vor einigen Tagen bereits durchgegangen, aber ich \u00fcberlegte mir nun, dass ich mir noch die Schneeh\u00f6hen der franz\u00f6sischen Skigebiete um den Genfersee anschauen sollte. Es zeigte sich, dass es auch hier mittlerweile genug Schnee hat und das wichtigste offen ist. Vorarlberg kann ich ggf. auch noch \u00fcbern\u00e4chstes WE mitnehmen, also kann ich auch gleich f\u00fcr ein paar Tage mehr am Genfersee bleiben. <\/p>\n<p>Nach einiger \u00dcberlegung entschied ich mich, mich f\u00fcr 5 Tage in Thonon (ibis budget) einzuquartieren, da die Wettervorhersagen sonnig meldeten und ich so leichter jonglieren kann und je nach kurzfristiger Wetter- und Nebelvorhersage eines der Genferseepano-Skigebiete besuchen k\u00f6nnte. (Auch wenn ich via booking.com tw. etwas g\u00fcnstigere Hotels n\u00e4her an den gew\u00fcnschten Skigebieten gefunden h\u00e4tte.)<\/p>\n<p>(Fortsetzung folgt.)<\/p>\n","protected":false},"excerpt":{"rendered":"<p>NostalskiAlpsNord &#8211; Tag 2: So, 22.1.2017 &#8211; Wendelstein<\/p>\n<p>Puristisch. Anspruchsvoll. Urig. Skifahren in Reinkultur. So k\u00f6nnte man den Wendelstein wohl bezeichnen. <\/p>\n<p>Heute ging&#8217;s endlich mal wieder auf den Wendelstein, mit der ersten Zahnradbahn ab Brannenburg um 9 Uhr. Kurz vor dem Parkplatz pl\u00f6tzlich Stau, rien ne va plus &#8211; aber zum Gl\u00fcck wollten die <a href=\"http:\/\/blog.inmontanis.info\/?p=4144\">[&#8230;]<\/a><\/p>\n","protected":false},"author":1,"featured_media":0,"comment_status":"closed","ping_status":"closed","sticky":false,"template":"","format":"standard","meta":{"footnotes":""},"categories":[159,12,59,27,280],"tags":[90,52,47,41],"class_list":["post-4144","post","type-post","status-publish","format-standard","hentry","category-2017-01-nostalskialpsnord","category-germany","category-nostalgie","category-skifahren-winterskiing-winter","category-wendelstein","tag-infrarot","tag-pb","tag-sl","tag-zahnradbahn","odd"],"_links":{"self":[{"href":"http:\/\/blog.inmontanis.info\/index.php?rest_route=\/wp\/v2\/posts\/4144","targetHints":{"allow":["GET"]}}],"collection":[{"href":"http:\/\/blog.inmontanis.info\/index.php?rest_route=\/wp\/v2\/posts"}],"about":[{"href":"http:\/\/blog.inmontanis.info\/index.php?rest_route=\/wp\/v2\/types\/post"}],"author":[{"embeddable":true,"href":"http:\/\/blog.inmontanis.info\/index.php?rest_route=\/wp\/v2\/users\/1"}],"replies":[{"embeddable":true,"href":"http:\/\/blog.inmontanis.info\/index.php?rest_route=%2Fwp%2Fv2%2Fcomments&post=4144"}],"version-history":[{"count":2,"href":"http:\/\/blog.inmontanis.info\/index.php?rest_route=\/wp\/v2\/posts\/4144\/revisions"}],"predecessor-version":[{"id":4146,"href":"http:\/\/blog.inmontanis.info\/index.php?rest_route=\/wp\/v2\/posts\/4144\/revisions\/4146"}],"wp:attachment":[{"href":"http:\/\/blog.inmontanis.info\/index.php?rest_route=%2Fwp%2Fv2%2Fmedia&parent=4144"}],"wp:term":[{"taxonomy":"category","embeddable":true,"href":"http:\/\/blog.inmontanis.info\/index.php?rest_route=%2Fwp%2Fv2%2Fcategories&post=4144"},{"taxonomy":"post_tag","embeddable":true,"href":"http:\/\/blog.inmontanis.info\/index.php?rest_route=%2Fwp%2Fv2%2Ftags&post=4144"}],"curies":[{"name":"wp","href":"https:\/\/api.w.org\/{rel}","templated":true}]}}