{"id":4137,"date":"2017-01-21T22:22:47","date_gmt":"2017-01-21T21:22:47","guid":{"rendered":"http:\/\/blog.inmontanis.info\/?p=4137"},"modified":"2023-07-30T19:02:47","modified_gmt":"2023-07-30T17:02:47","slug":"riffelrisslaber-21-1-2017","status":"publish","type":"post","link":"http:\/\/blog.inmontanis.info\/?p=4137","title":{"rendered":"Riffelriss+Laber, 21.1.2017"},"content":{"rendered":"<p><em>NostalskiAlpsNord &#8211; Tag 1: Sa, 21.1.2017 &#8211; Riffelriss &#038; Laber<\/em><\/p>\n<p>N\u00e4chste Woche nahm ich mir Urlaub und h\u00e4tte urspr\u00fcnglich die Appennin-Sizilien-Tour machen wollen, da auch endlich mal wieder ausreichend Schnee am \u00c4tna liegt. Allerdings waren mir die Wettervorhersagen zu instabil, sowohl f\u00fcr die Zwischenziele dieses WE, wie auch dann in S\u00fcditalien am Ende der Woche. <\/p>\n<p>Daher nahm ich mir nur die direkte Woche (ohne Anhangtage) frei und \u00fcberlegte mir Alternativziele. Polen\/Tschechien wollte ich ja auch schon lang besuchen und die noch \u00fcbrigen ESL sollten fast alle in Betrieb sein. Viel sinnvolles gibt&#8217;s aber ansonsten halt nicht und generell konnte ich mich nicht sonderlich davon \u00fcberzeugen, denn die nahen Nostalgiegebiete in Bayern und Vorarlberg und der angrenzenden Schweiz hatten jetzt auch viel Schnee und waren in Betrieb und die sind mir die letzten Jahre ja etwas zu kurz gekommen, also entschied ich mich, ein paar Tage hier zu bleiben, dann f\u00fcr 2 Tage an den Vierwaldst\u00e4dtersee und 2 Tage an den Genferseee zu fahren. Die zuletzt geplanten Skigebiete w\u00e4ren fast ausschlie\u00dflich mit SL, alten 4er Gondeln, (kleinen) Pendelbahnen, Zahnradbahnen (3 St\u00fcck) und einem einzigen (Einer-) Sessellift ausgestattet gewesen.<\/p>\n<p>Aber wie so meistens kam es dann doch noch etwas anders. <\/p>\n<p>Eines der Ziele in Bayern sollte der Laber sein, wo ich zuletzt 2009 f\u00fcr kurze Zeit war. Einen ganzen Tag wollte ich da wieder nicht verbringen, also schrieb ich eine EMail an die Eckbauerbahn, wie der aktuelle Status hinsichtlich Ski in Gondel + auf Abfahrt ist &#8211; bekam aber keine Antwort. Im Alpinforum las ich die Tage, dass an der Zugspitze die Riffelriss-Abfahrt ge\u00f6ffnet w\u00e4re, die so selten offen ist, dass man sie egtl. mal mitnehmen sollte, wenn sich einem die Gelegenheit b\u00f6te. Ich sah auf der Homepage nach, ob es noch den eigenst\u00e4ndigen Riffelriss-Skipass g\u00e4be, jawohl, 4 Fahrten kosten 28,- \u20ac, wobei die Zahnradbahn st\u00fcndlich verkehrt und man somit die Abfahrt gem\u00fctlich angehen kann. Der obere Teil der Abfahrt (vom Tunnel aus) ist ja leider seit einiger Zeit stillgelegt &#8211; irgendwer erw\u00e4hnte etwas, dass es an den neuen Zuggarnituren l\u00e4ge?!<\/p>\n<p>Am Bahnhof Eibsee gab es genug kostenfreie Parkpl\u00e4tze und die erste Bahn war leerer als gedacht. Ski muss man, will man Riffelriss raus, immer mit in den Zug nehmen. Bei meinen 4 Fahrten fuhr ich 2x mit den neuen Z\u00fcgen und 2x mit der vorherigen Generation. Die noch \u00e4lteren erwischte ich leider nicht.<\/p>\n<p>Zur Abfahrt muss man sagen, dass sie doch recht langweilig ist. Sehr leicht und mit Schiebe- oder Fu\u00dfstrecken am Start, 2x am Ende und dann noch \u00fcber den Parkplatz. Mit ein bisschen Fotostopps ist der Stundentakt der Zahnradbahn dann gar kein Problem mehr. Klar, es war praktisch nix los und der Schnee war toll.<\/p>\n<p>(Fotos anklicken zum Vergr\u00f6\u00dfern. Da meine neuere Cam derzeit auf Reparatur ist, musste eine meiner \u00e4lteren Cams herhalten &#8211; daher auf dieser Reise keine ganz so gute Bildqualit\u00e4t.)<\/p>\n<p><a href='http:\/\/extra.inmontanis.info\/d\/40300-2\/ge201701retroalps1.jpg'><img src=http:\/\/extra.inmontanis.info\/d\/40299-3\/ge201701retroalps1.jpg \/><\/a><br \/>\n^ Fahrstrecke und POIs 21.1.-29.1.2017<br \/>\nA) Zugspitze-Riffelriss<br \/>\nB) Laber (Oberammergau)<\/p>\n<p><a href='http:\/\/ski.inmontanis.info\/d\/222846-3\/DSC00565.jpg'><img src=http:\/\/ski.inmontanis.info\/d\/222845-3\/DSC00565.jpg \/><\/a><br \/>\n^ In der neuesten Zuggarnitur der Zugspitz-Zahnradbahn<\/p>\n<p><a href='http:\/\/ski.inmontanis.info\/d\/222850-3\/DSC00571.jpg'><img src=http:\/\/ski.inmontanis.info\/d\/222849-3\/DSC00571.jpg \/><\/a><br \/>\n^ Bahnhof Riffelriss, oben die Bergstation der Pendelbahn<\/p>\n<p><a href='http:\/\/ski.inmontanis.info\/d\/222854-3\/DSC00576.jpg'><img src=http:\/\/ski.inmontanis.info\/d\/222853-3\/DSC00576.jpg \/><\/a><br \/>\n^ Riffelriss<\/p>\n<p><a href='http:\/\/ski.inmontanis.info\/d\/222858-3\/DSC00582.jpg'><img src=http:\/\/ski.inmontanis.info\/d\/222857-3\/DSC00582.jpg \/><\/a><br \/>\n^ Abfahrt Riffelriss und die St\u00fctzen der Tiroler Zugspitzbahn<\/p>\n<p><a href='http:\/\/ski.inmontanis.info\/d\/222862-3\/DSC00586.jpg'><img src=http:\/\/ski.inmontanis.info\/d\/222861-3\/DSC00586.jpg \/><\/a><br \/>\n^ Riffelriss-Abfahrt<\/p>\n<p><a href='http:\/\/ski.inmontanis.info\/d\/222866-3\/DSC00588.jpg'><img src=http:\/\/ski.inmontanis.info\/d\/222865-3\/DSC00588.jpg \/><\/a><br \/>\n^ Riffelriss-Abfahrt und das stillgelegte Abfahrtsst\u00fcck vom Tunnelfenster, sowie die Pendelbahn<\/p>\n<p><a href='http:\/\/ski.inmontanis.info\/d\/222870-3\/DSC00590.jpg'><img src=http:\/\/ski.inmontanis.info\/d\/222869-3\/DSC00590.jpg \/><\/a><br \/>\n^ Riffelriss-Abfahrt<\/p>\n<p><a href='http:\/\/ski.inmontanis.info\/d\/222874-3\/DSC00595.jpg'><img src=http:\/\/ski.inmontanis.info\/d\/222873-3\/DSC00595.jpg \/><\/a><br \/>\n^ Riffelriss-Abfahrt<\/p>\n<p><a href='http:\/\/ski.inmontanis.info\/d\/222935-2\/DSC00596.jpg'><img src=http:\/\/ski.inmontanis.info\/d\/222934-3\/DSC00596.jpg \/><\/a><br \/>\n^ Riffelriss-Abfahrt<\/p>\n<p><a href='http:\/\/ski.inmontanis.info\/d\/222879-3\/DSC00597.jpg'><img src=http:\/\/ski.inmontanis.info\/d\/222878-3\/DSC00597.jpg \/><\/a><br \/>\n^ Riffelriss-Abfahrt<\/p>\n<p><a href='http:\/\/ski.inmontanis.info\/d\/222883-3\/DSC00602.jpg'><img src=http:\/\/ski.inmontanis.info\/d\/222882-3\/DSC00602.jpg \/><\/a><br \/>\n^ Riffelriss-Abfahrt<\/p>\n<p><a href='http:\/\/ski.inmontanis.info\/d\/222887-3\/DSC00604.jpg'><img src=http:\/\/ski.inmontanis.info\/d\/222886-3\/DSC00604.jpg \/><\/a><br \/>\n^ Riffelriss-Abfahrt, am Anfang und Ende hat man leider einige Schiebe- und Bergaufst\u00fccke<\/p>\n<p><a href='http:\/\/ski.inmontanis.info\/d\/222891-3\/DSC00605.jpg'><img src=http:\/\/ski.inmontanis.info\/d\/222890-3\/DSC00605.jpg \/><\/a><br \/>\n^ Ex-SL?-Hang an der Talstation Eibsee<\/p>\n<p><a href='http:\/\/ski.inmontanis.info\/d\/222895-3\/DSC00606.jpg'><img src=http:\/\/ski.inmontanis.info\/d\/222894-3\/DSC00606.jpg \/><\/a><br \/>\n^ Eibsee-Pendelbahn(en)<\/p>\n<p><a href='http:\/\/ski.inmontanis.info\/d\/222899-3\/DSC00607.jpg'><img src=http:\/\/ski.inmontanis.info\/d\/222898-3\/DSC00607.jpg \/><\/a><br \/>\n^ Zahnradbahnhof Eibsee<\/p>\n<p><a href='http:\/\/ski.inmontanis.info\/d\/222903-3\/DSC00608.jpg'><img src=http:\/\/ski.inmontanis.info\/d\/222902-3\/DSC00608.jpg \/><\/a><br \/>\n^ Die heute gesehene \u00e4lteste Zuggarnitur&#8230;<\/p>\n<p><a href='http:\/\/ski.inmontanis.info\/d\/222907-2\/DSC00609.jpg'><img src=http:\/\/ski.inmontanis.info\/d\/222906-3\/DSC00609.jpg \/><\/a><br \/>\n^ .. und im Inneren. Glaub den bin ich in den 90ern damals gefahren.<\/p>\n<p><a href='http:\/\/ski.inmontanis.info\/d\/222911-2\/DSC00610.jpg'><img src=http:\/\/ski.inmontanis.info\/d\/222910-3\/DSC00610.jpg \/><\/a><br \/>\n^ Mittelalter Zug<\/p>\n<p><a href='http:\/\/ski.inmontanis.info\/d\/222915-2\/DSC00611.jpg'><img src=http:\/\/ski.inmontanis.info\/d\/222914-3\/DSC00611.jpg \/><\/a><br \/>\n^ Bahnhof Riffelriss mit Pendelbahn<\/p>\n<p><a href='http:\/\/ski.inmontanis.info\/d\/222919-2\/DSC00614.jpg'><img src=http:\/\/ski.inmontanis.info\/d\/222918-3\/DSC00614.jpg \/><\/a><br \/>\n^ Zoom Zugspitze mit den Pendelbahnen<\/p>\n<p><a href='http:\/\/ski.inmontanis.info\/d\/222923-2\/DSC00625.jpg'><img src=http:\/\/ski.inmontanis.info\/d\/222922-3\/DSC00625.jpg \/><\/a><br \/>\n^ Bahnhof Eibsee mit einem neuen Zug, sowie der Pendelbahn bis zum Gipfel<\/p>\n<p><a href='http:\/\/ski.inmontanis.info\/d\/222927-2\/DSC00630.jpg'><img src=http:\/\/ski.inmontanis.info\/d\/222926-3\/DSC00630.jpg \/><\/a><br \/>\n^ War das da die Station Tunnelfenster, wo man fr\u00fcher runterfahren konnte? War wohl das interessanteste und anspruchsvollste St\u00fcck der jetzt so kastrierten Abfahrt.<\/p>\n<p><a href='http:\/\/ski.inmontanis.info\/d\/222931-2\/ge20170121a.jpg'><img src=http:\/\/ski.inmontanis.info\/d\/222930-3\/ge20170121a.jpg \/><\/a><br \/>\n^ GPS-Track Riffelriss-Abfahrt (rechts) und Zahnradbahn (links)<\/p>\n<p>Fazit: Wer auf der Zugspitze oben Ski f\u00e4hrt kann die Abfahrt nachmittags mitnehmen, aber 4 Fahrten mit dem speziellen Skipass sind grenzwertig und nicht wirklich empfehlenswert. <\/p>\n<p>Wer was zum Einschlafen braucht, hier das Video zur Riffelriss-Abfahrt. Die Wanderstrecken in doppelter Geschwindigkeit.<br \/>\n<object style=\"height: 500px; width: 900px\"><param name=\"movie\" value=\"http:\/\/www.youtube.com\/v\/IkxxQCPz4bA\"><\/param><param name=\"wmode\" value=\"transparent\"><\/param><embed src=\"http:\/\/www.youtube.com\/v\/IkxxQCPz4bA\" type=\"application\/x-shockwave-flash\" wmode=\"transparent\"  width=\"900\" height=\"480\"><\/embed><\/object><\/p>\n<p>Danach ging&#8217;s zum Laber, Nachmittagskarte um 19,- \u20ac und vom Seilbahner an der Talstation gleich mal auf meine Ski angesprochen. Mittlerweile ist die ehemals schwarze Abfahrt nur noch als Skiroute ausgezeichnet und die ehemalige Skiroute links herum wird im Plan nicht mehr aufgef\u00fchrt. Ich wollte sie heute aber trotzdem fahren, hab den Einstieg oben aber knapp verpasst und fuhr irgendeine andere Variante. Generell muss man von den linken Varianten aber dann am Weg unten wieder einige Minuten lang schieben &#8211; und nach der ganzen Anstrengung an der Riffelrissabfahrt heute morgen hatte ich keine Lust mehr auf eine zweite Fahrt links herum. Die Hauptabfahrt war stellenweise etwas schneearm, aber hatte kaum Steine. Im unteren Bereich war&#8217;s etwas glatter, sonst griffig. Wartezeiten gab es keine, nur einmal musste ich eine Kabine abwarten.<\/p>\n<p><a href='http:\/\/ski.inmontanis.info\/d\/222939-3\/DSC00633.jpg'><img src=http:\/\/ski.inmontanis.info\/d\/222938-3\/DSC00633.jpg \/><\/a><br \/>\n^ Die Laberbergbahn kann man schwer in eine bekannte Gruppe stecken, handelt es sich doch um eine fixgeklemmte Zweiseilumlaufbahn mit 4 Kabinen \u00e0 11 Personen. (11-ZUB trifft es also irgendwie noch am ehesten)<\/p>\n<p><a href='http:\/\/ski.inmontanis.info\/d\/222943-3\/DSC00634.jpg'><img src=http:\/\/ski.inmontanis.info\/d\/222942-3\/DSC00634.jpg \/><\/a><br \/>\n^ Oben an der St\u00fctze ist die Mitte, zwischen Berg- und Talfahrt wachsen m\u00e4chtige B\u00e4ume<\/p>\n<p><a href='http:\/\/ski.inmontanis.info\/d\/222947-3\/DSC00636.jpg'><img src=http:\/\/ski.inmontanis.info\/d\/222946-3\/DSC00636.jpg \/><\/a><br \/>\n^ Skipass<\/p>\n<p><a href='http:\/\/ski.inmontanis.info\/d\/222951-3\/DSC00637.jpg'><img src=http:\/\/ski.inmontanis.info\/d\/222950-3\/DSC00637.jpg \/><\/a><br \/>\n^ Oberer und steilerer Teil. Die linke Seilbahnrinne wurde von einigen befahren, mir schien eine Stelle etwas zu schwierig (steil + eng + schneearm)<\/p>\n<p><a href='http:\/\/ski.inmontanis.info\/d\/222955-3\/DSC00640.jpg'><img src=http:\/\/ski.inmontanis.info\/d\/222954-3\/DSC00640.jpg \/><\/a><br \/>\n^ Kabine 2 von 4<\/p>\n<p><a href='http:\/\/ski.inmontanis.info\/d\/222959-3\/DSC00646.jpg'><img src=http:\/\/ski.inmontanis.info\/d\/222958-3\/DSC00646.jpg \/><\/a><br \/>\n^ Bergstation<\/p>\n<p><a href='http:\/\/ski.inmontanis.info\/d\/222963-3\/DSC00647.jpg'><img src=http:\/\/ski.inmontanis.info\/d\/222962-3\/DSC00647.jpg \/><\/a><br \/>\n^ Bergstation<\/p>\n<p><a href='http:\/\/ski.inmontanis.info\/d\/222967-3\/DSC00650.jpg'><img src=http:\/\/ski.inmontanis.info\/d\/222966-3\/DSC00650.jpg \/><\/a><br \/>\n^ R\u00fcckseitenpano<\/p>\n<p><a href='http:\/\/ski.inmontanis.info\/d\/222971-3\/DSC00653.jpg'><img src=http:\/\/ski.inmontanis.info\/d\/222970-3\/DSC00653.jpg \/><\/a><br \/>\n^ Abfahrtsstart &#8211; nix zum Einfahren, hier geht&#8217;s gleich steil runter.<\/p>\n<p><a href='http:\/\/ski.inmontanis.info\/d\/222975-3\/DSC00654.jpg'><img src=http:\/\/ski.inmontanis.info\/d\/222974-3\/DSC00654.jpg \/><\/a><br \/>\n^ Bergstation<\/p>\n<p><a href='http:\/\/ski.inmontanis.info\/d\/222979-3\/DSC00655.jpg'><img src=http:\/\/ski.inmontanis.info\/d\/222978-3\/DSC00655.jpg \/><\/a><br \/>\n^ Abfahrt mit Flachlandpano<\/p>\n<p><a href='http:\/\/ski.inmontanis.info\/d\/222983-3\/DSC00659.jpg'><img src=http:\/\/ski.inmontanis.info\/d\/222982-3\/DSC00659.jpg \/><\/a><br \/>\n^ Abfahrt, im oberen Teil kann man ein bissl variieren<\/p>\n<p><a href='http:\/\/ski.inmontanis.info\/d\/222987-3\/DSC00664.jpg'><img src=http:\/\/ski.inmontanis.info\/d\/222986-3\/DSC00664.jpg \/><\/a><br \/>\n^ Abfahrt<\/p>\n<p><a href='http:\/\/ski.inmontanis.info\/d\/223090-3\/DSC00666.jpg'><img src=http:\/\/ski.inmontanis.info\/d\/223089-3\/DSC00666.jpg \/><\/a><br \/>\n^ Eine der Abfahrtsvarianten im unteren Bereich der oberen H\u00e4lfte<\/p>\n<p><a href='http:\/\/ski.inmontanis.info\/d\/222992-3\/DSC00668.jpg'><img src=http:\/\/ski.inmontanis.info\/d\/222991-3\/DSC00668.jpg \/><\/a><br \/>\n^ Ebenso. Danach geht&#8217;s nach links<\/p>\n<p><a href='http:\/\/ski.inmontanis.info\/d\/222996-3\/DSC00671.jpg'><img src=http:\/\/ski.inmontanis.info\/d\/222995-3\/DSC00671.jpg \/><\/a><br \/>\n^ .. hier war es etwas schnee\u00e4rmer.<\/p>\n<p><a href='http:\/\/ski.inmontanis.info\/d\/223000-3\/DSC00674.jpg'><img src=http:\/\/ski.inmontanis.info\/d\/222999-3\/DSC00674.jpg \/><\/a><br \/>\n^ Die engste Stelle der Abfahrt<\/p>\n<p><a href='http:\/\/ski.inmontanis.info\/d\/223004-3\/DSC00675.jpg'><img src=http:\/\/ski.inmontanis.info\/d\/223003-3\/DSC00675.jpg \/><\/a><br \/>\n^ Die engste Stelle der Abfahrt<\/p>\n<p><a href='http:\/\/ski.inmontanis.info\/d\/223008-3\/DSC00679.jpg'><img src=http:\/\/ski.inmontanis.info\/d\/223007-3\/DSC00679.jpg \/><\/a><br \/>\n^ Es folgt ein leichterer Waldhang bis zur Bahn, wobei es ganz unten noch eine Abfahrtsteilung gibt. Hier w\u00e4re etwas mehr Schnee schon gut gewesen.<\/p>\n<p><a href='http:\/\/ski.inmontanis.info\/d\/223012-3\/DSC00681.jpg'><img src=http:\/\/ski.inmontanis.info\/d\/223011-3\/DSC00681.jpg \/><\/a><br \/>\n^ Abfahrt<\/p>\n<p><a href='http:\/\/ski.inmontanis.info\/d\/223016-3\/DSC00683.jpg'><img src=http:\/\/ski.inmontanis.info\/d\/223015-3\/DSC00683.jpg \/><\/a><br \/>\n^ Abfahrt<\/p>\n<p><a href='http:\/\/ski.inmontanis.info\/d\/223020-3\/DSC00685.jpg'><img src=http:\/\/ski.inmontanis.info\/d\/223019-3\/DSC00685.jpg \/><\/a><br \/>\n^ Seilbahn. Bergfahrt ist links, f\u00e4hrt also im UZS.<\/p>\n<p><a href='http:\/\/ski.inmontanis.info\/d\/223100-2\/DSC00688.jpg'><img src=http:\/\/ski.inmontanis.info\/d\/223099-3\/DSC00688.jpg \/><\/a><br \/>\n^ Talstation<\/p>\n<p><a href='http:\/\/ski.inmontanis.info\/d\/223025-2\/DSC00690.jpg'><img src=http:\/\/ski.inmontanis.info\/d\/223024-3\/DSC00690.jpg \/><\/a><br \/>\n^ Talstation, sehr schmal<\/p>\n<p><a href='http:\/\/ski.inmontanis.info\/d\/223029-2\/DSC00693.jpg'><img src=http:\/\/ski.inmontanis.info\/d\/223028-3\/DSC00693.jpg \/><\/a><br \/>\n^ Kabine 1 mit Talblick<\/p>\n<p><a href='http:\/\/ski.inmontanis.info\/d\/223033-2\/DSC00697.jpg'><img src=http:\/\/ski.inmontanis.info\/d\/223032-3\/DSC00697.jpg \/><\/a><br \/>\n^ Auf der linken Route im R\u00fcckblick, offiziell h\u00e4tte man wohl da abbiegen sollen, aber mit dem Hund und den Leuten hatte ich da keine Gelgenheit f\u00fcr gro\u00dfe Untersuchungen, also folgte ich den Spuren hier<\/p>\n<p><a href='http:\/\/ski.inmontanis.info\/d\/223037-3\/DSC00698.jpg'><img src=http:\/\/ski.inmontanis.info\/d\/223036-3\/DSC00698.jpg \/><\/a><br \/>\n^ .. und weiter und merkte doch bald, dass das falsch war und ich h\u00e4tte abbiegen sollen.<\/p>\n<p><a href='http:\/\/ski.inmontanis.info\/d\/223041-2\/DSC00699.jpg'><img src=http:\/\/ski.inmontanis.info\/d\/223040-3\/DSC00699.jpg \/><\/a><br \/>\n^ Also fuhr ich bis zum Ende und bog dann da unten rechts ab, weil mir diese Schneise lt. Sat-Foto, das ich samt Abfahrtseinzeichnung dabei hatte, noch am ehesten wieder nach rechts zu gehen schien.<\/p>\n<p><a href='http:\/\/ski.inmontanis.info\/d\/223045-3\/DSC00702.jpg'><img src=http:\/\/ski.inmontanis.info\/d\/223044-3\/DSC00702.jpg \/><\/a><br \/>\n^ Gegenfoto zu vorhin<\/p>\n<p><a href='http:\/\/ski.inmontanis.info\/d\/223049-3\/DSC00701.jpg'><img src=http:\/\/ski.inmontanis.info\/d\/223048-3\/DSC00701.jpg \/><\/a><br \/>\n^ War aber ganz nett zu fahren, Pulver ohne Steine, auch den schmalen Schlauch da unten konnte man ohne zu schieben fahren, danach geht es \u00fcber einen Weg nach rechts weiter<\/p>\n<p><a href='http:\/\/ski.inmontanis.info\/d\/223053-2\/DSC00704.jpg'><img src=http:\/\/ski.inmontanis.info\/d\/223052-3\/DSC00704.jpg \/><\/a><br \/>\n^ .. wo man dann in den Kessel kommt, den man, w\u00e4re man oben gleich richtig abgebogen, direkt erreicht h\u00e4tte. Sch\u00f6n ist&#8217;s hier.<\/p>\n<p><a href='http:\/\/ski.inmontanis.info\/d\/223057-2\/DSC00705.jpg'><img src=http:\/\/ski.inmontanis.info\/d\/223056-3\/DSC00705.jpg \/><\/a><br \/>\n^ Ohne Anstrengung geht es dann weiter ..<\/p>\n<p><a href='http:\/\/ski.inmontanis.info\/d\/223061-2\/DSC00706.jpg'><img src=http:\/\/ski.inmontanis.info\/d\/223060-3\/DSC00706.jpg \/><\/a><br \/>\n^ Hier ist mit Gegenverkehr zu rechnen ..<\/p>\n<p><a href='http:\/\/ski.inmontanis.info\/d\/223065-2\/DSC00711.jpg'><img src=http:\/\/ski.inmontanis.info\/d\/223064-3\/DSC00711.jpg \/><\/a><br \/>\n^ Soweit, so gut ..<\/p>\n<p><a href='http:\/\/ski.inmontanis.info\/d\/223069-2\/DSC00713.jpg'><img src=http:\/\/ski.inmontanis.info\/d\/223068-3\/DSC00713.jpg \/><\/a><br \/>\n^ Auch besser als gedacht<\/p>\n<p><a href='http:\/\/ski.inmontanis.info\/d\/223073-2\/DSC00715.jpg'><img src=http:\/\/ski.inmontanis.info\/d\/223072-3\/DSC00715.jpg \/><\/a><br \/>\n^ .. aber dann kam sie halt doch, die lange Schiebeaktion. Und ich hab heut vormittag an der Zugspitze doch schon so viel geschoben, nerv.<\/p>\n<p><a href='http:\/\/ski.inmontanis.info\/d\/223095-3\/DSC00716.jpg'><img src=http:\/\/ski.inmontanis.info\/d\/223094-3\/DSC00716.jpg \/><\/a><br \/>\n^ Nach 5 Minuten ist nun gleich wieder die richtige Abfahrt erreicht.<\/p>\n<p><a href='http:\/\/ski.inmontanis.info\/d\/223078-2\/DSC00725.jpg'><img src=http:\/\/ski.inmontanis.info\/d\/223077-3\/DSC00725.jpg \/><\/a><br \/>\n^ Abfahrtsvariante im oberen Teil<\/p>\n<p><a href='http:\/\/ski.inmontanis.info\/d\/223082-3\/DSC00728.jpg'><img src=http:\/\/ski.inmontanis.info\/d\/223081-3\/DSC00728.jpg \/><\/a><br \/>\n^ Abfahrtsvarianten im oberen Teil<\/p>\n<p><a href='http:\/\/ski.inmontanis.info\/d\/223086-3\/ge20170121c.jpg'><img src=http:\/\/ski.inmontanis.info\/d\/223085-3\/ge20170121c.jpg \/><\/a><br \/>\n^ GPS-Track 21.1.2017. Anscheinend kommt man in der Mitte auch runter? Und landet dann halt wieder auf dem Schiebe-Weg. Kris w\u00fcrde vmtl. mehr als einen Tag ben\u00f6tigen, um hier alle Varianten abzufahren ;)<\/p>\n<p>Fazit: Urig + nett, kann man wieder besuchen. Und dann links rum mal mit der richtigen Variante..<\/p>\n<p>(Fortsetzung folgt.)<\/p>\n","protected":false},"excerpt":{"rendered":"<p>NostalskiAlpsNord &#8211; Tag 1: Sa, 21.1.2017 &#8211; Riffelriss &#038; Laber<\/p>\n<p>N\u00e4chste Woche nahm ich mir Urlaub und h\u00e4tte urspr\u00fcnglich die Appennin-Sizilien-Tour machen wollen, da auch endlich mal wieder ausreichend Schnee am \u00c4tna liegt. Allerdings waren mir die Wettervorhersagen zu instabil, sowohl f\u00fcr die Zwischenziele dieses WE, wie auch dann in S\u00fcditalien am Ende der Woche. <a href=\"http:\/\/blog.inmontanis.info\/?p=4137\">[&#8230;]<\/a><\/p>\n","protected":false},"author":1,"featured_media":0,"comment_status":"closed","ping_status":"closed","sticky":false,"template":"","format":"standard","meta":{"footnotes":""},"categories":[159,12,269,59,27,281],"tags":[41],"class_list":["post-4137","post","type-post","status-publish","format-standard","hentry","category-2017-01-nostalskialpsnord","category-germany","category-laber","category-nostalgie","category-skifahren-winterskiing-winter","category-zugspitze","tag-zahnradbahn","odd"],"_links":{"self":[{"href":"http:\/\/blog.inmontanis.info\/index.php?rest_route=\/wp\/v2\/posts\/4137","targetHints":{"allow":["GET"]}}],"collection":[{"href":"http:\/\/blog.inmontanis.info\/index.php?rest_route=\/wp\/v2\/posts"}],"about":[{"href":"http:\/\/blog.inmontanis.info\/index.php?rest_route=\/wp\/v2\/types\/post"}],"author":[{"embeddable":true,"href":"http:\/\/blog.inmontanis.info\/index.php?rest_route=\/wp\/v2\/users\/1"}],"replies":[{"embeddable":true,"href":"http:\/\/blog.inmontanis.info\/index.php?rest_route=%2Fwp%2Fv2%2Fcomments&post=4137"}],"version-history":[{"count":6,"href":"http:\/\/blog.inmontanis.info\/index.php?rest_route=\/wp\/v2\/posts\/4137\/revisions"}],"predecessor-version":[{"id":8897,"href":"http:\/\/blog.inmontanis.info\/index.php?rest_route=\/wp\/v2\/posts\/4137\/revisions\/8897"}],"wp:attachment":[{"href":"http:\/\/blog.inmontanis.info\/index.php?rest_route=%2Fwp%2Fv2%2Fmedia&parent=4137"}],"wp:term":[{"taxonomy":"category","embeddable":true,"href":"http:\/\/blog.inmontanis.info\/index.php?rest_route=%2Fwp%2Fv2%2Fcategories&post=4137"},{"taxonomy":"post_tag","embeddable":true,"href":"http:\/\/blog.inmontanis.info\/index.php?rest_route=%2Fwp%2Fv2%2Ftags&post=4137"}],"curies":[{"name":"wp","href":"https:\/\/api.w.org\/{rel}","templated":true}]}}