{"id":4128,"date":"2017-01-08T18:27:58","date_gmt":"2017-01-08T17:27:58","guid":{"rendered":"http:\/\/blog.inmontanis.info\/?p=4128"},"modified":"2023-07-30T21:16:21","modified_gmt":"2023-07-30T19:16:21","slug":"molines-st-veran-8-1-2017","status":"publish","type":"post","link":"http:\/\/blog.inmontanis.info\/?p=4128","title":{"rendered":"Molines-St.Veran, 8.1.2017"},"content":{"rendered":"<p><em>Jahreswechsel 2016\/17 &#8211; Kapitel 3 Teil 3: So, 8.1.2017 &#8211; Molines-Veran<\/em><\/p>\n<p>Heute ging&#8217;s also nochmal ins Queyras, genauer nach Molines &#8211; Saint Veran. Egtl. h\u00e4tte ich mir etwas mehr Schnee unten erwartet. Offpiste wie vorgestern in Abries nat\u00fcrlich zu vergessen, Pisten waren etwas besser (und dank Glitzerschnee f\u00fchlte man sich wie in den Swarovski-Kristallwelten), entt\u00e4uschend dagegen die Au\u00dfenrumabfahrt ganz rechts &#8211; die war lt. Website egtl. offen, in Wirklichkeit aber so halb abgesperrt, dann weiter unten ganz abgesperrt, dazwischen gab&#8217;s nochmal einen alternativen Retour-Skiweg, aber alles hart gefroren und nicht wirklich gut zu fahren.<\/p>\n<p>(Fotos anklicken zum Vergr\u00f6\u00dfern)<\/p>\n<p><a href='http:\/\/extra.inmontanis.info\/d\/40252-2\/DSC01835.jpg'><img src=http:\/\/extra.inmontanis.info\/d\/40251-3\/DSC01835.jpg \/><\/a><br \/>\n^ Morgens am Hotelparkplatz in Gap. Ja, verzieht euch sch\u00f6n, ihr Wolken.<\/p>\n<p>Wie versprochen, hab ich heute die sch\u00f6ne Schluchtstra\u00dfe ins Queyras wieder ausf\u00fchrlicher fotografiert (in den franz\u00f6sischen S\u00fcdalpen gibt&#8217;s ja viele tolle Schluchtstra\u00dfen):<\/p>\n<p><a href='http:\/\/extra.inmontanis.info\/d\/40256-2\/DSC01837.jpg'><img src=http:\/\/extra.inmontanis.info\/d\/40255-3\/DSC01837.jpg \/><\/a><br \/>\n^ Anfahrt ins Queyras<\/p>\n<p><a href='http:\/\/extra.inmontanis.info\/d\/40260-2\/DSC01841.jpg'><img src=http:\/\/extra.inmontanis.info\/d\/40259-3\/DSC01841.jpg \/><\/a><br \/>\n^ Anfahrt ins Queyras<\/p>\n<p><a href='http:\/\/extra.inmontanis.info\/d\/40264-2\/DSC01847.jpg'><img src=http:\/\/extra.inmontanis.info\/d\/40263-3\/DSC01847.jpg \/><\/a><br \/>\n^ Anfahrt ins Queyras<\/p>\n<p><a href='http:\/\/extra.inmontanis.info\/d\/40268-2\/DSC01849.jpg'><img src=http:\/\/extra.inmontanis.info\/d\/40267-3\/DSC01849.jpg \/><\/a><br \/>\n^ Anfahrt ins Queyras<\/p>\n<p><a href='http:\/\/extra.inmontanis.info\/d\/40272-2\/DSC01851.jpg'><img src=http:\/\/extra.inmontanis.info\/d\/40271-3\/DSC01851.jpg \/><\/a><br \/>\n^ Anfahrt ins Queyras<\/p>\n<p><a href='http:\/\/extra.inmontanis.info\/d\/40276-2\/DSC01856.jpg'><img src=http:\/\/extra.inmontanis.info\/d\/40275-3\/DSC01856.jpg \/><\/a><br \/>\n^ Anfahrt ins Queyras<\/p>\n<p><a href='http:\/\/extra.inmontanis.info\/d\/40280-2\/DSC01860.jpg'><img src=http:\/\/extra.inmontanis.info\/d\/40279-3\/DSC01860.jpg \/><\/a><br \/>\n^ Anfahrt ins Queyras<\/p>\n<p><a href='http:\/\/extra.inmontanis.info\/d\/40284-2\/DSC01865.jpg'><img src=http:\/\/extra.inmontanis.info\/d\/40283-3\/DSC01865.jpg \/><\/a><br \/>\n^ Anfahrt ins Queyras<\/p>\n<p><a href='http:\/\/ski.inmontanis.info\/d\/222679-3\/DSC01873.jpg'><img src=http:\/\/ski.inmontanis.info\/d\/222678-3\/DSC01873.jpg \/><\/a><br \/>\n^ 4SB Burge und KSSL Beauregard<\/p>\n<p><a href='http:\/\/ski.inmontanis.info\/d\/222683-3\/DSC01874.jpg'><img src=http:\/\/ski.inmontanis.info\/d\/222682-3\/DSC01874.jpg \/><\/a><br \/>\n^ KSSL Beauregard<\/p>\n<p><a href='http:\/\/ski.inmontanis.info\/d\/222687-3\/DSC01875.jpg'><img src=http:\/\/ski.inmontanis.info\/d\/222686-3\/DSC01875.jpg \/><\/a><br \/>\n^ KSSL Sainte Marie Madeleine<\/p>\n<p><a href='http:\/\/ski.inmontanis.info\/d\/222748-2\/DSC01877.jpg'><img src=http:\/\/ski.inmontanis.info\/d\/222747-3\/DSC01877.jpg \/><\/a><br \/>\n^ KSSL Sainte Marie Madeleine, der Baum durfte stehen bleiben, weil der KSSL eine Kurve macht<\/p>\n<p><a href='http:\/\/ski.inmontanis.info\/d\/222692-3\/DSC01879.jpg'><img src=http:\/\/ski.inmontanis.info\/d\/222691-3\/DSC01879.jpg \/><\/a><br \/>\n^ KSSL Sainte Marie Madeleine<\/p>\n<p><a href='http:\/\/ski.inmontanis.info\/d\/222696-3\/DSC01880.jpg'><img src=http:\/\/ski.inmontanis.info\/d\/222695-3\/DSC01880.jpg \/><\/a><br \/>\n^ 4SB Cassettes<\/p>\n<p><a href='http:\/\/ski.inmontanis.info\/d\/222700-3\/DSC01893.jpg'><img src=http:\/\/ski.inmontanis.info\/d\/222699-3\/DSC01893.jpg \/><\/a><br \/>\n^ Glitzerschnee heute auch auf den Abfahrten. Swarovski h\u00e4tt&#8217;s nicht besser machen k\u00f6nnen ;)<\/p>\n<p><a href='http:\/\/ski.inmontanis.info\/d\/222704-3\/DSC01895.jpg'><img src=http:\/\/ski.inmontanis.info\/d\/222703-3\/DSC01895.jpg \/><\/a><br \/>\n^ KSSL Grand Serre<\/p>\n<p><a href='http:\/\/ski.inmontanis.info\/d\/222708-3\/DSC01907.jpg'><img src=http:\/\/ski.inmontanis.info\/d\/222707-3\/DSC01907.jpg \/><\/a><br \/>\n^ Rechte Abfahrt am KSSL Grand Serre, auch hier Glitzerschnee<\/p>\n<p><a href='http:\/\/ski.inmontanis.info\/d\/222712-2\/DSC01912.jpg'><img src=http:\/\/ski.inmontanis.info\/d\/222711-3\/DSC01912.jpg \/><\/a><br \/>\n^ Saint-Veran<\/p>\n<p><a href='http:\/\/ski.inmontanis.info\/d\/222716-3\/DSC01915.jpg'><img src=http:\/\/ski.inmontanis.info\/d\/222715-3\/DSC01915.jpg \/><\/a><br \/>\n^ 4SB Cassettes<\/p>\n<p>Da ich nicht wusste, ob ich heute Abend Zeit zum Essen haben werde, wollte ich eines der Restaurants im Skigebiet besuchen, d.h. es gibt eines im Bereich der Bergstation der Zubringer-4SB\/KSSL Beauregard und dann in den Talstationsbereichen der beiden Orte. Die am KSSL Beauregard hatten sogar Pizza vom Holzofengrill, also nahm ich eine Montagnard, mit Tomaten- und Sahne\/CremeFraiche oder so, plus Raclette-K\u00e4se und Schinkenstreifen. Sehr lecker. Pizza kochen k\u00f6nnen&#8217;s, die Franzosen, teils besser als manche Italiener. Einen Teil nahm ich mir f\u00fcr heute Abend mit. (Tischwasser gratis.)<\/p>\n<p><a href='http:\/\/ski.inmontanis.info\/d\/222720-3\/IMG_2762.jpg'><img src=http:\/\/ski.inmontanis.info\/d\/222719-3\/IMG_2762.jpg \/><\/a><br \/>\n^ Pizza<\/p>\n<p><a href='http:\/\/ski.inmontanis.info\/d\/222724-3\/DSC01919.jpg'><img src=http:\/\/ski.inmontanis.info\/d\/222723-3\/DSC01919.jpg \/><\/a><br \/>\n^ Abfahrtskreuzung Molines\/Veran<\/p>\n<p><a href='http:\/\/ski.inmontanis.info\/d\/222728-2\/DSC01927.jpg'><img src=http:\/\/ski.inmontanis.info\/d\/222727-3\/DSC01927.jpg \/><\/a><br \/>\n^ Glitzerschnee auch Offpiste. In dem Kunstschneebereich konnte man sogar ganz gut fahren (kompakt, hart und eben, siehe Film)<\/p>\n<p><a href='http:\/\/ski.inmontanis.info\/d\/222732-2\/DSC01934.jpg'><img src=http:\/\/ski.inmontanis.info\/d\/222731-3\/DSC01934.jpg \/><\/a><br \/>\n^ Pano<\/p>\n<p><a href='http:\/\/ski.inmontanis.info\/d\/222736-2\/DSC01935.jpg'><img src=http:\/\/ski.inmontanis.info\/d\/222735-3\/DSC01935.jpg \/><\/a><br \/>\n^ Mit dem ND4-Filter kann man die Mobius-Cam schon eher bei Schnee verwenden. Den und die Gewinde und Adapter und so hatte ich noch von meinem alten Camcorder, hab ich mir halt hier drauf gebastelt\/geklebt, wobei man den ND4-Filter selbst abschrauben kann, der Adapter dagegen bleibt.<\/p>\n<p><a href='http:\/\/ski.inmontanis.info\/d\/222740-2\/DSC01938.jpg'><img src=http:\/\/ski.inmontanis.info\/d\/222739-3\/DSC01938.jpg \/><\/a><br \/>\n^ Wer sagt, dass man unterhalb von Schneih\u00fcgeln nicht auch manchmal offpiste fahren kann (ohne einzubrechen) ..<\/p>\n<p><a href='http:\/\/ski.inmontanis.info\/d\/222744-2\/DSC01939.jpg'><img src=http:\/\/ski.inmontanis.info\/d\/222743-3\/DSC01939.jpg \/><\/a><br \/>\n^ Au\u00dfenrumabfahrt Sagnieres nach Saint-Veran, leider entgegen des Plans nicht richtig offen und war auch nicht gut<\/p>\n<p><a href='http:\/\/ski.inmontanis.info\/d\/222752-2\/DSC01941.jpg'><img src=http:\/\/ski.inmontanis.info\/d\/222751-3\/DSC01941.jpg \/><\/a><br \/>\n^ Abfahrt Gerabio vom KSSL Grand Serre, am Ende die Bergstation 4SB Cassettes<\/p>\n<p><a href='http:\/\/ski.inmontanis.info\/d\/222756-2\/DSC01944.jpg'><img src=http:\/\/ski.inmontanis.info\/d\/222755-3\/DSC01944.jpg \/><\/a><br \/>\n^ Unter den L\u00e4rchennadeln liegt \u00fcbrigens Schnee!<\/p>\n<p><a href='http:\/\/ski.inmontanis.info\/d\/222760-2\/ge20170108b.jpg'><img src=http:\/\/ski.inmontanis.info\/d\/222759-3\/ge20170108b.jpg \/><\/a><br \/>\n^ GPS-Track 8.1.2017 (Gelb) und vorherige Besuche (Blau)<\/p>\n<p>Noch ein Filmchen von ein paar Glitzerschnee-Abfahrten und KSSL:<br \/>\n<object style=\"height: 500px; width: 900px\"><param name=\"movie\" value=\"http:\/\/www.youtube.com\/v\/uokfVAaBjxA\"><\/param><param name=\"wmode\" value=\"transparent\"><\/param><embed src=\"http:\/\/www.youtube.com\/v\/uokfVAaBjxA\" type=\"application\/x-shockwave-flash\" wmode=\"transparent\"  width=\"900\" height=\"480\"><\/embed><\/object><\/p>\n<p>Gegen 15 Uhr war ich mit meiner zu fahren wollenden Strecke durch und um die Uhrzeit wollte ich dann eh aufh\u00f6ren, hatte ich ja noch viel Fahrt vor mir. Gestern im Hotel kurz nachgeschaut, demnach w\u00e4re bei der R\u00fcckfahrt am Arlberg zwar immer noch diese 30-Min-Baustelle, aber der Pass w\u00e4re nun nicht mehr Kettenpflichtig-talw\u00e4rts-auch-f\u00fcr-Allrad. Daher entschied ich mich erst mal f\u00fcr folgende Variante:<\/p>\n<p><a href='http:\/\/extra.inmontanis.info\/d\/40288-2\/DSC01945.jpg'><img src=http:\/\/extra.inmontanis.info\/d\/40287-3\/DSC01945.jpg \/><\/a><br \/>\n^ Heimfahrt. Plus ggf. bis zu 30min Wartezeit am Tunnel oder 10min l\u00e4nger \u00fcber den Pass (schneebedeckt evtl. auch l\u00e4nger)<\/p>\n<p>Den Status am Arlberg wollte ich an der letzten Rastst\u00e4tte auf der Autobahn nochmal \u00fcberpr\u00fcfen -> heute leider wieder Kettenpflicht. Nachdem mein Navi nach wie vor meint, dass es \u00fcber Maloja nur ca. 5-10min l\u00e4nger ist, bin ich also wie bei der Anfahrt wieder \u00fcber Maloja\/Moritz gefahren und hab die schweizer Vignette ungeklebt gelassen. Schnee war auf der Strecke heute so gut wie keiner mehr und ich hielt die Zeit vom Navi auch gut ein (um Mailand machte ich ein paar Minuten gut, sp\u00e4ter verlor ich die wieder, ein Tankzwischenhalt in der Schweiz) &#8211; gegen 0:30 war ich dann wieder daheim im tief verschneiten Innsbruck.<\/p>\n<p><a href='http:\/\/extra.inmontanis.info\/d\/40292-2\/DSC01946.jpg'><img src=http:\/\/extra.inmontanis.info\/d\/40291-3\/DSC01946.jpg \/><\/a><br \/>\n^ Kleiner Auffahrunfall im Tunnel und streitende Italiener<\/p>\n<p><a href='http:\/\/extra.inmontanis.info\/d\/40296-2\/ge20161224-0108a.jpg'><img src=http:\/\/extra.inmontanis.info\/d\/40295-3\/ge20161224-0108a.jpg \/><\/a><br \/>\n^ Die letzten 3 Wochenenden im \u00dcberblick:<br \/>\nBlau 24.-26.12., T\u00fcrkis 30.12.-1.1., Rot 6.-8.1.<\/p>\n<p>A) Frabosa + Mondole (2,5 Tage)<br \/>\nB) San Giacomo di Roburent (0,5 Tage)<br \/>\nC) Vialattea (Oulx\/Cesana\/Sestriere) (2 Tage)<br \/>\nD) Pontechianale<br \/>\nE) Abries<br \/>\nF) Vars-Risoul<br \/>\nG) Molines-St.Veran<\/p>\n<p>Noch ein Nachtrag zu Kapitel 1 ESL Frabosa:<\/p>\n<p><a href='http:\/\/ski.inmontanis.info\/d\/221899-3\/IMG_2729.jpg'><img src=http:\/\/ski.inmontanis.info\/d\/221898-4\/IMG_2729.jpg \/><\/a><br \/>\n^ Die Skier liegen im ESL rechts und werden von der Bindung entweder mit dem hinteren Teil  am hinteren Gest\u00e4nge oder mit dem vorderen wie hier im Sessel eingeklemmt und m\u00fcssen somit nicht vom K\u00f6rper speziell gehalten werden.<\/p>\n<p>## Ende der Berichtsreihe ##<\/p>\n","protected":false},"excerpt":{"rendered":"<p>Jahreswechsel 2016\/17 &#8211; Kapitel 3 Teil 3: So, 8.1.2017 &#8211; Molines-Veran<\/p>\n<p>Heute ging&#8217;s also nochmal ins Queyras, genauer nach Molines &#8211; Saint Veran. Egtl. h\u00e4tte ich mir etwas mehr Schnee unten erwartet. Offpiste wie vorgestern in Abries nat\u00fcrlich zu vergessen, Pisten waren etwas besser (und dank Glitzerschnee f\u00fchlte man sich wie in den Swarovski-Kristallwelten), entt\u00e4uschend <a href=\"http:\/\/blog.inmontanis.info\/?p=4128\">[&#8230;]<\/a><\/p>\n","protected":false},"author":1,"featured_media":0,"comment_status":"closed","ping_status":"closed","sticky":false,"template":"","format":"standard","meta":{"footnotes":""},"categories":[158,16,286,27],"tags":[49,48],"class_list":["post-4128","post","type-post","status-publish","format-standard","hentry","category-2016-12-jahreswechsel","category-france","category-queyras","category-skifahren-winterskiing-winter","tag-4sb","tag-kssl","odd"],"_links":{"self":[{"href":"http:\/\/blog.inmontanis.info\/index.php?rest_route=\/wp\/v2\/posts\/4128","targetHints":{"allow":["GET"]}}],"collection":[{"href":"http:\/\/blog.inmontanis.info\/index.php?rest_route=\/wp\/v2\/posts"}],"about":[{"href":"http:\/\/blog.inmontanis.info\/index.php?rest_route=\/wp\/v2\/types\/post"}],"author":[{"embeddable":true,"href":"http:\/\/blog.inmontanis.info\/index.php?rest_route=\/wp\/v2\/users\/1"}],"replies":[{"embeddable":true,"href":"http:\/\/blog.inmontanis.info\/index.php?rest_route=%2Fwp%2Fv2%2Fcomments&post=4128"}],"version-history":[{"count":3,"href":"http:\/\/blog.inmontanis.info\/index.php?rest_route=\/wp\/v2\/posts\/4128\/revisions"}],"predecessor-version":[{"id":4131,"href":"http:\/\/blog.inmontanis.info\/index.php?rest_route=\/wp\/v2\/posts\/4128\/revisions\/4131"}],"wp:attachment":[{"href":"http:\/\/blog.inmontanis.info\/index.php?rest_route=%2Fwp%2Fv2%2Fmedia&parent=4128"}],"wp:term":[{"taxonomy":"category","embeddable":true,"href":"http:\/\/blog.inmontanis.info\/index.php?rest_route=%2Fwp%2Fv2%2Fcategories&post=4128"},{"taxonomy":"post_tag","embeddable":true,"href":"http:\/\/blog.inmontanis.info\/index.php?rest_route=%2Fwp%2Fv2%2Ftags&post=4128"}],"curies":[{"name":"wp","href":"https:\/\/api.w.org\/{rel}","templated":true}]}}