{"id":4110,"date":"2016-12-31T18:58:10","date_gmt":"2016-12-31T17:58:10","guid":{"rendered":"http:\/\/blog.inmontanis.info\/?p=4110"},"modified":"2023-08-01T21:34:24","modified_gmt":"2023-08-01T19:34:24","slug":"pontechianale-31-12-2016","status":"publish","type":"post","link":"http:\/\/blog.inmontanis.info\/?p=4110","title":{"rendered":"Pontechianale, 31.12.2016"},"content":{"rendered":"<p><em>Jahreswechsel 2016\/17 &#8211; Kapitel 2 Teil 2: Sa, 31.12.2016 &#8211; Pontechianale<\/em><\/p>\n<p>Gegen 9:30 war ich in Pontechianale. Zuvor im Tal lag ab ca. 600m Schnee, aber in Pontechianale, auf ca. 1600m, war die Talabfahrt die letzten paar hundert H\u00f6henmeter leiter komplett aper &#8211; also nix, was sich auch mit gutem Gewissen noch h\u00e4tte vern\u00fcnftig machen lassen k\u00f6nnen :-(<\/p>\n<p>Mit Pontechianale verh\u00e4lt es sich f\u00fcr mich wie folgt:<br \/>\n&#8211; mit offener Talabfahrt und guten Offpisteverh\u00e4ltnissen w\u00fcrd ich&#8217;s wohl 2 Tage aushalten<br \/>\n&#8211; mit offener Talabfahrt ohne Offpiste 1 Tag<br \/>\n&#8211; ohne offener Talabfahrt, aber mit guten Offpisteverh\u00e4ltnissen 1 Tag<br \/>\n&#8211; ohne offener Talabfahrt und ohne Offpiste w\u00fcrde auch ein halber Tag reichen.<\/p>\n<p>Leider war es heute offpiste auch zu vergessen. Meist ruppig gefroren, nur selten glatt gefroren, das konnte dann entweder gut halten oder Bruchharsch sein. W\u00e4re also nachmittags noch nach Sempeyre r\u00fcber, aber die hatten leider noch nicht offen (nur irgendein F\u00f6rderband, die Tal-SL ja eh geschlossen, f\u00fcr den Rest (die beiden DSBs) trotz Beschneiung wohl zu wenig). Also blieb ich bis 15 Uhr in Pontechianale, das war dann SL-fahrm\u00e4\u00dfig doch langsam eine Qual. Wobei ich gegen 13:30 noch zum Essen ins Rifugio bin, da es vmtl. heute Abend nix zu essen geben wird &#8211; weil Silvester. Tageskarte kostete 20,-.<\/p>\n<p>Schnee auf den Pisten war gr\u00f6\u00dftenteils hart, aber noch griffig. Vormittags teilweise etwas knollig. Das Pro-Argument hier ist nat\u00fcrlich, dass die SL den ganzen Tag in der Sonne sind. Weich wurde der Schnee heute aber nirgends. N\u00e4chstes Mal dann also hoffentlich wieder mit offener Talabfahrt. Auch wenn der alte, lange Marchisio\/Meb-SL mit seinen ca. 6 Abfahrten (den kurzen SL mit eingeschlossen) nat\u00fcrlich sehr interessant ist, aber die Talabfahrt ist auch toll.<\/p>\n<p>(Fotos anklicken zum Vergr\u00f6\u00dfern)<\/p>\n<p><a href='http:\/\/extra.inmontanis.info\/d\/40186-2\/DSC01414.jpg'><img src=http:\/\/extra.inmontanis.info\/d\/40185-3\/DSC01414.jpg \/><\/a><br \/>\n^ Sonnenaufgang \u00fcber der Po-Ebene<\/p>\n<p><a href='http:\/\/extra.inmontanis.info\/d\/40190-2\/DSC01415.jpg'><img src=http:\/\/extra.inmontanis.info\/d\/40189-3\/DSC01415.jpg \/><\/a><br \/>\n^ Sonnenaufgang \u00fcber der Po-Ebene<\/p>\n<p><a href='http:\/\/extra.inmontanis.info\/d\/40194-2\/DSC01416.jpg'><img src=http:\/\/extra.inmontanis.info\/d\/40193-3\/DSC01416.jpg \/><\/a><br \/>\n^ Sonnenaufgang \u00fcber der Po-Ebene<\/p>\n<p><a href='http:\/\/extra.inmontanis.info\/d\/40198-2\/DSC01418.jpg'><img src=http:\/\/extra.inmontanis.info\/d\/40197-3\/DSC01418.jpg \/><\/a><br \/>\n^ Im Valle Varaita lag im Tal bis auf ca. 600m Schnee, aber die S\u00fcdh\u00e4nge waren bis auf ca. 1900m aper<\/p>\n<p><a href='http:\/\/ski.inmontanis.info\/d\/222069-3\/DSC01428.jpg'><img src=http:\/\/ski.inmontanis.info\/d\/222068-3\/DSC01428.jpg \/><\/a><br \/>\n^ Pontechianale (1620m), gegen\u00fcber das Teilskigebiet Pineta Nord, SL heute nicht ge\u00f6ffnet, nur das F\u00f6rderband. Liegt zu der Jahreszeit ganztags im Schatten<\/p>\n<p><a href='http:\/\/ski.inmontanis.info\/d\/222073-3\/DSC01429.jpg'><img src=http:\/\/ski.inmontanis.info\/d\/222072-3\/DSC01429.jpg \/><\/a><br \/>\n^ Blick zur Talabfahrt &#8211; leider auch f\u00fcr mich nicht m\u00f6glich<\/p>\n<p><a href='http:\/\/ski.inmontanis.info\/d\/222077-3\/DSC01436.jpg'><img src=http:\/\/ski.inmontanis.info\/d\/222076-3\/DSC01436.jpg \/><\/a><br \/>\n^ Hier war einst die Zwischenstation des ESL, die ich sonst wg. zus\u00e4tzlicher Abfahrten vermisse &#8211; aber heute h\u00e4tte sie auch nichts gebracht<\/p>\n<p><img src=http:\/\/ski.inmontanis.info\/d\/62730-3\/P1280211.JPG \/><\/p>\n<p><a href='http:\/\/ski.inmontanis.info\/d\/222081-3\/DSC01437.jpg'><img src=http:\/\/ski.inmontanis.info\/d\/222080-3\/DSC01437.jpg \/><\/a><br \/>\n^ DSB Bergstation und Blick zu den beiden SL Savarex (links) und Conce (rechts)<\/p>\n<p><a href='http:\/\/ski.inmontanis.info\/d\/222085-3\/DSC01438.jpg'><img src=http:\/\/ski.inmontanis.info\/d\/222084-3\/DSC01438.jpg \/><\/a><br \/>\n^ Abfahrten rechts des SL Conce<\/p>\n<p><a href='http:\/\/ski.inmontanis.info\/d\/222089-3\/DSC01441.jpg'><img src=http:\/\/ski.inmontanis.info\/d\/222088-3\/DSC01441.jpg \/><\/a><br \/>\n^ SL Conce<\/p>\n<p><a href='http:\/\/ski.inmontanis.info\/d\/222093-3\/DSC01442.jpg'><img src=http:\/\/ski.inmontanis.info\/d\/222092-3\/DSC01442.jpg \/><\/a><br \/>\n^ Abfahrt links des SL Conce, teils waren die Abfahrten leider etwas knollig<\/p>\n<p><a href='http:\/\/ski.inmontanis.info\/d\/222097-3\/DSC01443.jpg'><img src=http:\/\/ski.inmontanis.info\/d\/222096-3\/DSC01443.jpg \/><\/a><br \/>\n^ Abfahrt links des SL Conce mit Blick zu selbigem und der DSB<\/p>\n<p><a href='http:\/\/ski.inmontanis.info\/d\/222182-2\/DSC01444.jpg'><img src=http:\/\/ski.inmontanis.info\/d\/222181-3\/DSC01444.jpg \/><\/a><br \/>\n^ SL Savarex<\/p>\n<p><a href='http:\/\/ski.inmontanis.info\/d\/222105-3\/DSC01445.jpg'><img src=http:\/\/ski.inmontanis.info\/d\/222104-3\/DSC01445.jpg \/><\/a><br \/>\n^ SL Savarex<\/p>\n<p><a href='http:\/\/ski.inmontanis.info\/d\/222109-3\/DSC01454.jpg'><img src=http:\/\/ski.inmontanis.info\/d\/222108-3\/DSC01454.jpg \/><\/a><br \/>\n^ Beide SL<\/p>\n<p><a href='http:\/\/ski.inmontanis.info\/d\/222113-3\/DSC01455.jpg'><img src=http:\/\/ski.inmontanis.info\/d\/222112-3\/DSC01455.jpg \/><\/a><br \/>\n^ Pano<\/p>\n<p><a href='http:\/\/ski.inmontanis.info\/d\/222117-3\/DSC01456.jpg'><img src=http:\/\/ski.inmontanis.info\/d\/222116-3\/DSC01456.jpg \/><\/a><br \/>\n^ Eigenartiges Fundament nahe des Ausstiegs am SL Savarex. Lag schr\u00e4g zum SL Savarex und wenn das eine Liftst\u00fctze h\u00e4tte werden sollen, h\u00e4tte der Lift den SL Savarex gequert &#8211; au\u00dferdem macht das richtungsm\u00e4\u00dfig ja auch kaum einen Sinn so schr\u00e4g am Hang?!<\/p>\n<p><a href='http:\/\/ski.inmontanis.info\/d\/222121-3\/DSC01460.jpg'><img src=http:\/\/ski.inmontanis.info\/d\/222120-3\/DSC01460.jpg \/><\/a><br \/>\n^ \u00c4u\u00dfere Abfahrt am SL Conce; von hier aus kann man den SL Savarex nicht sehen<\/p>\n<p><a href='http:\/\/ski.inmontanis.info\/d\/222125-3\/DSC01462.jpg'><img src=http:\/\/ski.inmontanis.info\/d\/222124-3\/DSC01462.jpg \/><\/a><br \/>\n^ SL Savarex, Offpiste war&#8217;s heut leider nicht gut, hab&#8217;s aber trotzdem 2-3x probiert.<\/p>\n<p><a href='http:\/\/ski.inmontanis.info\/d\/222129-3\/DSC01467.jpg'><img src=http:\/\/ski.inmontanis.info\/d\/222128-3\/DSC01467.jpg \/><\/a><br \/>\n^ SL Savarex<\/p>\n<p><a href='http:\/\/ski.inmontanis.info\/d\/222133-3\/DSC01469.jpg'><img src=http:\/\/ski.inmontanis.info\/d\/222132-3\/DSC01469.jpg \/><\/a><br \/>\n^ SL Conce<\/p>\n<p><a href='http:\/\/ski.inmontanis.info\/d\/222186-2\/DSC01470.jpg'><img src=http:\/\/ski.inmontanis.info\/d\/222185-3\/DSC01470.jpg \/><\/a><br \/>\n^ SL Conce, kurz war hier mal etwas mehr los &#8211; am anderen dagegen blieb es leerer.<\/p>\n<p><a href='http:\/\/ski.inmontanis.info\/d\/222138-3\/DSC01475.jpg'><img src=http:\/\/ski.inmontanis.info\/d\/222137-3\/DSC01475.jpg \/><\/a><br \/>\n^ SL Savarex, oberer Teil<\/p>\n<p><a href='http:\/\/ski.inmontanis.info\/d\/222142-3\/DSC01480.jpg'><img src=http:\/\/ski.inmontanis.info\/d\/222141-3\/DSC01480.jpg \/><\/a><br \/>\n^ Offpiste &#8211; nur an wenigen Stellen ging es gut<\/p>\n<p><a href='http:\/\/ski.inmontanis.info\/d\/222146-3\/DSC01482.jpg'><img src=http:\/\/ski.inmontanis.info\/d\/222145-3\/DSC01482.jpg \/><\/a><br \/>\n^ SL Savarex<\/p>\n<p><a href='http:\/\/ski.inmontanis.info\/d\/222150-3\/IMG_2733.jpg'><img src=http:\/\/ski.inmontanis.info\/d\/222149-3\/IMG_2733.jpg \/><\/a><br \/>\n^ Polenta mit verschiedenen K\u00e4se und zerlaufener Butter (evtl. leicht karamelisiert, jedenfalls gut) &#8211; war mir aber doch etwas zu viel.<\/p>\n<p><a href='http:\/\/ski.inmontanis.info\/d\/222154-3\/DSC01487.jpg'><img src=http:\/\/ski.inmontanis.info\/d\/222153-3\/DSC01487.jpg \/><\/a><br \/>\n^ SL Conce, dahinter SL Savarex<\/p>\n<p><a href='http:\/\/ski.inmontanis.info\/d\/222158-3\/DSC01489.jpg'><img src=http:\/\/ski.inmontanis.info\/d\/222157-3\/DSC01489.jpg \/><\/a><br \/>\n^ Talfahrt leider mit der DSB<\/p>\n<p><a href='http:\/\/ski.inmontanis.info\/d\/222162-3\/DSC01497.jpg'><img src=http:\/\/ski.inmontanis.info\/d\/222161-3\/DSC01497.jpg \/><\/a><br \/>\n^ Pontechianale, am schattigen F\u00f6rderband gegen\u00fcber war sogar einiges los.<\/p>\n<p><a href='http:\/\/ski.inmontanis.info\/d\/222166-3\/DSC01499.jpg'><img src=http:\/\/ski.inmontanis.info\/d\/222165-3\/DSC01499.jpg \/><\/a><br \/>\n^ Am Ende der DSB gibt&#8217;s einen kleinen Mattenhang zum Abbremsen<\/p>\n<p><a href='http:\/\/ski.inmontanis.info\/d\/222170-3\/ge20161231b.jpg'><img src=http:\/\/ski.inmontanis.info\/d\/222169-3\/ge20161231b.jpg \/><\/a><br \/>\n^ GPS-Track 31.12.2016 (Gelb) und vorherige Besuche (Blau)<\/p>\n<p>Da ich noch Zeit hatte, bin ich noch kurz in das eine abzweigende Tal gefahren, wo noch ein SL in Betrieb sein k\u00f6nnte oder zumindest war:<\/p>\n<p><a href='http:\/\/ski.inmontanis.info\/d\/222174-3\/DSC01503.jpg'><img src=http:\/\/ski.inmontanis.info\/d\/222173-3\/DSC01503.jpg \/><\/a><br \/>\n^ Tal-SL in Bellino<\/p>\n<p><a href='http:\/\/ski.inmontanis.info\/d\/222178-3\/DSC01505.jpg'><img src=http:\/\/ski.inmontanis.info\/d\/222177-3\/DSC01505.jpg \/><\/a><br \/>\n^ Tal-SL in Bellino, k\u00f6nnte sein, dass der seit wenigen Jahren nun auch au\u00dfer Betrieb ist<\/p>\n<p>.. die anderen SL im Varaita-Tal (Casteldelfino, Valmala) sind ja schon l\u00e4nger geschlossen:<\/p>\n<p><a href='http:\/\/ski.inmontanis.info\/d\/62846-3\/P1280275.JPG'><img src=http:\/\/ski.inmontanis.info\/d\/62845-4\/P1280275.JPG \/><\/a><br \/>\n^ SL in Casteldelfino, mittlerweile abgebaut<\/p>\n<p><a href='http:\/\/ski.inmontanis.info\/d\/62860-3\/P1280281.JPG'><img src=http:\/\/ski.inmontanis.info\/d\/62858-4\/P1280281.JPG \/><\/a><br \/>\n^ SL in Valmala, aktueller Status unbekannt. Der w\u00e4re ja sehr interessant gewesen und h\u00e4tte ich sehr gerne heute Nachmittag besucht, wenn er noch in Betrieb w\u00e4re ..<\/p>\n<p>\u00dcbernachtet wird heute im agli Alteni bei Villafalletto um 48,- \u00dcF, war ich noch nie, aber meine anderen Hotels waren lt. booking.com alle voll oder hatten zu. Und auch sonst war fast nix zu bekommen, zumindest nicht zu halbwegs erschwinglichen Preisen.  Dass das Restaurant heute nur Silvestermen\u00fc hatte, hab ich auf deren Homepage schon gesehen, leider hatte ich erst nach der Buchung die Homepage aufgerufen, denn da fand ich auch den Zusatzhinweis beim Silvestermen\u00fc, dass es Musik mit DJ und Pasta-Buffet ab 3 Uhr gibt, wodurch ich schon Bedenken hatte. Essensm\u00e4\u00dfig hatte ich also gehofft, dass ich entweder noch an einem Supermarkt vorbei k\u00e4me oder im Hotel um 17 Uhr noch was in der Bar bekommen k\u00f6nnte (Panino+Croissant, hatte ja heute Mittag schon was) &#8211; die war dann aber doch schon zu und Supermarkt war auch keiner auf dem Weg.<\/p>\n<p>Die Frau an der Rezeption bot mir an, eine Pizzeria in Saluzzo zu reservieren, die vor deren Silvestermen\u00fc noch offen h\u00e4tten, was ich dann doch annahm, da ich nicht so satt war. Leider mitten im Zentrum und ca. 15-20min Autofahrt. Gro\u00dfe Auswahl hatten sie auch keine, nahm dann die 4 Formaggi, den Rest mitgenommen f\u00fcr morgen (Nachmittag).<\/p>\n<p>Fr\u00fchst\u00fcck gibt&#8217;s hier normalerweise von 7-9, so dass das Hotel eine halbwegs gute Lage f\u00fcr manches Skigebiet (Pontechianale, Crissolo, Pian Mun\u00e9) h\u00e4tte. Internet ist auch schnell. Zimmer ist auch gro\u00df und sch\u00f6n, aber mit vielen Luftparf\u00fcmierern versehen, was ja meist ein Hinweis darauf ist, dass man irgendeinen Schimmelgeruch \u00fcberdecken will. Dusche ist gro\u00df (mit steinerner Sitzgelegenheit), aber mit fix installiertem Duschkopf.<\/p>\n<p><a href='http:\/\/extra.inmontanis.info\/d\/40202-2\/DSC01507.jpg'><img src=http:\/\/extra.inmontanis.info\/d\/40201-3\/DSC01507.jpg \/><\/a><br \/>\n^ Hotelzimmer<\/p>\n<p><a href='http:\/\/extra.inmontanis.info\/d\/40206-2\/DSC01508.jpg'><img src=http:\/\/extra.inmontanis.info\/d\/40205-3\/DSC01508.jpg \/><\/a><br \/>\n^ Hotelzimmer<\/p>\n<p>Morgen gibt&#8217;s das Fr\u00fchst\u00fcck erst ab 8 Uhr. Das war so ein bisschen die Grenze, die ich mir vornahm, da ich bis Pragelato ca. 1,5h Fahrt hab; wenn ich dort die Tageskarte ab 10 Uhr nehmen w\u00fcrde und noch um 8 Uhr fr\u00fchst\u00fccken w\u00fcrde, sollte ich also bis ca. 10\/10:30 dort sein. Ich hoffe, dass aufgrund der Silvesternacht alle etwas sp\u00e4ter kommen und man noch einen Parkplatz bekommt. Das war auch so etwas die Bef\u00fcrchtung, warum ich mich gegen diese Option f\u00fcr n\u00e4chsten Freitag oder Sonntag entschied &#8211; glaub da k\u00f6nnte jetzt am Neujahrstag um 10\/10:30 noch am ehesten ein Parkplatz zu bekommen sein. Schad, dass der eine tiefergelegene SL in Pian Mun\u00e9 wieder nicht er\u00f6ffnet wird heuer. Wobei aktuell ja der Schnee nicht reichen w\u00fcrde, ist ja an der DSB schon kaum noch vorhanden. Und nur wg. des SL oben lohnt sich ein ganzer Tag morgen leider auch nicht.<\/p>\n<p>Interssanterweise hatte ich eine Variante nie \u00fcberlegt: H\u00e4tte ja auch heute nochmal einen ganzen Tag in der Vialattea verbringen k\u00f6nnen und dann morgen Pontechianale. H\u00e4tte fr\u00fchst\u00fcck- und heimfahrm\u00e4\u00dfig alles vielleicht etwas besser gepasst.<\/p>\n<p>Zur\u00fcck zur heutigen Qual-Nacht. Als ich um 23 Uhr ins Bett ging, nervte schon mal ein dauerndes Hundegebell, ich schlief aber ein. Hatte gehofft, dass mich dann der L\u00e4rm nicht aufwecken w\u00fcrde. Gegen Mitternacht wurde ich dann aber von dem nervigen DJ geweckt, der laut in das Mikro br\u00fcllte. Auch in Folge war die Musik lauter als gegen 23 Uhr. An Schlaf war hier im Zimmer f\u00fcr mich nicht zu denken.<\/p>\n<p>Gegen 1.40 Uhr hab ich die Decke gepackt und bin ins Auto geflohen, da ich ja annehmen musste, dass es noch bis mindestens 3 Uhr so weiter geht. Schlafsack hatte ich leider nicht dabei, hatte gehofft in Skikleidung und mit 2 Decken w\u00fcrde es auch gehen. Es hatte aber ein paar Grad unter 0 und mehr schlecht als recht hab ich ca. 1 St\u00fcndchen geschlafen. Gegen 3:20 Uhr wurde es mir doch zu kalt und ich bin wieder ins Zimmer, es gab weiterhin laute Musik (wenn auch etwas leiser, aber der Bass ist das, was beim Einschlafen nervt). Um 4:15 schrieb ich eine genervte Mail an booking.com, dass das Zimmer heute nie h\u00e4tte \u00fcber booking.com vermietet werden d\u00fcrfen. Gegen 4:30 \/ 5 Uhr war dann endlich Ruhe und ich konnte nochmal etwas schlafen, bevor ich um 7:40 aufstand, um um 8 Uhr fr\u00fchzust\u00fccken (Buffet war kleiner als im Glicini, keine Semmeln, daf\u00fcr Toast, sonst noch genug Auswahl).<\/p>\n<p><em>Am Montag dann ein Anruf von Booking.com &#8211; sie h\u00e4tten mit dem Hotel gesprochen und ich bekomm entweder eine zweite \u00dcbernachtung gratis oder diese ersetzt. Da es wohl einfacher ist, diese jetzt ersetzt zu bekommen, weil ich ja auch gar nicht wei\u00df, ob ich heuer noch mal in die Gegend komme, warte ich nun auf die R\u00fcckerstattung &#8211; dann werde ich das Hotel auch nochmals besuchen. Aber vorher auf der Homepage schauen, dass nicht wieder irgendein Nacht-Event ist.<\/em><\/p>\n<p>(Fortsetzung folgt.)<\/p>\n","protected":false},"excerpt":{"rendered":"<p>Jahreswechsel 2016\/17 &#8211; Kapitel 2 Teil 2: Sa, 31.12.2016 &#8211; Pontechianale<\/p>\n<p>Gegen 9:30 war ich in Pontechianale. Zuvor im Tal lag ab ca. 600m Schnee, aber in Pontechianale, auf ca. 1600m, war die Talabfahrt die letzten paar hundert H\u00f6henmeter leiter komplett aper &#8211; also nix, was sich auch mit gutem Gewissen noch h\u00e4tte vern\u00fcnftig machen <a href=\"http:\/\/blog.inmontanis.info\/?p=4110\">[&#8230;]<\/a><\/p>\n","protected":false},"author":1,"featured_media":0,"comment_status":"closed","ping_status":"closed","sticky":false,"template":"","format":"standard","meta":{"footnotes":""},"categories":[158,15,59,421,27],"tags":[38,80,47],"class_list":["post-4110","post","type-post","status-publish","format-standard","hentry","category-2016-12-jahreswechsel","category-italienitaly","category-nostalgie","category-pontechianale","category-skifahren-winterskiing-winter","tag-dsb","tag-marchisio","tag-sl","odd"],"_links":{"self":[{"href":"http:\/\/blog.inmontanis.info\/index.php?rest_route=\/wp\/v2\/posts\/4110","targetHints":{"allow":["GET"]}}],"collection":[{"href":"http:\/\/blog.inmontanis.info\/index.php?rest_route=\/wp\/v2\/posts"}],"about":[{"href":"http:\/\/blog.inmontanis.info\/index.php?rest_route=\/wp\/v2\/types\/post"}],"author":[{"embeddable":true,"href":"http:\/\/blog.inmontanis.info\/index.php?rest_route=\/wp\/v2\/users\/1"}],"replies":[{"embeddable":true,"href":"http:\/\/blog.inmontanis.info\/index.php?rest_route=%2Fwp%2Fv2%2Fcomments&post=4110"}],"version-history":[{"count":3,"href":"http:\/\/blog.inmontanis.info\/index.php?rest_route=\/wp\/v2\/posts\/4110\/revisions"}],"predecessor-version":[{"id":4113,"href":"http:\/\/blog.inmontanis.info\/index.php?rest_route=\/wp\/v2\/posts\/4110\/revisions\/4113"}],"wp:attachment":[{"href":"http:\/\/blog.inmontanis.info\/index.php?rest_route=%2Fwp%2Fv2%2Fmedia&parent=4110"}],"wp:term":[{"taxonomy":"category","embeddable":true,"href":"http:\/\/blog.inmontanis.info\/index.php?rest_route=%2Fwp%2Fv2%2Fcategories&post=4110"},{"taxonomy":"post_tag","embeddable":true,"href":"http:\/\/blog.inmontanis.info\/index.php?rest_route=%2Fwp%2Fv2%2Ftags&post=4110"}],"curies":[{"name":"wp","href":"https:\/\/api.w.org\/{rel}","templated":true}]}}