{"id":4103,"date":"2016-12-26T18:22:44","date_gmt":"2016-12-26T17:22:44","guid":{"rendered":"http:\/\/blog.inmontanis.info\/?p=4103"},"modified":"2023-02-18T18:57:11","modified_gmt":"2023-02-18T17:57:11","slug":"san-giacomo-frabosa-26-12-2016","status":"publish","type":"post","link":"http:\/\/blog.inmontanis.info\/?p=4103","title":{"rendered":"San Giacomo &#038; Frabosa, 26.12.2016"},"content":{"rendered":"<p><em>Jahreswechsel 2016\/17 &#8211; Kapitel 1 Teil 3: Mo, 26.12.2016 &#8211; San Giacomo di Roburent &#038; Frabosa<\/em><\/p>\n<p>Zur Wahl standen also heute <\/p>\n<p>a) Tageskarte Gesamt-Gebiet SanGiacomo 23,- \u20ac und meistens ist mir das f\u00fcr einen Tag zu langweilig<br \/>\nb) Tageskarte Gesamt-Gebiet SanGiacomo 23,- \u20ac und danach 1h (10,50) = 33,50 zum ESL in Frabosa<br \/>\nc) Tageskarte Cardini-Sektor SanGiacomo 17,- \u20ac und danach 1h (10,50) = 27,50 zum ESL in Frabosa<br \/>\nd) Tageskarte Cardini-Sektor SanGiacomo 17,- \u20ac und danach 2h (18,50) = 35,50 zum ESL in Frabosa<br \/>\ne) Vormittagskarte Gesamt-Gebiet SanGiacomo 18,- \u20ac und danach 1h oder 2h Frabosa (28,50 bzw. 36,50)<br \/>\nf) 3h (25,-) Frabosa und Nachmittagskarte Cardini-Sektor SanGiacomo 15,- = 40,-<br \/>\ng) Tageskarte Frabosa\/Mondole 33,- mit Schwerpunkt ESL + evtl. nochmal die DSBs daneben<br \/>\n( h) Halbtageskarte Saint Gr\u00e9e 10,- + 3h Frabosa (25) = 35,- )<\/p>\n<p>(\u00dcbrigens, die Skipasspreise haben sich seit meinen ersten Besuchen in der Saison 2005\/2006 kaum ver\u00e4ndert!)<\/p>\n<p>Bei den Varianten b+d+e+f muss man sich die Frage stellen: Ist mir der Mehrpreis wert, ein bissl in San Giacomo statt f\u00fcr g\u00fcnstiger den ganten Tag in Frabosa (am ESL) zu fahren?<\/p>\n<p>Unter &#8220;normalen&#8221; Umst\u00e4nden, sp\u00e4ter in der Saison, mit sonnigerem ESL, h\u00e4tte ich wohl nochmal die TK in Frabosa genommen.<br \/>\nAber jetzt ist der Moro ja so schattig. So nahm ich mir gestern vor, das Wetter am Morgen abzuwarten &#8211; wenn es sonnig und &#8220;blauhimmelig&#8221; ist, w\u00fcrde ich erst San Giacomo fahren und dann noch Monte Moro. Wenn es so schleierwolkig bedeckt wie gestern ist, gleich Monte Moro, weil man ja dann eh kaum Sonne verpasst.<\/p>\n<p>Nun, es war morgens doch etwas sonniger, auch die Semmel schmeckte besser (weil heute nicht mikrowellengew\u00e4rmt), noch besser war Kuchen &#038; Co, den ich heute erbat. Dann also nach San Giacomo und die Vormittagskarte um 18,- f\u00fcr beide Teilgebiete gekauft. H\u00e4tt ich mal drauf verzichtet. Im Cardini-Sektor war keine Piste frisch pr\u00e4pariert, im Colme-Sektor gerade deren zwei. Das, was nicht pr\u00e4pariert war, war entweder eisig gefroren oder einsinkgef\u00e4hrdet. Das, was pr\u00e4pariert war, ging prinzipiell wesentlich besser, aber auch hier und da einsinkgef\u00e4hrdet. Damit landet das Gebiet f\u00fcr n\u00e4chste Saison auf meiner Sperrliste.<\/p>\n<p>(Fotos anklicken zum Vergr\u00f6\u00dfern)<\/p>\n<p><a href='http:\/\/ski.inmontanis.info\/d\/221764-3\/DSC01245.jpg'><img src=http:\/\/ski.inmontanis.info\/d\/221763-3\/DSC01245.jpg \/><\/a><br \/>\n^ Blick zur DSB Monte Alpet<\/p>\n<p><a href='http:\/\/ski.inmontanis.info\/d\/221768-3\/DSC01246.jpg'><img src=http:\/\/ski.inmontanis.info\/d\/221767-3\/DSC01246.jpg \/><\/a><br \/>\n^ DSB Monte Alpet<\/p>\n<p><a href='http:\/\/ski.inmontanis.info\/d\/221772-3\/DSC01249.jpg'><img src=http:\/\/ski.inmontanis.info\/d\/221771-3\/DSC01249.jpg \/><\/a><br \/>\n^ Bergstations-Pano. Leider nix frisch pr\u00e4pariert und hart gefroren<\/p>\n<p><a href='http:\/\/ski.inmontanis.info\/d\/221776-3\/DSC01250.jpg'><img src=http:\/\/ski.inmontanis.info\/d\/221775-3\/DSC01250.jpg \/><\/a><br \/>\n^ Linke Abfahrt an der unteren DSB Colm\u00e9, eine von zwei frisch pr\u00e4parierten Abfahrten heute.<\/p>\n<p><a href='http:\/\/ski.inmontanis.info\/d\/221780-3\/DSC01252.jpg'><img src=http:\/\/ski.inmontanis.info\/d\/221779-3\/DSC01252.jpg \/><\/a><br \/>\n^ Auch heute wieder Nebelmeer im Bereich Savona-Genua etc.<\/p>\n<p><a href='http:\/\/ski.inmontanis.info\/d\/221784-3\/DSC01255.jpg'><img src=http:\/\/ski.inmontanis.info\/d\/221783-3\/DSC01255.jpg \/><\/a><br \/>\n^ Zwischen SL Pineta und SL Sapel, nicht mal die \u00dcbungsh\u00e4nge wurden pr\u00e4pariert. Dahinter DSB Colme<\/p>\n<p><a href='http:\/\/ski.inmontanis.info\/d\/221788-3\/DSC01258.jpg'><img src=http:\/\/ski.inmontanis.info\/d\/221787-3\/DSC01258.jpg \/><\/a><br \/>\n^ Verbindung Colme &#8211; Cardini, oben SL Pianea<\/p>\n<p><a href='http:\/\/ski.inmontanis.info\/d\/221826-2\/DSC02869.jpg'><img src=http:\/\/ski.inmontanis.info\/d\/221825-3\/DSC02869.jpg \/><\/a><br \/>\n^ IR-Pano \u00fcber die Po-Ebene, die Fernsicht war heute sehr gut<\/p>\n<p><a href='http:\/\/ski.inmontanis.info\/d\/221796-3\/DSC01253.jpg'><img src=http:\/\/ski.inmontanis.info\/d\/221795-3\/DSC01253.jpg \/><\/a><br \/>\n^ So konnte man problemlos zum Bernina, ca. 285 km entfernt, schauen.<\/p>\n<p><a href='http:\/\/ski.inmontanis.info\/d\/221800-3\/DSC02876.jpg'><img src=http:\/\/ski.inmontanis.info\/d\/221799-3\/DSC02876.jpg \/><\/a><br \/>\n^ IR-Pano zu Bernina<\/p>\n<p><a href='http:\/\/ski.inmontanis.info\/d\/221830-2\/DSC02889.jpg'><img src=http:\/\/ski.inmontanis.info\/d\/221829-3\/DSC02889.jpg \/><\/a><br \/>\n^ IR-Zoom zu Bernina, ca. 285 km entfernt<\/p>\n<p><a href='http:\/\/ski.inmontanis.info\/d\/221805-3\/DSC02878.jpg'><img src=http:\/\/ski.inmontanis.info\/d\/221804-3\/DSC02878.jpg \/><\/a><br \/>\n^ IR-Zoom \u00fcber die Ebene<\/p>\n<p><a href='http:\/\/ski.inmontanis.info\/d\/221809-3\/DSC01261.jpg'><img src=http:\/\/ski.inmontanis.info\/d\/221808-3\/DSC01261.jpg \/><\/a><br \/>\n^ Auch den Adamello, ca. 295 km entfernt, konnte man mit blo\u00dfem Auge sehen<\/p>\n<p><a href='http:\/\/ski.inmontanis.info\/d\/221813-3\/DSC02885.jpg'><img src=http:\/\/ski.inmontanis.info\/d\/221812-3\/DSC02885.jpg \/><\/a><br \/>\n^ IR-Zoom Adamello, ca. 295 km entfernt<\/p>\n<p><a href='http:\/\/ski.inmontanis.info\/d\/221834-2\/DSC01263.jpg'><img src=http:\/\/ski.inmontanis.info\/d\/221833-3\/DSC01263.jpg \/><\/a><br \/>\n^ SL Cronista<\/p>\n<p><a href='http:\/\/ski.inmontanis.info\/d\/221818-3\/DSC01265.jpg'><img src=http:\/\/ski.inmontanis.info\/d\/221817-3\/DSC01265.jpg \/><\/a><br \/>\n^ Graffer-SL Alpet, nat\u00fcrlich das Highlight hier mit seinen alten Marchisio-St\u00fctzen, vmtl. der letzte seiner Art<\/p>\n<p><a href='http:\/\/ski.inmontanis.info\/d\/221822-3\/ge20161226a.jpg'><img src=http:\/\/ski.inmontanis.info\/d\/221821-3\/ge20161226a.jpg \/><\/a><br \/>\n^ GPS-Track 26.12.2016 (Gelb) und vorherige Besuche (Blau)<\/p>\n<p><a href='http:\/\/ski.inmontanis.info\/d\/221760-2\/DSC01251.jpg'><img src=http:\/\/ski.inmontanis.info\/d\/221759-3\/DSC01251.jpg \/><\/a><br \/>\n^ Zoom von San Giacomo zu St. Gree. Viel zu sp\u00e4t wurde mit den Arbeiten am neuen SL begonnen; angeblich soll er in diesen Winter noch in Betrieb gehen, aber die St\u00fctzen stehen ja noch nicht mal :-(<\/p>\n<p>Nachmittags bin ich also nochmal zum Monte Moro in Frabosa r\u00fcber und hab mir die 2-Stunden-Karte um 18,50 gekauft (bei der altbekannten Whoopie-Goldberg-Doppelg\u00e4ngerin an der ESL-Kasse). Was die Pisten anbelangt, leider nicht so gut wie auf der Malanotte-Seite gestern Nachmittag, und generell umgekehrt zu vorgestern: Die, die vorgestern am schlechtesten waren, waren heute am besten. Die beste vorgestern war heute die schlechteste. An dieser war es auf der Piste n\u00e4mlich nicht aufgeweicht, sondern unsch\u00f6n gefroren, wenn auch halbwegs pr\u00e4pariert. Kurioserweise war der Tiefschnee neben der Piste komplett nass und weich.  Bin dann 4x den ESL und 1x die DSB gefahren. Bei einer 1h-Karte schafft man, wenn man z\u00fcgig ist, den ESL 3x. Bei einer 2h-Karte 5x, oder 4x und 2x die DSB.<\/p>\n<p><a href='http:\/\/ski.inmontanis.info\/d\/221838-3\/DSC01266.jpg'><img src=http:\/\/ski.inmontanis.info\/d\/221837-3\/DSC01266.jpg \/><\/a><br \/>\n^ Abfahrt am ESL<\/p>\n<p><a href='http:\/\/ski.inmontanis.info\/d\/221842-3\/DSC01269.jpg'><img src=http:\/\/ski.inmontanis.info\/d\/221841-3\/DSC01269.jpg \/><\/a><br \/>\n^ DSB Paskireaux \/ ESL Monte Moro. Hier ats seit vorgestern um eingies weniger Schnee &#8211; bei den Temperaturen kein Wunder.<\/p>\n<p><a href='http:\/\/ski.inmontanis.info\/d\/221846-3\/DSC01270.jpg'><img src=http:\/\/ski.inmontanis.info\/d\/221845-3\/DSC01270.jpg \/><\/a><br \/>\n^ Von dem im mittleren Teil zum ESL parallelen SL liegen doch noch fast etliche St\u00fctzen rum.<\/p>\n<p><a href='http:\/\/ski.inmontanis.info\/d\/221883-2\/DSC01274.jpg'><img src=http:\/\/ski.inmontanis.info\/d\/221882-3\/DSC01274.jpg \/><\/a><br \/>\n^ Ex-SL links des ESL<\/p>\n<p><a href='http:\/\/ski.inmontanis.info\/d\/221854-3\/DSC01275.jpg'><img src=http:\/\/ski.inmontanis.info\/d\/221853-3\/DSC01275.jpg \/><\/a><br \/>\n^ Ex-SL links des ESL<\/p>\n<p><a href='http:\/\/ski.inmontanis.info\/d\/221858-3\/DSC01280.jpg'><img src=http:\/\/ski.inmontanis.info\/d\/221857-3\/DSC01280.jpg \/><\/a><br \/>\n^ Ex-SL links des ESL<\/p>\n<p><a href='http:\/\/ski.inmontanis.info\/d\/221862-3\/DSC01284.jpg'><img src=http:\/\/ski.inmontanis.info\/d\/221861-3\/DSC01284.jpg \/><\/a><br \/>\n^ Ex-SL links des ESL<\/p>\n<p><a href='http:\/\/ski.inmontanis.info\/d\/221866-3\/DSC01289.jpg'><img src=http:\/\/ski.inmontanis.info\/d\/221865-3\/DSC01289.jpg \/><\/a><br \/>\n^ Ex-SL links des ESL<\/p>\n<p><a href='http:\/\/ski.inmontanis.info\/d\/221887-2\/DSC01318.jpg'><img src=http:\/\/ski.inmontanis.info\/d\/221886-3\/DSC01318.jpg \/><\/a><br \/>\n^ Ex-SL links des ESL<\/p>\n<p><a href='http:\/\/ski.inmontanis.info\/d\/221871-3\/DSC02903.jpg'><img src=http:\/\/ski.inmontanis.info\/d\/221870-3\/DSC02903.jpg \/><\/a><br \/>\n^ IR-Zoom \u00fcber die Ebene, allerdings mit Lufstpiegelung etwas falsch ;)<\/p>\n<p><a href='http:\/\/ski.inmontanis.info\/d\/221891-2\/DSC01305.jpg'><img src=http:\/\/ski.inmontanis.info\/d\/221890-3\/DSC01305.jpg \/><\/a><br \/>\n^ ESL Monte Moro. Hatte gerade einen Zwischenstopp..<\/p>\n<p><a href='http:\/\/ski.inmontanis.info\/d\/221895-2\/DSC01313.jpg'><img src=http:\/\/ski.inmontanis.info\/d\/221894-3\/DSC01313.jpg \/><\/a><br \/>\n^ ESL Monte Moro. Noch eine Verl\u00e4ngerung wird der bei diesen rostigen St\u00fctzen wohl nicht mehr bekommen :-(<\/p>\n<p>Gegen 15:30 Uhr ging es dann wieder heimw\u00e4rts, diesmal die k\u00fcrzere Strecke \u00fcber St. Moritz. Testweise einmal zwischen Alba und Asti das kurze St\u00fcck Mautautobahn um 2,50 umfahren, danach bis Mailand 8,80 Maut, mehr nicht, da ich Mailand die kurze Nordtangente auch umfahren hab, wenn auch mit etwas Verkehr, aber den kann man anders auch haben.<br \/>\nDie Strecke \u00fcber St. Moritz ist ja 50km k\u00fcrzer als via Bernardino und lt. navi nur ca. 10min l\u00e4nger (20min, wenn man durch den Arlbergtunnel f\u00e4rt) &#8211; hat nebenbei eben den Vorteil, dass man nur einen Pass fahren muss. \u00dcber Mailand heute kein Stau. Leider gabs um 17:45 an der Br\u00fcckenrastst\u00e4tte vor Mailand noch nichts zum essen, daher eine Pizzeria nach Chiavenna besucht, die nun ebenfalls auf der Sperrliste landet. \u00dcbern maloja und um St. Moritz wars durch Weihachten doch etwas voller als letztes Jahr da im M\u00e4rz, als ich diese Strecke mehrmals fuhr. Und auch einige Langsamfahrer, musste ca. 7-8x \u00fcberholen, 2-3 haben sich von selbst erledigt, 1x wurde ich \u00fcberholt (der hatte es eilig, wollte zur vereina-bahnverladung). Zeitverlust hatte ich keinen (?) &#8211; also trotz Besitz der CH-Vignette macht aus den Alpi Mondovi kommend die Strecke via Maloja m.E. am meisten Sinn. Klar gehts \u00fcbern Brenner schneller, 1,5h schneller, aber auch 30,- \u20ac oder so mehr maut. Und angenehmer find ich die strecke \u00fcbern Maloja. Mag sich \u00e4ndern, wenn ich dann demn\u00e4chst keine Automatik mehr hab ;)<\/p>\n<p><a href='http:\/\/extra.inmontanis.info\/d\/40169-2\/DSC01324.jpg'><img src=http:\/\/extra.inmontanis.info\/d\/40168-3\/DSC01324.jpg \/><\/a><br \/>\n^ Heimfahrt, 47min dauerte das Abendessen um 0:10 war ich dann daheim, also etwas schneller, als das Navi sagte, obwohl ich sogar noch das eine kurze Mautst\u00fcck zwischen Alba und Asti umfahren hab.<\/p>\n<p>Jetzt 3 Tage arbeiten und n\u00e4chstes WE \u00fcber Silvester wieder 3 Tage Piemont &#8211; und das WE drauf dann evtl. Frankreich &#8211; mit dem neuen Auto.<\/p>\n<p>(Fortsetzung mit Kapitel 2 folgt.)<\/p>\n","protected":false},"excerpt":{"rendered":"<p>Jahreswechsel 2016\/17 &#8211; Kapitel 1 Teil 3: Mo, 26.12.2016 &#8211; San Giacomo di Roburent &#038; Frabosa<\/p>\n<p>Zur Wahl standen also heute <\/p>\n<p>a) Tageskarte Gesamt-Gebiet SanGiacomo 23,- \u20ac und meistens ist mir das f\u00fcr einen Tag zu langweilig b) Tageskarte Gesamt-Gebiet SanGiacomo 23,- \u20ac und danach 1h (10,50) = 33,50 zum ESL in Frabosa c) <a href=\"http:\/\/blog.inmontanis.info\/?p=4103\">[&#8230;]<\/a><\/p>\n","protected":false},"author":1,"featured_media":0,"comment_status":"closed","ping_status":"closed","sticky":false,"template":"","format":"standard","meta":{"footnotes":""},"categories":[158,15,229,59,230,27,32],"tags":[38,35,90,47],"class_list":["post-4103","post","type-post","status-publish","format-standard","hentry","category-2016-12-jahreswechsel","category-italienitaly","category-mondole","category-nostalgie","category-roburent","category-skifahren-winterskiing-winter","category-lostplaces","tag-dsb","tag-esl","tag-infrarot","tag-sl","odd"],"_links":{"self":[{"href":"http:\/\/blog.inmontanis.info\/index.php?rest_route=\/wp\/v2\/posts\/4103","targetHints":{"allow":["GET"]}}],"collection":[{"href":"http:\/\/blog.inmontanis.info\/index.php?rest_route=\/wp\/v2\/posts"}],"about":[{"href":"http:\/\/blog.inmontanis.info\/index.php?rest_route=\/wp\/v2\/types\/post"}],"author":[{"embeddable":true,"href":"http:\/\/blog.inmontanis.info\/index.php?rest_route=\/wp\/v2\/users\/1"}],"replies":[{"embeddable":true,"href":"http:\/\/blog.inmontanis.info\/index.php?rest_route=%2Fwp%2Fv2%2Fcomments&post=4103"}],"version-history":[{"count":4,"href":"http:\/\/blog.inmontanis.info\/index.php?rest_route=\/wp\/v2\/posts\/4103\/revisions"}],"predecessor-version":[{"id":8540,"href":"http:\/\/blog.inmontanis.info\/index.php?rest_route=\/wp\/v2\/posts\/4103\/revisions\/8540"}],"wp:attachment":[{"href":"http:\/\/blog.inmontanis.info\/index.php?rest_route=%2Fwp%2Fv2%2Fmedia&parent=4103"}],"wp:term":[{"taxonomy":"category","embeddable":true,"href":"http:\/\/blog.inmontanis.info\/index.php?rest_route=%2Fwp%2Fv2%2Fcategories&post=4103"},{"taxonomy":"post_tag","embeddable":true,"href":"http:\/\/blog.inmontanis.info\/index.php?rest_route=%2Fwp%2Fv2%2Ftags&post=4103"}],"curies":[{"name":"wp","href":"https:\/\/api.w.org\/{rel}","templated":true}]}}