{"id":4097,"date":"2016-12-24T06:58:55","date_gmt":"2016-12-24T05:58:55","guid":{"rendered":"http:\/\/blog.inmontanis.info\/?p=4097"},"modified":"2023-08-03T21:51:42","modified_gmt":"2023-08-03T19:51:42","slug":"frabosa-24-12-2016","status":"publish","type":"post","link":"http:\/\/blog.inmontanis.info\/?p=4097","title":{"rendered":"Frabosa, 24.12.2016"},"content":{"rendered":"<p><em>Jahreswechsel 2016\/17 &#8211; Kapitel 1 Teil 1: Sa, 24.12.2016 &#8211; Frabosa<\/em><\/p>\n<p>Netterweise gab es (statt im Balkan, Appennin und Etna, wie erst vorhergesagt) diese Woche in meiner Lieblingsalpengegend, also im westlichen und s\u00fcdlichen Piemont, bis zu 1m Neuschnee mit Schneefallgrenze bis in die Ebene. Somit sollte viel aufgehen, wenn auch manches Skigebiet erst am 26. &#8211; und hier und da war eben noch nicht ganz klar was genau aufgehen wird.<\/p>\n<p>Angedacht f\u00fcr das heuer mit 3 Tagen sehr kurze Weihnachtswochenende war Pontechianale, Frabosa\/Mondole und evtl. Lurisia oder San Giacomo. Da auf dem Weg dort hin wg. Schneemangel weiterhin nichts brauchbares offen hat, musste ich also wieder fr\u00fch weg. Damit das leichter geht, bin ich die letzten 2 Tage wieder jeweils ca. 2 bzw. 4 Stunden fr\u00fcher aufgestanden und entsprechend fr\u00fcher ins Bett, so dass ich gestern 6 Stunden fr\u00fcher h\u00e4tte gehen k\u00f6nnen. Also um 19 Uhr, bzw. 18:40. Da hatte ich mir dann erst noch \u00fcberlegt, doch nicht Pontechianale zu fahren, sondern einfach die 3 Tage jetzt in den Alpi Mondovi zu bleiben und dann n\u00e4chstes WE die 3 Tage im Bereich Turin. Bl\u00f6derweise bin ich nach dem ersten Wegd\u00f6sen aus irgendeinem Grund wieder aufgewacht, so dass das richtige einschlafen nicht so einfach war. Wecker hatte ich auf 1:15 Uhr gestellt lassen.<\/p>\n<p>Ca. eine halbe Stunde sp\u00e4ter kam ich dann aus dem Haus. Zuvor hab ich aber noch kurz die \u00d6ffnungsstati gecheckt, denn ich wusste noch nicht, ob ich San Giacomo oder Frabosa fahren sollte. San Giacomo meldete Vollbetrieb mit allen Abfahrten. Frabosa im Prinzip auch, aber die Webcam zeigte gestern Abend noch keinerlei Pistenpr\u00e4parierung im unteren Bereich des ESL. Heute morgen dann auf der Homepage auf der \u00d6ffnungsinfo aber auch nochmal 8\/8 Lifte und 12\/12 Abfahrten gelesen. Da ich au\u00dferdem zeitig genug dran war, so dachte ich, w\u00fcrde ich heute eben dann nur einen Tag am ESL bleiben und morgen den restlichen Teil des Mondole-Skigebiets, speziell Artesina, besuchen. Ist ja auch ganz nett. Zumal der alte Leitner-SL wieder nicht ersetzt wurde ;-) Au\u00dferdem sollte man das besser noch die Tage besuchen, n\u00e4chstes oder \u00fcbern\u00e4chstes WE w\u00fcrde es da sicherlich sehr voll werden. <\/p>\n<p>Streckenvarianten gab es nat\u00fcrlich wieder einige, die Brenner-Variante aufgrund der h\u00f6chsten Mautkosten nat\u00fcrlich gleich mal weg, blieben noch 3, Angaben lt. Routenplaner inkl. Arlbergpass:<br \/>\nVia Schweiz, Bernardino, Varese, Turin (655km, 7:10, 24,35 IT-Maut)<br \/>\nVia Schweiz, Bernardino, Mailand, Alba (637km, 7:20, 16,50 IT-Maut)<br \/>\nVia Schweiz, Moritz\/Maloja, Mailand, Alba (580km, 7:40, 13,- IT-Maut bzw. 11,30)<\/p>\n<p>Mein Navi rechnet f\u00fcr alle Varianten aber etwas mehr Zeit.<\/p>\n<p>Das ist dann genau das, was ich schon letztes\/vorletztes Jahr festgestellt hatte: F\u00fcr die S\u00fcdalpen braucht man keine schweizer Vignette, da man genauso gut via Maloja fahren kann. Aber heute hab ich  mal die Bernardino-Alba-Variante ausprobiert. Ging auch ganz gut. Um 6:30 war ich bei Mailand, um 9:15 dann in Frabosa.<\/p>\n<p>Dort kaufte ich mir also ausnahmsweise eine 2-Tageskarte, kostete 62,- \u20ac (also 31,- pro Tag, statt 33,- f\u00fcr eine) und blieb den ganzen Tag im Moro-Sektor mit dem Marchisio-ESL und der Graffer-DSB zwischendrin. Es waren tats\u00e4chlich alle Abfahrten am ESL ge\u00f6ffnet, was f\u00fcr Weihnachten schon eher ungew\u00f6hnlich ist. Noch nicht pr\u00e4pariert und nicht offen waren allerdings die Verbindungsskiwege von und zu dem linken Skigebietsteil (au\u00dfer der ganz oben vom ESL aus r\u00fcber). Und leider, leider, war der Schnee wieder nicht so gut wie erwartet. Anscheinend war es die letzten Tage nach dem Schneefall nochmal etwas w\u00e4rmer (und\/oder es hatte mit zu viel Sturm geschneit), denn offpiste war das alles andere als Pulver. Sogar eine leichte Harschschicht war stellenweise drauf. Und in den unteren Bereichen waren die Pisten teils sehr knollig. Ein weiterer Nachteil: es ist sehr schattig jetzt zu Weihnachten. Wobei die Sonne heut eh nicht so ungest\u00f6rt schien.<\/p>\n<p>Nach der ersten Abfahrt hab ich somit nochmals den nervigen, steilen Fu\u00dfweg zum Auto gemacht und die Allmountains mit den Racecarvern ausgetauscht. Zudem meinen Rucksack etwas entleert, da das mit dem ESL-Fahren und dem schweren Rucksack doch nochmal eine Spur m\u00fchseliger ist.<\/p>\n<p>(Fotos anklicken zum Vergr\u00f6\u00dfern)<\/p>\n<p><a href='http:\/\/ski.inmontanis.info\/d\/221479-3\/DSC01032.jpg'><img src=http:\/\/ski.inmontanis.info\/d\/221478-3\/DSC01032.jpg \/><\/a><br \/>\n^ Monte Moro vom Tal aus<\/p>\n<p><a href='http:\/\/ski.inmontanis.info\/d\/221483-3\/DSC01036.jpg'><img src=http:\/\/ski.inmontanis.info\/d\/221482-3\/DSC01036.jpg \/><\/a><br \/>\n^ Parkplatz und Monte-Moro-ESL<\/p>\n<p><a href='http:\/\/ski.inmontanis.info\/d\/221487-3\/DSC01038.jpg'><img src=http:\/\/ski.inmontanis.info\/d\/221486-3\/DSC01038.jpg \/><\/a><br \/>\n^ Viel Sonne hat man im ESL zu Weihnachten nicht<\/p>\n<p><a href='http:\/\/ski.inmontanis.info\/d\/221491-3\/DSC01041.jpg'><img src=http:\/\/ski.inmontanis.info\/d\/221490-3\/DSC01041.jpg \/><\/a><br \/>\n^ ESL-Pano<\/p>\n<p><a href='http:\/\/ski.inmontanis.info\/d\/221495-3\/DSC01044.jpg'><img src=http:\/\/ski.inmontanis.info\/d\/221494-3\/DSC01044.jpg \/><\/a><br \/>\n^ Die linke der beiden rechten Abfahrten am ESL<\/p>\n<p><a href='http:\/\/ski.inmontanis.info\/d\/221572-2\/DSC01050.jpg'><img src=http:\/\/ski.inmontanis.info\/d\/221571-3\/DSC01050.jpg \/><\/a><\/p>\n<p><a href='http:\/\/ski.inmontanis.info\/d\/221503-3\/DSC01054.jpg'><img src=http:\/\/ski.inmontanis.info\/d\/221502-3\/DSC01054.jpg \/><\/a><br \/>\n^ Linke Abfahrt am ESL<\/p>\n<p><a href='http:\/\/ski.inmontanis.info\/d\/221568-3\/DSC01057.jpg'><img src=http:\/\/ski.inmontanis.info\/d\/221567-3\/DSC01057.jpg \/><\/a><br \/>\n^ DSB und ESL<\/p>\n<p><a href='http:\/\/ski.inmontanis.info\/d\/221508-3\/DSC01058.jpg'><img src=http:\/\/ski.inmontanis.info\/d\/221507-3\/DSC01058.jpg \/><\/a><br \/>\n^ Monte-Moro-Pano mit ESL-Abfahrt<\/p>\n<p><a href='http:\/\/ski.inmontanis.info\/d\/221512-3\/DSC01062.jpg'><img src=http:\/\/ski.inmontanis.info\/d\/221511-3\/DSC01062.jpg \/><\/a><br \/>\n^ Start der rechten Abfahrten am ESL<\/p>\n<p><a href='http:\/\/ski.inmontanis.info\/d\/221516-3\/DSC01066.jpg'><img src=http:\/\/ski.inmontanis.info\/d\/221515-3\/DSC01066.jpg \/><\/a><br \/>\n^ Rechte Abfahrten am ESL \/ Abzweigung<\/p>\n<p><a href='http:\/\/ski.inmontanis.info\/d\/221520-3\/DSC01072.jpg'><img src=http:\/\/ski.inmontanis.info\/d\/221519-3\/DSC01072.jpg \/><\/a><\/p>\n<p><a href='http:\/\/ski.inmontanis.info\/d\/221528-3\/DSC01080.jpg'><img src=http:\/\/ski.inmontanis.info\/d\/221527-3\/DSC01080.jpg \/><\/a><br \/>\n^ ESL-Pano<\/p>\n<p><a href='http:\/\/ski.inmontanis.info\/d\/221536-3\/DSC01088.jpg'><img src=http:\/\/ski.inmontanis.info\/d\/221535-3\/DSC01088.jpg \/><\/a><br \/>\n^ Monte Moro; links der obere Skiweg zu den linken DSBs, rechts die Stra\u00dfe von Prato Nevoso<\/p>\n<p><a href='http:\/\/ski.inmontanis.info\/d\/221540-3\/DSC01093.jpg'><img src=http:\/\/ski.inmontanis.info\/d\/221539-3\/DSC01093.jpg \/><\/a><\/p>\n<p><a href='http:\/\/ski.inmontanis.info\/d\/221544-3\/DSC01095.jpg'><img src=http:\/\/ski.inmontanis.info\/d\/221543-3\/DSC01095.jpg \/><\/a><br \/>\n^ ESL-Abfahrt mit Blick nach Cuneo und zum Monviso<\/p>\n<p><a href='http:\/\/ski.inmontanis.info\/d\/221548-3\/DSC01117.jpg'><img src=http:\/\/ski.inmontanis.info\/d\/221547-3\/DSC01117.jpg \/><\/a><br \/>\n^ Zoom nach Turin (ganz hinten im Dunst) und Matterhon (der schwarze Gipfel rechts der Bildmitte)<\/p>\n<p><a href='http:\/\/ski.inmontanis.info\/d\/221552-3\/DSC01123.jpg'><img src=http:\/\/ski.inmontanis.info\/d\/221551-3\/DSC01123.jpg \/><\/a><br \/>\n^ Monte-Moro-Pano<\/p>\n<p><a href='http:\/\/ski.inmontanis.info\/d\/221556-3\/DSC01125.jpg'><img src=http:\/\/ski.inmontanis.info\/d\/221555-3\/DSC01125.jpg \/><\/a><br \/>\n^ Die beiden rechten Abfahrten am ESL (Schneise links und rechts zu sehen)<\/p>\n<p><a href='http:\/\/ski.inmontanis.info\/d\/221560-3\/DSC01127.jpg'><img src=http:\/\/ski.inmontanis.info\/d\/221559-3\/DSC01127.jpg \/><\/a><br \/>\n^ Zoom Talstation Ex-SL Lusera (nicht das Haus hinten, sondern weiter vorne), der fehlt mir in diesem Bereich nach wie vor sehr.<\/p>\n<p><a href='http:\/\/ski.inmontanis.info\/d\/221564-3\/DSC01129.jpg'><img src=http:\/\/ski.inmontanis.info\/d\/221563-3\/DSC01129.jpg \/><\/a><br \/>\n^ Pistenzustand um 15:25 Uhr ;-)<\/p>\n<p><a href='http:\/\/ski.inmontanis.info\/d\/221576-2\/DSC01075.jpg'><img src=http:\/\/ski.inmontanis.info\/d\/221575-3\/DSC01075.jpg \/><\/a><br \/>\n^ Skiwege der linken Abfahrt am ESL<\/p>\n<p><a href='http:\/\/ski.inmontanis.info\/d\/221580-2\/DSC01084.jpg'><img src=http:\/\/ski.inmontanis.info\/d\/221579-3\/DSC01084.jpg \/><\/a><br \/>\n^ Abgesehen vom derzeit geschlossenen Skigebiet Garessio scheint man hinter dem Pass das Meer zu sehen.<\/p>\n<p>Vormittags bin ich kurz ins Restaurant an der Talstation und hab mir ein g\u00fcnstiges Pizza- bzw. besser gesagt Focaccia-St\u00fcck um 2,- (!) \u20ac und ein Schoko-Croissant um 1,- \u20ac gekauft. Nachmittags noch oben an der Bergstation rein, da gabs netterweise ein Salsiccia-Panino &#8211; auch g\u00fcnstig um 3,50.<\/p>\n<p>Im Tagesverlauf konte ich dann 7x den ESL und 3x die DSB fahren, sowie 1x den SL. Auf die letzte ESL-Fahrt verzichtete ich dann, da mir die F\u00fc\u00dfe bzw. Beine durch das fu\u00dfrasterlose Fahren eh schon weh taten. Lt. GPS hatte ich dann aber doch noch 50 km drauf &#8211; egtl. nicht schlecht f\u00fcr den heutigen Tag. Man f\u00e4hrt aber auch viel Skiwege am ESL.<\/p>\n<p>Nachdem mein \u00fcbliches Weihnachts-Hotel (Gelsi) auf booking.com keine HP mehr anbietet (sondern nur noch das Zmmer ohne Fr\u00fchst\u00fcck um 37,-, auch die n\u00e4chsten beiden WE so) und ich bef\u00fcrchtet hatte, dass sie wg. mir abends nicht kochen werden (war sonst au\u00dfer mir maximal noch ein weiterer Tisch belegt), hab ich mein Gl\u00fcck erst nach dem Skifahren im anderen Hotel mit dem guten Abendessen (Peso) probiert, das leider nach wie vor nicht auf booking.com ist. Zimmer hab ich auch problemlos f\u00fcr 2 Tage bekommen, aber das Restaurant ist heute und morgen Abend leider geschlossen. Hatte ich schon fast bef\u00fcrchtet, die Italiener gehen am 25. zu Mittag gro\u00df essen, da wird am 24. und 25. abends nicht viel los sein. Aber es soll genug Pizzerien in der Gegend geben, die zumindest heute offen haben sollten.<\/p>\n<p>Bin dann in die n\u00e4chste Pizzeria. Nun wei\u00df ich zwar, dass man in normalen Restaurants in Italien vor 19 Uhr nichts bekommt. Pizzerien dagegen haben schon oft ab 18:30 oder 18 Uhr was. In dieser war es etwas kurioser, als ich um 18:45 da war. Es sind schon etliche Leute mit bestellten Pizzen rausgegangen. Ich sollte dann aber noch 10 Minuten warten. Soll mir ja recht sein, aber wieso an der bar? Wieso darf ich mich nicht schon hinsetzen und die Karte 10 Minuten lang studieren? Muss man nicht verstehen. Bin dann in den Supermarkt nebendran und hab ein paar Naschsachen gekauft. Nachdem 4 oder 5 Bedienungen in der Pizzeria waren (die die ganze zeit miteinander geschnattert haben), geh ich mal davon aus, dass hier doch noch einiges los sein wird heute Abend. Die Bestellung wurde dann jedenfalls schnell ausgegeben &#8211; das riesige Restaurant war ja auch noch fast komplett leer.<\/p>\n<p>Da ich bereits Salsiccia-Panino heute hatte, nahm ich eine Pizza mit irgendeiner Tr\u00fcffelcreme und Spiegelei, die 7,50 \u20ac kostete. Was mich dann ausnahmsweise nicht wirklich satt machte und daher noch ein Tiramisu um 4,- \u20ac folgte. Die 0,75l San Pellegrino Flasche war mit 1,- g\u00fcnstig, das Gedeck mit 1,- kam dazu. <\/p>\n<p>Morgen werd ich dann gleich an den linken DSBs parken und den ESL nicht fahren, vielleicht komm ich im Feb\/M\u00e4rz nochmal her. Am Montag dann je nach \u00d6ffnungsstatus entweder Lurisia oder San Giacomo. Obwohl ich letztes Jahr ja meinte, dass ich San Giacomo dieses Jahr mal auslassen sollte. In St. Gree ist der neue SL auch noch nicht fertig, vielleicht im Laufe der Saison, das will ich noch abwarten. Garessio geht heuer wieder gar nichts. Bliebe noch Argentera, die haben nun auch best\u00e4tigt, dass die DSB und der obere SL offen ist. W\u00e4re aber etwas l\u00e4nger anzufahren und auch f\u00fcr den Heimweg nicht so gut gelegen. Evtl. was f\u00fcr das \u00fcbern\u00e4chste WE in  Kombination mit Frankreich, je nachdem wo es mich wetter- und schneem\u00e4\u00dfig dann hinverschl\u00e4gt.<\/p>\n<p>(Fortsetzung folgt.)<\/p>\n","protected":false},"excerpt":{"rendered":"<p>Jahreswechsel 2016\/17 &#8211; Kapitel 1 Teil 1: Sa, 24.12.2016 &#8211; Frabosa<\/p>\n<p>Netterweise gab es (statt im Balkan, Appennin und Etna, wie erst vorhergesagt) diese Woche in meiner Lieblingsalpengegend, also im westlichen und s\u00fcdlichen Piemont, bis zu 1m Neuschnee mit Schneefallgrenze bis in die Ebene. Somit sollte viel aufgehen, wenn auch manches Skigebiet erst am 26. <a href=\"http:\/\/blog.inmontanis.info\/?p=4097\">[&#8230;]<\/a><\/p>\n","protected":false},"author":1,"featured_media":0,"comment_status":"closed","ping_status":"closed","sticky":false,"template":"","format":"standard","meta":{"footnotes":""},"categories":[158,15,229,59,27],"tags":[38,35,91,80,47],"class_list":["post-4097","post","type-post","status-publish","format-standard","hentry","category-2016-12-jahreswechsel","category-italienitaly","category-mondole","category-nostalgie","category-skifahren-winterskiing-winter","tag-dsb","tag-esl","tag-graffer","tag-marchisio","tag-sl","odd"],"_links":{"self":[{"href":"http:\/\/blog.inmontanis.info\/index.php?rest_route=\/wp\/v2\/posts\/4097","targetHints":{"allow":["GET"]}}],"collection":[{"href":"http:\/\/blog.inmontanis.info\/index.php?rest_route=\/wp\/v2\/posts"}],"about":[{"href":"http:\/\/blog.inmontanis.info\/index.php?rest_route=\/wp\/v2\/types\/post"}],"author":[{"embeddable":true,"href":"http:\/\/blog.inmontanis.info\/index.php?rest_route=\/wp\/v2\/users\/1"}],"replies":[{"embeddable":true,"href":"http:\/\/blog.inmontanis.info\/index.php?rest_route=%2Fwp%2Fv2%2Fcomments&post=4097"}],"version-history":[{"count":3,"href":"http:\/\/blog.inmontanis.info\/index.php?rest_route=\/wp\/v2\/posts\/4097\/revisions"}],"predecessor-version":[{"id":5004,"href":"http:\/\/blog.inmontanis.info\/index.php?rest_route=\/wp\/v2\/posts\/4097\/revisions\/5004"}],"wp:attachment":[{"href":"http:\/\/blog.inmontanis.info\/index.php?rest_route=%2Fwp%2Fv2%2Fmedia&parent=4097"}],"wp:term":[{"taxonomy":"category","embeddable":true,"href":"http:\/\/blog.inmontanis.info\/index.php?rest_route=%2Fwp%2Fv2%2Fcategories&post=4097"},{"taxonomy":"post_tag","embeddable":true,"href":"http:\/\/blog.inmontanis.info\/index.php?rest_route=%2Fwp%2Fv2%2Ftags&post=4097"}],"curies":[{"name":"wp","href":"https:\/\/api.w.org\/{rel}","templated":true}]}}