{"id":4093,"date":"2016-12-18T21:35:10","date_gmt":"2016-12-18T20:35:10","guid":{"rendered":"http:\/\/blog.inmontanis.info\/?p=4093"},"modified":"2023-08-06T21:23:45","modified_gmt":"2023-08-06T19:23:45","slug":"kappl-ischgl-17-18-12-2016","status":"publish","type":"post","link":"http:\/\/blog.inmontanis.info\/?p=4093","title":{"rendered":"Kappl + Ischgl, 17.+18.12.2016"},"content":{"rendered":"<p>Am Samstag ging&#8217;s nach Kappl, die haben jetzt auch offen &#8211; wenn auch ausschlie\u00dflich auf Kunstschnee, immerhin inkl. Talabfahrt &#8211; und die 4EUB wurde netterweise auch noch nicht ersetzt. Au\u00dferdem, an einem sonnigen Tag sollte man auch in ein sonniges Skigebiet fahren :)<\/p>\n<p>Morgens auf den frischen Pisten ging&#8217;s ganz gut, aber als es dann voller wurde, gab es auch hier und da abgerutschte, zu harte Stellen. Dennoch hatte ich in den letzten Wochen schon schlimmeres in Tirol.<\/p>\n<p>Gegen 13\/14 Uhr h\u00f6rte ich auf, da ich noch etwas in der Arbeit erledigen wollte, bevor es auf die Betriebsweihnachtsfeier ging. Gut m\u00f6glich, dass es nachmittags an einigen Stellen vielleicht noch aufgefirnt h\u00e4tte.<\/p>\n<p><a href='http:\/\/ski.inmontanis.info\/d\/221391-2\/DSC00964.jpg'><img src=http:\/\/ski.inmontanis.info\/d\/221390-3\/DSC00964.jpg \/><\/a><br \/>\n^ 4KSB\/SL. Sonderlich dick scheint die Kunstschneeauflage ja nicht zu sein, hoffentlich kommt nicht noch eine Weihnachtsf\u00f6hnwoche ;)<\/p>\n<p><a href='http:\/\/ski.inmontanis.info\/d\/221395-2\/DSC00965.jpg'><img src=http:\/\/ski.inmontanis.info\/d\/221394-3\/DSC00965.jpg \/><\/a><br \/>\n^ DSB \/ Abfahrt 2. 4KSB<\/p>\n<p><a href='http:\/\/ski.inmontanis.info\/d\/221399-2\/DSC00966.jpg'><img src=http:\/\/ski.inmontanis.info\/d\/221398-3\/DSC00966.jpg \/><\/a><br \/>\n^ Der obere SL lief entgegen der \u00d6ffnungsanzeige auch; seine rechte Abfahrt war bis zur H\u00e4lfte fertig und ge\u00f6ffnet. Die Abfahrt links der 4KSB dagegen ist derzeit nur Freeride.<\/p>\n<p><a href='http:\/\/ski.inmontanis.info\/d\/221403-2\/DSC00968.jpg'><img src=http:\/\/ski.inmontanis.info\/d\/221402-3\/DSC00968.jpg \/><\/a><\/p>\n<p><a href='http:\/\/ski.inmontanis.info\/d\/221407-2\/DSC00971.jpg'><img src=http:\/\/ski.inmontanis.info\/d\/221406-3\/DSC00971.jpg \/><\/a><br \/>\n^ So leer blieb es nicht mehr lange<\/p>\n<p><a href='http:\/\/ski.inmontanis.info\/d\/221411-2\/DSC00972.jpg'><img src=http:\/\/ski.inmontanis.info\/d\/221410-3\/DSC00972.jpg \/><\/a><br \/>\n^ Offpiste an der 4KSB: Kompakter, festgefrorener Schnee ohne Lawinengefahr und Steingefahr. H\u00e4tte man auch noch ein zweites Mal fahren k\u00f6nnen.<\/p>\n<p><a href='http:\/\/ski.inmontanis.info\/d\/221415-2\/DSC00974.jpg'><img src=http:\/\/ski.inmontanis.info\/d\/221414-3\/DSC00974.jpg \/><\/a><br \/>\n^ Auf der Hintenrumabfahrt dagegen war&#8217;s nicht so toll, da der Schnee leichte Tendenzen zum Einbrechen hatte &#8211; zumindest mit meinen Racecarvern.<\/p>\n<p><a href='http:\/\/ski.inmontanis.info\/d\/221419-2\/DSC00976.jpg'><img src=http:\/\/ski.inmontanis.info\/d\/221418-3\/DSC00976.jpg \/><\/a><\/p>\n<p><a href='http:\/\/ski.inmontanis.info\/d\/221423-2\/DSC00977.jpg'><img src=http:\/\/ski.inmontanis.info\/d\/221422-3\/DSC00977.jpg \/><\/a><\/p>\n<p><a href='http:\/\/ski.inmontanis.info\/d\/221427-2\/DSC00979.jpg'><img src=http:\/\/ski.inmontanis.info\/d\/221426-3\/DSC00979.jpg \/><\/a><\/p>\n<p><a href='http:\/\/ski.inmontanis.info\/d\/221431-2\/DSC00980.jpg'><img src=http:\/\/ski.inmontanis.info\/d\/221430-3\/DSC00980.jpg \/><\/a><br \/>\n^ DSB \/ Interessanterweise war in diesem Sektor nur die schwarze Abfahrt ge\u00f6ffnet. War mir gar nicht klar, dass die eine h\u00f6here Beschneiungspriorit\u00e4t hat als andere. Ist sonst, wenn alles offen ist, ja eher mit die leerste Piste im Skigebiet.<\/p>\n<p>&#8212;<\/p>\n<p>Am Sonntag ging es dann mangels besserer Alternativen nochmals nach Ischgl, im Gegensatz zu vor 2 Wochen waren ein paar Lifte und Abfahrten mehr offen, Pistenzustand war nicht viel anders, morgens ganz gut, nachmittags besonders auf der Ischgler Seite dann eisig-hart abgefahren.<\/p>\n<p>Auch die Val-Gronda-PB ist mittlerweile offen, wenn auch ohne ge\u00f6ffneter oder abgesteckter oder pr\u00e4parierter Piste. War aber teilweise gut eingefahren und unproblematisch. F\u00fcr mich, manche sind mit der Gondel dann wieder runter. Ein paar Steine\/Felsen hatte es, die man manchmal auch erst zu sp\u00e4t gesehen hat, leider hab ich mir eine ziemliche Nase in meine sonst noch recht neuen Race Carver eingefahren, die ich beim Abfahren sp\u00e4ter auch gleich sp\u00fcrte und wusste, dass einer der vorherigen Steine wohl doch schlimmer war als es erst den Anschein hatte. Nach der ersten Fahrt bin ich dann noch eine zweite leicht abge\u00e4nderte Variante gefahren, die aber nicht so gut ging, so dass ich die PB noch ein drittes Mal fuhr, dann wieder die erste Abfahrtsvariante. Auf die Abfahrt von der PB zur 4KSB dagegen h\u00e4tte ich gerne verzichtet.<\/p>\n<p>Da die Sonne irgendwann weg war und die Pisten auch nicht mehr lohnenswert, hab ich etwas fr\u00fcher aufgeh\u00f6rt (also Ankunft in Ischgl noch etwas vor 16 Uhr). Die Standard-Talabfahrten w\u00e4re ich nach den Erlebnissen vor 2 Wochen zum Schluss nicht nochmal gefahren, die waren ja sicher wieder eisig abgerutscht. War die Abfahrt morgens an der 4EUB schon grenzwertig, obwohl noch frisch pr\u00e4pariert. Zum Gl\u00fcck ist mittlerweile auch die flachere und leerere Abfahrt via Thaya offen, dann muss man nat\u00fcrlich in den Ort fahren. Ich wollte dann beim Burger King was mitnehmen (da es in Innsbruck derzeit leider keinen mehr gibt), aber die Preise sind dort unversch\u00e4mt teuer, so dass ich wieder raus bin und erstmals den halbfertig ausschauenden Dorftunnel nahm, um wieder zum Parkplatz zu kommen.<\/p>\n<p><a href='http:\/\/ski.inmontanis.info\/d\/221435-2\/DSC00985.jpg'><img src=http:\/\/ski.inmontanis.info\/d\/221434-3\/DSC00985.jpg \/><\/a><br \/>\n^ Nebelmeer im Norden, erst am Nachmittag kam die Suppe auch nach Ischgl<\/p>\n<p><a href='http:\/\/ski.inmontanis.info\/d\/221439-2\/DSC00987.jpg'><img src=http:\/\/ski.inmontanis.info\/d\/221438-3\/DSC00987.jpg \/><\/a><br \/>\n^ Abfahrt an der Val-Gronda-PB offiziell noch gesperrt &#8211; daher Freeride<\/p>\n<p><a href='http:\/\/ski.inmontanis.info\/d\/221443-2\/DSC00997.jpg'><img src=http:\/\/ski.inmontanis.info\/d\/221442-3\/DSC00997.jpg \/><\/a><br \/>\n^ Abfahrt an der Val-Gronda-PB offiziell noch gesperrt<\/p>\n<p><a href='http:\/\/ski.inmontanis.info\/d\/221447-2\/DSC00991.jpg'><img src=http:\/\/ski.inmontanis.info\/d\/221446-3\/DSC00991.jpg \/><\/a><br \/>\n^ Abfahrt an der Val-Gronda-PB offiziell noch gesperrt. Wobei ich mir ja nicht mehr sicher bin, wo genau die Abfahrt normalerweise verl\u00e4uft. Aber der Teil hier war am besten eingefahren und ging besser als der Teil links gesehen<\/p>\n<p><a href='http:\/\/ski.inmontanis.info\/d\/221451-2\/DSC00992.jpg'><img src=http:\/\/ski.inmontanis.info\/d\/221450-3\/DSC00992.jpg \/><\/a><br \/>\n^ Weiter unten kam man problemlos durch, bis zum beschneiten Skiweg<\/p>\n<p><a href='http:\/\/ski.inmontanis.info\/d\/221455-2\/DSC00996.jpg'><img src=http:\/\/ski.inmontanis.info\/d\/221454-3\/DSC00996.jpg \/><\/a><br \/>\n^ PB Val Gronda. War heut nicht viel los, angenehm. Landschaftlich oben auch toll. War schon ganz gut, dass die gebaut werden konnte.<\/p>\n<p><a href='http:\/\/ski.inmontanis.info\/d\/221459-2\/DSC00999.jpg'><img src=http:\/\/ski.inmontanis.info\/d\/221458-3\/DSC00999.jpg \/><\/a><br \/>\n^ 4KSB Gampen &#8211; Blick zur PB<\/p>\n<p><a href='http:\/\/ski.inmontanis.info\/d\/221463-2\/DSC01001.jpg'><img src=http:\/\/ski.inmontanis.info\/d\/221462-3\/DSC01001.jpg \/><\/a><br \/>\n^ Tallift in Samnaun, hatte ich auch noch nie offen erlebt, daher musste ich ihn mal fahren.<\/p>\n<p><a href='http:\/\/ski.inmontanis.info\/d\/221467-2\/DSC01003.jpg'><img src=http:\/\/ski.inmontanis.info\/d\/221466-3\/DSC01003.jpg \/><\/a><br \/>\n^ Tallift in Samnaun<\/p>\n<p><a href='http:\/\/ski.inmontanis.info\/d\/221471-2\/DSC01007.jpg'><img src=http:\/\/ski.inmontanis.info\/d\/221470-3\/DSC01007.jpg \/><\/a><br \/>\n^ Burger King in Ischgl. War mir zu teuer, auch wenn es derzeit der einzige in Tirol ist. 6,60 \u20ac f\u00fcr einen Steakhouse Burger? 2,40 f\u00fcr eine kleine Pommes? 3,40 f\u00fcr 6 Zwiebelringe? Da halt ich lieber im McD in Innsbruck und kauf mir nochmal den aktuellen Champignon-Burger.<\/p>\n<p><a href='http:\/\/ski.inmontanis.info\/d\/221475-2\/DSC01009.jpg'><img src=http:\/\/ski.inmontanis.info\/d\/221474-3\/DSC01009.jpg \/><\/a><br \/>\n^ Dorftunnel in Ischgl, ist zweigeteilt, geht etwas bergauf, in der Mitte dann ein Aufzug nach oben, dann wieder bergab.<\/p>\n<p>&#8211;<\/p>\n<p>PS: Mein zuk\u00fcnftiges &#8220;Winter-W\u00e4gelchen&#8221;:<\/p>\n<p><a href='http:\/\/extra.inmontanis.info\/d\/40161-2\/IMG_2723.jpg'><img src=http:\/\/extra.inmontanis.info\/d\/40160-3\/IMG_2723.jpg \/><\/a><\/p>\n<p><a href='http:\/\/extra.inmontanis.info\/d\/40165-2\/IMG_2725.jpg'><img src=http:\/\/extra.inmontanis.info\/d\/40164-3\/IMG_2725.jpg \/><\/a><\/p>\n<p>Allrad + Vollausstattung, leider ohne Automatik. Wollte mir ja erst einen wei\u00dfen kaufen (mit orangenen Dekorelementen im Innenraum), aber dann hatten wir letzten Freitag zuf\u00e4llig auch diesen leuchtend Blauen vor der T\u00fcre. MEB-Tellerstangen-Blau, da konnte ich nicht anders ;) <\/p>\n<p><a href='http:\/\/ski.inmontanis.info\/d\/50074-3\/P1220037.JPG'><img src=http:\/\/ski.inmontanis.info\/d\/50073-4\/P1220037.JPG \/><\/a><\/p>\n<p>Die Vorf\u00fchrwagenbeklebung kommt sp\u00e4ter, wenn ich ihn dann \u00fcbernehme, nat\u00fcrlich weg, wobei ich noch nicht wei\u00df, was ich diesmal auf die Seiten draufkleben will (Dach werd ich wohl nichts mehr machen). Ich tendiere bei dem gl\u00e4nzenden Blau zu etwas einfarbigem in schimmernden Silber, also vielleicht eher &#8211; \u00e4hnlich wie beim Fusion damals &#8211; nur eine angedeutete Bergsilhouette und einzelne Skifahrer \/ Liftsymbole. Meinen Qubo will ich wg. meines Bett-Einbaus aber noch ein paar Sommer fahren, wenn er durchh\u00e4lt. Hat ja jetzt auch schon 195.000km drauf und \u00e4rgert mich bekanntlich bei fast jeder langen Reise &#8211; auch wenn er mich bisher immer noch nach Hause gebracht hat und selbst nach einem Federbruch im Zillertal noch problemlos ins n\u00e4chste Skigebiet und zur\u00fcck fuhr. Beim Fusion hatten Federbr\u00fcche gleich mal den Reifen mit aufgeschlitzt. Aber gut, das kann beim Qubo grad Gl\u00fcck gewesen sein.<\/p>\n","protected":false},"excerpt":{"rendered":"<p>Am Samstag ging&#8217;s nach Kappl, die haben jetzt auch offen &#8211; wenn auch ausschlie\u00dflich auf Kunstschnee, immerhin inkl. Talabfahrt &#8211; und die 4EUB wurde netterweise auch noch nicht ersetzt. Au\u00dferdem, an einem sonnigen Tag sollte man auch in ein sonniges Skigebiet fahren :)<\/p>\n<p>Morgens auf den frischen Pisten ging&#8217;s ganz gut, aber als es dann <a href=\"http:\/\/blog.inmontanis.info\/?p=4093\">[&#8230;]<\/a><\/p>\n","protected":false},"author":1,"featured_media":0,"comment_status":"closed","ping_status":"closed","sticky":false,"template":"","format":"standard","meta":{"footnotes":""},"categories":[906,866,25,13,27],"tags":[49,52,47],"class_list":["post-4093","post","type-post","status-publish","format-standard","hentry","category-ischgl-samnaun","category-kappl","category-noreport","category-austria","category-skifahren-winterskiing-winter","tag-4sb","tag-pb","tag-sl","odd"],"_links":{"self":[{"href":"http:\/\/blog.inmontanis.info\/index.php?rest_route=\/wp\/v2\/posts\/4093","targetHints":{"allow":["GET"]}}],"collection":[{"href":"http:\/\/blog.inmontanis.info\/index.php?rest_route=\/wp\/v2\/posts"}],"about":[{"href":"http:\/\/blog.inmontanis.info\/index.php?rest_route=\/wp\/v2\/types\/post"}],"author":[{"embeddable":true,"href":"http:\/\/blog.inmontanis.info\/index.php?rest_route=\/wp\/v2\/users\/1"}],"replies":[{"embeddable":true,"href":"http:\/\/blog.inmontanis.info\/index.php?rest_route=%2Fwp%2Fv2%2Fcomments&post=4093"}],"version-history":[{"count":3,"href":"http:\/\/blog.inmontanis.info\/index.php?rest_route=\/wp\/v2\/posts\/4093\/revisions"}],"predecessor-version":[{"id":4096,"href":"http:\/\/blog.inmontanis.info\/index.php?rest_route=\/wp\/v2\/posts\/4093\/revisions\/4096"}],"wp:attachment":[{"href":"http:\/\/blog.inmontanis.info\/index.php?rest_route=%2Fwp%2Fv2%2Fmedia&parent=4093"}],"wp:term":[{"taxonomy":"category","embeddable":true,"href":"http:\/\/blog.inmontanis.info\/index.php?rest_route=%2Fwp%2Fv2%2Fcategories&post=4093"},{"taxonomy":"post_tag","embeddable":true,"href":"http:\/\/blog.inmontanis.info\/index.php?rest_route=%2Fwp%2Fv2%2Ftags&post=4093"}],"curies":[{"name":"wp","href":"https:\/\/api.w.org\/{rel}","templated":true}]}}