{"id":4088,"date":"2016-12-11T22:26:49","date_gmt":"2016-12-11T21:26:49","guid":{"rendered":"http:\/\/blog.inmontanis.info\/?p=4088"},"modified":"2023-08-03T22:27:18","modified_gmt":"2023-08-03T20:27:18","slug":"valtournenche-zermatt-11-12-2016","status":"publish","type":"post","link":"http:\/\/blog.inmontanis.info\/?p=4088","title":{"rendered":"Valtournenche-Zermatt, 11.12.2016"},"content":{"rendered":"<p><strong>So, 11.12.2016 &#8211; Tag 4 (letzter) &#8211; Valtournenche-Zermatt<\/strong> <\/p>\n<p>Fast p\u00fcnktlich kam ich morgens vom Hotel weg, die Fahrt nach Valtournenche war problemlos, Parkpl\u00e4tze gab es auch noch mehr als genug direkt an der Gondelbahn. Die Tageskarte inkl. Zermatt kostete 53,- \u20ac &#8211; egtl. ein Preis, den ich nur \u00e4u\u00dferst ungern zu zahlen bereit bin, aber erstens wollte ich schon lange mal im Zermatter Teil Ski fahren, zweitens hab ich mit 30,- ja ein g\u00fcnstiges Hotel gehabt und drittens &#8211; von Zermatt aus m\u00fcsste man wohl ca. das doppelte zahlen (mit Parkplatz und Parkplatz-Transfer).<\/p>\n<p>Schwerpunkt sollte Zermatt sein, wollte aber auch noch ein paar Ecken in Cervinia und Valtournenche mitnehmen, die ich noch nicht kannte. Aber zur Not kann man CV+VT auch ein ander mal zu einem g\u00fcnstigeren Skipass nachholen. Daher ging&#8217;s erst mal direkt von Valtournenche aus mit dem heute einzigen Cervinia-Lift, der PB zur Testa Grigia, dann die Furgsattel-KSB und danach r\u00fcber zu Gornergrat und Rothorn, wo ich fast alle ge\u00f6ffneten Abfahrten gefahren bin.<\/p>\n<p>Danach wieder retour, nat\u00fcrlich mit dem langen SL Gandegg, denn die Kleinmatterhorn-PB kenn ich ja schon vom Sommer &#8211; und dann war der Tag auch schon fast gelaufen. Ich h\u00e4tte zwar noch Plan Maison fahren k\u00f6nnen, evtl. w\u00e4re sich auch eine Abfahrt an der Pancheron-KSB noch m\u00f6glich gewesen, aber viel Sinn machte ein Abstecher nach Cervinia zeitm\u00e4\u00dfig nicht mehr, da viele (Fast-) Verbindungslifte nur bis 15:30 oder 15:45 fahren. Dazu war ein starker Sturm, so dass ich lieber keine Experimente mehr machen wollte und bin direkt nach Valtournenche zur\u00fcck, wo es wenigstens zum Abschluss noch einiges an Sonne gab.<\/p>\n<p>Die tiefergelegenen Lifte dort w\u00fcrden bis 16:15 fahren, aber die letzte Fahrt sparte ich mir.<\/p>\n<p>(Fotos anklicken zum Vergr\u00f6\u00dfern.)<\/p>\n<p><a href='http:\/\/extra.inmontanis.info\/d\/40125-3\/ge20161208-11.jpg'><img src=http:\/\/extra.inmontanis.info\/d\/40124-3\/ge20161208-11.jpg \/><\/a><br \/>\n^ D) Valtournenche-Zermatt, 11.12.<\/p>\n<p><a href='http:\/\/ski.inmontanis.info\/d\/220942-2\/DSC00707.jpg'><img src=http:\/\/ski.inmontanis.info\/d\/220941-3\/DSC00707.jpg \/><\/a><br \/>\n^ Am Talende leuchtet schon der Monte Cervino (Matterhorn)<\/p>\n<p><a href='http:\/\/ski.inmontanis.info\/d\/220946-2\/DSC00721.jpg'><img src=http:\/\/ski.inmontanis.info\/d\/220945-3\/DSC00721.jpg \/><\/a><br \/>\n^ SL Gran Sometta (nett), Verbindungslift von Valtournenche nach Cervinia. Den fuhr ich gleich zwei mal, wer wei\u00df, ob ich den nochmal erlebe.<\/p>\n<p><a href='http:\/\/ski.inmontanis.info\/d\/220950-2\/DSC00726.jpg'><img src=http:\/\/ski.inmontanis.info\/d\/220949-3\/DSC00726.jpg \/><\/a><br \/>\n^ SL Gran Sometta<\/p>\n<p><a href='http:\/\/ski.inmontanis.info\/d\/221350-2\/DSC00727.jpg'><img src=http:\/\/ski.inmontanis.info\/d\/221349-3\/DSC00727.jpg \/><\/a><br \/>\n^ SL Gran Sometta und 3SB Lago Goillet<\/p>\n<p><a href='http:\/\/ski.inmontanis.info\/d\/220958-2\/DSC00728_001.jpg'><img src=http:\/\/ski.inmontanis.info\/d\/220957-3\/DSC00728_001.jpg \/><\/a><br \/>\n^ Nahe SL Gran Sometta \/ 3SB Lago Goillet vs. Cervino\/Matterhorn<\/p>\n<p><a href='http:\/\/ski.inmontanis.info\/d\/221308-2\/DSC00729.jpg'><img src=http:\/\/ski.inmontanis.info\/d\/221307-3\/DSC00729.jpg \/><\/a><br \/>\n^ Klein Matterhorn von Testa Grigia; Bauseilbahn f\u00fcr die 3S? Na vielleicht wird das ja gleich sp\u00e4ter f\u00fcr die PB verwendet.<\/p>\n<p><a href='http:\/\/ski.inmontanis.info\/d\/220963-2\/DSC00730.jpg'><img src=http:\/\/ski.inmontanis.info\/d\/220962-3\/DSC00730.jpg \/><\/a><br \/>\n^ Plateau Rosa<\/p>\n<p><a href='http:\/\/ski.inmontanis.info\/d\/221354-2\/DSC00731.jpg'><img src=http:\/\/ski.inmontanis.info\/d\/221353-3\/DSC00731.jpg \/><\/a><br \/>\n^ SL Testa 1<\/p>\n<p>Wollte dann die F\u00fchrerpiste fahren, aber komischerweise war die Vebrindungspiste von Testa Grigia zu dem geschlossenen Monte-Rosa-SL geschlossen und abgesperrt!? Von der Kleinmatterhornbahn sind die Leute aber die F\u00fchrerpiste runter?! So ein Bl\u00f6dsinn, h\u00e4tt ich mir die SL-Fahrt sparen k\u00f6nnen, wenn ich da vorhin besser aufgepasst h\u00e4tte.<\/p>\n<p><a href='http:\/\/ski.inmontanis.info\/d\/220971-2\/DSC00738.jpg'><img src=http:\/\/ski.inmontanis.info\/d\/220970-3\/DSC00738.jpg \/><\/a><br \/>\n^ Gletscher-6KSB Furggsattel<\/p>\n<p><a href='http:\/\/ski.inmontanis.info\/d\/220975-2\/DSC00739.jpg'><img src=http:\/\/ski.inmontanis.info\/d\/220974-3\/DSC00739.jpg \/><\/a><br \/>\n^ Gletscher-6KSB Furggsattel<\/p>\n<p><a href='http:\/\/ski.inmontanis.info\/d\/220979-2\/DSC00742.jpg'><img src=http:\/\/ski.inmontanis.info\/d\/220978-3\/DSC00742.jpg \/><\/a><br \/>\n^ Matterhorn von der 6KSB Furggsattel<\/p>\n<p><a href='http:\/\/ski.inmontanis.info\/d\/220983-2\/DSC00745.jpg'><img src=http:\/\/ski.inmontanis.info\/d\/220982-3\/DSC00745.jpg \/><\/a><br \/>\n^ Rechts von der 6KSB Furggsattel .. k\u00f6nnte man auch noch einen SL aufstellen ;)<\/p>\n<p><a href='http:\/\/ski.inmontanis.info\/d\/220987-2\/DSC00746.jpg'><img src=http:\/\/ski.inmontanis.info\/d\/220986-3\/DSC00746.jpg \/><\/a><br \/>\n^ R\u00fcckseite 6KSB Furggsattel vs  Theodul \/ Testa Grigia<\/p>\n<p><a href='http:\/\/ski.inmontanis.info\/d\/221312-2\/DSC00749.jpg'><img src=http:\/\/ski.inmontanis.info\/d\/221311-3\/DSC00749.jpg \/><\/a><br \/>\n^ R\u00fcckseite 6KSB Furggsattel vs  Bontadini-KSBs \/ Plan Maison<\/p>\n<p><a href='http:\/\/ski.inmontanis.info\/d\/220992-2\/DSC00751.jpg'><img src=http:\/\/ski.inmontanis.info\/d\/220991-3\/DSC00751.jpg \/><\/a><br \/>\n^ 6KSB Furggsattel<\/p>\n<p><a href='http:\/\/ski.inmontanis.info\/d\/220996-2\/DSC00752.jpg'><img src=http:\/\/ski.inmontanis.info\/d\/220995-3\/DSC00752.jpg \/><\/a><br \/>\n^ Piste 70 (Schuss) von der 6KSB Furggsattel nach Furgg<\/p>\n<p><a href='http:\/\/ski.inmontanis.info\/d\/221000-2\/DSC00753.jpg'><img src=http:\/\/ski.inmontanis.info\/d\/220999-3\/DSC00753.jpg \/><\/a><br \/>\n^ Piste 70 (Schuss). Ich bleib dabei, die Gletscherfl\u00e4che da oben k\u00f6nnte man mit dem einen oder anderen SL erschlie\u00dfen.<\/p>\n<p>Nach einer teils sehr eisigen Abfahrt ..<\/p>\n<p><a href='http:\/\/ski.inmontanis.info\/d\/221004-2\/DSC00757.jpg'><img src=http:\/\/ski.inmontanis.info\/d\/221003-3\/DSC00757.jpg \/><\/a><br \/>\n^ Matterhorn-Express, Zwischenstation Furgg<\/p>\n<p><a href='http:\/\/ski.inmontanis.info\/d\/221008-2\/DSC00758.jpg'><img src=http:\/\/ski.inmontanis.info\/d\/221007-3\/DSC00758.jpg \/><\/a><br \/>\n^ Furgg, 4KSB und wohl Reste anderer alter Bahnen<\/p>\n<p><a href='http:\/\/ski.inmontanis.info\/d\/221012-2\/DSC00761.jpg'><img src=http:\/\/ski.inmontanis.info\/d\/221011-3\/DSC00761.jpg \/><\/a><br \/>\n^ Matterhorn-Express vor Matterhorn<\/p>\n<p><a href='http:\/\/ski.inmontanis.info\/d\/221387-2\/DSC00765.jpg'><img src=http:\/\/ski.inmontanis.info\/d\/221386-3\/DSC00765.jpg \/><\/a><br \/>\n^ 6KSB Hirli, scheint nette Abfahrten zu haben<\/p>\n<p><a href='http:\/\/ski.inmontanis.info\/d\/221020-2\/DSC00766.jpg'><img src=http:\/\/ski.inmontanis.info\/d\/221019-3\/DSC00766.jpg \/><\/a><br \/>\n^ Matterhorn<\/p>\n<p><a href='http:\/\/ski.inmontanis.info\/d\/221024-2\/DSC00768.jpg'><img src=http:\/\/ski.inmontanis.info\/d\/221023-3\/DSC00768.jpg \/><\/a><br \/>\n^ Abfahrt Stafelalp, landschaftlich recht nett<\/p>\n<p><a href='http:\/\/ski.inmontanis.info\/d\/221359-2\/DSC00770.jpg'><img src=http:\/\/ski.inmontanis.info\/d\/221358-3\/DSC00770.jpg \/><\/a><br \/>\n^ Stafelalp vs. Matterhorn<\/p>\n<p><a href='http:\/\/ski.inmontanis.info\/d\/221032-2\/DSC00771.jpg'><img src=http:\/\/ski.inmontanis.info\/d\/221031-3\/DSC00771.jpg \/><\/a><br \/>\n^ Abfahrt Stafelalp<\/p>\n<p><a href='http:\/\/ski.inmontanis.info\/d\/221036-2\/DSC00772.jpg'><img src=http:\/\/ski.inmontanis.info\/d\/221035-3\/DSC00772.jpg \/><\/a><br \/>\n^ Talstation 6KSB Hirli. Da war ich erst mal \u00fcberrascht, da ich nicht damit gerechnet h\u00e4tte, dass die Talstation so weit unten ist. Zumal weder der Skiweg noch die steile Abfahrt da rechts sonderlich massentauglich f\u00fcr eine 6KSB scheinen. Aber als ich dann auf dem Skiweg weiter nach Furgg fuhr, verstand ich es &#8211; denn der Weg zog sich ewig und hatte zwei Bergaufst\u00fccke (Ski abschnallen sinnvoll).<\/p>\n<p><a href='http:\/\/ski.inmontanis.info\/d\/221040-2\/DSC00773.jpg'><img src=http:\/\/ski.inmontanis.info\/d\/221039-3\/DSC00773.jpg \/><\/a><br \/>\n^ Skiweg von Talstation 6KSB Hirli zu Furi, Bergauf es geht.<\/p>\n<p><a href='http:\/\/ski.inmontanis.info\/d\/221044-2\/DSC00776.jpg'><img src=http:\/\/ski.inmontanis.info\/d\/221043-3\/DSC00776.jpg \/><\/a><br \/>\n^ Rechts der Skiweg nach Furi im R\u00fcckblick; links evtl. eine der Skirouten hier? S\u00e4he nett aus, leicht verbuckelt eingefahren, w\u00e4re mein Fall.<\/p>\n<p><a href='http:\/\/ski.inmontanis.info\/d\/221048-2\/DSC00778.jpg'><img src=http:\/\/ski.inmontanis.info\/d\/221047-3\/DSC00778.jpg \/><\/a><br \/>\n^ Matterhorn-Express (zum Trockenen Steg) und die direkte PB Furi-Trockener Steg<\/p>\n<p><a href='http:\/\/ski.inmontanis.info\/d\/221052-2\/DSC00779.jpg'><img src=http:\/\/ski.inmontanis.info\/d\/221051-3\/DSC00779.jpg \/><\/a><br \/>\n^ Furi<\/p>\n<p><a href='http:\/\/ski.inmontanis.info\/d\/221363-2\/DSC00784.jpg'><img src=http:\/\/ski.inmontanis.info\/d\/221362-3\/DSC00784.jpg \/><\/a><br \/>\n^ Furi, in der 8EUB Furi-Riffelberg<\/p>\n<p><a href='http:\/\/ski.inmontanis.info\/d\/221060-2\/DSC00785.jpg'><img src=http:\/\/ski.inmontanis.info\/d\/221059-3\/DSC00785.jpg \/><\/a><br \/>\n^ .. und mal wieder das Matterhorn<\/p>\n<p>Als ich mit der EUB oben am Riffelberg ankam, zeigte ein gro\u00dfes Schild, dass die n\u00e4chste Zahnradbahn zum Gornergrat in weniger als 10 Minuten fahren w\u00fcrde &#8211; somit klar, dass ich gewartet hab und nicht mit der KSB fuhr.<\/p>\n<p><a href='http:\/\/ski.inmontanis.info\/d\/221064-2\/DSC00790.jpg'><img src=http:\/\/ski.inmontanis.info\/d\/221063-3\/DSC00790.jpg \/><\/a><br \/>\n^ Bahnhof Riffelberg, Zahnradbahn zum Gornergrat<\/p>\n<p><a href='http:\/\/ski.inmontanis.info\/d\/221342-2\/DSC00791.jpg'><img src=http:\/\/ski.inmontanis.info\/d\/221341-3\/DSC00791.jpg \/><\/a><br \/>\n^ Bahnhof Riffelberg<\/p>\n<p><a href='http:\/\/ski.inmontanis.info\/d\/221069-2\/DSC00795.jpg'><img src=http:\/\/ski.inmontanis.info\/d\/221068-3\/DSC00795.jpg \/><\/a><br \/>\n^ 6KSB Gitfhittli, alternative zur Zahnradbahn<\/p>\n<p><a href='http:\/\/ski.inmontanis.info\/d\/221073-2\/DSC00798.jpg'><img src=http:\/\/ski.inmontanis.info\/d\/221072-3\/DSC00798.jpg \/><\/a><br \/>\n^ Blick zum Kleinmatterhorn von der ZRB aus<\/p>\n<p><a href='http:\/\/ski.inmontanis.info\/d\/221077-2\/DSC00803.jpg'><img src=http:\/\/ski.inmontanis.info\/d\/221076-3\/DSC00803.jpg \/><\/a><br \/>\n^ ZRB Gifthittli-Gornergrat mit Rothorn (links) und Hoht\u00e4lli (rechts)<\/p>\n<p><a href='http:\/\/ski.inmontanis.info\/d\/221081-2\/DSC00804.jpg'><img src=http:\/\/ski.inmontanis.info\/d\/221080-3\/DSC00804.jpg \/><\/a><br \/>\n^ Gornergrat<\/p>\n<p><a href='http:\/\/ski.inmontanis.info\/d\/221085-2\/DSC00807.jpg'><img src=http:\/\/ski.inmontanis.info\/d\/221084-3\/DSC00807.jpg \/><\/a><br \/>\n^ Gornergrat &#8211; Zahnradbahn vs. Matterhorn. So eine Zahnradbahn auf dem Berg (im Winter) ist einfach eine Klasse f\u00fcr sich.<\/p>\n<p><a href='http:\/\/ski.inmontanis.info\/d\/221089-2\/DSC00808.jpg'><img src=http:\/\/ski.inmontanis.info\/d\/221088-3\/DSC00808.jpg \/><\/a><br \/>\n^ Infotafel<\/p>\n<p><a href='http:\/\/ski.inmontanis.info\/d\/221093-2\/DSC00813.jpg'><img src=http:\/\/ski.inmontanis.info\/d\/221092-3\/DSC00813.jpg \/><\/a><br \/>\n^ Gletscher<\/p>\n<p><a href='http:\/\/ski.inmontanis.info\/d\/221097-2\/DSC00815.jpg'><img src=http:\/\/ski.inmontanis.info\/d\/221096-3\/DSC00815.jpg \/><\/a><br \/>\n^ Gletscher<\/p>\n<p><a href='http:\/\/ski.inmontanis.info\/d\/221101-2\/DSC00812.jpg'><img src=http:\/\/ski.inmontanis.info\/d\/221100-3\/DSC00812.jpg \/><\/a><br \/>\n^ Gornergrat \/ Matterhorn<\/p>\n<p><a href='http:\/\/ski.inmontanis.info\/d\/221105-2\/DSC00819.jpg'><img src=http:\/\/ski.inmontanis.info\/d\/221104-3\/DSC00819.jpg \/><\/a><br \/>\n^ Gornergratbahn \/ Matterhorn<\/p>\n<p><a href='http:\/\/ski.inmontanis.info\/d\/221367-2\/DSC00821.jpg'><img src=http:\/\/ski.inmontanis.info\/d\/221366-3\/DSC00821.jpg \/><\/a><br \/>\n^ Gornergratbahn \/ Matterhorn<\/p>\n<p><a href='http:\/\/ski.inmontanis.info\/d\/221113-2\/DSC00827.jpg'><img src=http:\/\/ski.inmontanis.info\/d\/221112-3\/DSC00827.jpg \/><\/a><br \/>\n^ Abfahrt vom Gornergrat nach Gant; links oben Bergstation PB Rothorn<\/p>\n<p><a href='http:\/\/ski.inmontanis.info\/d\/221117-2\/DSC00830.jpg'><img src=http:\/\/ski.inmontanis.info\/d\/221116-3\/DSC00830.jpg \/><\/a><br \/>\n^ 6KSB Gant-Blauherd, leider mit automatischen Schlie\u00dfb\u00fcgel (und Minifu\u00dfrastern), die Modernisierungswelle ist also auch in Zermatt voll angekommen :-(  &#8212; gegen\u00fcber PB Gant-Hoht\u00e4lli<\/p>\n<p><a href='http:\/\/ski.inmontanis.info\/d\/221121-2\/DSC00836.jpg'><img src=http:\/\/ski.inmontanis.info\/d\/221120-3\/DSC00836.jpg \/><\/a><br \/>\n^ Blauherd, links wohl die Vorg\u00e4ngeranlage der 6KSB. Schade, wohl knapp verpasst. Rechts die PB aufs Rothorn<\/p>\n<p><a href='http:\/\/ski.inmontanis.info\/d\/221125-2\/DSC00839.jpg'><img src=http:\/\/ski.inmontanis.info\/d\/221124-3\/DSC00839.jpg \/><\/a><br \/>\n^ PB Rothorn vs. Matterhorn<\/p>\n<p><a href='http:\/\/ski.inmontanis.info\/d\/221129-2\/DSC00840.jpg'><img src=http:\/\/ski.inmontanis.info\/d\/221128-3\/DSC00840.jpg \/><\/a><br \/>\n^ Kombibahn Sunnegga-Blauherd. H\u00e4tte keine zus\u00e4tzliche Piste heute gebracht, daher nicht gefahren.<\/p>\n<p><a href='http:\/\/ski.inmontanis.info\/d\/221133-2\/DSC00842.jpg'><img src=http:\/\/ski.inmontanis.info\/d\/221132-3\/DSC00842.jpg \/><\/a><br \/>\n^ Berg-Tal-Berg-4KSB Sunnegga-Findeln-Breitboden<\/p>\n<p><a href='http:\/\/ski.inmontanis.info\/d\/221137-2\/DSC00846.jpg'><img src=http:\/\/ski.inmontanis.info\/d\/221136-3\/DSC00846.jpg \/><\/a><br \/>\n^ Findeln<\/p>\n<p><a href='http:\/\/ski.inmontanis.info\/d\/221141-2\/DSC00849.jpg'><img src=http:\/\/ski.inmontanis.info\/d\/221140-3\/DSC00849.jpg \/><\/a><br \/>\n^ 4KSB Findeln-Sunnegga mit unterirdischer Bergstation<\/p>\n<p><a href='http:\/\/ski.inmontanis.info\/d\/221145-2\/DSC00850.jpg'><img src=http:\/\/ski.inmontanis.info\/d\/221144-3\/DSC00850.jpg \/><\/a><br \/>\n^ 4KSB Findeln-Sunnegga<\/p>\n<p><a href='http:\/\/ski.inmontanis.info\/d\/221149-2\/DSC00851.jpg'><img src=http:\/\/ski.inmontanis.info\/d\/221148-3\/DSC00851.jpg \/><\/a><br \/>\n^ 4KSB Findeln-Sunnegga<\/p>\n<p><a href='http:\/\/ski.inmontanis.info\/d\/221153-2\/DSC00855.jpg'><img src=http:\/\/ski.inmontanis.info\/d\/221152-3\/DSC00855.jpg \/><\/a><br \/>\n^ 4KSB Patrullarve; die Piste hier t\u00e4t interessanter ausschauen als das, was offen war.<\/p>\n<p><a href='http:\/\/ski.inmontanis.info\/d\/221157-2\/DSC00857.jpg'><img src=http:\/\/ski.inmontanis.info\/d\/221156-3\/DSC00857.jpg \/><\/a><br \/>\n^ Matterhorn von der 4KSB Patrullarve<\/p>\n<p><a href='http:\/\/ski.inmontanis.info\/d\/221161-2\/DSC00862.jpg'><img src=http:\/\/ski.inmontanis.info\/d\/221160-3\/DSC00862.jpg \/><\/a><br \/>\n^ 4KSB Patrullarve vs. Blauherd \/ PB Rothorn<\/p>\n<p><a href='http:\/\/ski.inmontanis.info\/d\/221165-2\/DSC00867.jpg'><img src=http:\/\/ski.inmontanis.info\/d\/221164-3\/DSC00867.jpg \/><\/a><br \/>\n^ Zoom r\u00fcber zu den SL Triftji und Stockhorn<\/p>\n<p><a href='http:\/\/ski.inmontanis.info\/d\/221169-2\/DSC00868.jpg'><img src=http:\/\/ski.inmontanis.info\/d\/221168-3\/DSC00868.jpg \/><\/a><br \/>\n^ Zoom Gletscher-SL Stockhorn und Ex-PB-Stockhorn<\/p>\n<p><a href='http:\/\/ski.inmontanis.info\/d\/221173-2\/DSC00869.jpg'><img src=http:\/\/ski.inmontanis.info\/d\/221172-3\/DSC00869.jpg \/><\/a><br \/>\n^ Monterosa-Gletscherpano vom Rothorn. Direkt dahinter ist \u00fcbrigens gleich Macugnaga, n\u00e4her von hier als Cervinia!<\/p>\n<p><a href='http:\/\/ski.inmontanis.info\/d\/221177-2\/DSC00872.jpg'><img src=http:\/\/ski.inmontanis.info\/d\/221176-3\/DSC00872.jpg \/><\/a><br \/>\n^ Nette 3KSB Kumme mit Abfahrt 12 Schneehuhn. <\/p>\n<p><a href='http:\/\/ski.inmontanis.info\/d\/221317-2\/DSC00873.jpg'><img src=http:\/\/ski.inmontanis.info\/d\/221316-3\/DSC00873.jpg \/><\/a><br \/>\n^ Beim Ausstieg an der 3KSB Kumme wird man allerdings behindert<\/p>\n<p><a href='http:\/\/ski.inmontanis.info\/d\/221182-2\/DSC00874.jpg'><img src=http:\/\/ski.inmontanis.info\/d\/221181-3\/DSC00874.jpg \/><\/a><br \/>\n^ Pano Rothorn r\u00fcber zu Matterhorn und Kleinmatterhorn und die Gletscherpisten<\/p>\n<p><a href='http:\/\/ski.inmontanis.info\/d\/221186-2\/DSC00875.jpg'><img src=http:\/\/ski.inmontanis.info\/d\/221185-3\/DSC00875.jpg \/><\/a><br \/>\n^ Blick vom Rothorn zu Hoht\u00e4lli und Stockhorn, den kaum zu sehenden SL Trifji und Stockhorn und hinten die 4500\/4600m hohen Gipfel des Monte Rosa<\/p>\n<p><a href='http:\/\/ski.inmontanis.info\/d\/221321-2\/DSC00882.jpg'><img src=http:\/\/ski.inmontanis.info\/d\/221320-3\/DSC00882.jpg \/><\/a><br \/>\n^ Und quasi das gleiche Pano, aber von der Bergstation PB Hoht\u00e4lli<\/p>\n<p><a href='http:\/\/ski.inmontanis.info\/d\/221191-2\/DSC00883.jpg'><img src=http:\/\/ski.inmontanis.info\/d\/221190-3\/DSC00883.jpg \/><\/a><br \/>\n^ R\u00fcckseitenpano PB Hoht\u00e4lli<\/p>\n<p><a href='http:\/\/ski.inmontanis.info\/d\/221195-2\/DSC00885.jpg'><img src=http:\/\/ski.inmontanis.info\/d\/221194-3\/DSC00885.jpg \/><\/a><br \/>\n^ Bergstation PB Hoht\u00e4lli vs. Gornergrat und Matterhorn<\/p>\n<p><a href='http:\/\/ski.inmontanis.info\/d\/221199-2\/DSC00887.jpg'><img src=http:\/\/ski.inmontanis.info\/d\/221198-3\/DSC00887.jpg \/><\/a><br \/>\n^ Ex-PB Hoht\u00e4lli-Stockhorn<\/p>\n<p><a href='http:\/\/ski.inmontanis.info\/d\/221203-2\/DSC00888.jpg'><img src=http:\/\/ski.inmontanis.info\/d\/221202-3\/DSC00888.jpg \/><\/a><br \/>\n^ Blick zum PB-losen Stockhorn. Fr\u00fcher konnte man vom Gornergrat via Hoht\u00e4lli bis da r\u00fcber gondeln. Muss cool gewesen sein.<\/p>\n<p><a href='http:\/\/ski.inmontanis.info\/d\/221208-2\/DSC00891.jpg'><img src=http:\/\/ski.inmontanis.info\/d\/221207-3\/DSC00891.jpg \/><\/a><br \/>\n^ PB Hoht\u00e4lli<\/p>\n<p><a href='http:\/\/ski.inmontanis.info\/d\/221325-2\/DSC00892.jpg'><img src=http:\/\/ski.inmontanis.info\/d\/221324-3\/DSC00892.jpg \/><\/a><br \/>\n^ Gletscher-SL Triftji und Stockhorn. Zumindest die obere St\u00fctze des SL Triftji scheint noch eine Gletscherst\u00fctze zu sein?<\/p>\n<p><a href='http:\/\/ski.inmontanis.info\/d\/221329-2\/DSC00893.jpg'><img src=http:\/\/ski.inmontanis.info\/d\/221328-3\/DSC00893.jpg \/><\/a><br \/>\n^ Skiweg von der PB Hoht\u00e4lli. Irgendwie existiert Zermatt fast nur aus Skiwegen.<\/p>\n<p><a href='http:\/\/ski.inmontanis.info\/d\/221213-2\/DSC00894.jpg'><img src=http:\/\/ski.inmontanis.info\/d\/221212-3\/DSC00894.jpg \/><\/a><br \/>\n^ Gornergrat und Ex-PB Gornergrat-Hoht\u00e4lli. Leider ist mir die Station vorhin am Gornergrat gar nicht aufgefallen.<\/p>\n<p><a href='http:\/\/ski.inmontanis.info\/d\/221217-2\/DSC00898.jpg'><img src=http:\/\/ski.inmontanis.info\/d\/221216-3\/DSC00898.jpg \/><\/a><br \/>\n^ Zahnradbahn Riffelberg-Riffelalp und Abfahrt 39<\/p>\n<p><a href='http:\/\/ski.inmontanis.info\/d\/221221-2\/DSC00901.jpg'><img src=http:\/\/ski.inmontanis.info\/d\/221220-3\/DSC00901.jpg \/><\/a><br \/>\n^ Abfahrt Furgg-Furi (vom Matterhorn-Express), noch nicht ge\u00f6ffnet<\/p>\n<p><a href='http:\/\/ski.inmontanis.info\/d\/221225-2\/DSC00903.jpg'><img src=http:\/\/ski.inmontanis.info\/d\/221224-3\/DSC00903.jpg \/><\/a><br \/>\n^ Matterhorn-Express, mit Furi (erste Mittelstation) und unten Zermatt. Mag bei Schnee vielleicht sch\u00f6ner ausschauen ;)<\/p>\n<p><a href='http:\/\/ski.inmontanis.info\/d\/221229-2\/DSC00907.jpg'><img src=http:\/\/ski.inmontanis.info\/d\/221228-3\/DSC00907.jpg \/><\/a><br \/>\n^ Matterhorn-Express, zweite Mittelstation (nur bergseitig) Aroleid<\/p>\n<p><a href='http:\/\/ski.inmontanis.info\/d\/221233-2\/DSC00909.jpg'><img src=http:\/\/ski.inmontanis.info\/d\/221232-3\/DSC00909.jpg \/><\/a><br \/>\n^ Matterhorn-Express Aroleid-Schwarzsee<\/p>\n<p><a href='http:\/\/ski.inmontanis.info\/d\/221237-2\/DSC00911.jpg'><img src=http:\/\/ski.inmontanis.info\/d\/221236-3\/DSC00911.jpg \/><\/a><br \/>\n^ Schwarzsee, schaut wohl wieder nach ehemaliger PB aus. Dahinter die n\u00e4chsten Sektionen des ums Eck fahrenden Matterhornexpress<\/p>\n<p><a href='http:\/\/ski.inmontanis.info\/d\/221241-2\/DSC00912.jpg'><img src=http:\/\/ski.inmontanis.info\/d\/221240-3\/DSC00912.jpg \/><\/a><br \/>\n^ An der 8EUB Matterhorn-Express h\u00e4ngen kurioserweise zwei verschieden hohe Gondeln durcheinander am Seil. Kenn ich auch keine andere solche Bahn.<\/p>\n<p><a href='http:\/\/ski.inmontanis.info\/d\/221245-2\/DSC00913.jpg'><img src=http:\/\/ski.inmontanis.info\/d\/221244-3\/DSC00913.jpg \/><\/a><br \/>\n^ Matterhorn-Express<\/p>\n<p><a href='http:\/\/ski.inmontanis.info\/d\/221371-2\/DSC00916.jpg'><img src=http:\/\/ski.inmontanis.info\/d\/221370-3\/DSC00916.jpg \/><\/a><br \/>\n^ Matterhorn-Express, dritte Mittelstation Schwarzsee<\/p>\n<p><a href='http:\/\/ski.inmontanis.info\/d\/221250-2\/DSC00917.jpg'><img src=http:\/\/ski.inmontanis.info\/d\/221249-3\/DSC00917.jpg \/><\/a><br \/>\n^ Matterhorn-Express Schwarzsee &#8211; Furgg (4. Mittelstation) &#8211; Trockener Steg<\/p>\n<p><a href='http:\/\/ski.inmontanis.info\/d\/221254-2\/DSC00924.jpg'><img src=http:\/\/ski.inmontanis.info\/d\/221253-3\/DSC00924.jpg \/><\/a><br \/>\n^ Trockener Steg mit PB und zuk\u00fcnftiger 3S-Bahn zum Kleinmatterhorn<\/p>\n<p><a href='http:\/\/ski.inmontanis.info\/d\/221258-2\/DSC00929.jpg'><img src=http:\/\/ski.inmontanis.info\/d\/221257-3\/DSC00929.jpg \/><\/a><br \/>\n^ SL Gandegg, satte 2,9 km (!) lang, danach muss man noch den SL Testa nehmen, dann ist man 4,1 km SL am St\u00fcck gefahren.<\/p>\n<p><a href='http:\/\/ski.inmontanis.info\/d\/221262-2\/DSC00932.jpg'><img src=http:\/\/ski.inmontanis.info\/d\/221261-3\/DSC00932.jpg \/><\/a><br \/>\n^ 6KSB Bec Carr\u00e9e (Valtournenche)<\/p>\n<p><a href='http:\/\/ski.inmontanis.info\/d\/221266-2\/DSC00935.jpg'><img src=http:\/\/ski.inmontanis.info\/d\/221265-3\/DSC00935.jpg \/><\/a><br \/>\n^ 6KSB Bec Carr\u00e9e<\/p>\n<p><a href='http:\/\/ski.inmontanis.info\/d\/221270-2\/DSC00936.jpg'><img src=http:\/\/ski.inmontanis.info\/d\/221269-3\/DSC00936.jpg \/><\/a><br \/>\n^ Hintenrumabfahrt an der 6KSB Bec Carr\u00e9e<\/p>\n<p><a href='http:\/\/ski.inmontanis.info\/d\/221375-2\/DSC00937.jpg'><img src=http:\/\/ski.inmontanis.info\/d\/221374-3\/DSC00937.jpg \/><\/a><br \/>\n^ Hintenrumabfahrt an der 6KSB Bec Carr\u00e9e mit 3SB Becca d&#8217;Aran \/ Salette<\/p>\n<p><a href='http:\/\/ski.inmontanis.info\/d\/221278-2\/DSC00943.jpg'><img src=http:\/\/ski.inmontanis.info\/d\/221277-3\/DSC00943.jpg \/><\/a><br \/>\n^ 3SB Becca d&#8217;Aran<\/p>\n<p><a href='http:\/\/ski.inmontanis.info\/d\/221282-2\/DSC00945.jpg'><img src=http:\/\/ski.inmontanis.info\/d\/221281-3\/DSC00945.jpg \/><\/a><br \/>\n^ 3SB Becca d&#8217;Aran \/ Salette<\/p>\n<p><a href='http:\/\/ski.inmontanis.info\/d\/221346-2\/DSC00949.jpg'><img src=http:\/\/ski.inmontanis.info\/d\/221345-3\/DSC00949.jpg \/><\/a><br \/>\n^ Talabfahrt Valtournenche<\/p>\n<p><a href='http:\/\/ski.inmontanis.info\/d\/221287-2\/DSC00950.jpg'><img src=http:\/\/ski.inmontanis.info\/d\/221286-3\/DSC00950.jpg \/><\/a><br \/>\n^ Talabfahrt Valtournenche<\/p>\n<p><a href='http:\/\/ski.inmontanis.info\/d\/221379-2\/DSC00951.jpg'><img src=http:\/\/ski.inmontanis.info\/d\/221378-3\/DSC00951.jpg \/><\/a><br \/>\n^ Talabfahrt Valtournenche<\/p>\n<p><a href='http:\/\/ski.inmontanis.info\/d\/221295-2\/DSC00954.jpg'><img src=http:\/\/ski.inmontanis.info\/d\/221294-3\/DSC00954.jpg \/><\/a><br \/>\n^ Talabfahrt Valtournenche<\/p>\n<p><a href='http:\/\/ski.inmontanis.info\/d\/221383-2\/DSC00955.jpg'><img src=http:\/\/ski.inmontanis.info\/d\/221382-3\/DSC00955.jpg \/><\/a><br \/>\n^ Talabfahrt Valtournenche<\/p>\n<p><a href='http:\/\/ski.inmontanis.info\/d\/221338-2\/ge20161211c.jpg'><img src=http:\/\/ski.inmontanis.info\/d\/221337-3\/ge20161211c.jpg \/><\/a><br \/>\n^ GPS-Track 11.12.2016 ( Entfernung Luftlinie 20,6 km zwischen Valtournenche (rechts) und 3KSB Kumme (ganz links)<\/p>\n<p><a href='http:\/\/ski.inmontanis.info\/d\/221304-2\/ge_monterosa2.jpg'><img src=http:\/\/ski.inmontanis.info\/d\/221303-3\/ge_monterosa2.jpg \/><\/a><br \/>\n^ Skigebiete um den Monte Rosa, so wie ich sie bisher besucht hatte<\/p>\n<p>Fazit: Es war OK, besonders gut gefiel mir die Zahnradbahn, auch die Stafelalp-Abfahrt und die 3KSB Kumme fand ich sehr nett, aber im Gro\u00dfen und ganzen war ich wohl einige Jahre zu sp\u00e4t dran, da schon zu viele moderne Lifte, alles mit 8EUBs und 6KSBs vollgepflastert, was in Cervinia noch eher passt, aber hier einfach nur \u00fcberdimensioniert wirkt. Zermatt zum Saisonanfang lohnt sich m.E. auch nicht wirklich. Viele beschneite Abfahrten, davon viele Schneilanzen und dementsprechend eisig. Haufenweise Skiwege &#8211; was dem im Prinzip nicht optimalen Skigel\u00e4nde geschuldet ist. Das mag sich im Laufe der Saison oder gegen Ende hin verbessern, wenn man die ganzen Skirouten und anderen Abfahrten fahren kann. Ob ich das bei dem teuren Skipass aber so schnell mal austesten werde, bleibt offen. Fest steht, dass mein n\u00e4chster Winter-Skipass hier ein reiner Cervinia-Valtournenche-Pass sein wird, denn da fehlen mir auch noch viele Abfahrten, die ich gerne h\u00e4tte fahren wollen. Bei Preisen von \u00fcber 40,- \u20ac f\u00fcr die Tageskarte ist aber auch das momentan zweitrangig.<\/p>\n<p>Fazit dieses verl\u00e4ngerten WE: Trotz der Wartezeiten &#8211; am besten gefiel es mir in den 4 Tagen im Jafferau-Teilgebiet von Bardonecchia. Und selbst wenn es \u00fcberall optimale Verh\u00e4ltnisse und nirgends Wartezeiten gegeben h\u00e4tte, w\u00e4re es wohl genauso gewesen.<\/p>\n<p>Da ich also relativ fr\u00fch in Valtournenche war, hatte ich noch genug Zeit f\u00fcr die Heimfahrt samt eines \u00c4lplermaccaroni-Zwischenstopps im Rheintal. Wie \u00fcblich hier im Aostatal fuhr ich nicht gleich bei der ersten M\u00f6glichkeit auf die Autobahn, um etwas Maut zu sparen. Ich sah dann von der Landstra\u00dfe aus Stau auf der Autobahn &#8211; aber lt. Navi schien es keinen gro\u00dfen Sinn zu machen, die Autobahn zu meiden, da das wohl um die 40 Minuten l\u00e4nger gedauert hat. Da es wieder ging, fuhr ich die n\u00e4chste Einfahrt dann doch drauf &#8211; und schon staute es sich wieder. W\u00e4r ich mal besser erst an der \u00fcber\u00fcbern\u00e4chsten Auffahrt drauf. Zeitverlust war sicher um die 30 Minuten.<\/p>\n<p>Kurz im Stau gestanden meinte mein Auto auch mal wieder eine kleine Fehlermeldung anzuzeigen: &#8220;Getriebe kontrollieren lassen &#8211; siehe Handbuch&#8221;. Im Handbuch wird der Fehler aber gar nicht erw\u00e4hnt! Nach einiger Zeit war der Fehler wieder weg und nach dem n\u00e4chsten Motor-Neustart kam er auch nicht wieder, auch in der Werkstatt beim Service ein paar Tage sp\u00e4ter wurde nichts gefunden.<\/p>\n<p>Wie schon im Bericht zum 1. Tag gesagt, war ich mir mit der Umfahrung in Varese weiterhin nicht sicher und bin lieber wieder durch Varese durch, aber jetzt abends gab&#8217;s da Stau. Also nochmal Zeitverlust. Kurzer Tankzwischenstopp in der Schweiz (an der Grenze zu Italien, Diesel je nach Tankstelle in IT oder CH etwas g\u00fcnstiger, Benzin viel g\u00fcnstiger in CH), f\u00fcr meine \u00fcbliche \u00c4lplermaccaronirastst\u00e4tte war es aber ein paar Minuten zu sp\u00e4t, so dass ich eine fr\u00fcher hielt (March\u00e9), die zwar heute auch \u00c4lplermaccaroni im Programm hatten, aber mit Schinken, ohne Apfelmus und auch sonst kein Grund, diese hier noch einmal zu kaufen &#8211; da h\u00e4tt ich auch den Burgerking nehmen k\u00f6nnen.<\/p>\n<p>Gegen 0:30 Uhr war ich dann wieder daheim. <\/p>\n<p>##Ende##<\/p>\n","protected":false},"excerpt":{"rendered":"<p>So, 11.12.2016 &#8211; Tag 4 (letzter) &#8211; Valtournenche-Zermatt <\/p>\n<p>Fast p\u00fcnktlich kam ich morgens vom Hotel weg, die Fahrt nach Valtournenche war problemlos, Parkpl\u00e4tze gab es auch noch mehr als genug direkt an der Gondelbahn. Die Tageskarte inkl. Zermatt kostete 53,- \u20ac &#8211; egtl. ein Preis, den ich nur \u00e4u\u00dferst ungern zu zahlen bereit bin, <a href=\"http:\/\/blog.inmontanis.info\/?p=4088\">[&#8230;]<\/a><\/p>\n","protected":false},"author":1,"featured_media":0,"comment_status":"closed","ping_status":"closed","sticky":false,"template":"","format":"standard","meta":{"footnotes":""},"categories":[157,508,15,14,27],"tags":[49,56,53,52,47,41],"class_list":["post-4088","post","type-post","status-publish","format-standard","hentry","category-2016-12-it-fr-4-tage","category-cervinia-zermatt","category-italienitaly","category-swiss","category-skifahren-winterskiing-winter","tag-4sb","tag-6sb","tag-8eub","tag-pb","tag-sl","tag-zahnradbahn","odd"],"_links":{"self":[{"href":"http:\/\/blog.inmontanis.info\/index.php?rest_route=\/wp\/v2\/posts\/4088","targetHints":{"allow":["GET"]}}],"collection":[{"href":"http:\/\/blog.inmontanis.info\/index.php?rest_route=\/wp\/v2\/posts"}],"about":[{"href":"http:\/\/blog.inmontanis.info\/index.php?rest_route=\/wp\/v2\/types\/post"}],"author":[{"embeddable":true,"href":"http:\/\/blog.inmontanis.info\/index.php?rest_route=\/wp\/v2\/users\/1"}],"replies":[{"embeddable":true,"href":"http:\/\/blog.inmontanis.info\/index.php?rest_route=%2Fwp%2Fv2%2Fcomments&post=4088"}],"version-history":[{"count":4,"href":"http:\/\/blog.inmontanis.info\/index.php?rest_route=\/wp\/v2\/posts\/4088\/revisions"}],"predecessor-version":[{"id":4092,"href":"http:\/\/blog.inmontanis.info\/index.php?rest_route=\/wp\/v2\/posts\/4088\/revisions\/4092"}],"wp:attachment":[{"href":"http:\/\/blog.inmontanis.info\/index.php?rest_route=%2Fwp%2Fv2%2Fmedia&parent=4088"}],"wp:term":[{"taxonomy":"category","embeddable":true,"href":"http:\/\/blog.inmontanis.info\/index.php?rest_route=%2Fwp%2Fv2%2Fcategories&post=4088"},{"taxonomy":"post_tag","embeddable":true,"href":"http:\/\/blog.inmontanis.info\/index.php?rest_route=%2Fwp%2Fv2%2Ftags&post=4088"}],"curies":[{"name":"wp","href":"https:\/\/api.w.org\/{rel}","templated":true}]}}