{"id":4074,"date":"2016-12-04T20:02:14","date_gmt":"2016-12-04T19:02:14","guid":{"rendered":"http:\/\/blog.inmontanis.info\/?p=4074"},"modified":"2023-08-06T21:23:55","modified_gmt":"2023-08-06T19:23:55","slug":"ischgl-4-12-2016","status":"publish","type":"post","link":"http:\/\/blog.inmontanis.info\/?p=4074","title":{"rendered":"Ischgl, 4.12.2016"},"content":{"rendered":"<p>Ischgl ist bekanntlich f\u00fcr mich haupts\u00e4chlich in der Vor- und Nachsaison einen Besuch wert, da hier viel offen ist, w\u00e4hrend sonst kaum was geht. Auch heuer wieder gl\u00e4nzt man mit vielen ge\u00f6ffneten Liften und Abfahrten, wobei es nat\u00fcrlich auch hier stellenweise eisig-hart war (und an der Talabfahrt nach Ischgl oberhalb der Mittelstation auch Eisplatten gab) &#8211; im Gegensatz zu den anderen besuchten Skigebieten der letzten 2 WE gab&#8217;s aber immerhin kein Knollen-Problem. Im Durchschnitt betrachtet waren die Pistenzust\u00e4nde verglichen mit den letzten 5 besuchten Skigebieten (Stubaier, Bergeralm, Veysonnaz, Courmayeur, Hoch\/Obergurgl) einen Tick besser. Wobei die Talabfahrt in Ischgl heute nachmittag bis auf das letzte St\u00fcck sicherlich die schlechteste aller gefahrenen Abfahrten war. Auch auf die Abfahrt an der Gampenbahn h\u00e4tte man besser verzichten sollen.<\/p>\n<p>Nachdem ich fr\u00fch (so kurz nach 9 Uhr) mit der 3S hoch fuhr, ging es erst mal zur 4EUB (Pr\u00e4parierung w\u00e4re f\u00fcr manche wohl zu bem\u00e4ngeln gewesen), dann via 8KSB zum f\u00fcr mich wichtigsten Lift in Ischgl &#8211; dem Grat-SL Greitspitz, den ich gleich mal 2x und sp\u00e4ter noch 1x fuhr, und nach ein paar sonnigen Abfahrten auf Samnauner Seite ins Tal nach Laret. Die bin ich schon l\u00e4nger nicht mehr gefahren. Vom Ende der Talabfahrt (im Restaurant daneben g\u00e4be es \u00fcbrigens \u00c4lplermakkaroni, aber ich hatte ja erst letztes WE welche) muss man eine Kurve runter zur Hauptstra\u00dfe gehen (ohne Gehsteig, nebenbei). Von dort fahren dann die &#8220;Skibusse&#8221; um :15 und :45 zur PB. Zus\u00e4tzlich gibt es aber auch noch einen &#8220;Ortsbus&#8221;, den man anscheinend auch als Skifahrer ben\u00fctzen darf, der um :02 oder so f\u00e4hrt (und den ich leider knapp verpasste). Worauf ich hinaus will: Letzterer w\u00fcrde dann genau am Ende der Talabfahrt vorbei fahren &#8211; aber anscheinend h\u00e4lt er dort nicht?! Auch schon wieder schwachsinnig. <\/p>\n<p>Sp\u00e4ter bin ich dann auch die andere Talabfahrt (via Zeblas) gefahren, dort erstmals den Skiweg zur PB anstelle den Bus. Ganz nett, aber im Fr\u00fchjahr wohl Dauerschieben. Da diese Talabfahrt (80) wesentlich eisiger und schlechter war als die Laret ein paar Stunden vorher, bin ich gleich im Anschluss auch nochmal die nach Laret gefahren &#8211; und die war immer noch viel besser als die 80.<\/p>\n<p>Danach noch etwas auf der Ischgler Seite rumgefahren, aber da war nachmittags doch alles recht hart und insb. auf den sonnigen Pisten nicht mehr wirklich sinnvoll, so dass ich die Talabfahrt nahm und um 15:30 (mit 106km am GPS) aufh\u00f6rte.<\/p>\n<p>Zum Thema 3S Stubai vs. Ischgl: Also abgesehen von den anderen Kabinen merkt man da als Skifahrer keinen Unterschied. (Kabinen Ischgl: Mit Sitzheizung und Skihalter an der Decke, Sitzfl\u00e4che geht mittig rum und hat weniger Sitzpl\u00e4tze; Kabinen Stubai: Sch\u00f6neres Design, aber das sieht wohl jeder anders). Vielleicht ist die Geschwindigkeit in der Talstation in Ischgl etwas langsamer.<\/p>\n<p>(Fotos anklicken zum Vergr\u00f6\u00dfern)<\/p>\n<p><a href='http:\/\/ski.inmontanis.info\/d\/220207-2\/DSC00205.jpg'><img src=http:\/\/ski.inmontanis.info\/d\/220206-3\/DSC00205.jpg \/><\/a><br \/>\n^ Statt 4KSB + 8KSB hat man jetzt 2x 8KSB von der Idalp richtung Samnaun. 6.200 p\/h. Was kommt als n\u00e4chstes?<\/p>\n<p><a href='http:\/\/ski.inmontanis.info\/d\/220332-2\/DSC00206.jpg'><img src=http:\/\/ski.inmontanis.info\/d\/220331-3\/DSC00206.jpg \/><\/a><br \/>\n^ .. widmen wir uns den interessanteren Liften, Grat-SL Greitspitz, der beste Lift in Ischgl ;-)<\/p>\n<p><a href='http:\/\/ski.inmontanis.info\/d\/220212-2\/DSC00207.jpg'><img src=http:\/\/ski.inmontanis.info\/d\/220211-3\/DSC00207.jpg \/><\/a><br \/>\n^ Grivalea-KSB noch geschlossen. Aber da h\u00e4tte man eh noch viel mehr rausholen k\u00f6nnen.<\/p>\n<p><a href='http:\/\/ski.inmontanis.info\/d\/220216-2\/DSC00210.jpg'><img src=http:\/\/ski.inmontanis.info\/d\/220215-3\/DSC00210.jpg \/><\/a><br \/>\n^ Pano von der Bergstation Visnitz-4KSB<\/p>\n<p><a href='http:\/\/ski.inmontanis.info\/d\/220220-2\/DSC00211.jpg'><img src=http:\/\/ski.inmontanis.info\/d\/220219-3\/DSC00211.jpg \/><\/a><br \/>\n^ Visnitz-4KSB<\/p>\n<p><a href='http:\/\/ski.inmontanis.info\/d\/220224-2\/DSC00215.jpg'><img src=http:\/\/ski.inmontanis.info\/d\/220223-3\/DSC00215.jpg \/><\/a><br \/>\n^ Talabfahrt Samnaun-Laret<\/p>\n<p><a href='http:\/\/ski.inmontanis.info\/d\/220228-2\/DSC00216.jpg'><img src=http:\/\/ski.inmontanis.info\/d\/220227-3\/DSC00216.jpg \/><\/a><br \/>\n^ Talabfahrt Samnaun-Laret<\/p>\n<p><a href='http:\/\/ski.inmontanis.info\/d\/220232-2\/DSC00217.jpg'><img src=http:\/\/ski.inmontanis.info\/d\/220231-3\/DSC00217.jpg \/><\/a><br \/>\n^ Talabfahrt Samnaun-Laret. Egtl. die sch\u00f6nere von beiden Talabfahrten, leerer, besserer Schnee<\/p>\n<p><a href='http:\/\/ski.inmontanis.info\/d\/220236-2\/DSC00218.jpg'><img src=http:\/\/ski.inmontanis.info\/d\/220235-3\/DSC00218.jpg \/><\/a><br \/>\n^ Talabfahrt Samnaun-Laret<\/p>\n<p><a href='http:\/\/ski.inmontanis.info\/d\/220240-2\/DSC00219.jpg'><img src=http:\/\/ski.inmontanis.info\/d\/220239-3\/DSC00219.jpg \/><\/a><br \/>\n^ Talabfahrt Samnaun-Laret<\/p>\n<p><a href='http:\/\/ski.inmontanis.info\/d\/220244-2\/DSC00220.jpg'><img src=http:\/\/ski.inmontanis.info\/d\/220243-3\/DSC00220.jpg \/><\/a><br \/>\n^ Talabfahrt Samnaun-Laret<\/p>\n<p><a href='http:\/\/ski.inmontanis.info\/d\/220248-2\/DSC00221.jpg'><img src=http:\/\/ski.inmontanis.info\/d\/220247-3\/DSC00221.jpg \/><\/a><br \/>\n^ Talabfahrt Samnaun-Laret<\/p>\n<p><a href='http:\/\/ski.inmontanis.info\/d\/220252-2\/DSC00224.jpg'><img src=http:\/\/ski.inmontanis.info\/d\/220251-3\/DSC00224.jpg \/><\/a><br \/>\n^ Grat-SL Greitspitz<\/p>\n<p><a href='http:\/\/ski.inmontanis.info\/d\/220256-2\/DSC00225.jpg'><img src=http:\/\/ski.inmontanis.info\/d\/220255-3\/DSC00225.jpg \/><\/a><br \/>\n^ Grat-SL Greitspitz, Blickrichtung Idalp<\/p>\n<p><a href='http:\/\/ski.inmontanis.info\/d\/220260-2\/DSC00226.jpg'><img src=http:\/\/ski.inmontanis.info\/d\/220259-3\/DSC00226.jpg \/><\/a><br \/>\n^ Grat-SL Greitspitz<\/p>\n<p><a href='http:\/\/ski.inmontanis.info\/d\/220264-2\/DSC00230.jpg'><img src=http:\/\/ski.inmontanis.info\/d\/220263-3\/DSC00230.jpg \/><\/a><br \/>\n^ Grat-SL Greitspitz<\/p>\n<p><a href='http:\/\/ski.inmontanis.info\/d\/220268-2\/DSC00232.jpg'><img src=http:\/\/ski.inmontanis.info\/d\/220267-3\/DSC00232.jpg \/><\/a><br \/>\n^ Grat-SL Greitspitz<\/p>\n<p><a href='http:\/\/ski.inmontanis.info\/d\/220272-2\/DSC00233.jpg'><img src=http:\/\/ski.inmontanis.info\/d\/220271-3\/DSC00233.jpg \/><\/a><br \/>\n^ Grat-SL Greitspitz<\/p>\n<p><a href='http:\/\/ski.inmontanis.info\/d\/220276-2\/DSC00238.jpg'><img src=http:\/\/ski.inmontanis.info\/d\/220275-3\/DSC00238.jpg \/><\/a><br \/>\n^ Grat-SL Greitspitz<\/p>\n<p><a href='http:\/\/ski.inmontanis.info\/d\/220280-2\/DSC00243.jpg'><img src=http:\/\/ski.inmontanis.info\/d\/220279-3\/DSC00243.jpg \/><\/a><br \/>\n^ Grat-SL Greitspitz<\/p>\n<p><a href='http:\/\/ski.inmontanis.info\/d\/220284-2\/DSC00245.jpg'><img src=http:\/\/ski.inmontanis.info\/d\/220283-3\/DSC00245.jpg \/><\/a><br \/>\n^ Grat-SL Greitspitz<\/p>\n<p><a href='http:\/\/ski.inmontanis.info\/d\/220288-2\/DSC00248.jpg'><img src=http:\/\/ski.inmontanis.info\/d\/220287-3\/DSC00248.jpg \/><\/a><br \/>\n^ Grat-SL Greitspitz<\/p>\n<p><a href='http:\/\/ski.inmontanis.info\/d\/220292-2\/DSC00249.jpg'><img src=http:\/\/ski.inmontanis.info\/d\/220291-3\/DSC00249.jpg \/><\/a><br \/>\n^ Grat-SL Greitspitz<\/p>\n<p><a href='http:\/\/ski.inmontanis.info\/d\/220296-2\/DSC00252.jpg'><img src=http:\/\/ski.inmontanis.info\/d\/220295-3\/DSC00252.jpg \/><\/a><br \/>\n^ 6KSB Zeblas<\/p>\n<p><a href='http:\/\/ski.inmontanis.info\/d\/220300-2\/DSC00253.jpg'><img src=http:\/\/ski.inmontanis.info\/d\/220299-3\/DSC00253.jpg \/><\/a><br \/>\n^ Ostseitiger Skiweg um den Palinkopf. War \u00fcbrigens wesentlich besser (kaum Steine) als der westseitige (unter der Gampen-4KSB). Blick zur Talabfahrt Samnaun\/Zeblas<\/p>\n<p><a href='http:\/\/ski.inmontanis.info\/d\/220304-2\/DSC00256.jpg'><img src=http:\/\/ski.inmontanis.info\/d\/220303-3\/DSC00256.jpg \/><\/a><br \/>\n^ Hach, da m\u00fcsste ich auch mal hin. Und danach Nachtski in Galt\u00fcr. Allerdings hat der Dorftunnel ja 2 oder 3 Eing\u00e4nge..<\/p>\n<p><a href='http:\/\/ski.inmontanis.info\/d\/220308-2\/DSC00257.jpg'><img src=http:\/\/ski.inmontanis.info\/d\/220307-3\/DSC00257.jpg \/><\/a><br \/>\n^ Samnaun Talabfahrt 80a &#8211; Skiweg bis zur PB.<\/p>\n<p><a href='http:\/\/ski.inmontanis.info\/d\/220312-2\/DSC00258.jpg'><img src=http:\/\/ski.inmontanis.info\/d\/220311-3\/DSC00258.jpg \/><\/a><br \/>\n^ Samnaun Talabfahrt 80a &#8211; Skiweg bis zur PB.<\/p>\n<p><a href='http:\/\/ski.inmontanis.info\/d\/220316-2\/DSC00262.jpg'><img src=http:\/\/ski.inmontanis.info\/d\/220315-3\/DSC00262.jpg \/><\/a><br \/>\n^ Samnaun Talabfahrt 80a &#8211; Skiweg bis zur PB.<\/p>\n<p><a href='http:\/\/ski.inmontanis.info\/d\/220320-2\/DSC00265.jpg'><img src=http:\/\/ski.inmontanis.info\/d\/220319-3\/DSC00265.jpg \/><\/a><br \/>\n^ Richtung Idalp von Bergstation Thaya<\/p>\n<p><a href='http:\/\/ski.inmontanis.info\/d\/220324-2\/DSC00266.jpg'><img src=http:\/\/ski.inmontanis.info\/d\/220323-3\/DSC00266.jpg \/><\/a><br \/>\n^ Talabfahrt Ischgl 1a. Oben etliche Eisplatten, der Schlusshang war besser.<\/p>\n<p><a href='http:\/\/ski.inmontanis.info\/d\/220328-2\/ge20161204a.jpg'><img src=http:\/\/ski.inmontanis.info\/d\/220327-3\/ge20161204a.jpg \/><\/a><br \/>\n^ GPS-Track 4.12.2016<\/p>\n<p>Fazit: Klar besser als Stubai, Bergeralm und Gurgl. Aber n\u00e4chstes WE h\u00e4tte ich doch mal wieder ganz gern besseren Schnee.<\/p>\n","protected":false},"excerpt":{"rendered":"<p>Ischgl ist bekanntlich f\u00fcr mich haupts\u00e4chlich in der Vor- und Nachsaison einen Besuch wert, da hier viel offen ist, w\u00e4hrend sonst kaum was geht. Auch heuer wieder gl\u00e4nzt man mit vielen ge\u00f6ffneten Liften und Abfahrten, wobei es nat\u00fcrlich auch hier stellenweise eisig-hart war (und an der Talabfahrt nach Ischgl oberhalb der Mittelstation auch Eisplatten gab) <a href=\"http:\/\/blog.inmontanis.info\/?p=4074\">[&#8230;]<\/a><\/p>\n","protected":false},"author":1,"featured_media":0,"comment_status":"closed","ping_status":"closed","sticky":false,"template":"","format":"standard","meta":{"footnotes":""},"categories":[906,25,13,14,27],"tags":[49,56,57,47],"class_list":["post-4074","post","type-post","status-publish","format-standard","hentry","category-ischgl-samnaun","category-noreport","category-austria","category-swiss","category-skifahren-winterskiing-winter","tag-4sb","tag-6sb","tag-8sb","tag-sl","odd"],"_links":{"self":[{"href":"http:\/\/blog.inmontanis.info\/index.php?rest_route=\/wp\/v2\/posts\/4074","targetHints":{"allow":["GET"]}}],"collection":[{"href":"http:\/\/blog.inmontanis.info\/index.php?rest_route=\/wp\/v2\/posts"}],"about":[{"href":"http:\/\/blog.inmontanis.info\/index.php?rest_route=\/wp\/v2\/types\/post"}],"author":[{"embeddable":true,"href":"http:\/\/blog.inmontanis.info\/index.php?rest_route=\/wp\/v2\/users\/1"}],"replies":[{"embeddable":true,"href":"http:\/\/blog.inmontanis.info\/index.php?rest_route=%2Fwp%2Fv2%2Fcomments&post=4074"}],"version-history":[{"count":2,"href":"http:\/\/blog.inmontanis.info\/index.php?rest_route=\/wp\/v2\/posts\/4074\/revisions"}],"predecessor-version":[{"id":4076,"href":"http:\/\/blog.inmontanis.info\/index.php?rest_route=\/wp\/v2\/posts\/4074\/revisions\/4076"}],"wp:attachment":[{"href":"http:\/\/blog.inmontanis.info\/index.php?rest_route=%2Fwp%2Fv2%2Fmedia&parent=4074"}],"wp:term":[{"taxonomy":"category","embeddable":true,"href":"http:\/\/blog.inmontanis.info\/index.php?rest_route=%2Fwp%2Fv2%2Fcategories&post=4074"},{"taxonomy":"post_tag","embeddable":true,"href":"http:\/\/blog.inmontanis.info\/index.php?rest_route=%2Fwp%2Fv2%2Ftags&post=4074"}],"curies":[{"name":"wp","href":"https:\/\/api.w.org\/{rel}","templated":true}]}}