{"id":4071,"date":"2016-12-03T17:11:34","date_gmt":"2016-12-03T16:11:34","guid":{"rendered":"http:\/\/blog.inmontanis.info\/?p=4071"},"modified":"2023-08-06T10:55:25","modified_gmt":"2023-08-06T08:55:25","slug":"stubaier-gletscher-bergeralm-3-12-2016","status":"publish","type":"post","link":"http:\/\/blog.inmontanis.info\/?p=4071","title":{"rendered":"Stubaier Gletscher + Bergeralm, 3.12.2016"},"content":{"rendered":"<p><strong>Sa, 3.12.2016<\/strong><\/p>\n<p>Da ich ja erst letztes WE weiter weg war (und au\u00dferdem ein bisschen was im B\u00fcro machen musste), wollte ich dieses WE nicht zum Naturschnee in den Piemont fahren. N\u00e4here, sinnvolle Tagesausfl\u00fcge kamen mir auch nicht in den Sinn (au\u00dfer evtl. Bormio, aber das ist ja auch immer so nervig anzufahren), also blieb es bei der Saisonkarte. Morgen Ischgl und heute dann eine Wahl aus den mir unbeliebtesten Skigebieten, in denen jeweils die f\u00fcr mich interessantesten Abfahrten oder Lifte noch geschlossen sind.<\/p>\n<p>Also ging&#8217;s halt stattdessen nochmal auf&#8217;n Stubaier. Da gibt&#8217;s mit dem SL Gai\u00dfkar morgens wenigstens einen Sonnenhang. Offizieller Betriebsbeginn lt. Homepage ist mittlerweile um 8 Uhr. Als ich um 8:10 ankam, war aber doch schon mehr los als zuletzt um 7:40. C- und D-Parkplatz bereits voll, ich durfte mich somit erstmals unter die Bahn am E-Parkplatz stellen (aber noch in Bahnn\u00e4he). Oben dann 3-4x SL Gaiskar (ging schon besser, aber ganz ok), 1x SL Windach (ging auch noch gut), DSB Wildspitz. Am SL Daunscharte war&#8217;s mir zu voll, somit 1x SL Daunferner (hart und die \u00fcblichen Eisplatten hier und da, aber auch noch OK). 8KSB bereits voller, also Tellerlift und Murmelebahn. Waren heute eher zu vergessen, da wohl tagelang nicht pr\u00e4pariert. Abfahrt zur Mittelstation von hier aus auch sehr unsch\u00f6n eisig hart.<\/p>\n<p>Mit der 3S zum Eisgrat, 1x den SL genommen (war nix los, Abfahrt war sehr hart, aber noch OK), 6KSB Fernau (dito, aber am Rand OK) und ab zur Mittelstation (die dagegen hatte viel aufgefahrenen (oder neueren) Kunstschnee am Rand, somit mit die beste Abfahrt heute gewesen). Danach wieder ins Tal (nach etwas \u00fcber 2,5h), an eine Talabfahrt war heute nat\u00fcrlich nicht zu denken.<\/p>\n<p><a href='http:\/\/ski.inmontanis.info\/d\/220146-2\/DSC00178.jpg'><img src=http:\/\/ski.inmontanis.info\/d\/220145-3\/DSC00178.jpg \/><\/a><br \/>\n^ Schneefangspuren am Gletscher neben dem SL Gaiskar<\/p>\n<p><a href='http:\/\/ski.inmontanis.info\/d\/220150-2\/DSC00180.jpg'><img src=http:\/\/ski.inmontanis.info\/d\/220149-3\/DSC00180.jpg \/><\/a><br \/>\n^ SL Gaiskar unterer Teil und DSB Pfaffengrat leider immer noch geschlossen &#8211; und das Anfang Dezember !!<\/p>\n<p>Einige Tourenskifahrer sind da runter gefahren und dann bis in die Mulde und &#8211; keine Ahnung, liegt doch nirgends genug Schnee hier, und der, der liegt, ist doch steinhart, was macht das denn f\u00fcr einen Sinn?!<\/p>\n<p><a href='http:\/\/ski.inmontanis.info\/d\/220154-2\/DSC00182.jpg'><img src=http:\/\/ski.inmontanis.info\/d\/220153-3\/DSC00182.jpg \/><\/a><br \/>\n^ In Italien gab&#8217;s mal wieder Nebelmeer<\/p>\n<p><a href='http:\/\/ski.inmontanis.info\/d\/220158-2\/DSC00184.jpg'><img src=http:\/\/ski.inmontanis.info\/d\/220157-3\/DSC00184.jpg \/><\/a><br \/>\n^ Um 9:45 war&#8217;s an den beiden KSBs ganz sch\u00f6n voll.<\/p>\n<p><a href='http:\/\/ski.inmontanis.info\/d\/220162-2\/DSC00186.jpg'><img src=http:\/\/ski.inmontanis.info\/d\/220161-3\/DSC00186.jpg \/><\/a><br \/>\n^ Am Tellerlift und der Murmele-6SB wurde seit einiger Zeit nicht mehr pr\u00e4pariert  &#8211; Beton-Schnee.<\/p>\n<p><a href='http:\/\/ski.inmontanis.info\/d\/220166-2\/DSC00187.jpg'><img src=http:\/\/ski.inmontanis.info\/d\/220165-3\/DSC00187.jpg \/><\/a><br \/>\n^ Da gab&#8217;s seit meinem letzten Besuch einen kleinen Schneerutsch.<\/p>\n<p><a href='http:\/\/ski.inmontanis.info\/d\/220170-2\/DSC00190.jpg'><img src=http:\/\/ski.inmontanis.info\/d\/220169-3\/DSC00190.jpg \/><\/a><br \/>\n^ SL Gaiskar von Fernau-KSB<\/p>\n<p><a href='http:\/\/ski.inmontanis.info\/d\/220174-2\/DSC00195_001.jpg'><img src=http:\/\/ski.inmontanis.info\/d\/220173-3\/DSC00195_001.jpg \/><\/a><br \/>\n^ Parkplatz D teilweise abgesperrt, am E nahe der Bahn genauso &#8211; muss man nicht verstehen, warum die n\u00e4hesten Parkpl\u00e4tze zur 3S nicht bef\u00fcllt werden. Stattdessen Ersatzparkplatz Falbeson offen.<\/p>\n<p><a href='http:\/\/ski.inmontanis.info\/d\/220178-2\/DSC00198_001.jpg'><img src=http:\/\/ski.inmontanis.info\/d\/220177-3\/DSC00198_001.jpg \/><\/a><br \/>\n^ 3S Talstation<\/p>\n<p><a href='http:\/\/ski.inmontanis.info\/d\/220182-2\/DSC00199_001.jpg'><img src=http:\/\/ski.inmontanis.info\/d\/220181-3\/DSC00199_001.jpg \/><\/a><br \/>\n^ 3S Talstation \/ Zugang von den unteren Parkpl\u00e4tzen<\/p>\n<p>Vielleicht geht&#8217;s wo anders ja doch noch besser und zur Schlick gefahren. Bin ja kein gro\u00dfer Fan von der Schlick, im Winter sehr schattig, Abfahrten auch nicht so besonders mit wenigen Ausnahmen und dann das Theater mit dem Parkplatz, wo man nie wei\u00df, ob nun ein Parkplatzpendelbus f\u00e4hrt (oder heute grad nicht oder grad Mittag hat) und wo er h\u00e4lt und wo man warten soll. Daher die letzten Jahre im Zweifelsfall lieber gleich zu Fu\u00df rauf und doch ge\u00e4rgert, da der Bus dann doch fuhr. Also hab ich heute gewartet. Nach 10 Minuten wurd&#8217;s mir zu bl\u00f6d, es kam keiner und ich bin wieder weggefahren. Schlick somit f\u00fcr den Rest der Saison auf meiner Sperr-Liste. <\/p>\n<p>Daher noch kurz zur Bergeralm, die ich genauso wenig mag, au\u00dfer der SL Hochsonn ist offen, was er nat\u00fcrlich wg. Schneemangels noch nicht ist. An der DSB starker, eisiger Wind (am Stubaier quasi windstill), daher nur 2x gefahren. Die Pisten und insb. die Talabfahrt wie \u00fcblich hier eisig hart, nur am Rand gab&#8217;s jeweils eine ca. 1-2m schmale Spur mit etwas aufgefahrenerem Schnee. Nicht nur ich, auch ein paar Tourengeher haben sich daher auf diesen schmalen Rand fixiert :) Hab mir die Talabfahrt kein zweites Mal angetan, hab anderswo sinnvolleres zu tun, und bin nach ca. 1 Stunde wieder gefahren.<\/p>\n<p><a href='http:\/\/ski.inmontanis.info\/d\/220190-3\/DSC00201.jpg'><img src=http:\/\/ski.inmontanis.info\/d\/220189-3\/DSC00201.jpg \/><\/a><br \/>\n^ Fast kein Naturschnee mehr &#8211; auch die Nordkette ist fast schneefrei.<\/p>\n<p><a href='http:\/\/ski.inmontanis.info\/d\/220194-3\/DSC00202.jpg'><img src=http:\/\/ski.inmontanis.info\/d\/220193-3\/DSC00202.jpg \/><\/a><br \/>\n^ Schwarze Abfahrt an der DSB. War gesperrt, aber von oben her toll pr\u00e4pariert. Aber warum ist da um 12 Uhr noch fast keiner gefahren?!<\/p>\n<p><a href='http:\/\/ski.inmontanis.info\/d\/220203-2\/DSC00203.jpg'><img src=http:\/\/ski.inmontanis.info\/d\/220202-3\/DSC00203.jpg \/><\/a><br \/>\n^ Ok, Gl\u00fcck gehabt, dass es da eine pr\u00e4parierte Spur gab. W\u00e4re sonst sehr ungem\u00fctlich geworden.<\/p>\n<p><a href='http:\/\/ski.inmontanis.info\/d\/220199-3\/DSC00204.jpg'><img src=http:\/\/ski.inmontanis.info\/d\/220198-3\/DSC00204.jpg \/><\/a><br \/>\n^ Ok, wegen so einem popeligen St\u00fcck ist die Abfahrt also nicht offen. Schlechtes Timing?! H\u00e4tte man sich nicht irgendwo oben mit 1-2 Spuren weniger begn\u00fcgen k\u00f6nnen, und daf\u00fcr hier 1-2 Spuren fertig machen?<\/p>\n<p>Somit werde ich also, brauchbares Wetter vorausgesetzt, n\u00e4chstes WE wieder ausw\u00e4rts unterwegs sein, hoffentlich dort, wo es besseren (Natur-) Schnee gibt, mindestens mal SA+SO, evtl. sogar die 4 Tage inkl. Feiertag. Hier in Nordtirol auf die Saisonkarte fahren macht irgendwie wenig Sinn bis zum n\u00e4chsten Schneefall.<\/p>\n<p>Eine Schnitzelsemmel (mit R\u00f6sti) f\u00fcr 6,- \u20ac h\u00f6rt sich erst mal teuer an, aber &#8230;<\/p>\n<p><a href='http:\/\/extra.inmontanis.info\/d\/40101-2\/IMG_2699.jpg'><img src=http:\/\/extra.inmontanis.info\/d\/40100-3\/IMG_2699.jpg \/><\/a><br \/>\n.. bei der Gr\u00f6\u00dfe ist es dann schon wieder g\u00fcnstig ;)<br \/>\n(ich hab&#8217;s nicht ganz geschafft.)<\/p>\n","protected":false},"excerpt":{"rendered":"<p>Sa, 3.12.2016<\/p>\n<p>Da ich ja erst letztes WE weiter weg war (und au\u00dferdem ein bisschen was im B\u00fcro machen musste), wollte ich dieses WE nicht zum Naturschnee in den Piemont fahren. N\u00e4here, sinnvolle Tagesausfl\u00fcge kamen mir auch nicht in den Sinn (au\u00dfer evtl. Bormio, aber das ist ja auch immer so nervig anzufahren), also blieb <a href=\"http:\/\/blog.inmontanis.info\/?p=4071\">[&#8230;]<\/a><\/p>\n","protected":false},"author":1,"featured_media":0,"comment_status":"closed","ping_status":"closed","sticky":false,"template":"","format":"standard","meta":{"footnotes":""},"categories":[886,25,13,27,895],"tags":[77],"class_list":["post-4071","post","type-post","status-publish","format-standard","hentry","category-bergeralm","category-noreport","category-austria","category-skifahren-winterskiing-winter","category-stubaier-gletscher","tag-nebelmeer","odd"],"_links":{"self":[{"href":"http:\/\/blog.inmontanis.info\/index.php?rest_route=\/wp\/v2\/posts\/4071","targetHints":{"allow":["GET"]}}],"collection":[{"href":"http:\/\/blog.inmontanis.info\/index.php?rest_route=\/wp\/v2\/posts"}],"about":[{"href":"http:\/\/blog.inmontanis.info\/index.php?rest_route=\/wp\/v2\/types\/post"}],"author":[{"embeddable":true,"href":"http:\/\/blog.inmontanis.info\/index.php?rest_route=\/wp\/v2\/users\/1"}],"replies":[{"embeddable":true,"href":"http:\/\/blog.inmontanis.info\/index.php?rest_route=%2Fwp%2Fv2%2Fcomments&post=4071"}],"version-history":[{"count":2,"href":"http:\/\/blog.inmontanis.info\/index.php?rest_route=\/wp\/v2\/posts\/4071\/revisions"}],"predecessor-version":[{"id":4073,"href":"http:\/\/blog.inmontanis.info\/index.php?rest_route=\/wp\/v2\/posts\/4071\/revisions\/4073"}],"wp:attachment":[{"href":"http:\/\/blog.inmontanis.info\/index.php?rest_route=%2Fwp%2Fv2%2Fmedia&parent=4071"}],"wp:term":[{"taxonomy":"category","embeddable":true,"href":"http:\/\/blog.inmontanis.info\/index.php?rest_route=%2Fwp%2Fv2%2Fcategories&post=4071"},{"taxonomy":"post_tag","embeddable":true,"href":"http:\/\/blog.inmontanis.info\/index.php?rest_route=%2Fwp%2Fv2%2Ftags&post=4071"}],"curies":[{"name":"wp","href":"https:\/\/api.w.org\/{rel}","templated":true}]}}