{"id":4023,"date":"2016-10-16T19:55:59","date_gmt":"2016-10-16T17:55:59","guid":{"rendered":"http:\/\/blog.inmontanis.info\/?p=4023"},"modified":"2023-08-06T10:55:57","modified_gmt":"2023-08-06T08:55:57","slug":"stubaier-gletscher-15-16-10-2016","status":"publish","type":"post","link":"http:\/\/blog.inmontanis.info\/?p=4023","title":{"rendered":"Stubaier Gletscher 15.+16.10.2016"},"content":{"rendered":"<p><strong>Sa, 15.10.2016<\/strong><\/p>\n<p>Erst gegen 11 Uhr bin ich heute raufgefahren, so toll sollte das Wetter ja nicht werden. Wobei zumindest Bergfex doch um einiges Mehr an Sonne gemeldet h\u00e4tte. Naja. Zu letzter Woche sollte heute Eisjoch-KSB und Daunscharte-SL und Abfahrt zum Gamsgarten hinzugekommen sein. Als ich gegen 11:30 Uhr am Gamsgarten war, wurde die Eisjoch-KSB aber gerade eingaragiert. Daf\u00fcr lief die Schaufeljoch-8EUB. Eh besser, so kommt man vom SL ohne Fu\u00dfweg wieder retour.<\/p>\n<p>Offiziell war der Skigebietsteil aber komplett gesperrt. Also von Rotadl\/Daunferner runter zum Eisgrat, dick abgesperrt. Hat aber die wenigsten gest\u00f6rt und die Lifte waren ja auch in Betrieb. Vermutlich gab&#8217;s an der DSB heute etwas Wind, vielleicht lief sie vormittags auch zeitweise nicht, vermutlich konnte der R\u00fcckweg \u00fcber die DSB heute nicht garantiert werden &#8211; die Abfahrt vom Eisgrat zum Gamsgarten ist ja noch offiziell gesperrt, wird aber inoffiziell auch befahren. Jedenfalls mal wieder was Neues, was Kurioses gewesen. Dass Abfahrten gesperrt sind und deren Befahrung toleriert wird, dass gesperrte Abfahrten teilweise pr\u00e4pariert werden und zur Befahrung toleriert werden, das kannte ich schon. Aber dass gleich 4 Lifte offiziell nicht in Betrieb sind, man sie aber trotzdem fahren kann, fand ich witzig ;)<\/p>\n<p>Generell sind die Schneeverh\u00e4ltnisse und Schneemengen f\u00fcr Mitte Oktober sehr gut. Kein Blankeis und auch so gut wie keine Steine mehr &#8211; au\u00dfer an der Abfahrt zum Gamsgarten im unteren Gletscherbereich. Manche Pisten, der komplette Daunfernerbereich samt -scharte, waren nachmittags aber sehr aufgew\u00fchlt. Bin dort heute auch nur je 1x gefahren, ansonsten haupts\u00e4chlich Eisjoch + Windach. Bei beiden gab es selbst nach 14 Uhr noch fast komplett frisch pr\u00e4parierte Spuren, die perfekt zu fahren waren.<\/p>\n<p>(Fotos anklicken zum Vergr\u00f6\u00dfern.)<\/p>\n<p><a href='http:\/\/ski.inmontanis.info\/d\/218750-2\/DSC09353.jpg'><img src=http:\/\/ski.inmontanis.info\/d\/218749-3\/DSC09353.jpg \/><\/a><br \/>\n^ F\u00fcllgrad Parkpl\u00e4tze<\/p>\n<p><a href='http:\/\/ski.inmontanis.info\/d\/218754-2\/DSC09356.jpg'><img src=http:\/\/ski.inmontanis.info\/d\/218753-3\/DSC09356.jpg \/><\/a><br \/>\n^ Gegen 11:30 wurde die Eisjoch-6KSB eingaragiert. Hier ein Fehler beim Einkuppeln zu sehen.<\/p>\n<p><a href='http:\/\/ski.inmontanis.info\/d\/218758-2\/DSC09357.jpg'><img src=http:\/\/ski.inmontanis.info\/d\/218757-3\/DSC09357.jpg \/><\/a><br \/>\n^ Bergstation 3S-Bahn. Soll ja n\u00e4chsten Samstag er\u00f6ffnet werden.<\/p>\n<p><a href='http:\/\/ski.inmontanis.info\/d\/218799-2\/DSC09359.jpg'><img src=http:\/\/ski.inmontanis.info\/d\/218798-3\/DSC09359.jpg \/><\/a><br \/>\n^ Neuer Aufgang Schaufeljoch-8EUB \/ Abgang 3S-Bahn<\/p>\n<p><a href='http:\/\/ski.inmontanis.info\/d\/218763-2\/DSC09360.jpg'><img src=http:\/\/ski.inmontanis.info\/d\/218762-3\/DSC09360.jpg \/><\/a><br \/>\n^ Bergstation 3S-Bahn. Der Ein\/Ausstiegsbereich ist ziemlich schmal? Au\u00dfer dort, wo jetzt die Kabine h\u00e4ngt (Garagierungs-Umlauf), wird tags\u00fcber noch ein erh\u00f6hter Boden installiert?<\/p>\n<p><a href='http:\/\/ski.inmontanis.info\/d\/218771-2\/DSC09363.jpg'><img src=http:\/\/ski.inmontanis.info\/d\/218770-3\/DSC09363.jpg \/><\/a><br \/>\n^ Spaltenbereich am SL Daunscharte. Da werd ich diesen Herbst mal lieber nicht fahren.<\/p>\n<p><a href='http:\/\/ski.inmontanis.info\/d\/218775-2\/DSC09366.jpg'><img src=http:\/\/ski.inmontanis.info\/d\/218774-3\/DSC09366.jpg \/><\/a><br \/>\n^ Offiziell waren SL-8EUB-SL-DSB heute wohl gesperrt, inoffiziell sind aber gen\u00fcgend r\u00fcber und die Lifte fuhren ja auch ;)<\/p>\n<p><a href='http:\/\/ski.inmontanis.info\/d\/218779-2\/DSC09367.jpg'><img src=http:\/\/ski.inmontanis.info\/d\/218778-3\/DSC09367.jpg \/><\/a><br \/>\n^ Abfahrt Eisgrat-Gamsgarten konnte man auch schon fahren, war aber nat\u00fcrlich noch gesperrt.<\/p>\n<p><a href='http:\/\/ski.inmontanis.info\/d\/218783-2\/DSC09368.jpg'><img src=http:\/\/ski.inmontanis.info\/d\/218782-3\/DSC09368.jpg \/><\/a><br \/>\n^ S\u00e4mtliche SL-Trassen waren sehr eisig, so dass sich sogar die Skifahrer gespiegelt haben.<\/p>\n<p><a href='http:\/\/ski.inmontanis.info\/d\/218767-2\/DSC09362.jpg'><img src=http:\/\/ski.inmontanis.info\/d\/218766-3\/DSC09362.jpg \/><\/a><br \/>\n^ Die Toiletten an der Bergstation Schaufeljochbahn wurden wohl leider stillgelegt?<\/p>\n<p><a href='http:\/\/ski.inmontanis.info\/d\/218787-2\/DSC09374.jpg'><img src=http:\/\/ski.inmontanis.info\/d\/218786-3\/DSC09374.jpg \/><\/a><br \/>\n^ Hm. Das WC im Untergeschoss hatte bei den Herren 2 Sch\u00fcsseln, bei den Damen doch wohl keine 6? Weil hier liegen 8 &#8211; und sehr neu sahen die auch nicht aus. Im Hintergrund hat \u00fcbrigens gerade einer die Kacke abgepumpt &#8211; mit dem entsprechenden Geruch. Kann gut sein, dass man sich das in Zukunft sparen will und das WC nun aufl\u00e4sst? Oder man vergr\u00f6\u00dfert es, z.B. mit einigen alten Sch\u00fcsseln vom Eisgrat, so dort durch den 3S-Bahn-Bau die Toiletten umgebaut wurden?<\/p>\n<p><a href='http:\/\/ski.inmontanis.info\/d\/218791-2\/DSC09375.jpg'><img src=http:\/\/ski.inmontanis.info\/d\/218790-3\/DSC09375.jpg \/><\/a><br \/>\n^ Nachmittags sehr gute Verh\u00e4ltnisse auf Teilen am Windachferner. Und: Gletscherschwund &#8211; links oben Ex-DSB-Talstation<\/p>\n<p><a href='http:\/\/ski.inmontanis.info\/d\/218795-2\/DSC09377.jpg'><img src=http:\/\/ski.inmontanis.info\/d\/218794-3\/DSC09377.jpg \/><\/a><br \/>\n^ Bester Bereich, schon zu Mittag, aber auch jetzt um 14:40 Uhr noch frisch pr\u00e4pariert. Danach fuhr ich die gesperrte Abfahrt &#8211; mit Aufpassen ohne Feindkontakt &#8211; und gab am Gamsgaten die Skier zum gratis Service bis morgen. Dann hoffentlich mehr Sonne.<\/p>\n<p>(Eisjoch-6KSB wurde nachmittags wieder ausgaragiert, blieb aber au\u00dfer Betrieb.)<\/p>\n<p><strong>So, 16.10.2016<\/strong><\/p>\n<p>Der Unterschied zu gestern h\u00e4tte ja nicht gr\u00f6\u00dfer sein k\u00f6nnen. Die Pisten, die gestern super waren (Eisjoch + Windach), fand ich heute grausig, viel zu eisig glatt. Die Pisten, die gestern bl\u00f6d waren (Daunferner+Daunscharte) waren dagegen heute viel besser. Wetter war heute makellos, trotzdem gefiel es mir gestern besser.<\/p>\n<p>Als ich um kurz vor 10 Uhr ankam, musste ich schon unterhalb der 3S-Talstation parken. Erster Gro\u00dfkampftag heute also. Sogar an der 6EUB musste man dann ein paar Minuten anstehen. Oben kam man, so man vormittags auf die Schlepper verzichtete, aber ohne nennenswerte Wartezeiten durch. Dennoch bin ich vorsichtshalber schon um 14 Uhr runter gefahren. Lt. Fahrplan fahren die Lifte aktuell nur bis 15:30 (8EUB 15:00), und bevor ich dann ewig warten muss. Schneem\u00e4\u00dfig w\u00e4re es bis dahin vielleicht noch etwas besser aufgefirnt. Na, vielleicht n\u00e4chstes WE, wenn dann die 3S l\u00e4uft, kann man nachmittags hoffentlich l\u00e4nger fahren ohne die sonst \u00fcblichen Wartezeiten zu haben?!<\/p>\n<p>Das wird ja alles sehr spannend werden dann. Wird es dann noch die fr\u00fchen Betriebszeiten im November ab 7 oder 7:15 Uhr geben wie die letzten Jahre? Mit beiden? Wie viel Busse werden vormittags zwischen den Bahnen noch pendeln? Wird man sich den Parkplatz aussuchen k\u00f6nnen? Wie werden die Wartezeiten an den beiden Bahnen morgens und nachmittags sein? Wie chaotisch wird das Umsteigen an der Mittelstation sein?<\/p>\n<p>(Fotos anklicken zum Vergr\u00f6\u00dfern.)<\/p>\n<p><a href='http:\/\/ski.inmontanis.info\/d\/218815-2\/DSC09378.jpg'><img src=http:\/\/ski.inmontanis.info\/d\/218814-3\/DSC09378.jpg \/><\/a><br \/>\n^ Funpark am SL Gai\u00dfkar<\/p>\n<p><a href='http:\/\/ski.inmontanis.info\/d\/218819-2\/DSC09381.jpg'><img src=http:\/\/ski.inmontanis.info\/d\/218818-3\/DSC09381.jpg \/><\/a><br \/>\n^ Schaufeljoch-Jochdohle<\/p>\n<p><a href='http:\/\/ski.inmontanis.info\/d\/218807-2\/DSC09383.jpg'><img src=http:\/\/ski.inmontanis.info\/d\/218806-3\/DSC09383.jpg \/><\/a><br \/>\n^ Zoom S\u00f6lden \/ Tiefenbachferner vom Stubaier aus<\/p>\n<p><a href='http:\/\/ski.inmontanis.info\/d\/218811-2\/DSC09385.jpg'><img src=http:\/\/ski.inmontanis.info\/d\/218810-3\/DSC09385.jpg \/><\/a><br \/>\n^ Zoom Pitztaler vom Stubaier<\/p>\n<p><a href='http:\/\/ski.inmontanis.info\/d\/218823-2\/DSC09387.jpg'><img src=http:\/\/ski.inmontanis.info\/d\/218822-3\/DSC09387.jpg \/><\/a><br \/>\n^ DSB Wildspitz vs. Dolomiten<\/p>\n<p><a href='http:\/\/ski.inmontanis.info\/d\/218827-2\/DSC09390.jpg'><img src=http:\/\/ski.inmontanis.info\/d\/218826-3\/DSC09390.jpg \/><\/a><br \/>\n^ Daunferner<\/p>\n<p><a href='http:\/\/ski.inmontanis.info\/d\/218831-2\/DSC09392.jpg'><img src=http:\/\/ski.inmontanis.info\/d\/218830-3\/DSC09392.jpg \/><\/a><br \/>\n^ Beschneiungssee &#8211; im Herbst immer am sch\u00f6nsten.<\/p>\n<p><a href='http:\/\/ski.inmontanis.info\/d\/218835-2\/DSC09395.jpg'><img src=http:\/\/ski.inmontanis.info\/d\/218834-3\/DSC09395.jpg \/><\/a><br \/>\n^ Beschneiungssee<\/p>\n<p><a href='http:\/\/ski.inmontanis.info\/d\/218840-2\/DSC09399.jpg'><img src=http:\/\/ski.inmontanis.info\/d\/218839-3\/DSC09399.jpg \/><\/a><br \/>\n^ Parkplatzstatus, schon ziemlich voll heute gewesen und so ziemlich das Maximale, was mit der Gamsgartenbahn vertr\u00e4glich ist.<\/p>\n<p>Vor Mittag nahm ich mir nahe der Murmelebahn eine Auszeit, weil ich die Einstellungen dieser bl\u00f6den kleinen Action-Cam, die als Dashcam in Russland ja so brauchbar war, aber am Hintertuxer den Sommer \u00fcber so versagte, nochmal direkter austesten wollte. Sprich, mit einem PC im Skigebiet die Einstellungen \u00e4ndern und gleich schauen, was das Ergebnis ist. Dazu hab ich meinen alten, damals in Japan gekauften, Sony Vaio VGN-U50 Palmtop mit Windows XP nach \u00fcber 10 Jahren in den letzten Wochen reaktiviert, da er daf\u00fcr ausreichend ist und nur halb so viel wiegt (ca. 500g) als mein altes Netbook. Akku h\u00e4lt interessanterweise noch ganz gut (ist halt noch &#8220;Made in Japan&#8221;, nicht &#8220;Made in China&#8221;).<\/p>\n<p>Da ich aber die interne 20 GB 1,8&#8243; &#8211; Festplatte nicht den St\u00f6\u00dfen beim Skifahren aussetzen wollte, musste ich diese erst mal mit einer 32 GB 1,8&#8243; SSD ersetzen, da scheint&#8217;s im Budgetbereich genau einen chinesischen Hersteller zu geben. Mangels Bootm\u00f6glichkeit am Ger\u00e4t (geht nur mit speziellen Firewire-CD\/DVD-Laufwerken, sowie USB-Floppy-Laufwerken) war dazu also noch ein entsprechender CF-IDE-Adapter n\u00f6tig. Erschwert wurde der Klonvorgang bzw. das nachtr\u00e4gliche Booten dann noch aufgrund eines Linux-Bootloaders, da ich vor einiger Zeit parallel zu WinXP noch Linux installiert hatte. Irgendwann ging&#8217;s dann. Jedenfalls erstaunlich, wie fl\u00fcssig Windows XP mit 256 MB RAM l\u00e4uft, und dass es einen Mediaplayer gibt, der Full-HD-MP4 auf diesem alten Celeron mit 800x600er Screen abspielen kann. Nat\u00fcrlich nur mit 5-10 fps, aber immerhin halbwegs fl\u00fcssig. Die meisten Player kacken da leider ab. Zudem kann man bei Sonneneinstrahlung die Hintergrundbeleuchtung des Bildschirms abschalten (alte Technik, da ging sowas), ohne dass man dadurch weniger sehen w\u00fcrde, was zus\u00e4tzlich Batterie spart (h\u00e4lt so 1-2 Stunden, ein f\u00fcr damalige Verh\u00e4ltnisse nicht un\u00fcblicher Wert.).<\/p>\n<p><a href='http:\/\/ski.inmontanis.info\/d\/218844-2\/DSC09397.jpg'><img src=http:\/\/ski.inmontanis.info\/d\/218843-3\/DSC09397.jpg \/><\/a><br \/>\n(Nat\u00fcrlich Touchscreen)<\/p>\n<p>.. was allerdings die Einstellungen dieser Mobius-Cam angeht, bin ich nach wie vor zu keinem optimalen Ergebnis gekommen. In der Nacharbeit daheim sieht man die Unterschiede in den Videos nat\u00fcrlich etwas besser, es k\u00f6nnte sogar eine Einstellung geben, mit der ich halbwegs auch bei sonnigen Schneeverh\u00e4ltnissen leben kann. Aber am SL Daunscharte fiel mir sp\u00e4ter noch etwas anderes ein: Wie w\u00e4re es, wenn man vor die Cam-Linse einen Graufilter hielte? Hatte ich grad keinen dabei, also nahm ich eine Sonnenbrille. Wow. Unterschied wie Tag und Nacht, positiv. Die Durchzeichnung des Schnees gelingt so optimal. Nun bleibt also die Frage, wie krieg ich vor die Cam ein kleines Filterglas o.\u00e4.  montiert. Da werd ich wohl mal wieder ein bisschen im Internet rumsuchen m\u00fcssen.<\/p>\n","protected":false},"excerpt":{"rendered":"<p>Sa, 15.10.2016<\/p>\n<p>Erst gegen 11 Uhr bin ich heute raufgefahren, so toll sollte das Wetter ja nicht werden. Wobei zumindest Bergfex doch um einiges Mehr an Sonne gemeldet h\u00e4tte. Naja. Zu letzter Woche sollte heute Eisjoch-KSB und Daunscharte-SL und Abfahrt zum Gamsgarten hinzugekommen sein. Als ich gegen 11:30 Uhr am Gamsgarten war, wurde die Eisjoch-KSB <a href=\"http:\/\/blog.inmontanis.info\/?p=4023\">[&#8230;]<\/a><\/p>\n","protected":false},"author":1,"featured_media":0,"comment_status":"closed","ping_status":"closed","sticky":false,"template":"","format":"standard","meta":{"footnotes":""},"categories":[25,13,28,895],"tags":[39,56,53,57,38,45,47],"class_list":["post-4023","post","type-post","status-publish","format-standard","hentry","category-noreport","category-austria","category-skifahren-sommer","category-stubaier-gletscher","tag-6eub","tag-6sb","tag-8eub","tag-8sb","tag-dsb","tag-see","tag-sl","odd"],"_links":{"self":[{"href":"http:\/\/blog.inmontanis.info\/index.php?rest_route=\/wp\/v2\/posts\/4023","targetHints":{"allow":["GET"]}}],"collection":[{"href":"http:\/\/blog.inmontanis.info\/index.php?rest_route=\/wp\/v2\/posts"}],"about":[{"href":"http:\/\/blog.inmontanis.info\/index.php?rest_route=\/wp\/v2\/types\/post"}],"author":[{"embeddable":true,"href":"http:\/\/blog.inmontanis.info\/index.php?rest_route=\/wp\/v2\/users\/1"}],"replies":[{"embeddable":true,"href":"http:\/\/blog.inmontanis.info\/index.php?rest_route=%2Fwp%2Fv2%2Fcomments&post=4023"}],"version-history":[{"count":1,"href":"http:\/\/blog.inmontanis.info\/index.php?rest_route=\/wp\/v2\/posts\/4023\/revisions"}],"predecessor-version":[{"id":4024,"href":"http:\/\/blog.inmontanis.info\/index.php?rest_route=\/wp\/v2\/posts\/4023\/revisions\/4024"}],"wp:attachment":[{"href":"http:\/\/blog.inmontanis.info\/index.php?rest_route=%2Fwp%2Fv2%2Fmedia&parent=4023"}],"wp:term":[{"taxonomy":"category","embeddable":true,"href":"http:\/\/blog.inmontanis.info\/index.php?rest_route=%2Fwp%2Fv2%2Fcategories&post=4023"},{"taxonomy":"post_tag","embeddable":true,"href":"http:\/\/blog.inmontanis.info\/index.php?rest_route=%2Fwp%2Fv2%2Ftags&post=4023"}],"curies":[{"name":"wp","href":"https:\/\/api.w.org\/{rel}","templated":true}]}}