{"id":4019,"date":"2016-10-01T23:50:39","date_gmt":"2016-10-01T21:50:39","guid":{"rendered":"http:\/\/blog.inmontanis.info\/?p=4019"},"modified":"2023-08-06T10:56:05","modified_gmt":"2023-08-06T08:56:05","slug":"stubaier-gletscher-1-10-2016","status":"publish","type":"post","link":"http:\/\/blog.inmontanis.info\/?p=4019","title":{"rendered":"Stubaier Gletscher, 1.10.2016"},"content":{"rendered":"<p><strong>Sa, 1.10.2016<\/strong><\/p>\n<p>Da aufgrund der geringen Schneemengen heute nur der SL Daunferner in Betrieb war, hatte ich es nicht besonders eilig und wollte lieber nachmittags fahren. Durch Stau auf der Brennerautobahn (Baustelle an der Europabr\u00fccke) war ich aber doch nochmal etwas sp\u00e4ter dran, dann die Verz\u00f6gerung durch den Kauf der Saisonkarte, so dass ich erst ab ca. 12:30 bis ca. 14:10 auf Skiern stand, also jeweils ab Bergstation Rotadl-KSB.<\/p>\n<p>Die beiden ge\u00f6ffneten Pisten gingen besser als erwartet, wie \u00fcblich ist der komplette rechte Teil f\u00fcr Rennfahrer reserviert, aber nachmittags sind die meisten weg und es ging dort wie \u00fcblich toll zu fahren. Daunferner ist ja eh mein Lieblingsgletscherhang. 2\/3 der Piste waren gut bis sehr gut, das untere Drittel etwas schlechter, aber trotzdem noch alle Mal besser als pappiger Neuschnee im Fr\u00fchjahr.<\/p>\n<p>Rest dann bei den Fotos. (Anklicken zum Vergr\u00f6\u00dfern)<\/p>\n<p><a href='http:\/\/ski.inmontanis.info\/d\/218449-2\/DSC09136.jpg'><img src=http:\/\/ski.inmontanis.info\/d\/218448-3\/DSC09136.jpg \/><\/a><br \/>\n^ Talstation neue 3S<\/p>\n<p><a href='http:\/\/ski.inmontanis.info\/d\/218453-2\/DSC09137.jpg'><img src=http:\/\/ski.inmontanis.info\/d\/218452-3\/DSC09137.jpg \/><\/a><br \/>\n^ Talstation neue 3S und Strecke Sektion 1<\/p>\n<p><a href='http:\/\/ski.inmontanis.info\/d\/218457-2\/DSC09140.jpg'><img src=http:\/\/ski.inmontanis.info\/d\/218456-3\/DSC09140.jpg \/><\/a><br \/>\n^ 3S, lief dann nachmittags im Probebetrieb<\/p>\n<p><a href='http:\/\/ski.inmontanis.info\/d\/218461-2\/DSC09142.jpg'><img src=http:\/\/ski.inmontanis.info\/d\/218460-3\/DSC09142.jpg \/><\/a><br \/>\n^ 6EUB und 3S<\/p>\n<p><a href='http:\/\/ski.inmontanis.info\/d\/218465-2\/DSC09145_001.jpg'><img src=http:\/\/ski.inmontanis.info\/d\/218464-3\/DSC09145_001.jpg \/><\/a><br \/>\n^ Der Bauweg wird die neue Skiroute. Und: Bunter Herbst heuer!<\/p>\n<p><a href='http:\/\/ski.inmontanis.info\/d\/218469-2\/DSC09148.jpg'><img src=http:\/\/ski.inmontanis.info\/d\/218468-3\/DSC09148.jpg \/><\/a><br \/>\n^ 3S vs. Bauweg<\/p>\n<p><a href='http:\/\/ski.inmontanis.info\/d\/218473-2\/DSC09150.jpg'><img src=http:\/\/ski.inmontanis.info\/d\/218472-3\/DSC09150.jpg \/><\/a><br \/>\n^ Mittelstation. Nachmittags lief die 3S-Bahn ja, und beim Abbremsen der Kabine bei Stationseinfahrt war die ganz sch\u00f6n schr\u00e4g.<\/p>\n<p><a href='http:\/\/ski.inmontanis.info\/d\/218477-2\/DSC09153.jpg'><img src=http:\/\/ski.inmontanis.info\/d\/218476-3\/DSC09153.jpg \/><\/a><br \/>\n^ Mittelstation, der beworbene ebenerdige Umstieg<\/p>\n<p>Ich k\u00f6nnte mir ja vorstellen, dass sowohl die 3S-Bahn, wie auch die 6EUB, keinen Durchfahrbetrieb mehr an der Mittelstation haben, damit man leichter wechseln kann, rauf- wie runterw\u00e4rts. Wobei es im Herbst dann schon etwas chaotisch werden k\u00f6nnte&#8230;<\/p>\n<p><a href='http:\/\/ski.inmontanis.info\/d\/218481-2\/DSC09154_001.jpg'><img src=http:\/\/ski.inmontanis.info\/d\/218480-3\/DSC09154_001.jpg \/><\/a><br \/>\n^ Mittelstation<\/p>\n<p><a href='http:\/\/ski.inmontanis.info\/d\/218485-2\/DSC09157_001.jpg'><img src=http:\/\/ski.inmontanis.info\/d\/218484-3\/DSC09157_001.jpg \/><\/a><br \/>\n^ Mittelstation. Der Retro-Look der 3S-Kabinen und der Stationen gef\u00e4llt mir ja ganz gut.<\/p>\n<p><a href='http:\/\/ski.inmontanis.info\/d\/218489-2\/DSC09158.jpg'><img src=http:\/\/ski.inmontanis.info\/d\/218488-3\/DSC09158.jpg \/><\/a><br \/>\n^ Sektion 2<\/p>\n<p><a href='http:\/\/ski.inmontanis.info\/d\/218493-2\/DSC09162_001.jpg'><img src=http:\/\/ski.inmontanis.info\/d\/218492-3\/DSC09162_001.jpg \/><\/a><br \/>\n^ Gamsgarten<\/p>\n<p><a href='http:\/\/ski.inmontanis.info\/d\/218497-2\/DSC09169.jpg'><img src=http:\/\/ski.inmontanis.info\/d\/218496-3\/DSC09169.jpg \/><\/a><br \/>\n^ Schaufelferner-Toteis-Ende<\/p>\n<p><a href='http:\/\/ski.inmontanis.info\/d\/218501-2\/DSC09175_001.jpg'><img src=http:\/\/ski.inmontanis.info\/d\/218500-3\/DSC09175_001.jpg \/><\/a><br \/>\n^ .. den hat&#8217;s ganz sch\u00f6n weggeputzt.<\/p>\n<p><a href='http:\/\/ski.inmontanis.info\/d\/218505-2\/DSC09177_001.jpg'><img src=http:\/\/ski.inmontanis.info\/d\/218504-3\/DSC09177_001.jpg \/><\/a><br \/>\n^ SL Daunscharte<\/p>\n<p><a href='http:\/\/ski.inmontanis.info\/d\/218509-2\/DSC09178_001.jpg'><img src=http:\/\/ski.inmontanis.info\/d\/218508-3\/DSC09178_001.jpg \/><\/a><br \/>\n^ SL Daunferner<\/p>\n<p><a href='http:\/\/ski.inmontanis.info\/d\/218513-2\/DSC09179_001.jpg'><img src=http:\/\/ski.inmontanis.info\/d\/218512-3\/DSC09179_001.jpg \/><\/a><br \/>\n^ SL Eisjoch<\/p>\n<p>.. und ein Vergleichsbild vom 11.10.2014 (damals SL Eisjoch in Betrieb!):<br \/>\n<a href='http:\/\/ski.inmontanis.info\/d\/185994-3\/DSC08618.jpg'><img src=http:\/\/ski.inmontanis.info\/d\/185993-4\/DSC08618.jpg \/><\/a><\/p>\n<p>&#8211;<\/p>\n<p><a href='http:\/\/ski.inmontanis.info\/d\/218517-2\/DSC09182.jpg'><img src=http:\/\/ski.inmontanis.info\/d\/218516-3\/DSC09182.jpg \/><\/a><br \/>\n^ SL+KSB Eisjoch. Sind das nun Felsen, Steine oder nur Holzschutt?!<\/p>\n<p><a href='http:\/\/ski.inmontanis.info\/d\/218521-2\/DSC09184.jpg'><img src=http:\/\/ski.inmontanis.info\/d\/218520-3\/DSC09184.jpg \/><\/a><br \/>\n^ SL Daunferner. Gut oder schlecht? Alles nur eine ..<\/p>\n<p><a href='http:\/\/ski.inmontanis.info\/d\/218525-2\/DSC09185.jpg'><img src=http:\/\/ski.inmontanis.info\/d\/218524-3\/DSC09185.jpg \/><\/a><br \/>\n^ .. Frage der Perspektive ;)<\/p>\n<p><a href='http:\/\/ski.inmontanis.info\/d\/218529-2\/DSC09188_001.jpg'><img src=http:\/\/ski.inmontanis.info\/d\/218528-3\/DSC09188_001.jpg \/><\/a><br \/>\n^ Auch wenn&#8217;s auf der Webcam ja eher nicht danach aussah, aber hier scheint tats\u00e4chlich etwas Altschnee \u00fcberlebt zu haben.<\/p>\n<p><a href='http:\/\/ski.inmontanis.info\/d\/218533-2\/DSC09191_001.jpg'><img src=http:\/\/ski.inmontanis.info\/d\/218532-3\/DSC09191_001.jpg \/><\/a><br \/>\n^ SL Daunferner. Wie gesagt, ca. 2\/3 der Abfahrten gingen gut bis sehr gut zu fahren. D\u00fcnne, weiche Schneedecke auf kompaktem Untergrund.<\/p>\n<p><a href='http:\/\/ski.inmontanis.info\/d\/218537-2\/DSC09192_001.jpg'><img src=http:\/\/ski.inmontanis.info\/d\/218536-3\/DSC09192_001.jpg \/><\/a><\/p>\n<p><a href='http:\/\/ski.inmontanis.info\/d\/218541-2\/DSC09196_001.jpg'><img src=http:\/\/ski.inmontanis.info\/d\/218540-3\/DSC09196_001.jpg \/><\/a><br \/>\n^ SL Daunferner<\/p>\n<p><a href='http:\/\/ski.inmontanis.info\/d\/218545-2\/DSC09198.jpg'><img src=http:\/\/ski.inmontanis.info\/d\/218544-3\/DSC09198.jpg \/><\/a><br \/>\n^ Daunferner-Rotadl<\/p>\n<p><a href='http:\/\/ski.inmontanis.info\/d\/218549-2\/DSC09202.jpg'><img src=http:\/\/ski.inmontanis.info\/d\/218548-3\/DSC09202.jpg \/><\/a><br \/>\n^ SL Daunferner, hier optimale Schneeverh\u00e4ltnisse.<\/p>\n<p>3x hab ich in der kurzen Zeit, wo ich oben war, je 2 Tourengeher richtung Wildspitz-DSB raufgehen sehen. Auch am Hintertuxer waren letztes WE einige unterwegs. Muss man auch nicht verstehen ;)<\/p>\n<p><a href='http:\/\/ski.inmontanis.info\/d\/218553-2\/DSC09203.jpg'><img src=http:\/\/ski.inmontanis.info\/d\/218552-3\/DSC09203.jpg \/><\/a><br \/>\n^ Eisgrat<\/p>\n<p><a href='http:\/\/ski.inmontanis.info\/d\/218557-2\/DSC09205.jpg'><img src=http:\/\/ski.inmontanis.info\/d\/218556-3\/DSC09205.jpg \/><\/a><br \/>\n^ Eisgrat<\/p>\n<p><a href='http:\/\/ski.inmontanis.info\/d\/218561-2\/DSC09207.jpg'><img src=http:\/\/ski.inmontanis.info\/d\/218560-3\/DSC09207.jpg \/><\/a><br \/>\n^ Gamsgarten<\/p>\n<p><a href='http:\/\/ski.inmontanis.info\/d\/218565-2\/DSC09209_001.jpg'><img src=http:\/\/ski.inmontanis.info\/d\/218564-3\/DSC09209_001.jpg \/><\/a><br \/>\n^ Da klafft mittlerweile eine gro\u00dfe L\u00fccke zwischen aktuellen Gletscherende und dem ehemaligen unteren Gletscherteil.<\/p>\n<p>.. und ein Vergleichsbild vom 11.10.2014:<br \/>\n<a href='http:\/\/ski.inmontanis.info\/d\/185998-3\/DSC08623.jpg'><img src=http:\/\/ski.inmontanis.info\/d\/185997-4\/DSC08623.jpg \/><\/a><\/p>\n<p>&#8211;<\/p>\n<p><a href='http:\/\/ski.inmontanis.info\/d\/218569-2\/DSC09215.jpg'><img src=http:\/\/ski.inmontanis.info\/d\/218568-3\/DSC09215.jpg \/><\/a><\/p>\n<p>.. und ein Vergleichsbild vom 11.10.2014:<br \/>\n<a href='http:\/\/ski.inmontanis.info\/d\/186006-3\/DSC08634.jpg'><img src=http:\/\/ski.inmontanis.info\/d\/186005-4\/DSC08634.jpg \/><\/a><\/p>\n<p>&#8211;<\/p>\n<p><a href='http:\/\/ski.inmontanis.info\/d\/218573-2\/DSC09216_001.jpg'><img src=http:\/\/ski.inmontanis.info\/d\/218572-3\/DSC09216_001.jpg \/><\/a><br \/>\n^ Die Depots k\u00f6nnten f\u00fcr die Abfahrt bis Gamsgarten schon reichen. Aktuell sind aber noch nicht mal die Matten entfernt?! Da wird&#8217;s aber langsam Zeit..<\/p>\n<p><a href='http:\/\/ski.inmontanis.info\/d\/218577-2\/DSC09220.jpg'><img src=http:\/\/ski.inmontanis.info\/d\/218576-3\/DSC09220.jpg \/><\/a><br \/>\n^ Neuer Skitunnel \/ Talabfahrt zur 3S-Bahn<\/p>\n<p><a href='http:\/\/ski.inmontanis.info\/d\/218581-2\/DSC09222.jpg'><img src=http:\/\/ski.inmontanis.info\/d\/218580-3\/DSC09222.jpg \/><\/a><\/p>\n<p><a href='http:\/\/ski.inmontanis.info\/d\/218585-2\/DSC09226_001.jpg'><img src=http:\/\/ski.inmontanis.info\/d\/218584-3\/DSC09226_001.jpg \/><\/a><br \/>\n^ 3S<\/p>\n<p>Die n\u00e4chsten Wochen werde ich wohl wieder ziemlich w\u00f6chentlich am Stubaier sein, vielleicht auch mal im Winter die neue Talskiroute ausprobieren, und dann nat\u00fcrlich im Fr\u00fchjahr wieder. Bzgl. Saisonende wusste man an der Kasse noch nichts &#8211; angeblich Schneeabh\u00e4ngig.<\/p>\n<p>Wie wird&#8217;s weitergehen? Die Abfahrt bis Gamsgarten wird n\u00e4chste Woche wohl noch nicht gehen &#8211; die Matten m\u00fcssen entfernt werden, die Depots verteilt &#8211; das dauert eher l\u00e4nger als 1 Woche. SL Eisjoch + Windach + DSB Wildspitz k\u00f6nnten in Betrieb gehen, wenns nochmal 10-20cm schneit. In 2 Wochen dann Gamsgarten-Abfahrt und SL Daunscharte. In 3 Wochen SL Gai\u00dfkar und in 4 Wochen dann Fernau-KSB. So w\u00e4re es zumindest logisch zu erwarten, wenn&#8217;s mit dem Schnee klappt.<\/p>\n<p>&#8212;<\/p>\n<p>Auf ebay bin ich letztens auf ein kleines Schmuckst\u00fcck gesto\u00dfen, eine Nachbildung meiner italienischen Lieblings-Eiergondel (die auch auf meinem Autodach klebt). 3 Anbieter gab es in Amerika, ein Exemplar hab ich nun:<\/p>\n<p><a href='http:\/\/extra.inmontanis.info\/d\/39385-2\/DSC09230.jpg'><img src=http:\/\/extra.inmontanis.info\/d\/39384-3\/DSC09230.jpg \/><\/a><br \/>\n^ Kleines Piemonte-Funivie-oder-Carlevaro-e-Savio-Ovovia-Gondelchen aus Amerika, T\u00fcr-Seite<\/p>\n<p>Original:<br \/>\n<a href='http:\/\/ski.inmontanis.info\/d\/188125-3\/DSC09363.jpg'><img src=http:\/\/ski.inmontanis.info\/d\/188124-4\/DSC09363.jpg \/><\/a><\/p>\n<p><img src=http:\/\/ski.inmontanis.info\/d\/138049-3\/DSC05074.jpg \/><\/p>\n<p><a href='http:\/\/extra.inmontanis.info\/d\/39389-2\/DSC09232.jpg'><img src=http:\/\/extra.inmontanis.info\/d\/39388-3\/DSC09232.jpg \/><\/a><br \/>\n^ .. Vorderseite<\/p>\n<p><a href='http:\/\/extra.inmontanis.info\/d\/39393-2\/DSC09233.jpg'><img src=http:\/\/extra.inmontanis.info\/d\/39392-3\/DSC09233.jpg \/><\/a><br \/>\n^ .. die andere Seite<\/p>\n<p><a href='http:\/\/extra.inmontanis.info\/d\/39397-2\/DSC09234.jpg'><img src=http:\/\/extra.inmontanis.info\/d\/39396-3\/DSC09234.jpg \/><\/a><br \/>\n^ .. und die R\u00fcckseite, inkl. Skik\u00f6cher. Auch die Klemme ist gut angedeutet, wie \u00fcberhaupt auf der Gr\u00f6\u00dfe alles recht detailgetreu gearbeitet wurde. Und nicht wundern, auch bei den Originalen waren die T\u00fcren manchmal\/h\u00e4ufig auf der Innenseite<\/p>\n","protected":false},"excerpt":{"rendered":"<p>Sa, 1.10.2016<\/p>\n<p>Da aufgrund der geringen Schneemengen heute nur der SL Daunferner in Betrieb war, hatte ich es nicht besonders eilig und wollte lieber nachmittags fahren. Durch Stau auf der Brennerautobahn (Baustelle an der Europabr\u00fccke) war ich aber doch nochmal etwas sp\u00e4ter dran, dann die Verz\u00f6gerung durch den Kauf der Saisonkarte, so dass ich erst <a href=\"http:\/\/blog.inmontanis.info\/?p=4019\">[&#8230;]<\/a><\/p>\n","protected":false},"author":1,"featured_media":0,"comment_status":"closed","ping_status":"closed","sticky":false,"template":"","format":"standard","meta":{"footnotes":""},"categories":[25,13,28,895],"tags":[39,57,47],"class_list":["post-4019","post","type-post","status-publish","format-standard","hentry","category-noreport","category-austria","category-skifahren-sommer","category-stubaier-gletscher","tag-6eub","tag-8sb","tag-sl","odd"],"_links":{"self":[{"href":"http:\/\/blog.inmontanis.info\/index.php?rest_route=\/wp\/v2\/posts\/4019","targetHints":{"allow":["GET"]}}],"collection":[{"href":"http:\/\/blog.inmontanis.info\/index.php?rest_route=\/wp\/v2\/posts"}],"about":[{"href":"http:\/\/blog.inmontanis.info\/index.php?rest_route=\/wp\/v2\/types\/post"}],"author":[{"embeddable":true,"href":"http:\/\/blog.inmontanis.info\/index.php?rest_route=\/wp\/v2\/users\/1"}],"replies":[{"embeddable":true,"href":"http:\/\/blog.inmontanis.info\/index.php?rest_route=%2Fwp%2Fv2%2Fcomments&post=4019"}],"version-history":[{"count":1,"href":"http:\/\/blog.inmontanis.info\/index.php?rest_route=\/wp\/v2\/posts\/4019\/revisions"}],"predecessor-version":[{"id":4020,"href":"http:\/\/blog.inmontanis.info\/index.php?rest_route=\/wp\/v2\/posts\/4019\/revisions\/4020"}],"wp:attachment":[{"href":"http:\/\/blog.inmontanis.info\/index.php?rest_route=%2Fwp%2Fv2%2Fmedia&parent=4019"}],"wp:term":[{"taxonomy":"category","embeddable":true,"href":"http:\/\/blog.inmontanis.info\/index.php?rest_route=%2Fwp%2Fv2%2Fcategories&post=4019"},{"taxonomy":"post_tag","embeddable":true,"href":"http:\/\/blog.inmontanis.info\/index.php?rest_route=%2Fwp%2Fv2%2Ftags&post=4019"}],"curies":[{"name":"wp","href":"https:\/\/api.w.org\/{rel}","templated":true}]}}