{"id":4016,"date":"2016-09-30T19:46:34","date_gmt":"2016-09-30T17:46:34","guid":{"rendered":"http:\/\/blog.inmontanis.info\/?p=4016"},"modified":"2023-07-01T20:57:42","modified_gmt":"2023-07-01T18:57:42","slug":"hintertuxer-gletscher-30-9-2016","status":"publish","type":"post","link":"http:\/\/blog.inmontanis.info\/?p=4016","title":{"rendered":"Hintertuxer Gletscher, 30.9.2016"},"content":{"rendered":"<p><strong>Fr, 30.9.2016<\/strong><\/p>\n<p>Einer geht noch. Nachdem es am Sonntag schlechter werden soll, es mit dem Daunferner-SL am Stubaier die n\u00e4chsten Tage auch kein gerade \u00fcppiges Angebot geben wird und heute am Hintertuxer die 6KSB samt SL Kaserer in Betrieb genommen wurde&#8230;<\/p>\n<p>.. hab ich mir 3 Stunden Zeitausgleich genommen, nur bis 11:30 Uhr gearbeitet und bin dann noch nach Hintertux gefahren, um nun wirklich den letzten Tag auf der Saisonkarte zu fahren. Sowohl Mittag wie auch Nachmittag gab&#8217;s ziemlich viel Verkehr durchs Zillertal (inkl. kurzen Staus vor F\u00fcgen) und auch im Tuxertal etliche Schnarchnasen (30 im Ort, 50 au\u00dferhalb etc.), aber die konnte man heute ganz gut \u00fcberholen. Im Zillertal dagegen war zu viel Verkehr zum \u00dcberholen.<\/p>\n<p>In Hintertux waren die Parkpl\u00e4tze, samt Tiefgarage, ziemlich voll. Oben war irgendein Boardverleih. Wartezeiten gab&#8217;s nachmittags aber nat\u00fcrlich keine mehr. Au\u00dfer man stand gerade die mind. 10 Minuten am SL Kaserer, als der wg. eines technischen Defekts stand, als ich gerade die erste Fahrt mit der 6KSB machte.<\/p>\n<p>Die Pisten am Kaserer bzw. der 6KSB sind zwar noch etwas hart und unruhig, aber im gro\u00dfen und ganzen hat sich das heute auf jeden Fall gelohnt. Vmtl. werd ich morgen am Stubaier nicht so viel fahren ;)<\/p>\n<p>Was die Verbindung zum Kaserer angeht: Gibts leider nichts neues. Die Diagonale ist (anscheinend: wieder) nur eine Pistenraupenzufahrt, die letztes WE noch vorhandene Mulde und Anstieg am mittleren Kasererweg (wodurch ich meinte, dass da evtl. die Richtung ge\u00e4ndert wurde) verringert, die Richtung geht also nach wie vor in Richtung SL. Retour vom Kaserer zur KSB kommt man daher im unteren Bereich momentan NICHT und wird es auch nicht, bis da nicht ausreichend Schnee gefallen ist. Insofern ist die Vermattung des aktuellen mittleren Kasererwegs doch unn\u00fctz, wenn man eh zur KSB und mit der KSB zu den SL kommt? Ein Retourweg w\u00e4re da viel sinnvoller. Vielleicht die n\u00e4chsten Jahre?<\/p>\n<p>SL Kaserer 1 schlie\u00dft auch schon um 15:30 Uhr. Damit man die Leute von dem Bereich wegbekommt. \u00c4hja. Die 6KSB ist aber momentan genauso &#8220;gefangen&#8221;, die f\u00e4hrt aber bis 16 Uhr :) Logik?<\/p>\n<p>(Fotos anklicken zum Vergr\u00f6\u00dfern)<\/p>\n<p><a href='http:\/\/ski.inmontanis.info\/d\/218296-2\/DSC09071.jpg'><img src=http:\/\/ski.inmontanis.info\/d\/218295-3\/DSC09071.jpg \/><\/a><br \/>\n^ Raufw\u00e4rts war heut mittag die 8EUB in Betrieb (Runter dann GB1), so konnte ich mal wieder diesen Standard-Blick von Sektion 1 in guter Qualit\u00e4t fotografieren..<\/p>\n<p><a href='http:\/\/ski.inmontanis.info\/d\/218300-2\/DSC09072.jpg'><img src=http:\/\/ski.inmontanis.info\/d\/218299-3\/DSC09072.jpg \/><\/a><br \/>\n^ TFH-Hang, unten bereits breiter ge\u00f6ffnet, der direkte Steilhang dagegen noch nicht.<\/p>\n<p><a href='http:\/\/ski.inmontanis.info\/d\/218304-2\/DSC09073.jpg'><img src=http:\/\/ski.inmontanis.info\/d\/218303-3\/DSC09073.jpg \/><\/a><br \/>\n^ Kaserer-\u00dcbergang (Oberer Kasererweg) und neue Abfahrt vom SL<\/p>\n<p><a href='http:\/\/ski.inmontanis.info\/d\/218308-2\/DSC09074.jpg'><img src=http:\/\/ski.inmontanis.info\/d\/218307-3\/DSC09074.jpg \/><\/a><br \/>\n^ Zufahrten Kaserer und KSB wie bekannt<\/p>\n<p><a href='http:\/\/ski.inmontanis.info\/d\/218312-2\/DSC09075.jpg'><img src=http:\/\/ski.inmontanis.info\/d\/218311-3\/DSC09075.jpg \/><\/a><br \/>\n^ Abfahrt 6KSB L\u00e4rmstange 2<\/p>\n<p><a href='http:\/\/ski.inmontanis.info\/d\/218316-2\/DSC09078.jpg'><img src=http:\/\/ski.inmontanis.info\/d\/218315-3\/DSC09078.jpg \/><\/a><br \/>\n^ Abfahrt 6KSB L\u00e4rmstange 2, teils noch etwas spaltig.<\/p>\n<p><a href='http:\/\/ski.inmontanis.info\/d\/218320-2\/DSC09080.jpg'><img src=http:\/\/ski.inmontanis.info\/d\/218319-3\/DSC09080.jpg \/><\/a><br \/>\n^ Gefrorene Wand von der 6KSB L\u00e4rmstange 2<\/p>\n<p><a href='http:\/\/ski.inmontanis.info\/d\/218324-2\/DSC09083.jpg'><img src=http:\/\/ski.inmontanis.info\/d\/218323-3\/DSC09083.jpg \/><\/a><br \/>\n^ 6KSB L\u00e4rmstange 2. Nicht lang her, da war hier noch Gletscher.<\/p>\n<p><a href='http:\/\/ski.inmontanis.info\/d\/218328-2\/DSC09085.jpg'><img src=http:\/\/ski.inmontanis.info\/d\/218327-3\/DSC09085.jpg \/><\/a><br \/>\n^ 6KSB L\u00e4rmstange 2<\/p>\n<p><a href='http:\/\/ski.inmontanis.info\/d\/218332-2\/DSC09086.jpg'><img src=http:\/\/ski.inmontanis.info\/d\/218331-3\/DSC09086.jpg \/><\/a><br \/>\n^ Von der Bergstation der 6KSB zum Olperer muss man jetzt weniger schieben. Wobei sich das bei 2m mehr Schnee im Fr\u00fchjahr dann ja wieder \u00e4ndern kann.<\/p>\n<p><a href='http:\/\/ski.inmontanis.info\/d\/218336-2\/DSC09088.jpg'><img src=http:\/\/ski.inmontanis.info\/d\/218335-3\/DSC09088.jpg \/><\/a><br \/>\n^ Diese Abfahrt am SL Kaserer 1 war wie \u00fcblich h\u00e4rter und gl\u00e4tter als die andere.<\/p>\n<p><a href='http:\/\/ski.inmontanis.info\/d\/218340-2\/DSC09089.jpg'><img src=http:\/\/ski.inmontanis.info\/d\/218339-3\/DSC09089.jpg \/><\/a><br \/>\n^ Zufahrten SL Kaserer auch nur noch dank Depots und Vermattung<\/p>\n<p><a href='http:\/\/ski.inmontanis.info\/d\/218344-2\/DSC09090.jpg'><img src=http:\/\/ski.inmontanis.info\/d\/218343-3\/DSC09090.jpg \/><\/a><br \/>\n^ Abfahrten Kaserer<\/p>\n<p><a href='http:\/\/ski.inmontanis.info\/d\/218429-2\/DSC09092.jpg'><img src=http:\/\/ski.inmontanis.info\/d\/218428-3\/DSC09092.jpg \/><\/a><br \/>\n^ Neuer Abzweig SL Kaserer &#8211; Olperer<\/p>\n<p><a href='http:\/\/ski.inmontanis.info\/d\/218349-2\/DSC09093.jpg'><img src=http:\/\/ski.inmontanis.info\/d\/218348-3\/DSC09093.jpg \/><\/a><br \/>\n^ Gletscherende richtung TFH<\/p>\n<p><a href='http:\/\/ski.inmontanis.info\/d\/218353-2\/DSC09094.jpg'><img src=http:\/\/ski.inmontanis.info\/d\/218352-3\/DSC09094.jpg \/><\/a><br \/>\n^ Talstation 6KSB L\u00e4rmstange 2<\/p>\n<p><a href='http:\/\/ski.inmontanis.info\/d\/218357-2\/DSC09096.jpg'><img src=http:\/\/ski.inmontanis.info\/d\/218356-3\/DSC09096.jpg \/><\/a><br \/>\n^ SL Kaserer 1<\/p>\n<p><a href='http:\/\/ski.inmontanis.info\/d\/218365-2\/DSC09104.jpg'><img src=http:\/\/ski.inmontanis.info\/d\/218364-3\/DSC09104.jpg \/><\/a><br \/>\n^ SL Kaserer 1. W\u00e4hrend an der GW Matsch war und am Olperer auch etwas tiefer aufgefahren, blieb es am Kaserer auch nachmittags sehr hart.<\/p>\n<p><a href='http:\/\/ski.inmontanis.info\/d\/218369-2\/DSC09105.jpg'><img src=http:\/\/ski.inmontanis.info\/d\/218368-3\/DSC09105.jpg \/><\/a><br \/>\n^ SL Kaserer 1. Ob es die Abfahrt rechts des SL wohl mal wieder gibt?<\/p>\n<p><a href='http:\/\/ski.inmontanis.info\/d\/218373-2\/DSC09107.jpg'><img src=http:\/\/ski.inmontanis.info\/d\/218372-3\/DSC09107.jpg \/><\/a><br \/>\n^ Neue Zufahrt SL Kaserer richtung Olperer. Kurz vor der Einm\u00fcndung in den Weg ist Vorsicht geboten (Blankeis, kurze, steile Kante).<\/p>\n<p><a href='http:\/\/ski.inmontanis.info\/d\/218377-2\/DSC09109.jpg'><img src=http:\/\/ski.inmontanis.info\/d\/218376-3\/DSC09109.jpg \/><\/a><br \/>\n^ Standardbild Olperer zu GW<\/p>\n<p><a href='http:\/\/ski.inmontanis.info\/d\/218381-2\/DSC09112.jpg'><img src=http:\/\/ski.inmontanis.info\/d\/218380-3\/DSC09112.jpg \/><\/a><br \/>\n^ SL-Olperer-Felsen<\/p>\n<p><a href='http:\/\/ski.inmontanis.info\/d\/218385-2\/DSC09113.jpg'><img src=http:\/\/ski.inmontanis.info\/d\/218384-3\/DSC09113.jpg \/><\/a><br \/>\n^ Momentan hat man noch tolle Sp\u00e4tsommerski-Panoramen<\/p>\n<p><a href='http:\/\/ski.inmontanis.info\/d\/218393-2\/DSC09117.jpg'><img src=http:\/\/ski.inmontanis.info\/d\/218392-3\/DSC09117.jpg \/><\/a><br \/>\n^ Der Bagger steht doch glaub ich auch schon einige Zeit da rum&#8230;<\/p>\n<p><a href='http:\/\/ski.inmontanis.info\/d\/218397-2\/DSC09120.jpg'><img src=http:\/\/ski.inmontanis.info\/d\/218396-3\/DSC09120.jpg \/><\/a><br \/>\n^ SL Kaserer 1<\/p>\n<p><a href='http:\/\/ski.inmontanis.info\/d\/218401-2\/DSC09121.jpg'><img src=http:\/\/ski.inmontanis.info\/d\/218400-3\/DSC09121.jpg \/><\/a><br \/>\n^ Fels- und Gletscherstatus &#8230; f\u00fcr zuk\u00fcnftige Vergleichsfotos. In wievielen, vielleicht 10 Jahren, wird die Wand hier Gletscher frei sein?<\/p>\n<p><a href='http:\/\/ski.inmontanis.info\/d\/218405-2\/DSC09122.jpg'><img src=http:\/\/ski.inmontanis.info\/d\/218404-3\/DSC09122.jpg \/><\/a><br \/>\n^ 6KSB L\u00e4rmstange 2. Irgendwo m\u00fcssen hier doch die Kurvenst\u00fctzen des ehemaligen SL Kaserer 1 gewesen sein. Hab aber keine Fundamente entdecken k\u00f6nnen.<\/p>\n<p><a href='http:\/\/ski.inmontanis.info\/d\/218409-2\/DSC09126.jpg'><img src=http:\/\/ski.inmontanis.info\/d\/218408-3\/DSC09126.jpg \/><\/a><br \/>\n^ 6KSB L\u00e4rmstange 2. Ich frag mich, ob die Schneise hier im Fels schon damals so tief f\u00fcr den SL Kaserer 1 geschlagen wurde &#8211; oder neu bzw. tiefer f\u00fcr die KSB?<\/p>\n<p><a href='http:\/\/ski.inmontanis.info\/d\/218413-2\/DSC09127.jpg'><img src=http:\/\/ski.inmontanis.info\/d\/218412-3\/DSC09127.jpg \/><\/a><br \/>\n^ Die Schwarze am GW-SL war heut nachmittag wieder super zu fahren. Wurde irgendwann seit Sonntag mal pr\u00e4pariert, evtl. gestern, da die Spuren unten noch recht frisch schienen.<\/p>\n<p><a href='http:\/\/ski.inmontanis.info\/d\/218417-2\/DSC09128.jpg'><img src=http:\/\/ski.inmontanis.info\/d\/218416-3\/DSC09128.jpg \/><\/a><br \/>\n^ Zwischen den Felsen rechts des GW-SL.  (Ja, neue Perspektiven dank Pinkelpause &#8211; Starli&#8217;s Pinkelpausenperspektiven ;) )<\/p>\n<p><a href='http:\/\/ski.inmontanis.info\/d\/218421-2\/DSC09130.jpg'><img src=http:\/\/ski.inmontanis.info\/d\/218420-3\/DSC09130.jpg \/><\/a><br \/>\n^ TFH-Abfahrt<\/p>\n<p><a href='http:\/\/ski.inmontanis.info\/d\/218425-2\/DSC09131.jpg'><img src=http:\/\/ski.inmontanis.info\/d\/218424-3\/DSC09131.jpg \/><\/a><br \/>\n^ TFH-Abfahrt, bzw. eigentlich Pistenraupenweg daneben, da war einer so freundlich.<\/p>\n<p>Und dann gibt&#8217;s da noch dieses Thema:<\/p>\n<p><a href='http:\/\/ski.inmontanis.info\/d\/218389-2\/DSC09114.jpg'><img src=http:\/\/ski.inmontanis.info\/d\/218388-3\/DSC09114.jpg \/><\/a><br \/>\n^ Verbindungsweg bzw. Bauweg<\/p>\n<p><a href='http:\/\/ski.inmontanis.info\/d\/218361-2\/DSC09103.jpg'><img src=http:\/\/ski.inmontanis.info\/d\/218360-3\/DSC09103.jpg \/><\/a><br \/>\n^ Verbindungsweg bzw. Bauweg. Warum wurde der letzten Winter egtl. nicht als Piste verwendet?!<\/p>\n<p>Denn lt. GE-Foto von 2015 gab&#8217;s sowohl diesen Weg, wie auch die diagonale (Pistenraupen-) Zufahrt bereits schon im letzten Jahr:<\/p>\n<p><a href='http:\/\/ski.inmontanis.info\/d\/218433-2\/ge20160930c.jpg'><img src=http:\/\/ski.inmontanis.info\/d\/218432-3\/ge20160930c.jpg \/><\/a><br \/>\n^ Schwarz: 30.9.2016<br \/>\nRot: Fr\u00fchjahr 2016<br \/>\nGr\u00fcn markiert: Der besagte Weg<br \/>\n(Blau: Fr\u00fchjahr 2004, als das hier unten wohl so gut wie alles noch Gletscher war)<\/p>\n","protected":false},"excerpt":{"rendered":"<p>Fr, 30.9.2016<\/p>\n<p>Einer geht noch. Nachdem es am Sonntag schlechter werden soll, es mit dem Daunferner-SL am Stubaier die n\u00e4chsten Tage auch kein gerade \u00fcppiges Angebot geben wird und heute am Hintertuxer die 6KSB samt SL Kaserer in Betrieb genommen wurde&#8230;<\/p>\n<p>.. hab ich mir 3 Stunden Zeitausgleich genommen, nur bis 11:30 Uhr gearbeitet und <a href=\"http:\/\/blog.inmontanis.info\/?p=4016\">[&#8230;]<\/a><\/p>\n","protected":false},"author":1,"featured_media":0,"comment_status":"closed","ping_status":"closed","sticky":false,"template":"","format":"standard","meta":{"footnotes":""},"categories":[246,25,13,28],"tags":[56,47],"class_list":["post-4016","post","type-post","status-publish","format-standard","hentry","category-hintertux","category-noreport","category-austria","category-skifahren-sommer","tag-6sb","tag-sl","odd"],"_links":{"self":[{"href":"http:\/\/blog.inmontanis.info\/index.php?rest_route=\/wp\/v2\/posts\/4016","targetHints":{"allow":["GET"]}}],"collection":[{"href":"http:\/\/blog.inmontanis.info\/index.php?rest_route=\/wp\/v2\/posts"}],"about":[{"href":"http:\/\/blog.inmontanis.info\/index.php?rest_route=\/wp\/v2\/types\/post"}],"author":[{"embeddable":true,"href":"http:\/\/blog.inmontanis.info\/index.php?rest_route=\/wp\/v2\/users\/1"}],"replies":[{"embeddable":true,"href":"http:\/\/blog.inmontanis.info\/index.php?rest_route=%2Fwp%2Fv2%2Fcomments&post=4016"}],"version-history":[{"count":1,"href":"http:\/\/blog.inmontanis.info\/index.php?rest_route=\/wp\/v2\/posts\/4016\/revisions"}],"predecessor-version":[{"id":4017,"href":"http:\/\/blog.inmontanis.info\/index.php?rest_route=\/wp\/v2\/posts\/4016\/revisions\/4017"}],"wp:attachment":[{"href":"http:\/\/blog.inmontanis.info\/index.php?rest_route=%2Fwp%2Fv2%2Fmedia&parent=4016"}],"wp:term":[{"taxonomy":"category","embeddable":true,"href":"http:\/\/blog.inmontanis.info\/index.php?rest_route=%2Fwp%2Fv2%2Fcategories&post=4016"},{"taxonomy":"post_tag","embeddable":true,"href":"http:\/\/blog.inmontanis.info\/index.php?rest_route=%2Fwp%2Fv2%2Ftags&post=4016"}],"curies":[{"name":"wp","href":"https:\/\/api.w.org\/{rel}","templated":true}]}}