{"id":4014,"date":"2016-09-25T19:44:27","date_gmt":"2016-09-25T17:44:27","guid":{"rendered":"http:\/\/blog.inmontanis.info\/?p=4014"},"modified":"2023-07-01T20:57:39","modified_gmt":"2023-07-01T18:57:39","slug":"hintertuxer-gletscher-24-25-9-2016","status":"publish","type":"post","link":"http:\/\/blog.inmontanis.info\/?p=4014","title":{"rendered":"Hintertuxer Gletscher, 24.+ 25.9.2016"},"content":{"rendered":"<p><strong>Sa, 24.9.2016 + So, 25.9.2016<\/strong> (Letztes Wochenende der kurzen Sommersaisonkarte)<\/p>\n<p>Statt dem letzte Woche noch angek\u00fcndigten Neuschnee sollte das Wochenende nun sehr sonnig werden. Samstag wurde es dann zwar schnell wieder wolkig, daher blieb ich auch nur bis ca. 13\/14 Uhr, aber der Sonntag verlief daf\u00fcr wolkenlos, so dass ich bis fast 16 Uhr blieb.<\/p>\n<p>Die SL sind nun wieder bis 16 Uhr ge\u00f6ffnet, die jeweils parallelen schlie\u00dfen gegen ca. 13 Uhr. Wartezeiten gibt&#8217;s vormittags am Olperer, da der Park wieder komplett offen ist und entsprechend viele dort zus\u00e4tzlich unterwegs sind.<\/p>\n<p>Pisten an der GW waren morgens noch recht glatt, im f\u00fcr mich schlimmsten Zustand des bisherigen Sommers. Aber kann man ja umfahren. Offpiste ging&#8217;s daf\u00fcr am Samstag schon vormittag recht gut (kompakt, leichte Schneeauflage), am Sonntag musste es erst auffirnen, dann ging es auch gut. \u00dcberhaupt hatte es am Sonntag nachmittags an der GW teils guten Firn, w\u00e4hrend die Olperer-H\u00e4nge selbst nachmittags noch griffig waren (insb. im leeren Traingsbereich) und so gut wie nicht aufgefirnt sind.<\/p>\n<p>Extrem nervig waren die Schlafm\u00fctzen am SA+SO im Ziller+Tuxertal. Jeweils 4-6 Fahrzeuge vom Ramsau bis Juns\/Madseit oder von Madseit bis Mayrhofen, oder von Aschau bis zur Autobahn, etc. Erst dann jeweils \u00fcberholen k\u00f6nnen. War den Sommer \u00fcber &#8211; abgesehen von diesem Wochenende &#8211; besser als bef\u00fcrchtet, meist nur wenige Autos, die man dann doch irgendwann \u00fcberholen kann, oder die dann wegfahren.<\/p>\n<p>Neben dem Wetter war am Sonntag auch die Fernsicht sehr gut, so dass ich zum Abschluss nochmal etliche Fotos gemacht hab.<\/p>\n<p>(Fotos anklicken zum Vergr\u00f6\u00dfern)<\/p>\n<p><a href='http:\/\/ski.inmontanis.info\/d\/218040-2\/DSC08873.jpg'><img src=http:\/\/ski.inmontanis.info\/d\/218039-3\/DSC08873.jpg \/><\/a><br \/>\n^ Talstation DSB<\/p>\n<p><a href='http:\/\/ski.inmontanis.info\/d\/218044-2\/DSC08875.jpg'><img src=http:\/\/ski.inmontanis.info\/d\/218043-3\/DSC08875.jpg \/><\/a><br \/>\n^ Der Herbst ist da, die Sonne ist tiefer &#8211; und es sind wieder mehr Schatten im Skigebiet.<\/p>\n<p><a href='http:\/\/ski.inmontanis.info\/d\/218048-2\/DSC08882.jpg'><img src=http:\/\/ski.inmontanis.info\/d\/218047-3\/DSC08882.jpg \/><\/a><br \/>\n^ Blick ins Gletscherskigebiet von der DSB aus<\/p>\n<p><a href='http:\/\/ski.inmontanis.info\/d\/218052-2\/DSC08887.jpg'><img src=http:\/\/ski.inmontanis.info\/d\/218051-3\/DSC08887.jpg \/><\/a><br \/>\n^ DSB und Blick zu den Kaserer-Liften<\/p>\n<p><a href='http:\/\/ski.inmontanis.info\/d\/218056-2\/DSC08888.jpg'><img src=http:\/\/ski.inmontanis.info\/d\/218055-3\/DSC08888.jpg \/><\/a><br \/>\n^ Standard-Bild GW &#8211; O<\/p>\n<p><a href='http:\/\/ski.inmontanis.info\/d\/218060-2\/DSC08890.jpg'><img src=http:\/\/ski.inmontanis.info\/d\/218059-3\/DSC08890.jpg \/><\/a><br \/>\n^ Die Rinne hat den Sommer gut \u00fcberstanden. Bin dort aber nicht gefahren, die tiefen Spuren blieben hart. Dazwischen (also weiter oben bzw. rechts, wo eben weniger Spuren im Offpistebereich waren) ging&#8217;s aber gut.<\/p>\n<p><a href='http:\/\/ski.inmontanis.info\/d\/218064-2\/DSC08893.jpg'><img src=http:\/\/ski.inmontanis.info\/d\/218063-3\/DSC08893.jpg \/><\/a><br \/>\n^ Die schwarze Abfahrt (hier unten im Vordergrund) ist auch wieder ge\u00f6ffnet, war am Samstag recht gut zu fahren (griffigste Abfahrt, wenn auch teils etwas knollig), am Sonntag nicht pr\u00e4pariert und nicht mehr so gut, erst nachmittags, als es weich wurde.<\/p>\n<p><a href='http:\/\/ski.inmontanis.info\/d\/218068-2\/DSC08897.jpg'><img src=http:\/\/ski.inmontanis.info\/d\/218067-3\/DSC08897.jpg \/><\/a><br \/>\n^ Kaserer\/L\u00e4rmstange2, neue Zufahrt zur KSB-Talstation, vielleicht eine neue Piste? S\u00e4he interessant aus.<\/p>\n<p><a href='http:\/\/ski.inmontanis.info\/d\/218072-2\/DSC08901.jpg'><img src=http:\/\/ski.inmontanis.info\/d\/218071-3\/DSC08901.jpg \/><\/a><br \/>\n^ Einstieg Kaserer-SL, dank Depot. Nicht ganz genau erkennbar, aber der mittlere Kasererweg (links) k\u00f6nnte &#8211; zumindest jetzt im Herbst &#8211; die Fahrtrichtung gewechselt haben und  als Verbindung vom Kaserer zur KSB dienen, solang der Weg unterhalt noch schneefrei ist?<\/p>\n<p><a href='http:\/\/ski.inmontanis.info\/d\/218076-2\/DSC08902.jpg'><img src=http:\/\/ski.inmontanis.info\/d\/218075-3\/DSC08902.jpg \/><\/a><br \/>\n^ 6KSB L\u00e4rmstange 2<\/p>\n<p><a href='http:\/\/ski.inmontanis.info\/d\/218080-2\/DSC08909.jpg'><img src=http:\/\/ski.inmontanis.info\/d\/218079-3\/DSC08909.jpg \/><\/a><br \/>\n^ TFH-Hang rechts; vom Depot rechts ist auch noch was \u00fcbrig<\/p>\n<p><a href='http:\/\/ski.inmontanis.info\/d\/218084-2\/DSC08910.jpg'><img src=http:\/\/ski.inmontanis.info\/d\/218083-3\/DSC08910.jpg \/><\/a><br \/>\n^ Offpiste an der Gefrorenen Wand, ging sehr gut dieses WE.<\/p>\n<p><a href='http:\/\/ski.inmontanis.info\/d\/218088-2\/DSC08920.jpg'><img src=http:\/\/ski.inmontanis.info\/d\/218087-3\/DSC08920.jpg \/><\/a><br \/>\n^ Gletscherende vom GB2 aus<\/p>\n<p>Grund f\u00fcr dieses Foto ist ein Vergleich zu diesem Foto, das Yeshar im Juli 2003 gemacht hat:<br \/>\n<img src=http:\/\/ski.inmontanis.info\/d\/4860-2\/RIMG0453.jpg \/><\/p>\n<p><a href='http:\/\/ski.inmontanis.info\/d\/218092-2\/DSC08925.jpg'><img src=http:\/\/ski.inmontanis.info\/d\/218091-3\/DSC08925.jpg \/><\/a><br \/>\n^ Das Gletscherende zerf\u00e4llt auch schon, der untere Kasererweg wird also bald gletscherfrei sein.<\/p>\n<p><a href='http:\/\/ski.inmontanis.info\/d\/218096-3\/DSC08929.jpg'><img src=http:\/\/ski.inmontanis.info\/d\/218095-4\/DSC08929.jpg \/><\/a><br \/>\n^ Die restlichen Matten am TFH-Hang werden entfernt und die Piste vorbereitet<\/p>\n<p><a href='http:\/\/ski.inmontanis.info\/d\/218100-3\/DSC08932.jpg'><img src=http:\/\/ski.inmontanis.info\/d\/218099-4\/DSC08932.jpg \/><\/a><br \/>\n^ TFH-Hang<\/p>\n<p><a href='http:\/\/ski.inmontanis.info\/d\/218104-3\/DSC08936.jpg'><img src=http:\/\/ski.inmontanis.info\/d\/218103-4\/DSC08936.jpg \/><\/a><br \/>\n^ Offpistegel\u00e4nde zwischen den Gondelbahnen<\/p>\n<p><a href='http:\/\/ski.inmontanis.info\/d\/218108-3\/DSC08939.jpg'><img src=http:\/\/ski.inmontanis.info\/d\/218107-4\/DSC08939.jpg \/><\/a><br \/>\n^ DSB-Abfahrt<\/p>\n<p><a href='http:\/\/ski.inmontanis.info\/d\/218112-3\/DSC08945.jpg'><img src=http:\/\/ski.inmontanis.info\/d\/218111-4\/DSC08945.jpg \/><\/a><br \/>\n^ Nordpano mit 10EUB<\/p>\n<p><a href='http:\/\/ski.inmontanis.info\/d\/218116-3\/DSC08947.jpg'><img src=http:\/\/ski.inmontanis.info\/d\/218115-4\/DSC08947.jpg \/><\/a><br \/>\n^ Gestern Wolken, heute gutes S\u00fcdpano<\/p>\n<p><a href='http:\/\/ski.inmontanis.info\/d\/218120-3\/DSC08949.jpg'><img src=http:\/\/ski.inmontanis.info\/d\/218119-4\/DSC08949.jpg \/><\/a><br \/>\n^ SL Olperer. Samstag gab&#8217;s etwas mehr Wartezeiten als am Sonntag.<\/p>\n<p><a href='http:\/\/ski.inmontanis.info\/d\/218124-3\/DSC08950.jpg'><img src=http:\/\/ski.inmontanis.info\/d\/218123-4\/DSC08950.jpg \/><\/a><br \/>\n^ Zoom Marmolada<\/p>\n<p><a href='http:\/\/ski.inmontanis.info\/d\/218128-3\/DSC08952.jpg'><img src=http:\/\/ski.inmontanis.info\/d\/218127-4\/DSC08952.jpg \/><\/a><br \/>\n^ SL Olperer Bergstationen<\/p>\n<p><a href='http:\/\/ski.inmontanis.info\/d\/218132-3\/DSC08958_001.jpg'><img src=http:\/\/ski.inmontanis.info\/d\/218131-4\/DSC08958_001.jpg \/><\/a><br \/>\n^ Standard-Bild GW-O<\/p>\n<p><a href='http:\/\/ski.inmontanis.info\/d\/218140-3\/DSC08959.jpg'><img src=http:\/\/ski.inmontanis.info\/d\/218139-4\/DSC08959.jpg \/><\/a><br \/>\n^ Nordpano mit GB3<\/p>\n<p><a href='http:\/\/ski.inmontanis.info\/d\/218136-3\/DSC08960.jpg'><img src=http:\/\/ski.inmontanis.info\/d\/218135-4\/DSC08960.jpg \/><\/a><br \/>\n^ SL, DSB, GB und Gipfel<\/p>\n<p><a href='http:\/\/ski.inmontanis.info\/d\/218144-3\/DSC08961.jpg'><img src=http:\/\/ski.inmontanis.info\/d\/218143-4\/DSC08961.jpg \/><\/a><br \/>\n^ (Nord-) Ostpano<\/p>\n<p><a href='http:\/\/ski.inmontanis.info\/d\/218148-3\/DSC08962.jpg'><img src=http:\/\/ski.inmontanis.info\/d\/218147-4\/DSC08962.jpg \/><\/a><br \/>\n^ (S\u00fcd-) Ostpano<\/p>\n<p><a href='http:\/\/ski.inmontanis.info\/d\/218152-3\/DSC08963.jpg'><img src=http:\/\/ski.inmontanis.info\/d\/218151-4\/DSC08963.jpg \/><\/a><br \/>\n^ Westpano vom \u00dcbergang am SL Olperer (nach kurzem Aufstieg)<\/p>\n<p><a href='http:\/\/ski.inmontanis.info\/d\/218156-3\/DSC08964.jpg'><img src=http:\/\/ski.inmontanis.info\/d\/218155-4\/DSC08964.jpg \/><\/a><br \/>\n^ Zoom Adamello, 133 km<\/p>\n<p><a href='http:\/\/ski.inmontanis.info\/d\/218160-3\/DSC08965.jpg'><img src=http:\/\/ski.inmontanis.info\/d\/218159-4\/DSC08965.jpg \/><\/a><br \/>\n^ Vorne das Skigebiet am Jaufenpass, hinten der Cevedale (104 km) im Zoom<\/p>\n<p><a href='http:\/\/ski.inmontanis.info\/d\/218164-3\/DSC08966.jpg'><img src=http:\/\/ski.inmontanis.info\/d\/218163-4\/DSC08966.jpg \/><\/a><br \/>\n^ Zoom K\u00f6nigspitze \/ Zebru \/ Ortler, 104 km entfernt<\/p>\n<p><a href='http:\/\/ski.inmontanis.info\/d\/218168-3\/DSC08967.jpg'><img src=http:\/\/ski.inmontanis.info\/d\/218167-4\/DSC08967.jpg \/><\/a><br \/>\n^ Zoom\/Crop Ortler, 104km. Dahinter, rechts der Gletscher, k\u00f6nnte dann evtl. die Geisterspitze oberhalb des Stilfserjoch-Skigebiets sein. Leider st\u00f6rt zumindestens rechts der Berg, sonst k\u00f6nnte man vielleicht sogar das Skigebiet sehen.<\/p>\n<p><a href='http:\/\/ski.inmontanis.info\/d\/218172-3\/DSC08970.jpg'><img src=http:\/\/ski.inmontanis.info\/d\/218171-4\/DSC08970.jpg \/><\/a><br \/>\n^ Zoom Hintere Schw\u00e4rze \/ Similaun, ca. 65km<\/p>\n<p><a href='http:\/\/ski.inmontanis.info\/d\/218176-3\/DSC08974.jpg'><img src=http:\/\/ski.inmontanis.info\/d\/218175-4\/DSC08974.jpg \/><\/a><br \/>\n^ Zoom Wildspitze (62 km)<\/p>\n<p><a href='http:\/\/ski.inmontanis.info\/d\/218028-2\/DSC08977.jpg'><img src=http:\/\/ski.inmontanis.info\/d\/218027-3\/DSC08977.jpg \/><\/a><br \/>\n^ Zoom Stubaier Gletscher vom Hintertuxer<\/p>\n<p><a href='http:\/\/ski.inmontanis.info\/d\/218032-2\/DSC08978.jpg'><img src=http:\/\/ski.inmontanis.info\/d\/218031-3\/DSC08978.jpg \/><\/a><br \/>\n^ Zoom Stubaier Gletscher vom Hintertuxer (Eisgrat\/Wildspitz\/Daunferner\/Rotadl)<\/p>\n<p><a href='http:\/\/ski.inmontanis.info\/d\/218036-2\/DSC08979.jpg'><img src=http:\/\/ski.inmontanis.info\/d\/218035-3\/DSC08979.jpg \/><\/a><br \/>\n^ Zoom Stubaier Gletscher vom Hintertuxer (Daunferner\/Eisgrat\/Rotadl\/Daunscharte\/Daunferner\/Daunjoch)<\/p>\n<p><a href='http:\/\/ski.inmontanis.info\/d\/218180-3\/DSC08980.jpg'><img src=http:\/\/ski.inmontanis.info\/d\/218179-4\/DSC08980.jpg \/><\/a><br \/>\n^ Pano mit SL Olperer<\/p>\n<p><a href='http:\/\/ski.inmontanis.info\/d\/218184-3\/DSC08981.jpg'><img src=http:\/\/ski.inmontanis.info\/d\/218183-4\/DSC08981.jpg \/><\/a><br \/>\n^ SL Gefrorene Wand<\/p>\n<p><a href='http:\/\/ski.inmontanis.info\/d\/218188-3\/DSC08983.jpg'><img src=http:\/\/ski.inmontanis.info\/d\/218187-4\/DSC08983.jpg \/><\/a><br \/>\n^ Vom SL Olperer zur GW ..<\/p>\n<p><a href='http:\/\/ski.inmontanis.info\/d\/218192-3\/DSC08987.jpg'><img src=http:\/\/ski.inmontanis.info\/d\/218191-4\/DSC08987.jpg \/><\/a><br \/>\n^ .. und noch etwas geschwenkt, mit Sonne und Olperer.<\/p>\n<p><a href='http:\/\/ski.inmontanis.info\/d\/218196-3\/DSC08993.jpg'><img src=http:\/\/ski.inmontanis.info\/d\/218195-4\/DSC08993.jpg \/><\/a><br \/>\n^ 10EUB-GB3<\/p>\n<p><a href='http:\/\/ski.inmontanis.info\/d\/218200-3\/DSC08994.jpg'><img src=http:\/\/ski.inmontanis.info\/d\/218199-4\/DSC08994.jpg \/><\/a><br \/>\n^ DSB. Die Abfahrt war bis nach Mittag am Sonntag sehr glatt. Ging am Samstag besser.<\/p>\n<p><a href='http:\/\/ski.inmontanis.info\/d\/218204-3\/DSC09003.jpg'><img src=http:\/\/ski.inmontanis.info\/d\/218203-4\/DSC09003.jpg \/><\/a><br \/>\n^ S\u00fcdpano mit SL<\/p>\n<p><a href='http:\/\/ski.inmontanis.info\/d\/218208-3\/DSC09006.jpg'><img src=http:\/\/ski.inmontanis.info\/d\/218207-4\/DSC09006.jpg \/><\/a><br \/>\n^ DSB\/Kaserer<\/p>\n<p><a href='http:\/\/ski.inmontanis.info\/d\/218212-3\/DSC09008.jpg'><img src=http:\/\/ski.inmontanis.info\/d\/218211-4\/DSC09008.jpg \/><\/a><br \/>\n^ 10EUB von DSB<\/p>\n<p><a href='http:\/\/ski.inmontanis.info\/d\/218216-3\/DSC09011.jpg'><img src=http:\/\/ski.inmontanis.info\/d\/218215-4\/DSC09011.jpg \/><\/a><br \/>\n^ SL und Gletscherh\u00fctte, die jetzt auch wieder ge\u00f6ffnet ist<\/p>\n<p><a href='http:\/\/ski.inmontanis.info\/d\/218220-3\/DSC09015.jpg'><img src=http:\/\/ski.inmontanis.info\/d\/218219-4\/DSC09015.jpg \/><\/a><br \/>\n^ Pano von der DSB nahe Bergstation \u00fcber die GW-SL<\/p>\n<p><a href='http:\/\/ski.inmontanis.info\/d\/218224-3\/DSC09017.jpg'><img src=http:\/\/ski.inmontanis.info\/d\/218223-4\/DSC09017.jpg \/><\/a><br \/>\n^ 3SB Schlegeis, Gletscherst\u00e4nde<\/p>\n<p><a href='http:\/\/ski.inmontanis.info\/d\/218228-3\/DSC09019.jpg'><img src=http:\/\/ski.inmontanis.info\/d\/218227-4\/DSC09019.jpg \/><\/a><br \/>\n^ Auch nettes Pano von hier aus. (Manche pinkeln gleich am Rand der Piste, ich fahr immer hier hin.)<\/p>\n<p><a href='http:\/\/ski.inmontanis.info\/d\/218232-3\/DSC09021.jpg'><img src=http:\/\/ski.inmontanis.info\/d\/218231-4\/DSC09021.jpg \/><\/a><br \/>\n^ Skigebietsblick von der DSB aus, diesmal aber unterhalb der 10EUB-Bergstation. Pistenvorbereitungen deuten auf eine baldige Erweiterung hin.<\/p>\n<p><a href='http:\/\/ski.inmontanis.info\/d\/218236-3\/DSC09022.jpg'><img src=http:\/\/ski.inmontanis.info\/d\/218235-4\/DSC09022.jpg \/><\/a><br \/>\n^ Kaserer, restliche Arbeiten am ge\u00e4nderten oberen Kasererweg(Holzmontage, Schneeverschiebung, neue Zufahrt vom SL aus)<\/p>\n<p><a href='http:\/\/ski.inmontanis.info\/d\/218240-3\/DSC09023.jpg'><img src=http:\/\/ski.inmontanis.info\/d\/218239-4\/DSC09023.jpg \/><\/a><br \/>\n^ Spaltenstopfen an der Abfahrt zur KSB. Ob die gro\u00dfen Spalten wohl auch gestopft werden? Ob die untere Zufahrt wohl als Piste ausgebautt wird?<\/p>\n<p><a href='http:\/\/ski.inmontanis.info\/d\/218244-3\/DSC09033.jpg'><img src=http:\/\/ski.inmontanis.info\/d\/218243-4\/DSC09033.jpg \/><\/a><br \/>\n^ An der Gefrorenen Wand gab&#8217;s heute nachmittag sch\u00f6nen Firn (zumindest in die Richtung)<\/p>\n<p><a href='http:\/\/ski.inmontanis.info\/d\/218248-3\/DSC09043.jpg'><img src=http:\/\/ski.inmontanis.info\/d\/218247-4\/DSC09043.jpg \/><\/a><br \/>\n^ .. jedenfalls nett zu fahren gewesen, so dass ich gleich ein paar Mal gefahren bin. Wenn es im Fr\u00fchjahr schon kaum noch Firn gibt, muss man halt im September das Gl\u00fcck nutzen \u2026<\/p>\n<p><a href='http:\/\/ski.inmontanis.info\/d\/218252-3\/DSC09049.jpg'><img src=http:\/\/ski.inmontanis.info\/d\/218251-4\/DSC09049.jpg \/><\/a><br \/>\n^ GW-SL-Pano<\/p>\n<p><a href='http:\/\/ski.inmontanis.info\/d\/218256-3\/DSC09053.jpg'><img src=http:\/\/ski.inmontanis.info\/d\/218255-4\/DSC09053.jpg \/><\/a><br \/>\n^ Pistenvorbereitungen<\/p>\n<p><a href='http:\/\/ski.inmontanis.info\/d\/218260-3\/DSC09055.jpg'><img src=http:\/\/ski.inmontanis.info\/d\/218259-4\/DSC09055.jpg \/><\/a><br \/>\n^ 3SB Schlegeis. Der Bereich hat in den letzten 20 Jahren am meisten Gletscher eingeb\u00fc\u00dft.<\/p>\n<p><a href='http:\/\/ski.inmontanis.info\/d\/218264-3\/DSC09056.jpg'><img src=http:\/\/ski.inmontanis.info\/d\/218263-4\/DSC09056.jpg \/><\/a><br \/>\n^ Samstag ganztags, Sonntag vom sp\u00e4ten Vormittag bis fr\u00fchen Nachmittag sehr gut zu fahren gewesen &#8211; das kleine Offpistegel\u00e4nde rechts der Piste<\/p>\n<p><a href='http:\/\/ski.inmontanis.info\/d\/218268-3\/DSC09057.jpg'><img src=http:\/\/ski.inmontanis.info\/d\/218267-4\/DSC09057.jpg \/><\/a><br \/>\n^ 3SB Schlegeis mit Schlegeis-Stausee.<\/p>\n<p><a href='http:\/\/ski.inmontanis.info\/d\/218272-3\/DSC09059.jpg'><img src=http:\/\/ski.inmontanis.info\/d\/218271-4\/DSC09059.jpg \/><\/a><br \/>\n^ Pano mit Gletscherh\u00fctte. Der Skiweg hier rum ist auch nicht jedes Jahr schon so fr\u00fch in der Saison fahrbar.<\/p>\n<p><a href='http:\/\/ski.inmontanis.info\/d\/218276-3\/DSC09060.jpg'><img src=http:\/\/ski.inmontanis.info\/d\/218275-4\/DSC09060.jpg \/><\/a><br \/>\n^ 3SB Schlegeis, Revisionsarbeiten. Fuhr hin und wieder, auch mit Diesel, zumindest dem Geruch nach.<br \/>\n<a href='http:\/\/ski.inmontanis.info\/d\/218280-3\/DSC09061.jpg'><img src=http:\/\/ski.inmontanis.info\/d\/218279-4\/DSC09061.jpg \/><\/a><br \/>\n^ TFH-Abfahrt<\/p>\n<p><a href='http:\/\/ski.inmontanis.info\/d\/218284-3\/DSC09064.jpg'><img src=http:\/\/ski.inmontanis.info\/d\/218283-4\/DSC09064.jpg \/><\/a><br \/>\n^ TFH-Hang links<\/p>\n<p><a href='http:\/\/ski.inmontanis.info\/d\/218288-3\/DSC09062.jpg'><img src=http:\/\/ski.inmontanis.info\/d\/218287-4\/DSC09062.jpg \/><\/a><br \/>\n^ TFH-Hang Mitte\/Rechts<\/p>\n<p><a href='http:\/\/ski.inmontanis.info\/d\/218292-3\/ge20160827-0925a.jpg'><img src=http:\/\/ski.inmontanis.info\/d\/218291-4\/ge20160827-0925a.jpg \/><\/a><br \/>\n^ GPS-Tracks der letzten Wochen; Gelb: 27.+28.8., Gr\u00fcn: 3.9., Rot: 10.9., Blau: 18.9., Schwarz: 24.+25.9.<\/p>\n<p>Auch gefilmt hab ich wieder, diesmal aber zumeist auch mit der gro\u00dfen Cam, damit ich wenigstens einmal eine gute Qualit\u00e4t rausbekomme:<br \/>\n<object style=\"height: 500px; width: 900px\"><param name=\"movie\" value=\"http:\/\/www.youtube.com\/v\/YDo8SArEGNo\"><\/param><param name=\"wmode\" value=\"transparent\"><\/param><embed src=\"http:\/\/www.youtube.com\/v\/YDo8SArEGNo\" type=\"application\/x-shockwave-flash\" wmode=\"transparent\"  width=\"900\" height=\"480\"><\/embed><\/object><br \/>\n.. wobei man wohl den Bildstabilisator an der Nex besser ausschalten sollte, wenn man schnell abf\u00e4hrt, der ist dann eher kontraproduktiv. Zus\u00e4tzlich negativ ist das Gewicht der gro\u00dfen Cam im Vgl. zur kleinen Actioncam, da die Gro\u00dfe bei jeder Kurve durch die Tr\u00e4gheit viel mehr mitschwingt und schwieriger zu halten ist..<\/p>\n<p>Fazit: Nach einer sehr durchwachsenen Sommersaison war das heute &#8220;leider&#8221; der beste Tag der Saison. Falls ich die n\u00e4chsten Jahre aber wieder am Stubaier bis Ende Juni fahren kann, wird sich die Sommersaisonkarte so schnell nicht mehr lohnen f\u00fcr mich. Au\u00dferdem, wie schon gesagt, im Sommer nur alle 2-3 Wochen bei perfektem Wetter, ist doch irgendwie sch\u00f6ner. Mein n\u00e4chster Besuch am Hintertuxer wird also voraussichtlich wieder im Juli 2017 sein.<\/p>\n","protected":false},"excerpt":{"rendered":"<p>Sa, 24.9.2016 + So, 25.9.2016 (Letztes Wochenende der kurzen Sommersaisonkarte)<\/p>\n<p>Statt dem letzte Woche noch angek\u00fcndigten Neuschnee sollte das Wochenende nun sehr sonnig werden. Samstag wurde es dann zwar schnell wieder wolkig, daher blieb ich auch nur bis ca. 13\/14 Uhr, aber der Sonntag verlief daf\u00fcr wolkenlos, so dass ich bis fast 16 Uhr blieb.<\/p>\n<p> <a href=\"http:\/\/blog.inmontanis.info\/?p=4014\">[&#8230;]<\/a><\/p>\n","protected":false},"author":1,"featured_media":0,"comment_status":"closed","ping_status":"closed","sticky":false,"template":"","format":"standard","meta":{"footnotes":""},"categories":[246,25,13,28],"tags":[72,55,38,54,45,47],"class_list":["post-4014","post","type-post","status-publish","format-standard","hentry","category-hintertux","category-noreport","category-austria","category-skifahren-sommer","tag-10eub","tag-3sb","tag-dsb","tag-gletschervergleich","tag-see","tag-sl","odd"],"_links":{"self":[{"href":"http:\/\/blog.inmontanis.info\/index.php?rest_route=\/wp\/v2\/posts\/4014","targetHints":{"allow":["GET"]}}],"collection":[{"href":"http:\/\/blog.inmontanis.info\/index.php?rest_route=\/wp\/v2\/posts"}],"about":[{"href":"http:\/\/blog.inmontanis.info\/index.php?rest_route=\/wp\/v2\/types\/post"}],"author":[{"embeddable":true,"href":"http:\/\/blog.inmontanis.info\/index.php?rest_route=\/wp\/v2\/users\/1"}],"replies":[{"embeddable":true,"href":"http:\/\/blog.inmontanis.info\/index.php?rest_route=%2Fwp%2Fv2%2Fcomments&post=4014"}],"version-history":[{"count":1,"href":"http:\/\/blog.inmontanis.info\/index.php?rest_route=\/wp\/v2\/posts\/4014\/revisions"}],"predecessor-version":[{"id":4015,"href":"http:\/\/blog.inmontanis.info\/index.php?rest_route=\/wp\/v2\/posts\/4014\/revisions\/4015"}],"wp:attachment":[{"href":"http:\/\/blog.inmontanis.info\/index.php?rest_route=%2Fwp%2Fv2%2Fmedia&parent=4014"}],"wp:term":[{"taxonomy":"category","embeddable":true,"href":"http:\/\/blog.inmontanis.info\/index.php?rest_route=%2Fwp%2Fv2%2Fcategories&post=4014"},{"taxonomy":"post_tag","embeddable":true,"href":"http:\/\/blog.inmontanis.info\/index.php?rest_route=%2Fwp%2Fv2%2Ftags&post=4014"}],"curies":[{"name":"wp","href":"https:\/\/api.w.org\/{rel}","templated":true}]}}