{"id":4012,"date":"2016-09-18T19:43:15","date_gmt":"2016-09-18T17:43:15","guid":{"rendered":"http:\/\/blog.inmontanis.info\/?p=4012"},"modified":"2023-07-01T20:57:38","modified_gmt":"2023-07-01T18:57:38","slug":"hintertuxer-gletscher-18-9-2016","status":"publish","type":"post","link":"http:\/\/blog.inmontanis.info\/?p=4012","title":{"rendered":"Hintertuxer Gletscher, 18.9.2016"},"content":{"rendered":"<p><strong>So, 18.9.2016<\/strong><\/p>\n<p>Viel war Wetterm\u00e4\u00dfig dieses WE ja nicht zu holen, gestern Schneefall, heute evtl. bis Mittag etwas besser. Wie \u00fcblich war es aber vormittags schon ab 10 Uhr teils nebglig, gegen ca. 11:30 leichter Schneefall und als ich um 12 Uhr gehen wollte, wurde es nochmals etwas sonniger, also blieb ich. Was beim Neuschnee nat\u00fcrlich bald f\u00fcr Papp sorgte, so dass ich es um kurz nach 13 Uhr &#8211; aber diesmal wg. Stockschnee &#8211; gelassen hab.<\/p>\n<p>Davor war der Neuschnee aber ganz gut zu fahren, war auch nicht so viel und kompakt pr\u00e4pariert. Was allerdings den Skibetrieb auf den anderen Gletschern angeht, h\u00e4tte es schon lieber mehr schneien sollen, denn mehr als 10-20cm, windverfrachtet vielleicht auch mal nur 5 oder 30, waren das wohl nicht. Die Trainingskurse haben sich jedenfalls durch den Neuschnee durchgebohrt.<\/p>\n<p>(Fotos anklicken zum Vergr\u00f6\u00dfern.)<\/p>\n<p><a href='http:\/\/ski.inmontanis.info\/d\/217866-2\/DSC08848.jpg'><img src=http:\/\/ski.inmontanis.info\/d\/217865-3\/DSC08848.jpg \/><\/a><br \/>\n^ Sonderlich tief war die Schneefallgrenze diesmal nicht.<\/p>\n<p><a href='http:\/\/ski.inmontanis.info\/d\/217870-2\/DSC08852.jpg'><img src=http:\/\/ski.inmontanis.info\/d\/217869-3\/DSC08852.jpg \/><\/a><br \/>\n^ Olperer von GW<\/p>\n<p><a href='http:\/\/ski.inmontanis.info\/d\/217874-2\/DSC08853.jpg'><img src=http:\/\/ski.inmontanis.info\/d\/217873-3\/DSC08853.jpg \/><\/a><br \/>\n^ GW von Olperer<\/p>\n<p><a href='http:\/\/ski.inmontanis.info\/d\/217878-2\/DSC08854.jpg'><img src=http:\/\/ski.inmontanis.info\/d\/217877-3\/DSC08854.jpg \/><\/a><br \/>\n^ Funpark und Wolkenmeer, leider zog die Nebelschicht jedoch alsbald herrein.<\/p>\n<p><a href='http:\/\/ski.inmontanis.info\/d\/217882-2\/DSC08855.jpg'><img src=http:\/\/ski.inmontanis.info\/d\/217881-3\/DSC08855.jpg \/><\/a><br \/>\n^ Mit Vorsicht reichte der Neuschnee f\u00fcr einige Zeit f\u00fcr eine Fahrt bis zur Talstation GB3.<\/p>\n<p><a href='http:\/\/ski.inmontanis.info\/d\/217886-2\/DSC08856.jpg'><img src=http:\/\/ski.inmontanis.info\/d\/217885-3\/DSC08856.jpg \/><\/a><br \/>\n^ im oberen Bereich ist&#8217;s hier ja schon noch sch\u00f6n retro ;)<\/p>\n<p><a href='http:\/\/ski.inmontanis.info\/d\/217890-2\/DSC08857.jpg'><img src=http:\/\/ski.inmontanis.info\/d\/217889-3\/DSC08857.jpg \/><\/a><br \/>\n^ Dieses St\u00fcck der TFH-Abfahrt ging dank des Neuschnees wieder gut zu fahren.<\/p>\n<p><a href='http:\/\/ski.inmontanis.info\/d\/217894-2\/DSC08863.jpg'><img src=http:\/\/ski.inmontanis.info\/d\/217893-3\/DSC08863.jpg \/><\/a><br \/>\n^ Am meisten Sonne gab es  so ca. zwischen 12 und 13 Uhr, leider wurde dadurch der Schnee auch pappig.<\/p>\n<p><a href='http:\/\/ski.inmontanis.info\/d\/217898-2\/DSC08865.jpg'><img src=http:\/\/ski.inmontanis.info\/d\/217897-3\/DSC08865.jpg \/><\/a><br \/>\n^ Vorsicht, Spalten.<\/p>\n<p><a href='http:\/\/ski.inmontanis.info\/d\/217902-2\/DSC08867.jpg'><img src=http:\/\/ski.inmontanis.info\/d\/217901-3\/DSC08867.jpg \/><\/a><br \/>\n^ TFH-Hang. Die unteren Matten wurden wohl bereits entfernt, das gro\u00dfe Feld oben rechts dagegen ist noch vermattet. Jetzt w\u00e4r&#8217;s sonnig, aber der Schnee hier unten so stockig, dass es auch wieder keinen Spa\u00df mehr macht.<\/p>\n<p>So, noch ein Wochenende, dann hab ich &#8220;zum Gl\u00fcck&#8221; wieder eine lange Auszeit vom Hintertuxer bis &#8211; hoffentlich &#8211; Juli 2017. Dann aber wieder ohne Sommersaisonkarte, denn es ist doch sch\u00f6ner, im Sommer nur alle 2-3 Wochen bei tollem Wetter zu fahren. Au\u00dfer es g\u00e4be jedes WE Sch\u00f6nwetter, aber das wei\u00df man im Vorhinein ja nicht. Dieser Sommer war da leider etwas suboptimal.<\/p>\n","protected":false},"excerpt":{"rendered":"<p>So, 18.9.2016<\/p>\n<p>Viel war Wetterm\u00e4\u00dfig dieses WE ja nicht zu holen, gestern Schneefall, heute evtl. bis Mittag etwas besser. Wie \u00fcblich war es aber vormittags schon ab 10 Uhr teils nebglig, gegen ca. 11:30 leichter Schneefall und als ich um 12 Uhr gehen wollte, wurde es nochmals etwas sonniger, also blieb ich. Was beim Neuschnee <a href=\"http:\/\/blog.inmontanis.info\/?p=4012\">[&#8230;]<\/a><\/p>\n","protected":false},"author":1,"featured_media":0,"comment_status":"closed","ping_status":"closed","sticky":false,"template":"","format":"standard","meta":{"footnotes":""},"categories":[246,25,13,28],"tags":[38,47],"class_list":["post-4012","post","type-post","status-publish","format-standard","hentry","category-hintertux","category-noreport","category-austria","category-skifahren-sommer","tag-dsb","tag-sl","odd"],"_links":{"self":[{"href":"http:\/\/blog.inmontanis.info\/index.php?rest_route=\/wp\/v2\/posts\/4012","targetHints":{"allow":["GET"]}}],"collection":[{"href":"http:\/\/blog.inmontanis.info\/index.php?rest_route=\/wp\/v2\/posts"}],"about":[{"href":"http:\/\/blog.inmontanis.info\/index.php?rest_route=\/wp\/v2\/types\/post"}],"author":[{"embeddable":true,"href":"http:\/\/blog.inmontanis.info\/index.php?rest_route=\/wp\/v2\/users\/1"}],"replies":[{"embeddable":true,"href":"http:\/\/blog.inmontanis.info\/index.php?rest_route=%2Fwp%2Fv2%2Fcomments&post=4012"}],"version-history":[{"count":1,"href":"http:\/\/blog.inmontanis.info\/index.php?rest_route=\/wp\/v2\/posts\/4012\/revisions"}],"predecessor-version":[{"id":4013,"href":"http:\/\/blog.inmontanis.info\/index.php?rest_route=\/wp\/v2\/posts\/4012\/revisions\/4013"}],"wp:attachment":[{"href":"http:\/\/blog.inmontanis.info\/index.php?rest_route=%2Fwp%2Fv2%2Fmedia&parent=4012"}],"wp:term":[{"taxonomy":"category","embeddable":true,"href":"http:\/\/blog.inmontanis.info\/index.php?rest_route=%2Fwp%2Fv2%2Fcategories&post=4012"},{"taxonomy":"post_tag","embeddable":true,"href":"http:\/\/blog.inmontanis.info\/index.php?rest_route=%2Fwp%2Fv2%2Ftags&post=4012"}],"curies":[{"name":"wp","href":"https:\/\/api.w.org\/{rel}","templated":true}]}}