{"id":4007,"date":"2016-09-17T18:07:13","date_gmt":"2016-09-17T16:07:13","guid":{"rendered":"http:\/\/blog.inmontanis.info\/?p=4007"},"modified":"2023-08-05T21:47:25","modified_gmt":"2023-08-05T19:47:25","slug":"innsbruck-alte-trams-17-9-2016","status":"publish","type":"post","link":"http:\/\/blog.inmontanis.info\/?p=4007","title":{"rendered":"Innsbruck &#8211; Alte Trams, 17.9.2016"},"content":{"rendered":"<p>17.9.2016 &#8211; Alte Trams in Innsbruck. Quasi der 2. Nachtrag zu meiner UK-Reise.<\/p>\n<p>Mit den nahen Sachen ist es ja oft so, dass man es nicht sonderlich eilig hat. So wohne ich zwar schon seit 1996 in Innsbruck, war aber tats\u00e4chlich nie im Localbahnmuseum der Tiroler Museumsstra\u00dfenbahnen oder w\u00e4re mit einer davon gefahren. Obwohl zumindest mittlerweile von Mai bis Oktober jeden Samstag ge\u00f6ffnet und auch eine Museumsbahn ein bissl durch die Stadt f\u00e4hrt.<\/p>\n<p>\u00dcberhaupt, als ich das letzte Mal in Ibk Stra\u00dfenbahn gefahren bin, waren noch die alten Garnituren im Einsatz. Die neuen interessieren mich &#8211; ihr wisst schon &#8211; mal wieder nicht. Wobei in den n\u00e4chsten Jahren nun auch vor meiner Haust\u00fcre die Stra\u00dfenbahn fahren wird, da die Linien verl\u00e4ngert werden. Allerdings nicht zu meiner Arbeit.<\/p>\n<p>Jedenfalls, am 16.\/17.9. feierte die IVB 75-j\u00e4hriges und damit einhergehend ein erh\u00f6hter Einsatz an Museumsbahnen, einerseits durch die Stadt, vom Stubaitalbahnhof bis zur ehemaligen Hungerburgbahn, sowie vom Bergisel nach Igls, diese aber erst nachmittags. Alles gratis.<\/p>\n<p>Da ich an besagtem Samstag noch etwas arbeiten wollte und ich wg. der Bahn nach Igls auch nicht zu fr\u00fch dran sein wollte, kam ich erst nachmittags zum Bergisel und fuhr eine Runde mit einer der alten Trams durch die Stadt. Leider sehr voll gewesen, kaum was fotografiert, nichts gefilmt. Danach nach Igls und retour, genauso voll, aber hier konnte ich mehr filmen. <\/p>\n<p>(Fotos anklicken zum Vergr\u00f6\u00dfern)<\/p>\n<p><a href='http:\/\/extra.inmontanis.info\/d\/39777-2\/DSC08736.jpg'><img src=http:\/\/extra.inmontanis.info\/d\/39775-3\/DSC08736.jpg \/><\/a><br \/>\n^ Vorherige Stra\u00dfenbahngeneration am Standort der Tiroler Museumsbahnen. Als ich das letzte Mal in Ibk Stra\u00dfenbahn fuhr, waren diese noch im Einsatz &#8211; in etwas unterschiedlichen Bauweisen &#8211; in der Stadt, nach Igls, und nach Fulpmes.<\/p>\n<p><a href='http:\/\/extra.inmontanis.info\/d\/39781-2\/DSC08735.jpg'><img src=http:\/\/extra.inmontanis.info\/d\/39780-3\/DSC08735.jpg \/><\/a><br \/>\n^ Wagen 19<\/p>\n<p><a href='http:\/\/extra.inmontanis.info\/d\/39785-2\/DSC08737.jpg'><img src=http:\/\/extra.inmontanis.info\/d\/39784-3\/DSC08737.jpg \/><\/a><br \/>\n^ Anh\u00e4nger, Wagen 147<\/p>\n<p><a href='http:\/\/extra.inmontanis.info\/d\/39789-2\/DSC08740.jpg'><img src=http:\/\/extra.inmontanis.info\/d\/39788-3\/DSC08740.jpg \/><\/a><br \/>\n^ Wagen 53<\/p>\n<p><a href='http:\/\/extra.inmontanis.info\/d\/39793-2\/DSC08741.jpg'><img src=http:\/\/extra.inmontanis.info\/d\/39792-3\/DSC08741.jpg \/><\/a><br \/>\n^ Wagen 53<\/p>\n<p><a href='http:\/\/extra.inmontanis.info\/d\/39797-2\/DSC08744.jpg'><img src=http:\/\/extra.inmontanis.info\/d\/39796-3\/DSC08744.jpg \/><\/a><br \/>\n^ Wagen 28 kommt gerade von seiner Stadtrunde zur\u00fcck, zur n\u00e4chsten Fahrt fahren aber zwei andere<\/p>\n<p><a href='http:\/\/extra.inmontanis.info\/d\/39801-2\/DSC08747.jpg'><img src=http:\/\/extra.inmontanis.info\/d\/39800-3\/DSC08747.jpg \/><\/a><br \/>\n^ Stehpl\u00e4tze im Ein\/Ausstiegsbereich (glaub Wagen 147)<\/p>\n<p><a href='http:\/\/extra.inmontanis.info\/d\/39805-2\/DSC08748.jpg'><img src=http:\/\/extra.inmontanis.info\/d\/39804-3\/DSC08748.jpg \/><\/a><br \/>\n^ Beim Aussteigen linke Hand am linken Griff. Steht au\u00dfen am Schild.<\/p>\n<p><a href='http:\/\/extra.inmontanis.info\/d\/39809-2\/DSC08750.jpg'><img src=http:\/\/extra.inmontanis.info\/d\/39808-3\/DSC08750.jpg \/><\/a><br \/>\n^ Die 6 nach Igls, Wagen 2 mit 4 kleineren Anh\u00e4ngern<\/p>\n<p><a href='http:\/\/extra.inmontanis.info\/d\/39813-2\/DSC08751.jpg'><img src=http:\/\/extra.inmontanis.info\/d\/39812-3\/DSC08751.jpg \/><\/a><br \/>\n^ Lt. Fahrplan h\u00e4tte sie erst ab Bergisel hier fahren sollen, aber sie kam bereits gut gef\u00fcllt vom Stubaitalbahnhof. Dann h\u00e4tt ich dort auch warten k\u00f6nnen.<\/p>\n<p><a href='http:\/\/extra.inmontanis.info\/d\/39817-2\/DSC08753.jpg'><img src=http:\/\/extra.inmontanis.info\/d\/39816-3\/DSC08753.jpg \/><\/a><br \/>\n^ Im Ein-\/Ausstiegs- bzw. Au\u00dfenbereich der kleinen Anh\u00e4nger gibt es jeweils 2 Sitz- und 8 Stehpl\u00e4tze.<\/p>\n<p><a href='http:\/\/extra.inmontanis.info\/d\/39821-2\/DSC08754.jpg'><img src=http:\/\/extra.inmontanis.info\/d\/39820-3\/DSC08754.jpg \/><\/a><br \/>\n^ Im Inneren gibt es an den Decken alte Fotos<\/p>\n<p><a href='http:\/\/extra.inmontanis.info\/d\/39825-2\/DSC08758.jpg'><img src=http:\/\/extra.inmontanis.info\/d\/39824-3\/DSC08758.jpg \/><\/a><br \/>\n^ \u00dcber (A12) und unter (A13) der Autobahn<\/p>\n<p><a href='http:\/\/extra.inmontanis.info\/d\/39829-2\/DSC08766.jpg'><img src=http:\/\/extra.inmontanis.info\/d\/39828-3\/DSC08766.jpg \/><\/a><br \/>\n^ Haltestelle Tantegert (Nicht Onkelgert ;-) )<\/p>\n<p><a href='http:\/\/extra.inmontanis.info\/d\/39833-2\/DSC08769.jpg'><img src=http:\/\/extra.inmontanis.info\/d\/39832-3\/DSC08769.jpg \/><\/a><br \/>\n^ Hier mussten wir auf die neue Stra\u00dfenbahn warten. Die waren alle recht leer, kaum mehr als 2-5 Leute sa\u00dfen da jeweils drin.<\/p>\n<p><a href='http:\/\/extra.inmontanis.info\/d\/39837-2\/DSC08771.jpg'><img src=http:\/\/extra.inmontanis.info\/d\/39836-3\/DSC08771.jpg \/><\/a><br \/>\n^ Mein Stehplatz<\/p>\n<p><a href='http:\/\/extra.inmontanis.info\/d\/39841-2\/DSC08772.jpg'><img src=http:\/\/extra.inmontanis.info\/d\/39840-3\/DSC08772.jpg \/><\/a><br \/>\n^ Nach einer kurvigen, steilen Waldstrecke geht es dann oben angekommen \u00fcber die Wiesen bis nach Igls<\/p>\n<p><a href='http:\/\/extra.inmontanis.info\/d\/39845-2\/DSC08776.jpg'><img src=http:\/\/extra.inmontanis.info\/d\/39844-3\/DSC08776.jpg \/><\/a><br \/>\n^ Schleife \/ Wendekreis in Igls<\/p>\n<p><a href='http:\/\/extra.inmontanis.info\/d\/39849-2\/DSC08777.jpg'><img src=http:\/\/extra.inmontanis.info\/d\/39848-3\/DSC08777.jpg \/><\/a><br \/>\n^ Verbindung<\/p>\n<p><a href='http:\/\/extra.inmontanis.info\/d\/39853-2\/DSC08778.jpg'><img src=http:\/\/extra.inmontanis.info\/d\/39852-3\/DSC08778.jpg \/><\/a><br \/>\n^ Igls. Leider war das Wetter nicht ganz so sch\u00f6n heute.<\/p>\n<p><a href='http:\/\/extra.inmontanis.info\/d\/39857-2\/DSC08781.jpg'><img src=http:\/\/extra.inmontanis.info\/d\/39856-3\/DSC08781.jpg \/><\/a><br \/>\n^ Wieder in Tantegert und Warten auf die neue Bahn hinauf.<\/p>\n<p><a href='http:\/\/extra.inmontanis.info\/d\/39861-2\/DSC08786.jpg'><img src=http:\/\/extra.inmontanis.info\/d\/39860-3\/DSC08786.jpg \/><\/a><br \/>\n^ Tunnel<\/p>\n<p><a href='http:\/\/extra.inmontanis.info\/d\/39865-2\/DSC08787.jpg'><img src=http:\/\/extra.inmontanis.info\/d\/39864-3\/DSC08787.jpg \/><\/a><br \/>\n^ Sillbr\u00fccke<\/p>\n<p><a href='http:\/\/extra.inmontanis.info\/d\/39869-2\/DSC08792.jpg'><img src=http:\/\/extra.inmontanis.info\/d\/39868-3\/DSC08792.jpg \/><\/a><br \/>\n^ Und wieder in Innsbruck, zwischen Station Bergisel und Stubaitalbahnhof \/ Depot<\/p>\n<p><a href='http:\/\/extra.inmontanis.info\/d\/39873-2\/DSC08796.jpg'><img src=http:\/\/extra.inmontanis.info\/d\/39872-3\/DSC08796.jpg \/><\/a><br \/>\n^ Depot, neuer und alter Stubaitalbahnhof (= Tiroler Museumsbahnen)<\/p>\n<p><a href='http:\/\/extra.inmontanis.info\/d\/39877-2\/DSC08797.jpg'><img src=http:\/\/extra.inmontanis.info\/d\/39876-3\/DSC08797.jpg \/><\/a><br \/>\n^ Die zweite Fahrt war wohl etwas leerer.<\/p>\n<p><a href='http:\/\/extra.inmontanis.info\/d\/39881-2\/DSC08800.jpg'><img src=http:\/\/extra.inmontanis.info\/d\/39880-3\/DSC08800.jpg \/><\/a><br \/>\n^ Mit ihren 4 kleinen Anh\u00e4ngern erinnerte das doch stark an eine Entenmutter mit ihren hinterherwatschelnden K\u00fcken ;)<\/p>\n<p><a href='http:\/\/extra.inmontanis.info\/d\/39885-2\/DSC08801.jpg'><img src=http:\/\/extra.inmontanis.info\/d\/39884-3\/DSC08801.jpg \/><\/a><br \/>\n^ Haltestelle Bergisel mit Sprungschanze<\/p>\n<p>Die zweite Fahrt wollte ich etwas von unterwegs fotografieren, bin mit dem Auto rauf nach Igls. Dort aber quasi unm\u00f6glich, einen Parkplatz zu finden &#8211; au\u00dfer vielleicht an der Patscherkofelbahn, aber von dort zum Bahnhof w\u00e4re die Zeit wohl zu kurz gewesen. Da ich auch noch eine der beiden Abendfahrten mitnehmen wollte, fuhr ich zum Essen erst mal in die Ikea auf 2 Hot-Dogs und dann wieder zur Haltestelle Bergisel, wo ich mit der 3. Fahrt wieder nach Igls und retour fuhr.<\/p>\n<p>Raufw\u00e4rts blieb ich im vorderen Wagen, wobei da ein junger Kerl, der schon nachmittags durch die Stadt negativ auffiel und von den Bediensteten beinahe rausgeschmissen wurde. Diesmal war es ihm zu z\u00fcgig und er bat, dass die Innent\u00fcren geschlossen werden. Von den Alten, die im Waggon waren, hatte sich keiner beschwert&#8230; Runterw\u00e4rts bin ich dann au\u00dfen geblieben, weil besser zum Filmen und Fotografieren. Da war&#8217;s dann richtig z\u00fcgig und kalt. Oh Mann.<\/p>\n<p><a href='http:\/\/extra.inmontanis.info\/d\/39941-3\/IMG_2627.jpg'><img src=http:\/\/extra.inmontanis.info\/d\/39940-4\/IMG_2627.jpg \/><\/a><br \/>\n^ 2 Hot-Dogs um je 1 Euro aus der Ikea<\/p>\n<p><a href='http:\/\/extra.inmontanis.info\/d\/39889-2\/DSC08803.jpg'><img src=http:\/\/extra.inmontanis.info\/d\/39888-3\/DSC08803.jpg \/><\/a><br \/>\n^ Abends fuhr ich dann nochmal<\/p>\n<p><a href='http:\/\/extra.inmontanis.info\/d\/39893-2\/DSC08804.jpg'><img src=http:\/\/extra.inmontanis.info\/d\/39892-3\/DSC08804.jpg \/><\/a><br \/>\n^ Im Inneren des Wagen 2, auch wieder einige alte Fotos.<\/p>\n<p><a href='http:\/\/extra.inmontanis.info\/d\/39897-2\/DSC08805.jpg'><img src=http:\/\/extra.inmontanis.info\/d\/39896-3\/DSC08805.jpg \/><\/a><br \/>\n^ Alte Fotos<\/p>\n<p><a href='http:\/\/extra.inmontanis.info\/d\/39901-2\/DSC08809.jpg'><img src=http:\/\/extra.inmontanis.info\/d\/39900-3\/DSC08809.jpg \/><\/a><br \/>\n^ Wagen 2 Steuerung<\/p>\n<p><a href='http:\/\/extra.inmontanis.info\/d\/39905-2\/DSC08812.jpg'><img src=http:\/\/extra.inmontanis.info\/d\/39904-3\/DSC08812.jpg \/><\/a><br \/>\n^ Ankunft in Igls<\/p>\n<p><a href='http:\/\/extra.inmontanis.info\/d\/39909-2\/DSC08813.jpg'><img src=http:\/\/extra.inmontanis.info\/d\/39908-3\/DSC08813.jpg \/><\/a><br \/>\n^ Altes Foto. Kapier ich aber nicht ganz, wo und warum damals die Tram auf so einem Viadukt laufen musste.<\/p>\n<p><a href='http:\/\/extra.inmontanis.info\/d\/39913-2\/DSC08816.jpg'><img src=http:\/\/extra.inmontanis.info\/d\/39912-3\/DSC08816.jpg \/><\/a><br \/>\n^ Abends, leichter Nieselregen, kalter Fahrtwind &#8211; viele waren nicht drau\u00dfen.<\/p>\n<p><a href='http:\/\/extra.inmontanis.info\/d\/39917-2\/DSC08821.jpg'><img src=http:\/\/extra.inmontanis.info\/d\/39916-3\/DSC08821.jpg \/><\/a><br \/>\n^ Vor Igls verh\u00e4lt sich die Tram eher wie eine Eisenbahn denn eine Stra\u00dfenbahn und f\u00e4hrt nicht direkt durch die Ortschaften, sondern au\u00dferhalb.<\/p>\n<p><a href='http:\/\/extra.inmontanis.info\/d\/39921-2\/DSC08822.jpg'><img src=http:\/\/extra.inmontanis.info\/d\/39920-3\/DSC08822.jpg \/><\/a><br \/>\n^ Der Patscherkofel ist ganz sch\u00f6n weit weg von der Tram. Das Plateau ist hier doch breiter, als man es vom Autofahren her meinen w\u00fcrde.<\/p>\n<p><a href='http:\/\/extra.inmontanis.info\/d\/39925-2\/DSC08827.jpg'><img src=http:\/\/extra.inmontanis.info\/d\/39924-3\/DSC08827.jpg \/><\/a><br \/>\n^ In Tantegert kam wieder die leere, neue Tram entgegen. Wie kann sich diese Linie nur lohnen? Solltens (zumindest am Wochenende) einstellen und nur noch Museumsbetrieb (am Wochenende) machen.<\/p>\n<p><a href='http:\/\/extra.inmontanis.info\/d\/39929-2\/DSC08838.jpg'><img src=http:\/\/extra.inmontanis.info\/d\/39928-3\/DSC08838.jpg \/><\/a><br \/>\n^ F\u00fcr die beiden Abendfahrten waren 2 Anh\u00e4nger ausreichend. Leider war die Ampel auf gr\u00fcn, so dass die Bahn hier schnell dr\u00fcberfuhr<\/p>\n<p><a href='http:\/\/extra.inmontanis.info\/d\/39933-2\/DSC08841.jpg'><img src=http:\/\/extra.inmontanis.info\/d\/39932-3\/DSC08841.jpg \/><\/a><\/p>\n<p><a href='http:\/\/extra.inmontanis.info\/d\/39937-2\/DSC08846.jpg'><img src=http:\/\/extra.inmontanis.info\/d\/39936-3\/DSC08846.jpg \/><\/a><br \/>\n^ Heutige (gratis) Fahrkarte, bekam man  schon bei der Rundfahrt durch die Stadt.<\/p>\n<p>Film:<br \/>\n<object style=\"height: 500px; width: 900px\"><param name=\"movie\" value=\"http:\/\/www.youtube.com\/v\/ii2VLk_0_FE\"><\/param><param name=\"wmode\" value=\"transparent\"><\/param><embed src=\"http:\/\/www.youtube.com\/v\/ii2VLk_0_FE\" type=\"application\/x-shockwave-flash\" wmode=\"transparent\"  width=\"900\" height=\"480\"><\/embed><\/object><\/p>\n<p>Fazit? Na, war schon ganz nett. Aber verglichen mit der Isle of Man einen Monat vorher, fahren die alten Bahnen hier schon sehr ruhig &#8211; wie auch in Blackpool merkt man eben, dass die Stra\u00dfenbahnstrecke per se modernisiert ist. Und obwohl die &#8220;Entenfamilie&#8221; schon auch ganz nett anzusehen ist, die doppelst\u00f6ckigen Britischen, insb. mit Open-Top, find ich sch\u00f6ner.<\/p>\n<p><a href='http:\/\/extra.inmontanis.info\/d\/39201-3\/DSC08251.jpg'><img src=http:\/\/extra.inmontanis.info\/d\/39200-4\/DSC08251.jpg \/><\/a><\/p>\n<p>Nichtsdestotrotz war ich nat\u00fcrlich wieder nicht im Tiroler Localbahn-Museum und werde mir das wohl n\u00e4chsten Sommer samt Museumstramfahrt vornehmen.<\/p>\n","protected":false},"excerpt":{"rendered":"<p>17.9.2016 &#8211; Alte Trams in Innsbruck. Quasi der 2. Nachtrag zu meiner UK-Reise.<\/p>\n<p>Mit den nahen Sachen ist es ja oft so, dass man es nicht sonderlich eilig hat. So wohne ich zwar schon seit 1996 in Innsbruck, war aber tats\u00e4chlich nie im Localbahnmuseum der Tiroler Museumsstra\u00dfenbahnen oder w\u00e4re mit einer davon gefahren. Obwohl zumindest <a href=\"http:\/\/blog.inmontanis.info\/?p=4007\">[&#8230;]<\/a><\/p>\n","protected":false},"author":1,"featured_media":0,"comment_status":"closed","ping_status":"closed","sticky":false,"template":"","format":"standard","meta":{"footnotes":""},"categories":[853,59,13],"tags":[40],"class_list":["post-4007","post","type-post","status-publish","format-standard","hentry","category-innsbruck","category-nostalgie","category-austria","tag-strasenbahn","odd"],"_links":{"self":[{"href":"http:\/\/blog.inmontanis.info\/index.php?rest_route=\/wp\/v2\/posts\/4007","targetHints":{"allow":["GET"]}}],"collection":[{"href":"http:\/\/blog.inmontanis.info\/index.php?rest_route=\/wp\/v2\/posts"}],"about":[{"href":"http:\/\/blog.inmontanis.info\/index.php?rest_route=\/wp\/v2\/types\/post"}],"author":[{"embeddable":true,"href":"http:\/\/blog.inmontanis.info\/index.php?rest_route=\/wp\/v2\/users\/1"}],"replies":[{"embeddable":true,"href":"http:\/\/blog.inmontanis.info\/index.php?rest_route=%2Fwp%2Fv2%2Fcomments&post=4007"}],"version-history":[{"count":4,"href":"http:\/\/blog.inmontanis.info\/index.php?rest_route=\/wp\/v2\/posts\/4007\/revisions"}],"predecessor-version":[{"id":4011,"href":"http:\/\/blog.inmontanis.info\/index.php?rest_route=\/wp\/v2\/posts\/4007\/revisions\/4011"}],"wp:attachment":[{"href":"http:\/\/blog.inmontanis.info\/index.php?rest_route=%2Fwp%2Fv2%2Fmedia&parent=4007"}],"wp:term":[{"taxonomy":"category","embeddable":true,"href":"http:\/\/blog.inmontanis.info\/index.php?rest_route=%2Fwp%2Fv2%2Fcategories&post=4007"},{"taxonomy":"post_tag","embeddable":true,"href":"http:\/\/blog.inmontanis.info\/index.php?rest_route=%2Fwp%2Fv2%2Ftags&post=4007"}],"curies":[{"name":"wp","href":"https:\/\/api.w.org\/{rel}","templated":true}]}}