{"id":4000,"date":"2016-09-10T21:49:16","date_gmt":"2016-09-10T19:49:16","guid":{"rendered":"http:\/\/blog.inmontanis.info\/?p=4000"},"modified":"2023-07-01T20:57:36","modified_gmt":"2023-07-01T18:57:36","slug":"hintertuxer-gletscher-10-9-2016","status":"publish","type":"post","link":"http:\/\/blog.inmontanis.info\/?p=4000","title":{"rendered":"Hintertuxer Gletscher, 10.9.2016"},"content":{"rendered":"<p><strong>Sa, 10.9.2016<\/strong><\/p>\n<p>Die Vorhersagen waren f\u00fcr dieses WE zwar nicht so rosig, aber heute h\u00e4tte es vormittag allen Vorhersagen (gestern Abend + heute Morgen) nach doch zumindest ein paar Stunden sonnig sein sollen. Die ersten Webcam-Bilder aus Hintertux heute morgen zeigten auch sehr klare Verh\u00e4ltnisse. Als ich dann um 9 Uhr oben war, war von Sonne aber kaum noch etwas zu sehen, stattdessen stark bew\u00f6lkt und Sonne nur sekundenweise.<\/p>\n<p>Dass die Nacht so wirklich klar verlief, kann ich auch nicht glauben, denn die Schneeverh\u00e4ltnisse waren heute viel schlechter als letzte Woche, es war schon morgens weich, am Olperer entsprechend bremsiger, an einigen Stellen matschiger. Ein bisschen k\u00f6nnte das zwar auch noch am Neuschnee gelegen haben, der am MO\/DI gefallen sein sollte, was aber ja auch schon ein paar Tage her w\u00e4re und auf den Pisten sah es auch nicht mehr nach Neuschnee aus &#8211; nur abseits an einigen Stellen lag noch etwas.<\/p>\n<p>Zur Abwechslung gibt&#8217;s heut mal wieder ein paar Vergleichsfotos.<\/p>\n<p>(Fotos anklicken zum Vergr\u00f6\u00dfern.)<\/p>\n<p><a href='http:\/\/ski.inmontanis.info\/d\/217802-2\/DSC08690.jpg'><img src=http:\/\/ski.inmontanis.info\/d\/217801-3\/DSC08690.jpg \/><\/a><br \/>\n^ Zoom vom Tal aus<\/p>\n<p><a href='http:\/\/ski.inmontanis.info\/d\/217806-2\/DSC08694.jpg'><img src=http:\/\/ski.inmontanis.info\/d\/217805-3\/DSC08694.jpg \/><\/a><br \/>\n^ Zoom von Sektion 1 aus. Kann ich mir bald sparen, da immer weniger Gletscher zu sehen ist&#8230;<br \/>\n.. und am 29.7.2005:<br \/>\n<img src=http:\/\/ski.inmontanis.info\/d\/5194-2\/07290002_G.jpg \/><br \/>\n^ 29.7.2005<\/p>\n<p><a href='http:\/\/ski.inmontanis.info\/d\/217810-2\/DSC08699.jpg'><img src=http:\/\/ski.inmontanis.info\/d\/217809-3\/DSC08699.jpg \/><\/a><br \/>\n^ DSB-Abfahrt<\/p>\n<p><a href='http:\/\/ski.inmontanis.info\/d\/217814-2\/DSC08700.jpg'><img src=http:\/\/ski.inmontanis.info\/d\/217813-3\/DSC08700.jpg \/><\/a><br \/>\n^ TFH-Hang Links<\/p>\n<p><a href='http:\/\/ski.inmontanis.info\/d\/217818-2\/DSC08701.jpg'><img src=http:\/\/ski.inmontanis.info\/d\/217817-3\/DSC08701.jpg \/><\/a><br \/>\n^ TFH-Hang Mitte<\/p>\n<p><a href='http:\/\/ski.inmontanis.info\/d\/217822-2\/DSC08702.jpg'><img src=http:\/\/ski.inmontanis.info\/d\/217821-3\/DSC08702.jpg \/><\/a><br \/>\n^ TFH-Hang Rechts<\/p>\n<p>Von allen 3 Standardfotoh\u00e4ngen vergisst man immer ein wenig die anderen H\u00e4nge, an denen in den letzten 13 Jahren auch sichtbar viel Gletscher abgetaut ist:<\/p>\n<p><a href='http:\/\/ski.inmontanis.info\/d\/217826-2\/DSC08703.jpg'><img src=http:\/\/ski.inmontanis.info\/d\/217825-3\/DSC08703.jpg \/><\/a><br \/>\n^ Vom GB3 aus zu Sektion III-IV bzw Kaserer<br \/>\n..dazu im Vergleich ein Bild von Yeshar vom 30.7.2003, sowohl vorne wie auch hinten im Kaserer-\u00dcbergang ist der Unterschied enorm:<br \/>\n<img src=http:\/\/ski.inmontanis.info\/d\/4944-2\/RIMG0495.jpg \/><\/p>\n<p><a href='http:\/\/ski.inmontanis.info\/d\/217830-2\/DSC08706.jpg'><img src=http:\/\/ski.inmontanis.info\/d\/217829-3\/DSC08706.jpg \/><\/a><br \/>\n^ Kaserer von GB3<br \/>\n..dazu im Vergleich ein Bild von Yeshar vom 30.7.2003:<br \/>\n<img src=http:\/\/ski.inmontanis.info\/d\/4950-2\/RIMG0498.jpg \/><\/p>\n<p>War zwar nicht von heute, aber da es ganz gut dazu passt:<\/p>\n<p><a href='http:\/\/ski.inmontanis.info\/d\/217629-3\/DSC08563.jpg'><img src=http:\/\/ski.inmontanis.info\/d\/217628-4\/DSC08563.jpg \/><\/a><br \/>\n^ 27.8.2016<br \/>\n.. und 27.7.2003:<br \/>\n<a href='http:\/\/ski.inmontanis.info\/d\/5039-2\/07270032_G.jpg'><img src=http:\/\/ski.inmontanis.info\/d\/5039-2\/07270032_G.jpg \/><\/a><br \/>\n^ 27.7.2003<\/p>\n<p><a href='http:\/\/ski.inmontanis.info\/d\/217834-2\/DSC08708.jpg'><img src=http:\/\/ski.inmontanis.info\/d\/217833-3\/DSC08708.jpg \/><\/a><br \/>\n^ Ausgang GB3. Sah zu der Jahreszeit auch schon viel schlechter aus.<\/p>\n<p><a href='http:\/\/ski.inmontanis.info\/d\/217838-2\/DSC08709.jpg'><img src=http:\/\/ski.inmontanis.info\/d\/217837-3\/DSC08709.jpg \/><\/a><br \/>\n^ Standard-Foto Olperer von GW<br \/>\n.. und am 20.7.2002:<br \/>\n<img src=http:\/\/ski.inmontanis.info\/alte\/200207_HintertuxGl\/HintertuxGL_20020720_OlpererSL.jpg \/><\/p>\n<p>&#8211;<\/p>\n<p><a href='http:\/\/ski.inmontanis.info\/d\/217842-2\/DSC08710.jpg'><img src=http:\/\/ski.inmontanis.info\/d\/217841-3\/DSC08710.jpg \/><\/a><br \/>\n^ Standard-Foto Gefrorene Wand von Olperer<br \/>\n.. und am 9.8.2003, man beachte den dicken Gletscher von der GW richtung Schlegeis-3SB, die ehemals schwarze Abfahrt:<br \/>\n<img src=http:\/\/ski.inmontanis.info\/d\/5043-2\/08090001_G.jpg \/><\/p>\n<p><a href='http:\/\/ski.inmontanis.info\/d\/217846-2\/DSC08711.jpg'><img src=http:\/\/ski.inmontanis.info\/d\/217845-3\/DSC08711.jpg \/><\/a><br \/>\n^ DSB-Zufahrt<\/p>\n<p><a href='http:\/\/ski.inmontanis.info\/d\/217850-2\/DSC08722.jpg'><img src=http:\/\/ski.inmontanis.info\/d\/217849-3\/DSC08722.jpg \/><\/a><br \/>\n^ Wolkenfront<\/p>\n<p><a href='http:\/\/ski.inmontanis.info\/d\/217854-2\/DSC08723.jpg'><img src=http:\/\/ski.inmontanis.info\/d\/217853-3\/DSC08723.jpg \/><\/a><br \/>\n^ Ausaperungen<\/p>\n<p><a href='http:\/\/ski.inmontanis.info\/d\/217858-2\/DSC08725.jpg'><img src=http:\/\/ski.inmontanis.info\/d\/217857-3\/DSC08725.jpg \/><\/a><br \/>\n^ Ausaperungen, Holz, Eisenstangen, Stahlseile, Werkzeuge, &#8230; aber kein SL-Geh\u00e4nge heuer.<\/p>\n<p><a href='http:\/\/ski.inmontanis.info\/d\/217862-2\/DSC08726.jpg'><img src=http:\/\/ski.inmontanis.info\/d\/217861-3\/DSC08726.jpg \/><\/a><br \/>\n^ Ausaperungen<\/p>\n<p>Schlussendlich blieb ich heute nur bis ca. 12:30 Uhr. Sollte es morgen am Sonntag fr\u00fch auf der Webcam sonnig sein und die Vorhersagen gut, werd ich es vielleicht nochmal versuchen.<\/p>\n<p>Auch heute ein kurzes Video:<br \/>\n<object style=\"height: 500px; width: 900px\"><param name=\"movie\" value=\"http:\/\/www.youtube.com\/v\/Gih7k5io1PE\"><\/param><param name=\"wmode\" value=\"transparent\"><\/param><embed src=\"http:\/\/www.youtube.com\/v\/Gih7k5io1PE\" type=\"application\/x-shockwave-flash\" wmode=\"transparent\"  width=\"900\" height=\"480\"><\/embed><\/object><\/p>\n<p><a href='http:\/\/extra.inmontanis.info\/d\/37412-2\/DSC08729.jpg'><img src=http:\/\/extra.inmontanis.info\/d\/37411-3\/DSC08729.jpg \/><\/a><br \/>\n^ &#8220;Vorsicht \u00d6lspur&#8221;. An 3 Kehren gab&#8217;s in Finkenberg solche Pf\u00fctzen :) Hab ich jetzt auch noch nie gesehen. Anscheinend ist demjenigen das immer beim Runterschalten passiert.<\/p>\n<p><em>Erg\u00e4nzung Sonntag: Die Vorhersagen f\u00fcr und am heutigen Sonntag waren dann nat\u00fcrlich wieder nicht eindeutig. Das letzte Webcam-Bild am gestrigen Samstag zeigte Nebel, das erste Webcam-Bild am heutigen Sonntag war recht wolkenlos, aber mit dem zweiten und dritten sah man schon wieder Quellwolken den Hang rauf kommen. Muss nat\u00fcrlich noch nichts hei\u00dfen und viel weniger Sonne als gestern w\u00fcrde es wohl auch kaum geben, bzw. die Wahrscheinlichkeit, dass es mehr Sonne geben w\u00fcrde, w\u00e4re nicht so gering und im Falle einer k\u00fcrzen Anreise, wie z.B. zum Stubaier, w\u00e4re ein Versuch auch gar keine Frage gewesen. Aber Hintertux ist der doppelte Weg. So verzichtete ich auf einen Versuch. Ab 8:15 Uhr war dann die GW-Webcam bereits in Nebel\/Wolken &#8211; und das blieb so. Werd ich also wohl nix verpasst haben.<\/em><\/p>\n","protected":false},"excerpt":{"rendered":"<p>Sa, 10.9.2016<\/p>\n<p>Die Vorhersagen waren f\u00fcr dieses WE zwar nicht so rosig, aber heute h\u00e4tte es vormittag allen Vorhersagen (gestern Abend + heute Morgen) nach doch zumindest ein paar Stunden sonnig sein sollen. Die ersten Webcam-Bilder aus Hintertux heute morgen zeigten auch sehr klare Verh\u00e4ltnisse. Als ich dann um 9 Uhr oben war, war von <a href=\"http:\/\/blog.inmontanis.info\/?p=4000\">[&#8230;]<\/a><\/p>\n","protected":false},"author":1,"featured_media":0,"comment_status":"closed","ping_status":"closed","sticky":false,"template":"","format":"standard","meta":{"footnotes":""},"categories":[246,25,13,28],"tags":[72,54,47],"class_list":["post-4000","post","type-post","status-publish","format-standard","hentry","category-hintertux","category-noreport","category-austria","category-skifahren-sommer","tag-10eub","tag-gletschervergleich","tag-sl","odd"],"_links":{"self":[{"href":"http:\/\/blog.inmontanis.info\/index.php?rest_route=\/wp\/v2\/posts\/4000","targetHints":{"allow":["GET"]}}],"collection":[{"href":"http:\/\/blog.inmontanis.info\/index.php?rest_route=\/wp\/v2\/posts"}],"about":[{"href":"http:\/\/blog.inmontanis.info\/index.php?rest_route=\/wp\/v2\/types\/post"}],"author":[{"embeddable":true,"href":"http:\/\/blog.inmontanis.info\/index.php?rest_route=\/wp\/v2\/users\/1"}],"replies":[{"embeddable":true,"href":"http:\/\/blog.inmontanis.info\/index.php?rest_route=%2Fwp%2Fv2%2Fcomments&post=4000"}],"version-history":[{"count":1,"href":"http:\/\/blog.inmontanis.info\/index.php?rest_route=\/wp\/v2\/posts\/4000\/revisions"}],"predecessor-version":[{"id":4001,"href":"http:\/\/blog.inmontanis.info\/index.php?rest_route=\/wp\/v2\/posts\/4000\/revisions\/4001"}],"wp:attachment":[{"href":"http:\/\/blog.inmontanis.info\/index.php?rest_route=%2Fwp%2Fv2%2Fmedia&parent=4000"}],"wp:term":[{"taxonomy":"category","embeddable":true,"href":"http:\/\/blog.inmontanis.info\/index.php?rest_route=%2Fwp%2Fv2%2Fcategories&post=4000"},{"taxonomy":"post_tag","embeddable":true,"href":"http:\/\/blog.inmontanis.info\/index.php?rest_route=%2Fwp%2Fv2%2Ftags&post=4000"}],"curies":[{"name":"wp","href":"https:\/\/api.w.org\/{rel}","templated":true}]}}