{"id":3998,"date":"2016-09-03T21:47:36","date_gmt":"2016-09-03T19:47:36","guid":{"rendered":"http:\/\/blog.inmontanis.info\/?p=3998"},"modified":"2023-07-01T20:57:41","modified_gmt":"2023-07-01T18:57:41","slug":"hintertuxer-gletscher-3-9-2016","status":"publish","type":"post","link":"http:\/\/blog.inmontanis.info\/?p=3998","title":{"rendered":"Hintertuxer Gletscher, 3.9.2016"},"content":{"rendered":"<p><strong>3.9.2016<\/strong><\/p>\n<p>Den Wetterberichten nach sollte es am Samstag etwas besser als am Sonntag werden, daher fuhr ich wieder am Samstag nach Hintertux. Wobei es sogar noch sonniger war, als Bergfex und die Zamg-Wolkenanmiation erwarten lie\u00dfe.<\/p>\n<p>Die Abfahrten waren morgens eisig-hart, der wenige Schnee an der Gefrorenen Wand macht die Verbindungsabfahrt zum Olperer nun vormittags sehr schwierig zu fahren. Nachmittags bei Firn-Wasser aber sehr spa\u00dfig. Dank etwas geringerer Temperatauren, niedrigeren Sonnenstandes und weniger Schnee, waren die Abfahrten am Olperer auch nach Mittag noch ganz gut zu fahren. Auch die TFH-Abfahrt ging nachmittags &#8211; abgesehen von ein paar Blankeisstellen im Mittelteil &#8211; noch ganz gut, so dass ich sie nachmittags noch 3x fuhr, bevor ich um ca. 15 Uhr talw\u00e4rts fuhr. (H\u00e4tte ich eine Tageskarte gehabt, w\u00e4re ich heute aber auf jeden Fall bis zum Schluss geblieben.)<\/p>\n<p>Allerdings hatte ich am Morgen das falsche Objektiv aus dem Rucksack ausgeladen, so dass mir der Canon-Adapter fehlte und ich nur das 50mm M42-Objektiv drauf hatte. Macht zwar eh tolle Fotos (qualitativ ist es wohl mein bestes Objektiv), aber f\u00fcr manche Weitwinkel-Aufnahme musste somit diesmal ausnahmsweise die Action-Cam herhalten.<\/p>\n<p>(Fotos anklicken zum Vergr\u00f6\u00dfern)<\/p>\n<p><a href='http:\/\/ski.inmontanis.info\/d\/217730-2\/DSC08650.jpg'><img src=http:\/\/ski.inmontanis.info\/d\/217729-3\/DSC08650.jpg \/><\/a><br \/>\n^ Kaserer von Sektion 1<\/p>\n<p><a href='http:\/\/ski.inmontanis.info\/d\/217734-2\/DSC08651_001.jpg'><img src=http:\/\/ski.inmontanis.info\/d\/217733-3\/DSC08651_001.jpg \/><\/a><br \/>\n^ TFH-hang links<\/p>\n<p><a href='http:\/\/ski.inmontanis.info\/d\/217738-2\/DSC08652_001.jpg'><img src=http:\/\/ski.inmontanis.info\/d\/217737-3\/DSC08652_001.jpg \/><\/a><br \/>\n^ TFH-hang rechts mit den traurigen \u00dcberresten des letzten Gletschers am unteren Kasererwegs. Fr\u00fcher war der Weg komplett im Gletscher gehauen und es gab sogar eine Eish\u00f6hle&#8230;<\/p>\n<p><a href='http:\/\/ski.inmontanis.info\/d\/217742-2\/IMAG0005.jpg'><img src=http:\/\/ski.inmontanis.info\/d\/217741-3\/IMAG0005.jpg \/><\/a><br \/>\n^ TFH-Hang<\/p>\n<p><a href='http:\/\/ski.inmontanis.info\/d\/217746-2\/DSC08655.jpg'><img src=http:\/\/ski.inmontanis.info\/d\/217745-3\/DSC08655.jpg \/><\/a><br \/>\n^ Standard-Olperer-von-GW-Bild<\/p>\n<p><a href='http:\/\/ski.inmontanis.info\/d\/217750-2\/DSC08656_001.jpg'><img src=http:\/\/ski.inmontanis.info\/d\/217749-3\/DSC08656_001.jpg \/><\/a><br \/>\n^ Zoom Kaserer\/L\u00e4rmstange 2<\/p>\n<p><a href='http:\/\/ski.inmontanis.info\/d\/217754-2\/DSC08657.jpg'><img src=http:\/\/ski.inmontanis.info\/d\/217753-3\/DSC08657.jpg \/><\/a><br \/>\n^ An die Felsen am Olperer-Hang muss ich mich erst noch gew\u00f6hnen&#8230;<\/p>\n<p><a href='http:\/\/ski.inmontanis.info\/d\/217758-2\/DSC08659.jpg'><img src=http:\/\/ski.inmontanis.info\/d\/217757-3\/DSC08659.jpg \/><\/a><br \/>\n^ F\u00fcr einige Stunden waren heute sogar beide Olperer-SL in Betrieb.<\/p>\n<p><a href='http:\/\/ski.inmontanis.info\/d\/217762-2\/DSC08661.jpg'><img src=http:\/\/ski.inmontanis.info\/d\/217761-3\/DSC08661.jpg \/><\/a><br \/>\n^ SL Olperer<\/p>\n<p><a href='http:\/\/ski.inmontanis.info\/d\/217766-2\/DSC08662.jpg'><img src=http:\/\/ski.inmontanis.info\/d\/217765-3\/DSC08662.jpg \/><\/a><br \/>\n^ Gefrorene-Wand-Trainingshang Rechts<\/p>\n<p><a href='http:\/\/ski.inmontanis.info\/d\/217770-2\/DSC08663.jpg'><img src=http:\/\/ski.inmontanis.info\/d\/217769-3\/DSC08663.jpg \/><\/a><br \/>\n^ Gefrorene-Wand-Trainingshang Links. Fr\u00fcher war das immer der Parade-Trainingshang im Sommer, in letzter Zeit aber immer weniger.<\/p>\n<p><a href='http:\/\/ski.inmontanis.info\/d\/217778-2\/DSC08668.jpg'><img src=http:\/\/ski.inmontanis.info\/d\/217777-3\/DSC08668.jpg \/><\/a><br \/>\n^ Nach wie vor reicht der Schnee an der DSB noch bis zum Einstieg<\/p>\n<p><a href='http:\/\/ski.inmontanis.info\/d\/217782-2\/IMAG0016.jpg'><img src=http:\/\/ski.inmontanis.info\/d\/217781-3\/IMAG0016.jpg \/><\/a><br \/>\n^ Sogar den \u00dcbungslift bin ich heute erstmals gefahren ;-)<\/p>\n<p><a href='http:\/\/ski.inmontanis.info\/d\/217786-2\/DSC08670.jpg'><img src=http:\/\/ski.inmontanis.info\/d\/217785-3\/DSC08670.jpg \/><\/a><br \/>\n^ Standard-GW-von-Olperer-Bild<\/p>\n<p><a href='http:\/\/ski.inmontanis.info\/d\/217790-2\/IMAG0024.jpg'><img src=http:\/\/ski.inmontanis.info\/d\/217789-3\/IMAG0024.jpg \/><\/a><br \/>\n^ Ausgeapertes Zeug am GW-SL<\/p>\n<p><a href='http:\/\/ski.inmontanis.info\/d\/217794-2\/IMAG0030.jpg'><img src=http:\/\/ski.inmontanis.info\/d\/217793-3\/IMAG0030.jpg \/><\/a><br \/>\n^ Nachmittags ist man immer fast alleine im Skigebiet, da macht&#8217;s gleich noch mehr Spa\u00df.<\/p>\n<p><a href='http:\/\/ski.inmontanis.info\/d\/217774-2\/DSC08671.jpg'><img src=http:\/\/ski.inmontanis.info\/d\/217773-3\/DSC08671.jpg \/><\/a><br \/>\n^ Oberer Kasererweg im Zoom. Wurde doch etwas tiefer gelegt, der Weg vom SL Kaserer endet derzeit an einem Abgrund.<\/p>\n<p><a href='http:\/\/ski.inmontanis.info\/d\/217798-2\/DSC08673.jpg'><img src=http:\/\/ski.inmontanis.info\/d\/217797-3\/DSC08673.jpg \/><\/a><br \/>\n^ TFH-Hang-Matten<\/p>\n<p>Auch diese Woche wieder ein paar Videoaufnahmen &#8211; etwas besser als zuletzt (zumindest, was die Helligkeit angeht, aber noch nicht, was die Farben angeht), die Aufnahmen sind zwischen 10:00 und 14:30 Uhr entstanden:<br \/>\n<object style=\"height: 500px; width: 900px\"><param name=\"movie\" value=\"http:\/\/www.youtube.com\/v\/cu0bez_ROrg\"><\/param><param name=\"wmode\" value=\"transparent\"><\/param><embed src=\"http:\/\/www.youtube.com\/v\/cu0bez_ROrg\" type=\"application\/x-shockwave-flash\" wmode=\"transparent\"  width=\"900\" height=\"480\"><\/embed><\/object><\/p>\n","protected":false},"excerpt":{"rendered":"<p>3.9.2016<\/p>\n<p>Den Wetterberichten nach sollte es am Samstag etwas besser als am Sonntag werden, daher fuhr ich wieder am Samstag nach Hintertux. Wobei es sogar noch sonniger war, als Bergfex und die Zamg-Wolkenanmiation erwarten lie\u00dfe.<\/p>\n<p>Die Abfahrten waren morgens eisig-hart, der wenige Schnee an der Gefrorenen Wand macht die Verbindungsabfahrt zum Olperer nun vormittags sehr <a href=\"http:\/\/blog.inmontanis.info\/?p=3998\">[&#8230;]<\/a><\/p>\n","protected":false},"author":1,"featured_media":0,"comment_status":"closed","ping_status":"closed","sticky":false,"template":"","format":"standard","meta":{"footnotes":""},"categories":[246,25,13,28],"tags":[72,47],"class_list":["post-3998","post","type-post","status-publish","format-standard","hentry","category-hintertux","category-noreport","category-austria","category-skifahren-sommer","tag-10eub","tag-sl","odd"],"_links":{"self":[{"href":"http:\/\/blog.inmontanis.info\/index.php?rest_route=\/wp\/v2\/posts\/3998","targetHints":{"allow":["GET"]}}],"collection":[{"href":"http:\/\/blog.inmontanis.info\/index.php?rest_route=\/wp\/v2\/posts"}],"about":[{"href":"http:\/\/blog.inmontanis.info\/index.php?rest_route=\/wp\/v2\/types\/post"}],"author":[{"embeddable":true,"href":"http:\/\/blog.inmontanis.info\/index.php?rest_route=\/wp\/v2\/users\/1"}],"replies":[{"embeddable":true,"href":"http:\/\/blog.inmontanis.info\/index.php?rest_route=%2Fwp%2Fv2%2Fcomments&post=3998"}],"version-history":[{"count":1,"href":"http:\/\/blog.inmontanis.info\/index.php?rest_route=\/wp\/v2\/posts\/3998\/revisions"}],"predecessor-version":[{"id":3999,"href":"http:\/\/blog.inmontanis.info\/index.php?rest_route=\/wp\/v2\/posts\/3998\/revisions\/3999"}],"wp:attachment":[{"href":"http:\/\/blog.inmontanis.info\/index.php?rest_route=%2Fwp%2Fv2%2Fmedia&parent=3998"}],"wp:term":[{"taxonomy":"category","embeddable":true,"href":"http:\/\/blog.inmontanis.info\/index.php?rest_route=%2Fwp%2Fv2%2Fcategories&post=3998"},{"taxonomy":"post_tag","embeddable":true,"href":"http:\/\/blog.inmontanis.info\/index.php?rest_route=%2Fwp%2Fv2%2Ftags&post=3998"}],"curies":[{"name":"wp","href":"https:\/\/api.w.org\/{rel}","templated":true}]}}