{"id":3996,"date":"2016-08-28T21:44:19","date_gmt":"2016-08-28T19:44:19","guid":{"rendered":"http:\/\/blog.inmontanis.info\/?p=3996"},"modified":"2023-07-01T20:57:40","modified_gmt":"2023-07-01T18:57:40","slug":"hintertuxer-gletscher-27-28-8-2016","status":"publish","type":"post","link":"http:\/\/blog.inmontanis.info\/?p=3996","title":{"rendered":"Hintertuxer Gletscher, 27.+28.8.2016"},"content":{"rendered":"<p><strong>27.8.2016<\/strong><\/p>\n<p>Nachdem ich die letzten 2 Wochenenden urlaubsbedingt anderweitig unterwegs war, ging&#8217;s heute nach 20 Tagen endlich wieder auf den Hintertuxer. Ein sonniges, warmes Wochenende, endlich mal wieder richtig Sommerski. Bergfex meldete Nachttemperaturen von +7-8 Grad im Gipfelbereich.<\/p>\n<p>Da die Sonne nun schon recht tief steht und auch der Schnee wenig ist, waren die Pisten an der GW am Vormittag aber trotzdem gut hart. Olperer etwas bremsiger, aber f\u00fcr einige Stunden musste man immerhin in den Flachst\u00fccken nicht schieben. Es gibt generell etliche Wassergr\u00e4ben, die man \u00fcberfahren muss, die Wasserpf\u00fctzen waren auf der TFH-Abfahrt aber selbst Mittag noch gefroren. Am GW-SL, wo sonst h\u00e4ufig im Sommer nach den St\u00fctzen gro\u00dfe Wasserpf\u00fctzen sind, ist noch alles kompakt und schneereich.<\/p>\n<p>Die Matten wurden gro\u00dfteils bereits entfernt, wobei z.B. das Feld neben dem GW-SL kaum einen H\u00f6henunterschied aufweist. In Summe ging&#8217;s heut eigentlich sehr gut und der Schneestand ist f\u00fcr Ende August auch noch eher \u00fcberdurchschnittlich.<\/p>\n<p>Da ich morgen keine gro\u00dfe Tagesreise (Dolomiten) unternehmen will, mir die Temperaturen f\u00fcr n\u00e4here+tiefere Besuche (z.B. Eckbauerbahn) zu warm sind und ich in den letzten 20 Tagen nur 1x knapp 2 Stunden in Schottland Skifahren war, werd ich morgen nochmal Hintertux fahren, daher heute schon um 13 Uhr aufgeh\u00f6rt.<\/p>\n<p>(Fotos anklicken zum Vergr\u00f6\u00dfern.)<\/p>\n<p><a href='http:\/\/ski.inmontanis.info\/d\/217597-2\/DSC08543.jpg'><img src=http:\/\/ski.inmontanis.info\/d\/217596-3\/DSC08543.jpg \/><\/a><br \/>\n^ Gel\u00e4nde zwischen den Gondeln<\/p>\n<p><a href='http:\/\/ski.inmontanis.info\/d\/217601-2\/DSC08545.jpg'><img src=http:\/\/ski.inmontanis.info\/d\/217600-3\/DSC08545.jpg \/><\/a><br \/>\n^ TFH-Abfhart<\/p>\n<p><a href='http:\/\/ski.inmontanis.info\/d\/217609-2\/DSC08552.jpg'><img src=http:\/\/ski.inmontanis.info\/d\/217608-3\/DSC08552.jpg \/><\/a><br \/>\n^ Felsinsel rechts des SL Olperer im Zoom (hat ja letztes Jahr angefangen auszuapern)<\/p>\n<p><a href='http:\/\/ski.inmontanis.info\/d\/217613-2\/DSC08554.jpg'><img src=http:\/\/ski.inmontanis.info\/d\/217612-3\/DSC08554.jpg \/><\/a><br \/>\n^ Standard Bild Gefrorene Wand von Olperer. Die meisten Matten wurden \u00fcbrigens schon entfernt.<\/p>\n<p><a href='http:\/\/ski.inmontanis.info\/d\/217617-2\/DSC08555.jpg'><img src=http:\/\/ski.inmontanis.info\/d\/217616-3\/DSC08555.jpg \/><\/a><br \/>\n^ Oberer Kasererweg, Bauarbeiten nun wohl fertig? Und schaut doch etwas tiefer gelegt aus.<\/p>\n<p><a href='http:\/\/ski.inmontanis.info\/d\/217621-2\/DSC08559.jpg'><img src=http:\/\/ski.inmontanis.info\/d\/217620-3\/DSC08559.jpg \/><\/a><br \/>\n^ Status Felsen unterhalb Kaserer\/L\u00e4rmstange2<\/p>\n<p>Zum Vergleich 22.8.2015, da gab&#8217;s oben aber etwas Neuschnee:<br \/>\n<a href='http:\/\/ski.inmontanis.info\/d\/203486-3\/DSC01277.jpg'><img src=http:\/\/ski.inmontanis.info\/d\/203485-4\/DSC01277.jpg \/><\/a><br \/>\n^ 22.8.2015<\/p>\n<p><a href='http:\/\/ski.inmontanis.info\/d\/217625-2\/DSC08561.jpg'><img src=http:\/\/ski.inmontanis.info\/d\/217624-3\/DSC08561.jpg \/><\/a><br \/>\n^ DSB-Zufahrt, heuer noch viel Schnee<\/p>\n<p><a href='http:\/\/ski.inmontanis.info\/d\/217629-2\/DSC08563.jpg'><img src=http:\/\/ski.inmontanis.info\/d\/217628-3\/DSC08563.jpg \/><\/a><br \/>\n^ DSB-Zufahrt (unten rechts) bzw. Blick richtung Kasererbereich<\/p>\n<p><a href='http:\/\/ski.inmontanis.info\/d\/217633-2\/DSC08566.jpg'><img src=http:\/\/ski.inmontanis.info\/d\/217632-3\/DSC08566.jpg \/><\/a><br \/>\n^ Standard-Bild von der DSB aus<\/p>\n<p><a href='http:\/\/ski.inmontanis.info\/d\/217637-2\/DSC08568.jpg'><img src=http:\/\/ski.inmontanis.info\/d\/217636-3\/DSC08568.jpg \/><\/a><br \/>\n^ Sehr klarer Blick heute in die Dolomiten. Mitunter das sch\u00f6nste Pano, mitten bei der DSB-Auffahrt<\/p>\n<p><a href='http:\/\/ski.inmontanis.info\/d\/217641-2\/DSC08571.jpg'><img src=http:\/\/ski.inmontanis.info\/d\/217640-3\/DSC08571.jpg \/><\/a><br \/>\n^ Standard-Bild von der GW zum Olperer<\/p>\n<p><a href='http:\/\/ski.inmontanis.info\/d\/217645-2\/DSC08575.jpg'><img src=http:\/\/ski.inmontanis.info\/d\/217644-3\/DSC08575.jpg \/><\/a><br \/>\n^ Ausfahrt DSB, dank der Vermattung links nun wieder so breit wie einst<\/p>\n<p><a href='http:\/\/ski.inmontanis.info\/d\/217649-2\/DSC08576_001.jpg'><img src=http:\/\/ski.inmontanis.info\/d\/217648-3\/DSC08576_001.jpg \/><\/a><br \/>\n^ Trainingsh\u00e4nge. Auch wenn&#8217;s nicht danach ausschaut, viel Schnee lag hier nicht, war schon haupts\u00e4chlich Eis<\/p>\n<p><a href='http:\/\/ski.inmontanis.info\/d\/217653-2\/DSC08577.jpg'><img src=http:\/\/ski.inmontanis.info\/d\/217652-3\/DSC08577.jpg \/><\/a><br \/>\n^ Heute gro\u00dfe Traktor-Auffahrt zum TFH. Sogar Kennzeichen aus Belgien hab ich gesehen!<\/p>\n<p><a href='http:\/\/ski.inmontanis.info\/d\/217657-2\/DSC08579.jpg'><img src=http:\/\/ski.inmontanis.info\/d\/217656-3\/DSC08579.jpg \/><\/a><br \/>\n^ TFH-Hang Links<\/p>\n<p><a href='http:\/\/ski.inmontanis.info\/d\/217661-2\/DSC08582.jpg'><img src=http:\/\/ski.inmontanis.info\/d\/217660-3\/DSC08582.jpg \/><\/a><br \/>\n^ TFH-Hang Mitte<\/p>\n<p><a href='http:\/\/ski.inmontanis.info\/d\/217686-2\/DSC08583.jpg'><img src=http:\/\/ski.inmontanis.info\/d\/217685-3\/DSC08583.jpg \/><\/a><br \/>\n^ TFH-Hang Rechts<\/p>\n<p><a href='http:\/\/ski.inmontanis.info\/d\/217666-2\/DSC08586.jpg'><img src=http:\/\/ski.inmontanis.info\/d\/217665-3\/DSC08586.jpg \/><\/a><br \/>\n^ Der Wassergraben vor der 3SB ist mittlerweile recht breit geworden.<\/p>\n<p><a href='http:\/\/ski.inmontanis.info\/d\/217670-2\/DSC08587.jpg'><img src=http:\/\/ski.inmontanis.info\/d\/217669-3\/DSC08587.jpg \/><\/a><br \/>\n^ Trotz der heute so warmen Temperaturen war&#8217;s Offpiste hier selbst um 12:40 Uhr noch sehr hart.<\/p>\n<p><a href='http:\/\/ski.inmontanis.info\/d\/217674-2\/DSC08589_001.jpg'><img src=http:\/\/ski.inmontanis.info\/d\/217673-3\/DSC08589_001.jpg \/><\/a><br \/>\n^ TFH und Traktoren<\/p>\n<p><a href='http:\/\/ski.inmontanis.info\/d\/217678-2\/DSC08591.jpg'><img src=http:\/\/ski.inmontanis.info\/d\/217677-3\/DSC08591.jpg \/><\/a><br \/>\n^ Treckerparade<\/p>\n<p><a href='http:\/\/ski.inmontanis.info\/d\/217682-2\/DSC08592.jpg'><img src=http:\/\/ski.inmontanis.info\/d\/217681-3\/DSC08592.jpg \/><\/a><\/p>\n<p><strong>28.8.2016<\/strong><\/p>\n<p>Jaja, Bergfex-Vorhersage mal wieder. Eigentlich h\u00e4tte die Nacht und der Vormittag so wolkenlos sein sollen wie gestern. Das Gegenteil war der Fall. Stark bew\u00f6lkt mit Wolken in Pistenh\u00f6he = neblige Verh\u00e4ltnisse. Auch nachts war es wohl nicht klar, denn die Pisten waren teils weicher als gestern Mittag. Z.B. die gestern um 13h noch gefrorenen Eis-St\u00fccke auf der TFH-Abfahrt waren heute schon morgens matschig.<\/p>\n<p>Als ich um 11:30 Uhr gehen wollte, hat es aber &#8211; ungew\u00f6hnlich f\u00fcr Tux &#8211; aufgeklart und es war pl\u00f6tzlich sehr sonnig. Gegen 13\/13:30 hab ich&#8217;s aber trotzdem sein lassen.<\/p>\n<p><a href='http:\/\/ski.inmontanis.info\/d\/217690-2\/DSC08605.jpg'><img src=http:\/\/ski.inmontanis.info\/d\/217689-3\/DSC08605.jpg \/><\/a><br \/>\n^ Blick Kaserer von Sektion 1<\/p>\n<p><a href='http:\/\/ski.inmontanis.info\/d\/217694-2\/DSC08607.jpg'><img src=http:\/\/ski.inmontanis.info\/d\/217693-3\/DSC08607.jpg \/><\/a><br \/>\n^ Bisher mal noch nichts interessantes dabei heuer ;-)<\/p>\n<p><a href='http:\/\/ski.inmontanis.info\/d\/217698-2\/DSC08608_001.jpg'><img src=http:\/\/ski.inmontanis.info\/d\/217697-3\/DSC08608_001.jpg \/><\/a><br \/>\n^ TFH-Abfahrt. Links so sch\u00f6n viel Depot-Schnee. Die Piste dagegen tw. etwas schneearm<\/p>\n<p><a href='http:\/\/ski.inmontanis.info\/d\/217702-2\/DSC08609.jpg'><img src=http:\/\/ski.inmontanis.info\/d\/217701-3\/DSC08609.jpg \/><\/a><br \/>\n^ Was man mit den Brettern wohl vorhat?<\/p>\n<p><a href='http:\/\/ski.inmontanis.info\/d\/217706-2\/DSC08610_001.jpg'><img src=http:\/\/ski.inmontanis.info\/d\/217705-3\/DSC08610_001.jpg \/><\/a><br \/>\n^ Am TFH-Hang neben der Abfahrt stehen neuerdings (oder mir bisher noch nicht aufgefallen?) mehrere solche Container, zwei blaue hier ..<\/p>\n<p><a href='http:\/\/ski.inmontanis.info\/d\/217710-2\/DSC08611_001.jpg'><img src=http:\/\/ski.inmontanis.info\/d\/217709-3\/DSC08611_001.jpg \/><\/a><br \/>\n^ .. ein weiterer wei\u00dfer Container ein St\u00fcck weiter oben, dazu 2 Bagger (und Revisionsarbeiten oben an der L\u00e4rmstange2-KSB)<\/p>\n<p><a href='http:\/\/ski.inmontanis.info\/d\/217718-2\/DSC08616.jpg'><img src=http:\/\/ski.inmontanis.info\/d\/217717-3\/DSC08616.jpg \/><\/a><br \/>\n^ Mittlerer Kasererweg, dick verpackt<\/p>\n<p><a href='http:\/\/ski.inmontanis.info\/d\/217714-2\/DSC08617.jpg'><img src=http:\/\/ski.inmontanis.info\/d\/217713-3\/DSC08617.jpg \/><\/a><br \/>\n^ SL Olperer; eine Pistenraupe fuhr gerade zu dem ausapernden Felshaufen da rechts &#8211; blieb etwas stehen und fuhr dann wieder zur\u00fcck<\/p>\n<p><a href='http:\/\/ski.inmontanis.info\/d\/217722-2\/DSC08624_001.jpg'><img src=http:\/\/ski.inmontanis.info\/d\/217721-3\/DSC08624_001.jpg \/><\/a><br \/>\n^ GW-H\u00e4nge (und viel Betrieb unten am \u00dcbungs-Seillift)<\/p>\n<p><a href='http:\/\/ski.inmontanis.info\/d\/217726-2\/IMAG0017.jpg'><img src=http:\/\/ski.inmontanis.info\/d\/217725-3\/IMAG0017.jpg \/><\/a><br \/>\n^ Rennfahrer mal wieder. Ziehen sich mitten auf dem Gang um, dass man kaum durchkommt.<\/p>\n","protected":false},"excerpt":{"rendered":"<p>27.8.2016<\/p>\n<p>Nachdem ich die letzten 2 Wochenenden urlaubsbedingt anderweitig unterwegs war, ging&#8217;s heute nach 20 Tagen endlich wieder auf den Hintertuxer. Ein sonniges, warmes Wochenende, endlich mal wieder richtig Sommerski. Bergfex meldete Nachttemperaturen von +7-8 Grad im Gipfelbereich.<\/p>\n<p>Da die Sonne nun schon recht tief steht und auch der Schnee wenig ist, waren die Pisten <a href=\"http:\/\/blog.inmontanis.info\/?p=3996\">[&#8230;]<\/a><\/p>\n","protected":false},"author":1,"featured_media":0,"comment_status":"closed","ping_status":"closed","sticky":false,"template":"","format":"standard","meta":{"footnotes":""},"categories":[246,25,13,28],"tags":[72,56,38,47],"class_list":["post-3996","post","type-post","status-publish","format-standard","hentry","category-hintertux","category-noreport","category-austria","category-skifahren-sommer","tag-10eub","tag-6sb","tag-dsb","tag-sl","odd"],"_links":{"self":[{"href":"http:\/\/blog.inmontanis.info\/index.php?rest_route=\/wp\/v2\/posts\/3996","targetHints":{"allow":["GET"]}}],"collection":[{"href":"http:\/\/blog.inmontanis.info\/index.php?rest_route=\/wp\/v2\/posts"}],"about":[{"href":"http:\/\/blog.inmontanis.info\/index.php?rest_route=\/wp\/v2\/types\/post"}],"author":[{"embeddable":true,"href":"http:\/\/blog.inmontanis.info\/index.php?rest_route=\/wp\/v2\/users\/1"}],"replies":[{"embeddable":true,"href":"http:\/\/blog.inmontanis.info\/index.php?rest_route=%2Fwp%2Fv2%2Fcomments&post=3996"}],"version-history":[{"count":1,"href":"http:\/\/blog.inmontanis.info\/index.php?rest_route=\/wp\/v2\/posts\/3996\/revisions"}],"predecessor-version":[{"id":3997,"href":"http:\/\/blog.inmontanis.info\/index.php?rest_route=\/wp\/v2\/posts\/3996\/revisions\/3997"}],"wp:attachment":[{"href":"http:\/\/blog.inmontanis.info\/index.php?rest_route=%2Fwp%2Fv2%2Fmedia&parent=3996"}],"wp:term":[{"taxonomy":"category","embeddable":true,"href":"http:\/\/blog.inmontanis.info\/index.php?rest_route=%2Fwp%2Fv2%2Fcategories&post=3996"},{"taxonomy":"post_tag","embeddable":true,"href":"http:\/\/blog.inmontanis.info\/index.php?rest_route=%2Fwp%2Fv2%2Ftags&post=3996"}],"curies":[{"name":"wp","href":"https:\/\/api.w.org\/{rel}","templated":true}]}}