{"id":3954,"date":"2016-08-15T12:28:33","date_gmt":"2016-08-15T10:28:33","guid":{"rendered":"http:\/\/blog.inmontanis.info\/?p=3954"},"modified":"2016-09-14T12:42:12","modified_gmt":"2016-09-14T10:42:12","slug":"isle-of-mull-schottland-15-8-2016","status":"publish","type":"post","link":"http:\/\/blog.inmontanis.info\/?p=3954","title":{"rendered":"Isle of Mull (Schottland), 15.8.2016"},"content":{"rendered":"<p><strong>Mo, 15.8.2016 &#8211; Tag 5 &#8211; Isle of Mull<\/strong><\/p>\n<p>In Schottland kann man ja dank Inseln, Halbinseln und langer Fjorde+Seen etwas &#8220;F\u00e4hrenh\u00fcpfen&#8221; machen, wie in Norwegen. In der Hochsaison allerdings sollte man die F\u00e4hren besser vorausbuchen. Ich h\u00e4tte mir noch einen kleinen Umweg mit zwei zus\u00e4tzlichen vorgemerkt, aber da das Wetter heute und morgen sonniger sein sollte, wollte ich lieber schneller richtung Isle of Mull + Isle of Skye.<\/p>\n<p>Am Morgen an der Autobahn versucht, eine Dusche an einer Rastst\u00e4tte zu besuchen, aber entweder voll oder zu kompliziert, also dann nur fr\u00fchgest\u00fcckt (Naja), F\u00e4hrzeiten gecheckt und ohne weitere Halte nach Oban gefahren. Dort h\u00e4tte ich noch eine halbe Stunde Puffer bis der F\u00e4hren-Checkin schlie\u00dft. Kurz vor Oban getankt, dann Stau durch Oban, aber noch p\u00fcnktlich dran gewesen. Der Fahrkartenkauf ist umst\u00e4ndlicher innen im Terminal, wo man mir sagte, dass die F\u00e4hre um 1400 voll w\u00e4re, aber &#8220;Standby&#8221; m\u00f6gliich sei, d.h. falls noch Platz ist, k\u00f6nnte ich rauf, wenn nicht, k\u00f6nnte ich das Ticket refundieren. Also gut, gekauft.<\/p>\n<p>(Fotos anklicken zum Vergr\u00f6\u00dfern)<\/p>\n<p><a href='http:\/\/extra.inmontanis.info\/d\/37420-3\/ge20160815-17.jpg'><img src=http:\/\/extra.inmontanis.info\/d\/37419-4\/ge20160815-17.jpg \/><\/a><br \/>\n^ K) Isle of Mull<br \/>\n^ Magenta:  Fahrstrecke 15.8.2016 inkl. F\u00e4hre Oban-Craignure<\/p>\n<p><a href='http:\/\/extra.inmontanis.info\/d\/37424-3\/DSC07005.jpg'><img src=http:\/\/extra.inmontanis.info\/d\/37423-4\/DSC07005.jpg \/><\/a><br \/>\n^ A814 Loch Long. Krasse &#8220;Rollercoaster&#8221;-Stra\u00dfe, sind extreme H\u00fcgel rauf und runter. W\u00e4re auf der Dashcam vielleicht sch\u00f6n zu sehen gewesen, aber dazu sp\u00e4ter mehr.<\/p>\n<p><a href='http:\/\/extra.inmontanis.info\/d\/37428-3\/DSC07009.jpg'><img src=http:\/\/extra.inmontanis.info\/d\/37427-4\/DSC07009.jpg \/><\/a><br \/>\n^ A83 \/ Glen Croe. Hier musste ich eine Kolonne von ca. 10-15 Schnarchnasen samt abschlie\u00dfendem Klein-LKW \u00fcberholen, was mir auf 2-3x gelang. Keine Ahnung, warum die alle nie \u00fcberholt hatten. Als ich dann mal vorgefahren bin und ein Tal weiter haben die anderen auch endlich \u00fcberholt.<\/p>\n<p><a href='http:\/\/extra.inmontanis.info\/d\/37432-3\/DSC07014.jpg'><img src=http:\/\/extra.inmontanis.info\/d\/37431-4\/DSC07014.jpg \/><\/a><br \/>\n^ A83 \/ Invereray<\/p>\n<p><a href='http:\/\/extra.inmontanis.info\/d\/37436-3\/DSC07024.jpg'><img src=http:\/\/extra.inmontanis.info\/d\/37435-4\/DSC07024.jpg \/><\/a><br \/>\n^ Oban<\/p>\n<p>Schlussendlich war f\u00fcr mich und das Auto hinter mir leider kein platz mehr&#8230; Aber bei der n\u00e4chsten um 1600 d\u00fcrfte ich fix mit, sagte der Einweisende, so wartete ich also 2 Stunden. Bin ein bissl am Hafen entlang, hab mir eine Portin Fish &#038; Chips gekauft, eine gratis Toilette auf der andern Hafenseite gefunden (am F\u00e4hrenterminal w\u00e4re sie kostenpflichtig gewesen), dort h\u00e4tte es sogar eine gratis Dusche gegeben, aber ich mein Handtuch nicht dabei. Also hab ich mich (\u00e4hnlich wie vor ein paar Tagen auf der Isle of Man) mit Handseife aus dem WC im anderen Geb\u00e4ude bedient und nur die Haare gewaschen und mit Papiert\u00fcchern bzw. dem Handtrockner dann im WC etwas getrocknet. F\u00fchlt man sich doch gleich viel frischer an.<\/p>\n<p> <a href='http:\/\/extra.inmontanis.info\/d\/37440-3\/DSC07025.jpg'><img src=http:\/\/extra.inmontanis.info\/d\/37439-4\/DSC07025.jpg \/><\/a><br \/>\n^ Oban, mit interessantem Geb\u00e4ude da oben<\/p>\n<p><a href='http:\/\/extra.inmontanis.info\/d\/37444-3\/DSC07027.jpg'><img src=http:\/\/extra.inmontanis.info\/d\/37443-4\/DSC07027.jpg \/><\/a><br \/>\n^ Oban<\/p>\n<p><a href='http:\/\/extra.inmontanis.info\/d\/37448-3\/DSC07029.jpg'><img src=http:\/\/extra.inmontanis.info\/d\/37447-4\/DSC07029.jpg \/><\/a><br \/>\n^ Oban<\/p>\n<p><a href='http:\/\/extra.inmontanis.info\/d\/37452-3\/DSC07030.jpg'><img src=http:\/\/extra.inmontanis.info\/d\/37451-4\/DSC07030.jpg \/><\/a><br \/>\n^ Oban<\/p>\n<p><a href='http:\/\/extra.inmontanis.info\/d\/37456-3\/DSC07035.jpg'><img src=http:\/\/extra.inmontanis.info\/d\/37455-4\/DSC07035.jpg \/><\/a><br \/>\n^ Oban Hafen und Bahnhof<\/p>\n<p>Die Fahrzeit mit dem Schiff war dann auch wieder schneller (wie schon die letzten Tage auf der Isle of Man), nur ca. 35min statt 50 lt.  Fahrplan. Auf der Isle of Mull dann recht viel Verkehr (erwartungsgem\u00e4\u00df, wenn die F\u00e4hre so voll ist), bin dann einmal links rum um die Insel gefahren, gab einige nette Fotostandorte. Auf den zumeist einspurigen Stra\u00dfen musste ich h\u00e4ufig halten, wg. Gegenverkehr oder auch um Schnellere \u00fcberholen zu lassen. Kam mir vor wie der Tramfahrer gestern, wenn man wg. winkender Fahrg\u00e4ste laufend halten muss.. ;)<\/p>\n<p>Mobiles Internet mit dem Handy ist mau hier, nur GPRS-Empfang laufend, auch die n\u00e4chsten Tage nicht besser&#8230;<\/p>\n<p><a href='http:\/\/extra.inmontanis.info\/d\/37462-2\/DSC07033.jpg'><img src=http:\/\/extra.inmontanis.info\/d\/37460-3\/DSC07033.jpg \/><\/a><br \/>\n^ F\u00e4hre Oban &#8211; Craignure (Isle of Mull) &#8211; die Pl\u00e4tze waren sp\u00e4ter ziemlich voll<\/p>\n<p><a href='http:\/\/extra.inmontanis.info\/d\/37466-2\/DSC07036.jpg'><img src=http:\/\/extra.inmontanis.info\/d\/37465-3\/DSC07036.jpg \/><\/a><br \/>\n^ F\u00e4hren zu den westlichen Inseln in Schottland<\/p>\n<p><a href='http:\/\/extra.inmontanis.info\/d\/37470-2\/DSC07038.jpg'><img src=http:\/\/extra.inmontanis.info\/d\/37469-3\/DSC07038.jpg \/><\/a><br \/>\n^ F\u00e4hre Oban &#8211; Craignure (Isle of Mull)<\/p>\n<p><a href='http:\/\/extra.inmontanis.info\/d\/37474-2\/DSC02768.jpg'><img src=http:\/\/extra.inmontanis.info\/d\/37473-3\/DSC02768.jpg \/><\/a><br \/>\n^ F\u00e4hre Oban &#8211; Craignure (Isle of Mull) (IR)<\/p>\n<p><a href='http:\/\/extra.inmontanis.info\/d\/37478-2\/DSC02769.jpg'><img src=http:\/\/extra.inmontanis.info\/d\/37477-3\/DSC02769.jpg \/><\/a><br \/>\n^ F\u00e4hre Oban &#8211; Craignure (Isle of Mull) (IR)<\/p>\n<p><a href='http:\/\/extra.inmontanis.info\/d\/37482-2\/DSC02770.jpg'><img src=http:\/\/extra.inmontanis.info\/d\/37481-3\/DSC02770.jpg \/><\/a><br \/>\n^ F\u00e4hre Oban &#8211; Craignure (Isle of Mull) (IR)<\/p>\n<p><a href='http:\/\/extra.inmontanis.info\/d\/37486-2\/DSC02771.jpg'><img src=http:\/\/extra.inmontanis.info\/d\/37485-3\/DSC02771.jpg \/><\/a><br \/>\n^ F\u00e4hre Oban &#8211; Craignure (Isle of Mull) (IR)<\/p>\n<p><a href='http:\/\/extra.inmontanis.info\/d\/37490-2\/DSC07042.jpg'><img src=http:\/\/extra.inmontanis.info\/d\/37489-3\/DSC07042.jpg \/><\/a><br \/>\n^ F\u00e4hre Oban &#8211; Craignure (Isle of Mull)<\/p>\n<p><a href='http:\/\/extra.inmontanis.info\/d\/37494-2\/DSC02776.jpg'><img src=http:\/\/extra.inmontanis.info\/d\/37493-3\/DSC02776.jpg \/><\/a><br \/>\n^ F\u00e4hre Oban &#8211; Craignure (Isle of Mull) (IR) &#8211; nettes Leuchtturminselchen<\/p>\n<p><img src= http:\/\/extra.inmontanis.info\/d\/37497-2\/DSC07047.jpg \/><br \/>\n^ .. ob der Architekt in seiner Jugendzeit wohl gerne Pimmel-Symbole an WC-W\u00e4nde geschmiert hat? :)<\/p>\n<p><a href='http:\/\/extra.inmontanis.info\/d\/37501-2\/DSC07050.jpg'><img src=http:\/\/extra.inmontanis.info\/d\/37500-3\/DSC07050.jpg \/><\/a><br \/>\n^ Isle of Mull &#8211; Duart Point<\/p>\n<p><a href='http:\/\/extra.inmontanis.info\/d\/37505-2\/DSC07054.jpg'><img src=http:\/\/extra.inmontanis.info\/d\/37504-3\/DSC07054.jpg \/><\/a><br \/>\n^ Reger Busverkehr am Hafen von Craignure, anscheinend fahren viele ohne Auto mit der F\u00e4hre.<\/p>\n<p><a href='http:\/\/extra.inmontanis.info\/d\/37509-2\/DSC07056.jpg'><img src=http:\/\/extra.inmontanis.info\/d\/37508-3\/DSC07056.jpg \/><\/a><br \/>\n^ A849 S\u00fcd \/ Isle of Mull<\/p>\n<p><a href='http:\/\/extra.inmontanis.info\/d\/37513-2\/DSC07058.jpg'><img src=http:\/\/extra.inmontanis.info\/d\/37512-3\/DSC07058.jpg \/><\/a><br \/>\n^ A849 S\u00fcd<\/p>\n<p><a href='http:\/\/extra.inmontanis.info\/d\/37517-2\/DSC07062.jpg'><img src=http:\/\/extra.inmontanis.info\/d\/37516-3\/DSC07062.jpg \/><\/a><br \/>\n^ A849 S\u00fcd<\/p>\n<p><a href='http:\/\/extra.inmontanis.info\/d\/37521-2\/DSC07065.jpg'><img src=http:\/\/extra.inmontanis.info\/d\/37520-3\/DSC07065.jpg \/><\/a><br \/>\n^ <\/p>\n<p><a href='http:\/\/extra.inmontanis.info\/d\/37525-2\/DSC07066.jpg'><img src=http:\/\/extra.inmontanis.info\/d\/37524-3\/DSC07066.jpg \/><\/a><br \/>\n^ A849 S\u00fcd<\/p>\n<p><a href='http:\/\/extra.inmontanis.info\/d\/37529-2\/DSC07067.jpg'><img src=http:\/\/extra.inmontanis.info\/d\/37528-3\/DSC07067.jpg \/><\/a><br \/>\n^ A849 S\u00fcd. Die meisten Stra\u00dfen auf der Isle of Mull, wie auch in vielen anderen Gegenden Schottlands, sind Single Track Roads mit vielen Passing Places. Bei dem vielen Verkehr  entgegen und von hinten musste ich jedenfalls sehr oft halten in diesen Tagen.<\/p>\n<p><a href='http:\/\/extra.inmontanis.info\/d\/37533-2\/DSC07071.jpg'><img src=http:\/\/extra.inmontanis.info\/d\/37532-3\/DSC07071.jpg \/><\/a><br \/>\n^ A849 S\u00fcd<\/p>\n<p><a href='http:\/\/extra.inmontanis.info\/d\/37537-3\/DSC07074.jpg'><img src=http:\/\/extra.inmontanis.info\/d\/37536-3\/DSC07074.jpg \/><\/a><br \/>\n^ A849 S\u00fcd<\/p>\n<p><a href='http:\/\/extra.inmontanis.info\/d\/37541-2\/DSC07076.jpg'><img src=http:\/\/extra.inmontanis.info\/d\/37540-3\/DSC07076.jpg \/><\/a><br \/>\n^ A849 S\u00fcd (Glen More), wer sagt denn, dass hier nur K\u00fcstenstra\u00dfen sch\u00f6n w\u00e4ren.<\/p>\n<p><a href='http:\/\/extra.inmontanis.info\/d\/37545-2\/DSC07079.jpg'><img src=http:\/\/extra.inmontanis.info\/d\/37544-3\/DSC07079.jpg \/><\/a><br \/>\n^ A849 S\u00fcd<\/p>\n<p><a href='http:\/\/extra.inmontanis.info\/d\/37549-2\/DSC07081.jpg'><img src=http:\/\/extra.inmontanis.info\/d\/37548-3\/DSC07081.jpg \/><\/a><br \/>\n^ A849 S\u00fcd \/ Loch Scridain<\/p>\n<p><a href='http:\/\/extra.inmontanis.info\/d\/37553-2\/DSC07091.jpg'><img src=http:\/\/extra.inmontanis.info\/d\/37552-3\/DSC07091.jpg \/><\/a><br \/>\n^ B8035 \/ Loch Scridain<\/p>\n<p><a href='http:\/\/extra.inmontanis.info\/d\/37557-2\/DSC07093.jpg'><img src=http:\/\/extra.inmontanis.info\/d\/37556-3\/DSC07093.jpg \/><\/a><br \/>\n^ B8035, wieder ein kleiner Pass<\/p>\n<p><a href='http:\/\/extra.inmontanis.info\/d\/37561-2\/DSC07097.jpg'><img src=http:\/\/extra.inmontanis.info\/d\/37560-3\/DSC07097.jpg \/><\/a><br \/>\n^ B8035<\/p>\n<p><a href='http:\/\/extra.inmontanis.info\/d\/37565-2\/DSC07098.jpg'><img src=http:\/\/extra.inmontanis.info\/d\/37564-3\/DSC07098.jpg \/><\/a><br \/>\n^ <\/p>\n<p><a href='http:\/\/extra.inmontanis.info\/d\/37569-2\/DSC07100.jpg'><img src=http:\/\/extra.inmontanis.info\/d\/37568-3\/DSC07100.jpg \/><\/a><br \/>\n^ B8035 \/ Loch na Keal<\/p>\n<p><a href='http:\/\/extra.inmontanis.info\/d\/37573-2\/DSC07104.jpg'><img src=http:\/\/extra.inmontanis.info\/d\/37572-3\/DSC07104.jpg \/><\/a><br \/>\n^ B8035 \/ Loch na Keal<\/p>\n<p><a href='http:\/\/extra.inmontanis.info\/d\/37577-2\/DSC07111.jpg'><img src=http:\/\/extra.inmontanis.info\/d\/37576-3\/DSC07111.jpg \/><\/a><br \/>\n^ B8035 \/ Loch na Keal<\/p>\n<p><a href='http:\/\/extra.inmontanis.info\/d\/37581-2\/DSC07114.jpg'><img src=http:\/\/extra.inmontanis.info\/d\/37580-3\/DSC07114.jpg \/><\/a><br \/>\n^ B8035 \/ Loch na Keal<\/p>\n<p><a href='http:\/\/extra.inmontanis.info\/d\/37585-2\/DSC07112.jpg'><img src=http:\/\/extra.inmontanis.info\/d\/37584-3\/DSC07112.jpg \/><\/a><br \/>\n^ B8035 \/ Loch na Keal<\/p>\n<p><a href='http:\/\/extra.inmontanis.info\/d\/37589-2\/DSC07122.jpg'><img src=http:\/\/extra.inmontanis.info\/d\/37588-3\/DSC07122.jpg \/><\/a><br \/>\n^ B8035 \/ Loch na Keal<\/p>\n<p><a href='http:\/\/extra.inmontanis.info\/d\/37593-2\/DSC07133.jpg'><img src=http:\/\/extra.inmontanis.info\/d\/37592-3\/DSC07133.jpg \/><\/a><br \/>\n^ B8035 \/ Loch na Keal<\/p>\n<p><a href='http:\/\/extra.inmontanis.info\/d\/37597-2\/DSC07137.jpg'><img src=http:\/\/extra.inmontanis.info\/d\/37596-3\/DSC07137.jpg \/><\/a><br \/>\n^ B8035 \/ Loch na Keal<\/p>\n<p><a href='http:\/\/extra.inmontanis.info\/d\/37601-2\/DSC07139.jpg'><img src=http:\/\/extra.inmontanis.info\/d\/37600-3\/DSC07139.jpg \/><\/a><br \/>\n^ B8035. In jeder Hinsicht ein nettes K\u00fcstenstr\u00e4sslein.<\/p>\n<p><a href='http:\/\/extra.inmontanis.info\/d\/37605-2\/DSC07145.jpg'><img src=http:\/\/extra.inmontanis.info\/d\/37604-3\/DSC07145.jpg \/><\/a><br \/>\n^ B8035 \/ Loch na Keal<\/p>\n<p><a href='http:\/\/extra.inmontanis.info\/d\/37609-2\/DSC07148.jpg'><img src=http:\/\/extra.inmontanis.info\/d\/37608-3\/DSC07148.jpg \/><\/a><br \/>\n^ B8073 \/ Loch na Keal<\/p>\n<p><a href='http:\/\/extra.inmontanis.info\/d\/37613-2\/DSC07151.jpg'><img src=http:\/\/extra.inmontanis.info\/d\/37612-3\/DSC07151.jpg \/><\/a><br \/>\n^ B8073 \/ Ulva<\/p>\n<p><a href='http:\/\/extra.inmontanis.info\/d\/37617-2\/DSC07155.jpg'><img src=http:\/\/extra.inmontanis.info\/d\/37616-3\/DSC07155.jpg \/><\/a><br \/>\n^ B8073 \/ Loch Tuath<\/p>\n<p><a href='http:\/\/extra.inmontanis.info\/d\/37621-2\/DSC07160.jpg'><img src=http:\/\/extra.inmontanis.info\/d\/37620-3\/DSC07160.jpg \/><\/a><br \/>\n^ B8073 \/ Loch Tuath<\/p>\n<p><a href='http:\/\/extra.inmontanis.info\/d\/37625-2\/DSC07162.jpg'><img src=http:\/\/extra.inmontanis.info\/d\/37624-3\/DSC07162.jpg \/><\/a><br \/>\n^ B8073 \/ und wieder ein kleiner Pass richtung Calgary<\/p>\n<p><a href='http:\/\/extra.inmontanis.info\/d\/37629-2\/DSC07165.jpg'><img src=http:\/\/extra.inmontanis.info\/d\/37628-3\/DSC07165.jpg \/><\/a><br \/>\n^ B8073 \/ Calgary<\/p>\n<p><a href='http:\/\/extra.inmontanis.info\/d\/37633-2\/DSC07169.jpg'><img src=http:\/\/extra.inmontanis.info\/d\/37632-3\/DSC07169.jpg \/><\/a><br \/>\n^ B8073 \/ Calgary<\/p>\n<p><a href='http:\/\/extra.inmontanis.info\/d\/37637-2\/DSC07171.jpg'><img src=http:\/\/extra.inmontanis.info\/d\/37636-3\/DSC07171.jpg \/><\/a><br \/>\n^ B8073 \/ Calgary<\/p>\n<p><a href='http:\/\/extra.inmontanis.info\/d\/37641-2\/DSC07176.jpg'><img src=http:\/\/extra.inmontanis.info\/d\/37640-3\/DSC07176.jpg \/><\/a><br \/>\n^ B8073 \/ Calgary<\/p>\n<p><a href='http:\/\/extra.inmontanis.info\/d\/37645-2\/DSC07177.jpg'><img src=http:\/\/extra.inmontanis.info\/d\/37644-3\/DSC07177.jpg \/><\/a><br \/>\n^ B8073 \/ Calgary-Dervaig<\/p>\n<p><a href='http:\/\/extra.inmontanis.info\/d\/37649-2\/DSC07178.jpg'><img src=http:\/\/extra.inmontanis.info\/d\/37648-3\/DSC07178.jpg \/><\/a><br \/>\n^ B8073 \/ Dervaig<\/p>\n<p><a href='http:\/\/extra.inmontanis.info\/d\/37653-2\/DSC07183.jpg'><img src=http:\/\/extra.inmontanis.info\/d\/37652-3\/DSC07183.jpg \/><\/a><br \/>\n^ B8073 \/ Dervaig-Tobermory<\/p>\n<p><a href='http:\/\/extra.inmontanis.info\/d\/37657-2\/DSC07186.jpg'><img src=http:\/\/extra.inmontanis.info\/d\/37656-3\/DSC07186.jpg \/><\/a><br \/>\n^ Tobermory-Glengorm<\/p>\n<p><a href='http:\/\/extra.inmontanis.info\/d\/37661-2\/DSC07189.jpg'><img src=http:\/\/extra.inmontanis.info\/d\/37660-3\/DSC07189.jpg \/><\/a><br \/>\n^ Glengorm Castle<\/p>\n<p><a href='http:\/\/extra.inmontanis.info\/d\/37665-2\/DSC07192.jpg'><img src=http:\/\/extra.inmontanis.info\/d\/37664-3\/DSC07192.jpg \/><\/a><br \/>\n^ N\u00e4he Glengorm, kurz vor Sonnenuntergang mit (altem) Segelschiff<\/p>\n<p><a href='http:\/\/extra.inmontanis.info\/d\/37669-2\/DSC02778.jpg'><img src=http:\/\/extra.inmontanis.info\/d\/37668-3\/DSC02778.jpg \/><\/a><br \/>\n^ Segelschiff in IR<\/p>\n<p><a href='http:\/\/extra.inmontanis.info\/d\/37673-2\/DSC07194.jpg'><img src=http:\/\/extra.inmontanis.info\/d\/37672-3\/DSC07194.jpg \/><\/a><br \/>\n^ Schoner mit Schaf<\/p>\n<p><a href='http:\/\/extra.inmontanis.info\/d\/37677-2\/DSC07195.jpg'><img src=http:\/\/extra.inmontanis.info\/d\/37676-3\/DSC07195.jpg \/><\/a><br \/>\n^ <\/p>\n<p><a href='http:\/\/extra.inmontanis.info\/d\/37681-2\/DSC07196.jpg'><img src=http:\/\/extra.inmontanis.info\/d\/37680-3\/DSC07196.jpg \/><\/a><br \/>\n^ Dreimast-Schoner im Zoom. Mit so einem Segelschiff w\u00fcrd ich auch mal gerne fahren<\/p>\n<p><a href='http:\/\/extra.inmontanis.info\/d\/37685-2\/DSC07198.jpg'><img src=http:\/\/extra.inmontanis.info\/d\/37684-3\/DSC07198.jpg \/><\/a><br \/>\n^ Sonnenuntergang n\u00e4he Glengorm. Direkt an der K\u00fcste gab&#8217;s kaum \/ keine sinnvollen Pl\u00e4tze, also suchte ich mir einen, wo das Castle mit ins Bild passt.<\/p>\n<p><a href='http:\/\/extra.inmontanis.info\/d\/37689-2\/DSC07201.jpg'><img src=http:\/\/extra.inmontanis.info\/d\/37688-3\/DSC07201.jpg \/><\/a><br \/>\n^ Glengorm Castle vor Sonnenuntergang<\/p>\n<p><a href='http:\/\/extra.inmontanis.info\/d\/37693-2\/DSC07202.jpg'><img src=http:\/\/extra.inmontanis.info\/d\/37692-3\/DSC07202.jpg \/><\/a><br \/>\n^ Glengorm Castle vor Sonnenuntergang<\/p>\n<p><a href='http:\/\/extra.inmontanis.info\/d\/37697-2\/DSC07205.jpg'><img src=http:\/\/extra.inmontanis.info\/d\/37696-3\/DSC07205.jpg \/><\/a><br \/>\n^ Glengorm Castle \/ Sonnenuntergang. K\u00f6nnte doch ein netter, ungest\u00f6rter Sonnenuntergang werden?<\/p>\n<p><a href='http:\/\/extra.inmontanis.info\/d\/37701-2\/DSC07206.jpg'><img src=http:\/\/extra.inmontanis.info\/d\/37700-3\/DSC07206.jpg \/><\/a><br \/>\n^ Glengorm Castle \/ Sonnenuntergang. B\u00e4h, wo kommt denn jetzt diese geschlossene Wolkendecke da hinten her, so ein Mist.<\/p>\n<p><a href='http:\/\/extra.inmontanis.info\/d\/37705-2\/DSC07207.jpg'><img src=http:\/\/extra.inmontanis.info\/d\/37704-3\/DSC07207.jpg \/><\/a><br \/>\n^ Glengorm Castle \/ Sonnenuntergang<\/p>\n<p><a href='http:\/\/extra.inmontanis.info\/d\/37709-2\/DSC07208.jpg'><img src=http:\/\/extra.inmontanis.info\/d\/37708-3\/DSC07208.jpg \/><\/a><br \/>\n^ Glengorm Castle \/ Sonnenuntergang<\/p>\n<p><a href='http:\/\/extra.inmontanis.info\/d\/37713-2\/DSC07210.jpg'><img src=http:\/\/extra.inmontanis.info\/d\/37712-3\/DSC07210.jpg \/><\/a><br \/>\n^ Glengorm Castle \/ netter Himmel zum Sonnenuntergang<\/p>\n<p><a href='http:\/\/extra.inmontanis.info\/d\/37717-2\/DSC07214.jpg'><img src=http:\/\/extra.inmontanis.info\/d\/37716-3\/DSC07214.jpg \/><\/a><br \/>\n^ Glengorm-Tobermory<\/p>\n<p><em>Ja, und jetzt das Thema Dashcam. Was&#8217;n schei\u00df! Die Dashcam ab und mit heute war ja komplett entt\u00e4uschend, wie ich nun im Nachinein merkte &#8211; da fehlen haufenweise Videos, teilweise 90-95% vom Tag. Entweder wir hatten in RU Gl\u00fcck, es liegt an Trincs Auto (immer Power am 12V-Port) oder irgendeine Einstellung (z.B. hinsichtlich Auto-Power-off) sorgte f\u00fcr diesen Fehler und die Cam l\u00f6scht die Datei, wenn sie sich nicht richt ausschaltet. Aber warum sie dann nicht richtig funktioniert hat, wenn der Strom wieder da war, kapier ich nicht. Aber es hat defintiv die meiste Zeit ganz normal geblinkt. Und ich hab die Cam auch definitiv h\u00e4ufig korrekt per Button ausgeschaltet, sp\u00e4testens am Abend beim zu-bett-gehen bzw. vorher, wenn&#8217;s zu dunkel wurde. Und ich hatte sie defintiv \u00f6fters vergessen, so dass der Akku leer lief, wenn ich l\u00e4nger ausgestiegen bin, das w\u00e4re ein Dateiverlust ja dann noch verst\u00e4ndlich. <\/p>\n<p>Aber an den 3 Tagen in Schottland war ich ja nie so lang fort, dass der Akku w\u00e4rend meiner Stehzeit leer gelaufen w\u00e4re. Im Prinzip hab ich anscheinend von den n\u00e4chsten Tagen nur noch die uninteressanten Dateien, und zwar, wenn ich nach dem automatischen Einschalten gemerkt hab &#8220;Autobahn, langweilig, ich schalt die Cam manuell ab&#8221;. Ich vermute, dass alles fehlt, wo ich zwischendrin kurz hielt + Motor\/Strom kurz abgestellt hab + weiter gefahren bin .. dann war&#8217;s vmtl. schon egal, ob in weiterer Folge h\u00e4ndisch oder automatisch oder gar nicht aus, die tollen einspurigen Stra\u00dfen, die vielen K\u00fcstenstra\u00dfen &#8211; ALLES futschikato. Evtl. war also der Grund die von mir gemachte Einstellung &#8220;Motion-Detect-Aufnahme bei Power-Off&#8221; anstatt &#8220;Sofort power off&#8221;, ggf. in Kombination mit dem Zeitraffer. Sobald sie bei Verlust der USB-Stromzuf\u00fchrung auf Motion-Detect schaltet, wird die vorherige Fahrt anscheinend nicht richtig abgespeichert, sondern es wird gar nichts abgespeichert?! Nur am 20.8. hatte die Cam anscheinend besser funktioniert und zumindest 2 gro\u00dfe Dateien mit einer gr\u00f6\u00dferen Zeitspanne und 2 kleinere auf die SD-Karte gespeichert?! Boah, wie \u00e4rgerlich. H\u00e4tte ich den Inhalt der bl\u00f6den microSD-Karte mal irgendwann unterwegs angeschaut. Hatte sie ja hin und wieder in den PC eingeschoben, aber nur gekuckt, ob noch Platz drauf war. Wer kann denn wissen, dass sie nachdem sie in RU so gut funktionierte, jetzt in meinem Auto mit evtl. etwas anderer Einstellung und evtl. anderer Firmwareversion so m\u00fcllig l\u00e4uft :-(  ) <\/em><\/p>\n<p>(Fortsetzung folgt)<\/p>\n","protected":false},"excerpt":{"rendered":"<p>Mo, 15.8.2016 &#8211; Tag 5 &#8211; Isle of Mull<\/p>\n<p>In Schottland kann man ja dank Inseln, Halbinseln und langer Fjorde+Seen etwas &#8220;F\u00e4hrenh\u00fcpfen&#8221; machen, wie in Norwegen. In der Hochsaison allerdings sollte man die F\u00e4hren besser vorausbuchen. Ich h\u00e4tte mir noch einen kleinen Umweg mit zwei zus\u00e4tzlichen vorgemerkt, aber da das Wetter heute und morgen sonniger <a href=\"http:\/\/blog.inmontanis.info\/?p=3954\">[&#8230;]<\/a><\/p>\n","protected":false},"author":1,"featured_media":0,"comment_status":"closed","ping_status":"closed","sticky":false,"template":"","format":"standard","meta":{"footnotes":""},"categories":[154,21],"tags":[51,90,37,45],"class_list":["post-3954","post","type-post","status-publish","format-standard","hentry","category-2016-08-trams-meer-uk-iom","category-britain","tag-architektur","tag-infrarot","tag-meer","tag-see","odd"],"_links":{"self":[{"href":"http:\/\/blog.inmontanis.info\/index.php?rest_route=\/wp\/v2\/posts\/3954","targetHints":{"allow":["GET"]}}],"collection":[{"href":"http:\/\/blog.inmontanis.info\/index.php?rest_route=\/wp\/v2\/posts"}],"about":[{"href":"http:\/\/blog.inmontanis.info\/index.php?rest_route=\/wp\/v2\/types\/post"}],"author":[{"embeddable":true,"href":"http:\/\/blog.inmontanis.info\/index.php?rest_route=\/wp\/v2\/users\/1"}],"replies":[{"embeddable":true,"href":"http:\/\/blog.inmontanis.info\/index.php?rest_route=%2Fwp%2Fv2%2Fcomments&post=3954"}],"version-history":[{"count":4,"href":"http:\/\/blog.inmontanis.info\/index.php?rest_route=\/wp\/v2\/posts\/3954\/revisions"}],"predecessor-version":[{"id":3958,"href":"http:\/\/blog.inmontanis.info\/index.php?rest_route=\/wp\/v2\/posts\/3954\/revisions\/3958"}],"wp:attachment":[{"href":"http:\/\/blog.inmontanis.info\/index.php?rest_route=%2Fwp%2Fv2%2Fmedia&parent=3954"}],"wp:term":[{"taxonomy":"category","embeddable":true,"href":"http:\/\/blog.inmontanis.info\/index.php?rest_route=%2Fwp%2Fv2%2Fcategories&post=3954"},{"taxonomy":"post_tag","embeddable":true,"href":"http:\/\/blog.inmontanis.info\/index.php?rest_route=%2Fwp%2Fv2%2Ftags&post=3954"}],"curies":[{"name":"wp","href":"https:\/\/api.w.org\/{rel}","templated":true}]}}