{"id":3938,"date":"2016-08-13T23:12:26","date_gmt":"2016-08-13T21:12:26","guid":{"rendered":"http:\/\/blog.inmontanis.info\/?p=3938"},"modified":"2024-08-05T09:06:35","modified_gmt":"2024-08-05T07:06:35","slug":"isle-of-man-snaefell-mountain-tramway-manx-electric-13-8-2016","status":"publish","type":"post","link":"http:\/\/blog.inmontanis.info\/?p=3938","title":{"rendered":"Isle of Man &#8211; Snaefell Mountain Tramway &#038; Manx Electric, 13.8.2016"},"content":{"rendered":"<p><strong>Sa, 13.8.2016 &#8211; Tag 3 &#8211; Teil 2: Isle of Man &#8211; Snaefell Mountain Tramway &#038; Manx Electric<\/strong><\/p>\n<p>Nachdem ich mir den oberen Teil des Laxey Wheels zeitm\u00e4\u00dfig gespart hatte und somit etwas fr\u00fcher fertig war, parkte ich unten n\u00e4he des Bahnhofs (gratis). Snaefell sah man von hier aus nicht, aber es war doch recht sonnig, daher entschied ich mich spontan, doch gleich erst Snaefell raufzufahren, wer wei\u00df, wie das Wetter morgen Vormittag w\u00e4re. Leider war es oben aber doch noch recht neblig.<\/p>\n<p>(Fotos anklicken zum Vergr\u00f6\u00dfern)<\/p>\n<p><a href='http:\/\/extra.inmontanis.info\/d\/35408-2\/ge-iom8.jpg'><img src=http:\/\/extra.inmontanis.info\/d\/35407-3\/ge-iom8.jpg \/><\/a><br \/>\n^ Schwarz: Eisen- und Stra\u00dfenbahnstrecken (Braun = Pferde-Tram)<br \/>\nF) Laxey<br \/>\nG) Snaefell<br \/>\nI) Ramsey<br \/>\nRot: Fahrstrecke des heutigen 13.8.<\/p>\n<p><a href='http:\/\/extra.inmontanis.info\/d\/36500-2\/DSC06285.jpg'><img src=http:\/\/extra.inmontanis.info\/d\/36499-3\/DSC06285.jpg \/><\/a><br \/>\n^ Snaefell-Wagen 1 an der Endstation Laxey<\/p>\n<p><a href='http:\/\/extra.inmontanis.info\/d\/36504-2\/DSC06286.jpg'><img src=http:\/\/extra.inmontanis.info\/d\/36503-3\/DSC06286.jpg \/><\/a><br \/>\n^ Snaefell-Wagen 1 an der Endstation Laxey<\/p>\n<p><a href='http:\/\/extra.inmontanis.info\/d\/36508-2\/IMG_2445.jpg'><img src=http:\/\/extra.inmontanis.info\/d\/36507-3\/IMG_2445.jpg \/><\/a><br \/>\n^ Fleisch in Bl\u00e4tterteig, schmeckt mir in England, wie in Russland.  Sonst ja leider eher selten.<\/p>\n<p><a href='http:\/\/extra.inmontanis.info\/d\/36512-2\/DSC06288.jpg'><img src=http:\/\/extra.inmontanis.info\/d\/36511-3\/DSC06288.jpg \/><\/a><br \/>\n^ Snaefell-Wagen 1, wurde wohl mal modernisiert, schaut zumindest nicht nach 1895 aus &#8211; nicht nur, was die Sprechanlage betrifft :) F\u00fcllte sich bis zur Abfahrt noch und war ziemlich komplett.<\/p>\n<p><a href='http:\/\/extra.inmontanis.info\/d\/36516-2\/DSC06291.jpg'><img src=http:\/\/extra.inmontanis.info\/d\/36515-3\/DSC06291.jpg \/><\/a><br \/>\n^ Snaefell-Mountain-Tramway Depot<\/p>\n<p><a href='http:\/\/extra.inmontanis.info\/d\/36520-2\/DSC06292.jpg'><img src=http:\/\/extra.inmontanis.info\/d\/36519-3\/DSC06292.jpg \/><\/a><br \/>\n^ Die Snaefell Mountain Tramway \/Railway besitzt das Fell Mountain Railway System, wobei das nach einem Herrn Fell benannt ist und die einzige Bahn ist, die dieses System noch besitzt, wird hier auch nur zum Bremsen bzw. f\u00fcr Notbremsungen talw\u00e4rts ben\u00f6tigt. Fr\u00fcher hatte es z.B. auch mal die Mont-Cenis-Bahn.<\/p>\n<p>Mehr Infos dazu hier:<br \/>\n<a href='https:\/\/en.wikipedia.org\/wiki\/Fell_mountain_railway_system'>https:\/\/en.wikipedia.org\/wiki\/Fell_mountain_railway_system<\/a><br \/>\n<a href='https:\/\/de.wikipedia.org\/wiki\/Fell-Lokomotive'>https:\/\/de.wikipedia.org\/wiki\/Fell-Lokomotive<\/a><\/p>\n<p><a href='http:\/\/extra.inmontanis.info\/d\/36524-2\/DSC06296.jpg'><img src=http:\/\/extra.inmontanis.info\/d\/36523-3\/DSC06296.jpg \/><\/a><br \/>\n^ Snaefell Mountain Tramway<\/p>\n<p><a href='http:\/\/extra.inmontanis.info\/d\/36528-2\/DSC06305.jpg'><img src=http:\/\/extra.inmontanis.info\/d\/36527-3\/DSC06305.jpg \/><\/a><br \/>\n^ Snaefell Mountain Tramway mit Blick zu See + Meer<\/p>\n<p><a href='http:\/\/extra.inmontanis.info\/d\/36532-2\/DSC06307.jpg'><img src=http:\/\/extra.inmontanis.info\/d\/36531-3\/DSC06307.jpg \/><\/a><br \/>\n^ Die Bahn\/Tram macht eine 360\u00b0 Kurve, bis sie oben ankommt<\/p>\n<p><a href='http:\/\/extra.inmontanis.info\/d\/36536-2\/DSC06308.jpg'><img src=http:\/\/extra.inmontanis.info\/d\/36535-3\/DSC06308.jpg \/><\/a><\/p>\n<p><a href='http:\/\/extra.inmontanis.info\/d\/36540-2\/DSC06312.jpg'><img src=http:\/\/extra.inmontanis.info\/d\/36539-3\/DSC06312.jpg \/><\/a><br \/>\n^ Blick zur\u00fcck zur Strecke, richtung Laxey und Meer<\/p>\n<p><a href='http:\/\/extra.inmontanis.info\/d\/36544-2\/DSC06314.jpg'><img src=http:\/\/extra.inmontanis.info\/d\/36543-3\/DSC06314.jpg \/><\/a><br \/>\n^ Snaefell-Wagen 5. Leider sind die Wagen ja bei weitem nicht so sch\u00f6n wie die Stra\u00dfenbahnen zu der Zeit in England &#038; Co.<\/p>\n<p><a href='http:\/\/extra.inmontanis.info\/d\/36548-2\/DSC06321.jpg'><img src=http:\/\/extra.inmontanis.info\/d\/36547-3\/DSC06321.jpg \/><\/a><br \/>\n^ Geschichte (BJ 1895)<\/p>\n<p><a href='http:\/\/extra.inmontanis.info\/d\/36552-2\/DSC06322.jpg'><img src=http:\/\/extra.inmontanis.info\/d\/36551-3\/DSC06322.jpg \/><\/a><\/p>\n<p><a href='http:\/\/extra.inmontanis.info\/d\/36556-2\/DSC06323.jpg'><img src=http:\/\/extra.inmontanis.info\/d\/36555-3\/DSC06323.jpg \/><\/a><\/p>\n<p><a href='http:\/\/extra.inmontanis.info\/d\/36560-2\/DSC06326.jpg'><img src=http:\/\/extra.inmontanis.info\/d\/36559-3\/DSC06326.jpg \/><\/a><br \/>\n^ Snaefell-Wagen 1 an der Bergstation mit Meerblick<\/p>\n<p><a href='http:\/\/extra.inmontanis.info\/d\/36564-2\/DSC06329.jpg'><img src=http:\/\/extra.inmontanis.info\/d\/36563-3\/DSC06329.jpg \/><\/a><br \/>\n^ Blick richtung Laxey und Meer; das Flugzeug steht wg. des 1942-Event-Wochenendes n\u00e4chste Woche, was auch so ein bisschen der Grund war, warum ich lieber dieses als n\u00e4chstes WE hier sein wollte.<\/p>\n<p><a href='http:\/\/extra.inmontanis.info\/d\/36568-2\/DSC06330.jpg'><img src=http:\/\/extra.inmontanis.info\/d\/36567-3\/DSC06330.jpg \/><\/a><br \/>\n^ Snaefell Summit Hotel. Wobei, Zimmer gibt&#8217;s hier glaub ich keine?!<\/p>\n<p><a href='http:\/\/extra.inmontanis.info\/d\/36572-2\/DSC06333.jpg'><img src=http:\/\/extra.inmontanis.info\/d\/36571-3\/DSC06333.jpg \/><\/a><br \/>\n^ Snaefell Bergstation mit Blick zum Meer<\/p>\n<p><a href='http:\/\/extra.inmontanis.info\/d\/36576-2\/DSC06334.jpg'><img src=http:\/\/extra.inmontanis.info\/d\/36575-3\/DSC06334.jpg \/><\/a><br \/>\n^ Die Fell-Bremsen sind es nicht, ein zus\u00e4tzlicher Antrieb wohl auch nicht &#8211; evtl. stabilisieren sie den Wagen also?<\/p>\n<p><a href='http:\/\/extra.inmontanis.info\/d\/36580-2\/DSC06335.jpg'><img src=http:\/\/extra.inmontanis.info\/d\/36579-3\/DSC06335.jpg \/><\/a><br \/>\n^ Snaefell-Wagen 6, an dem sind Streben an den Fenstern, so dass man sich nicht rauslehnen kann.<\/p>\n<p><a href='http:\/\/extra.inmontanis.info\/d\/36584-2\/DSC06342.jpg'><img src=http:\/\/extra.inmontanis.info\/d\/36583-3\/DSC06342.jpg \/><\/a><br \/>\n^ Stra\u00dfenkreuzung<\/p>\n<p><a href='http:\/\/extra.inmontanis.info\/d\/36588-2\/DSC06345.jpg'><img src=http:\/\/extra.inmontanis.info\/d\/36587-3\/DSC06345.jpg \/><\/a><br \/>\n^ Alte Mine oberhalb von Laxey<\/p>\n<p><a href='http:\/\/extra.inmontanis.info\/d\/36592-2\/DSC06347.jpg'><img src=http:\/\/extra.inmontanis.info\/d\/36591-3\/DSC06347.jpg \/><\/a><\/p>\n<p><a href='http:\/\/extra.inmontanis.info\/d\/36596-2\/DSC06351.jpg'><img src=http:\/\/extra.inmontanis.info\/d\/36595-3\/DSC06351.jpg \/><\/a><br \/>\n^ Snaefell-Wagen 5 kommt wieder entgegen<\/p>\n<p><a href='http:\/\/extra.inmontanis.info\/d\/36600-2\/DSC06358.jpg'><img src=http:\/\/extra.inmontanis.info\/d\/36599-3\/DSC06358.jpg \/><\/a><br \/>\n^ Auch am Laxey Wheel kommt man vorbei<\/p>\n<p>Wieder unten traf ich in Laxey zuf\u00e4llig auf eine der ganz alten Tram-Wagen, also lt. Fahrplan sollten Wagen 1 oder 2 nach Mittag einmal von Douglas nach Ramsey und retour fahren. Dies in meine Planungen heute oder morgen einzubauen, war schon sehr schwierig. Da sie aber gerade da stand und auf eine fr\u00fchere Fahrt nach Douglas runter fuhr, bin ich halt das auch noch gefahren und wieder Laxey retour. Der Wagen 2 klappert und wackelt nochmal st\u00e4rker als die anderen, siehe Video :)<\/p>\n<p><a href='http:\/\/extra.inmontanis.info\/d\/36604-2\/DSC06359.jpg'><img src=http:\/\/extra.inmontanis.info\/d\/36603-3\/DSC06359.jpg \/><\/a><br \/>\n^ Wieder in Laxey, warten Wagen 2+47 der MER auf ihre Fahrt nach Douglas. Wenigsten ein Foto musste ich in s\/w bringen &#8230;<\/p>\n<p><a href='http:\/\/extra.inmontanis.info\/d\/36608-2\/DSC06362.jpg'><img src=http:\/\/extra.inmontanis.info\/d\/36607-3\/DSC06362.jpg \/><\/a><br \/>\n^ Wagen 47<\/p>\n<p><a href='http:\/\/extra.inmontanis.info\/d\/36612-2\/DSC06363.jpg'><img src=http:\/\/extra.inmontanis.info\/d\/36611-3\/DSC06363.jpg \/><\/a><br \/>\n^ Wagen 47, offene Bauweise mit eine Art Rolltor zum Schlie\u00dfen bei Bedarf (z.B. wenn im hintersten Abteil ein Kinderwagen geparkt wird)<\/p>\n<p><a href='http:\/\/extra.inmontanis.info\/d\/36616-2\/DSC06364.jpg'><img src=http:\/\/extra.inmontanis.info\/d\/36615-3\/DSC06364.jpg \/><\/a><br \/>\n^ Manx Electric zwischen Laxey und Douglas. Es war verdammt kalt und windig in diesen offenen Wagen. Daf\u00fcr hat man eine ungest\u00f6rte Sicht.<\/p>\n<p><a href='http:\/\/extra.inmontanis.info\/d\/36620-2\/DSC06371.jpg'><img src=http:\/\/extra.inmontanis.info\/d\/36619-3\/DSC06371.jpg \/><\/a><br \/>\n^ Manx Electric, Station Groudle<\/p>\n<p><a href='http:\/\/extra.inmontanis.info\/d\/36624-2\/DSC06374.jpg'><img src=http:\/\/extra.inmontanis.info\/d\/36623-3\/DSC06374.jpg \/><\/a><br \/>\n^ Zwischen Groudle und Douglas. Links vom 40er Schild sieht man die Strecke der Groudle Glen Railway<\/p>\n<p><a href='http:\/\/extra.inmontanis.info\/d\/36628-2\/DSC06375.jpg'><img src=http:\/\/extra.inmontanis.info\/d\/36627-3\/DSC06375.jpg \/><\/a><br \/>\n^ Meerblick kurz vor Douglas. Die offenen Wagen haben seitlich keine Absicherungen (wie z.B. Seil oder Kette), was bei bis zu ca. 40 km\/h und starker Schaukelei f\u00fcr etwas Nervenkitzel sorgt, erst recht, wenn  Kinder in den Reihen vor mir mit ihrem Teddy spielen und ihn zum Fotografieren raus halten ;)<\/p>\n<p><a href='http:\/\/extra.inmontanis.info\/d\/36632-2\/DSC06379.jpg'><img src=http:\/\/extra.inmontanis.info\/d\/36631-3\/DSC06379.jpg \/><\/a><br \/>\n^ Douglas<\/p>\n<p><a href='http:\/\/extra.inmontanis.info\/d\/36636-2\/DSC06383.jpg'><img src=http:\/\/extra.inmontanis.info\/d\/36635-3\/DSC06383.jpg \/><\/a><br \/>\n^ MER, Wagen 47<\/p>\n<p><a href='http:\/\/extra.inmontanis.info\/d\/36640-2\/DSC06385.jpg'><img src=http:\/\/extra.inmontanis.info\/d\/36639-3\/DSC06385.jpg \/><\/a><br \/>\n^ MER Wagen 2 + 47; links die Pferde-Tram<\/p>\n<p><a href='http:\/\/extra.inmontanis.info\/d\/36644-2\/DSC06386.jpg'><img src=http:\/\/extra.inmontanis.info\/d\/36643-3\/DSC06386.jpg \/><\/a><br \/>\n^ Douglas, Endstation Derby Castle. Links die Pferde-Tram, rechts die Elektrische.<\/p>\n<p><a href='http:\/\/extra.inmontanis.info\/d\/36648-2\/DSC06387.jpg'><img src=http:\/\/extra.inmontanis.info\/d\/36647-3\/DSC06387.jpg \/><\/a><br \/>\n^ MER Wagen 2<\/p>\n<p><a href='http:\/\/extra.inmontanis.info\/d\/36652-2\/DSC06389.jpg'><img src=http:\/\/extra.inmontanis.info\/d\/36651-3\/DSC06389.jpg \/><\/a><br \/>\n^ MER Wagen 2, BJ 1893. Gef\u00e4llt mir von au\u00dfen besser als die Eckigen. Doppelst\u00f6ckige Trams, wie zu der Zeit in England Standard, gab es hier leider nie. <\/p>\n<p><a href='http:\/\/extra.inmontanis.info\/d\/36656-2\/DSC06390.jpg'><img src=http:\/\/extra.inmontanis.info\/d\/36655-3\/DSC06390.jpg \/><\/a><br \/>\n^ MER Wagen 2<\/p>\n<p><a href='http:\/\/extra.inmontanis.info\/d\/36660-2\/DSC06392.jpg'><img src=http:\/\/extra.inmontanis.info\/d\/36659-3\/DSC06392.jpg \/><\/a><br \/>\n^ MER Wagen 2. W\u00e4hrend der Fahrt schaukelt es so, dass sich nicht nur die F\u00fc\u00dfe der Bank bewegen, sondern auch andere Teile, die nicht fix mit dem Rest verschraubt scheinen ;-)<br \/>\n(siehe auch Video)<\/p>\n<p><a href='http:\/\/extra.inmontanis.info\/d\/36664-2\/DSC06396.jpg'><img src=http:\/\/extra.inmontanis.info\/d\/36663-3\/DSC06396.jpg \/><\/a><br \/>\n^ MER Wagen 2. T\u00fcr\u00f6ffnungsmechanismus wie bei allen Wagen hier, die Fenster sind lose schr\u00e4g im Rahmen und m\u00fcssen zum \u00d6ffnen kurz hochgehoben und vorne runtergelassen werden. Entsprechend klappert das w\u00e4hrend der Fahrt.<\/p>\n<p><a href='http:\/\/extra.inmontanis.info\/d\/36668-2\/DSC06398.jpg'><img src=http:\/\/extra.inmontanis.info\/d\/36667-3\/DSC06398.jpg \/><\/a><br \/>\n^ MER Wagen 2 + 47 vs. Meer<\/p>\n<p>Mein Video der heutigen Manx-Electric-Fahrten:<br \/>\n<object style=\"height: 500px; width: 900px\"><param name=\"movie\" value=\"http:\/\/www.youtube.com\/v\/Yhs7R6oIc7w\"><\/param><param name=\"wmode\" value=\"transparent\"><\/param><embed src=\"http:\/\/www.youtube.com\/v\/Yhs7R6oIc7w\" type=\"application\/x-shockwave-flash\" wmode=\"transparent\"  width=\"900\" height=\"480\"><\/embed><\/object><\/p>\n<p><a href='http:\/\/extra.inmontanis.info\/d\/36672-2\/DSC06400.jpg'><img src=http:\/\/extra.inmontanis.info\/d\/36671-3\/DSC06400.jpg \/><\/a><br \/>\n^ Snaefell Wagen 1 und MER Wagen 2 in Laxey<\/p>\n<p>Die folgenden Bilder sind auf meinen Weg nach Peel enstanden:<\/p>\n<p><a href='http:\/\/extra.inmontanis.info\/d\/36676-2\/DSC06415.jpg'><img src=http:\/\/extra.inmontanis.info\/d\/36675-3\/DSC06415.jpg \/><\/a><br \/>\n^ Zoom \u00fcber das Meer, vmtl. nach Irland<\/p>\n<p><a href='http:\/\/extra.inmontanis.info\/d\/36680-2\/DSC06407.jpg'><img src=http:\/\/extra.inmontanis.info\/d\/36679-3\/DSC06407.jpg \/><\/a><br \/>\n^ Snaefell von der Stra\u00dfe aus<\/p>\n<p><a href='http:\/\/extra.inmontanis.info\/d\/36684-2\/DSC06409.jpg'><img src=http:\/\/extra.inmontanis.info\/d\/36683-3\/DSC06409.jpg \/><\/a><br \/>\n^ Zoom Snaefell Mountain Tramway, von hier aus (Bungalow Station) sind es ca. 190 H\u00f6henmeter, insg. macht sie ca. 550 hm, der Gipfel liegt auf ca. 600 hm.<\/p>\n<p><a href='http:\/\/extra.inmontanis.info\/d\/36688-2\/DSC06417.jpg'><img src=http:\/\/extra.inmontanis.info\/d\/36687-3\/DSC06417.jpg \/><\/a><br \/>\n^ Zoom Snaefell Mountain Tramway<\/p>\n<p><a href='http:\/\/extra.inmontanis.info\/d\/36692-2\/DSC06414.jpg'><img src=http:\/\/extra.inmontanis.info\/d\/36691-3\/DSC06414.jpg \/><\/a><br \/>\n^ Zoom Snaefell Mountain Tramway<\/p>\n<p><a href='http:\/\/extra.inmontanis.info\/d\/36696-2\/DSC06412.jpg'><img src=http:\/\/extra.inmontanis.info\/d\/36695-3\/DSC06412.jpg \/><\/a><br \/>\n^ Zoom Snaefell Mountain Tramway (Bergstation)<\/p>\n<p>Nach dem Besuch des Museums in Peel usw. (siehe vorheriger Bericht) war noch die Abendfahrt auf den Snaefell geplant. Offiziell verkauft man das in einem Package mit einem Abendessen oben, aber mit Tages-\/Mehrtageskarten kann man auch so rauffahren. Muss dann halt mind. 1,5 Stunden auf die n\u00e4chste Tram talw\u00e4rts warten. Kann sich aber auch z.B. ein Eis im Restaurant oben kaufen. Und nat\u00fcrlich den Sonnenuntergang beobachten. Es fahren 2 Trams hinauf, um 18:25 und 19:15, die jeweils ca. 30 Minuten sp\u00e4ter oben ankommen. Hinunter fahren die Trams um 20:50 und 21:50.<\/p>\n<p>Hatte ja zuerst mal angedacht, von Ramsey aus zu starten, mit der Tram bis Laxey, dann Snaefell, runter und wieder reotur nach Ramsey, allerdings h\u00e4tte das dann nur funktioniert, wenn ich talw\u00e4rts die erste Snaefell-Bahn genommen h\u00e4tte, die kurz vor dem Sonnenuntergang fahren w\u00fcrde. Falls es also doch einen sch\u00f6nen Sonnenuntergang gibt, h\u00e4tte ich nicht mit der 2. fahren k\u00f6nnen, also verzichtete ich darauf und fuhr von Laxey aus rauf. Ich nahm also die 2. Tram und au\u00dfer mir war nur ein \u00e4lteres Ehepaar dabei, war also wieder einmal nicht wirklich gut gebucht.<\/p>\n<p>Am Gipfel angekommen war es dann doch wieder nicht viel mit Sonne, aber wenigstens besser als heute Morgen. Der Fast-360\u00b0 Meerblick ist schon cool. Irland und Schottland waren leicht zu sehen, England sp\u00e4testens mit IR. Allerdings war es doch recht kalt &#8211; sogar Handschuhe und Stirnband hatte ich an, so dass ich &#8211; wie wohl so gut wie alle anderen &#8211; mit der ersten Bahn wieder runter fuhr, die somit ziemlich voll war. Die 2. d\u00fcrfte aber dann wohl leer gefahren sein :-(<\/p>\n<p><a href='http:\/\/extra.inmontanis.info\/d\/36700-2\/DSC06485.jpg'><img src=http:\/\/extra.inmontanis.info\/d\/36699-3\/DSC06485.jpg \/><\/a><br \/>\n^ Snaefell Wagen 5 und Fell-Bremse<\/p>\n<p><a href='http:\/\/extra.inmontanis.info\/d\/36704-2\/DSC06490.jpg'><img src=http:\/\/extra.inmontanis.info\/d\/36703-3\/DSC06490.jpg \/><\/a><br \/>\n^ Snaefell Wagen 5 und MER Wagen 6<\/p>\n<p>Lt. Buch hatten die MER-Wagen rechts zu Beginn fr\u00fcher \u00fcbrigens auch so einen &#8220;Bow Collector&#8221;, einen &#8220;B\u00fcgelstromabnehmer&#8221;, wie die Snaefell aktuell links, bevor sie auf die &#8220;Trolley Poles&#8221;, die &#8220;Rollenstromabnehmer&#8221; umgestellt wurden. Ich find jedoch, dass die Trolley Poles eleganter und altmodischer aussehen, da die Bow Collector den modernen Pantographen optisch n\u00e4her stehen.<\/p>\n<p>Diese Bow Collectors, zumindest hier am Snaefell, sind starr (ohne Feder) montiert, die Stromleitung h\u00e4ngt eher lose (wie eben bei einer Stromleitung) und es ben\u00f6tigt beide B\u00f6gen, damit immer ein Kontakt sichergestellt ist. Trolley Poles scheiden aufgrund des oft starken Windes und der dadurch m\u00f6glichen Trolley-Pole-Entgleisung aus.<\/p>\n<p><a href='http:\/\/extra.inmontanis.info\/d\/36708-2\/DSC06493.jpg'><img src=http:\/\/extra.inmontanis.info\/d\/36707-3\/DSC06493.jpg \/><\/a><br \/>\n^ Snaefell Wagen 5<\/p>\n<p><a href='http:\/\/extra.inmontanis.info\/d\/36712-2\/DSC06495.jpg'><img src=http:\/\/extra.inmontanis.info\/d\/36711-3\/DSC06495.jpg \/><\/a><br \/>\n^ Snaefell Wagen 1+5 an der Gipfelstation. \u00dcbrigens, w\u00e4hrend auf Wagen 1 &#8220;Snaefell Mountain Tramway steht&#8221;, steht auf Wagen 5 &#8220;Snaefell Mountain Railway&#8221;.<\/p>\n<p><a href='http:\/\/extra.inmontanis.info\/d\/36716-2\/DSC06498.jpg'><img src=http:\/\/extra.inmontanis.info\/d\/36715-3\/DSC06498.jpg \/><\/a><br \/>\n^ Snaefell Wagen 1+5 an der Gipfelstation<\/p>\n<p><a href='http:\/\/extra.inmontanis.info\/d\/36720-2\/DSC06500.jpg'><img src=http:\/\/extra.inmontanis.info\/d\/36719-3\/DSC06500.jpg \/><\/a><br \/>\n^ Snaefell Wagen 5 und Meerblick<\/p>\n<p><a href='http:\/\/extra.inmontanis.info\/d\/36724-2\/DSC06502.jpg'><img src=http:\/\/extra.inmontanis.info\/d\/36723-3\/DSC06502.jpg \/><\/a><br \/>\n^ Snaefell Wagen 5 und Meerblick<\/p>\n<p><a href='http:\/\/extra.inmontanis.info\/d\/36728-2\/DSC02735.jpg'><img src=http:\/\/extra.inmontanis.info\/d\/36727-3\/DSC02735.jpg \/><\/a><br \/>\n^ IR-Pano zum Meer<\/p>\n<p><a href='http:\/\/extra.inmontanis.info\/d\/36732-2\/DSC06503.jpg'><img src=http:\/\/extra.inmontanis.info\/d\/36731-3\/DSC06503.jpg \/><\/a><br \/>\n^ Snaefell-Gipfelpano<\/p>\n<p><a href='http:\/\/extra.inmontanis.info\/d\/36736-2\/DSC06513.jpg'><img src=http:\/\/extra.inmontanis.info\/d\/36735-3\/DSC06513.jpg \/><\/a><br \/>\n^ Snaefell-Gipfelpano, der Sonnenuntergang findet \u00fcber Irland statt.<\/p>\n<p><a href='http:\/\/extra.inmontanis.info\/d\/36740-2\/DSC02759.jpg'><img src=http:\/\/extra.inmontanis.info\/d\/36739-3\/DSC02759.jpg \/><\/a><br \/>\n^ IR-Zoom Stausee, Meer und Irland<\/p>\n<p><a href='http:\/\/extra.inmontanis.info\/d\/36744-2\/DSC02739.jpg'><img src=http:\/\/extra.inmontanis.info\/d\/36743-3\/DSC02739.jpg \/><\/a><br \/>\n^ IR-Zoom \u00fcber das Meer nach Schottland<\/p>\n<p><a href='http:\/\/extra.inmontanis.info\/d\/36748-2\/DSC02741.jpg'><img src=http:\/\/extra.inmontanis.info\/d\/36747-3\/DSC02741.jpg \/><\/a><br \/>\n^ IR-Zoom \u00fcber das Meer nach England<\/p>\n<p><a href='http:\/\/extra.inmontanis.info\/d\/36752-2\/DSC06511.jpg'><img src=http:\/\/extra.inmontanis.info\/d\/36751-3\/DSC06511.jpg \/><\/a><br \/>\n^ Panoramatafel<\/p>\n<p><a href='http:\/\/extra.inmontanis.info\/d\/36756-2\/DSC06512.jpg'><img src=http:\/\/extra.inmontanis.info\/d\/36755-3\/DSC06512.jpg \/><\/a><br \/>\n^ Snaefell-Gipfelpano<\/p>\n<p><a href='http:\/\/extra.inmontanis.info\/d\/36760-2\/DSC02758.jpg'><img src=http:\/\/extra.inmontanis.info\/d\/36759-3\/DSC02758.jpg \/><\/a><br \/>\n^ Snaefell-Gipfelpano (IR)<\/p>\n<p><a href='http:\/\/extra.inmontanis.info\/d\/36764-2\/DSC02753.jpg'><img src=http:\/\/extra.inmontanis.info\/d\/36763-3\/DSC02753.jpg \/><\/a><br \/>\n^ Snaefell-Gipfelpano (IR)<\/p>\n<p><a href='http:\/\/extra.inmontanis.info\/d\/36768-2\/DSC02749-58_fused.jpg'><img src=http:\/\/extra.inmontanis.info\/d\/36767-3\/DSC02749-58_fused.jpg \/><\/a><br \/>\n^ 360\u00b0 Snaefell-Gipfelpano (IR)<\/p>\n<p><a href='http:\/\/extra.inmontanis.info\/d\/36772-2\/DSC02749-58b_fused.jpg'><img src=http:\/\/extra.inmontanis.info\/d\/36771-3\/DSC02749-58b_fused.jpg \/><\/a><br \/>\n^ 360\u00b0-Pano stereographisch gerendert. An sich unpassend, aber durch den Fotografen und weil die Panorama-Software ihn zuf\u00e4llig anatomisch korrekt gebeugt hat (siehe anderes Bild &#8211; er steht eigentlich gerade!), fand ich&#8217;s ganz witzig.<\/p>\n<p><a href='http:\/\/extra.inmontanis.info\/d\/36776-2\/DSC06514.jpg'><img src=http:\/\/extra.inmontanis.info\/d\/36775-3\/DSC06514.jpg \/><\/a><br \/>\n^ Snaefell-Bergstation<\/p>\n<p><a href='http:\/\/extra.inmontanis.info\/d\/36780-2\/DSC06517.jpg'><img src=http:\/\/extra.inmontanis.info\/d\/36779-3\/DSC06517.jpg \/><\/a><\/p>\n<p><a href='http:\/\/extra.inmontanis.info\/d\/36784-2\/DSC06518.jpg'><img src=http:\/\/extra.inmontanis.info\/d\/36783-3\/DSC06518.jpg \/><\/a><br \/>\n^ Snaefell-Wagen 5 in Laxey<\/p>\n<p>Mein Video der Snaefell-Fahrten:<br \/>\n<object style=\"height: 500px; width: 900px\"><param name=\"movie\" value=\"http:\/\/www.youtube.com\/v\/oVv4E8X9DHw\"><\/param><param name=\"wmode\" value=\"transparent\"><\/param><embed src=\"http:\/\/www.youtube.com\/v\/oVv4E8X9DHw\" type=\"application\/x-shockwave-flash\" wmode=\"transparent\"  width=\"900\" height=\"480\"><\/embed><\/object><\/p>\n<p>In Laxey angekommen entschied ich mich doch noch die Abendfahrt nach Ramsey und retour zu machen, auch hier nur 2 Mitfahrer + ich, 1 stieg auf der Strecke ein, retour dann nur der und ich, er stieg dann wieder an seinem Bahnhof aus, aber im Prinzip h\u00e4tte ich mir das wohl auch sparen k\u00f6nnen, man sieht nachts doch recht wenig ;-) Eine Erkennnis allerdings: Die K\u00fcstenstra\u00dfe zwischen Laxey und Ramsey schien mir noch sch\u00f6ner zu sein als von Laxey nach Douglas. Aber schade, dass das nicht mehr angenommen wird &#8211; das wird wohl nicht mehr lange stattfinden, wenn da so wenig fahren. Und der Tramfahrer hatte es auch ziemlich eilig, lt. GPS am iPhone 40 km\/h. Was sich nach nicht viel anh\u00f6rt, aber in so einer klapprigen alten Tram f\u00fchlt sich das schneller an als 120 im Auto ;)<\/p>\n<p><a href='http:\/\/extra.inmontanis.info\/d\/36788-2\/DSC06522.jpg'><img src=http:\/\/extra.inmontanis.info\/d\/36787-3\/DSC06522.jpg \/><\/a><br \/>\n^ MER-Wagen 19<\/p>\n<p><a href='http:\/\/extra.inmontanis.info\/d\/36792-2\/DSC06524.jpg'><img src=http:\/\/extra.inmontanis.info\/d\/36791-3\/DSC06524.jpg \/><\/a><br \/>\n^ Lichter auf der anderen Seite des Meeres (oder vielleicht auch nur eine Bohrinsel)<\/p>\n<p><a href='http:\/\/extra.inmontanis.info\/d\/36796-2\/DSC06539.jpg'><img src=http:\/\/extra.inmontanis.info\/d\/36795-3\/DSC06539.jpg \/><\/a><br \/>\n^ MER Wagen 19 in Ramsey vs. Mond (1,6 sec). Und endlich hab ich auch mal Ufos fotografiert :-)<\/p>\n<p>Auf dem Weg zum morgigen Ziel bin ich danach noch bis Port Erin gefahren, die Stra\u00dfen dorthin w\u00e4ren bei Tag sicher auch sch\u00f6n gewesen, in der Nacht hatte ich aber keinen brauchbaren Parkplatz gefunden, so dass ich erst in Port Erin \u00fcbernachtete und egtl. auch viel zu sp\u00e4t dran war.<\/p>\n<p>(Fortsetzung folgt.)<\/p>\n","protected":false},"excerpt":{"rendered":"<p>Sa, 13.8.2016 &#8211; Tag 3 &#8211; Teil 2: Isle of Man &#8211; Snaefell Mountain Tramway &#038; Manx Electric<\/p>\n<p>Nachdem ich mir den oberen Teil des Laxey Wheels zeitm\u00e4\u00dfig gespart hatte und somit etwas fr\u00fcher fertig war, parkte ich unten n\u00e4he des Bahnhofs (gratis). Snaefell sah man von hier aus nicht, aber es war doch recht <a href=\"http:\/\/blog.inmontanis.info\/?p=3938\">[&#8230;]<\/a><\/p>\n","protected":false},"author":1,"featured_media":0,"comment_status":"closed","ping_status":"closed","sticky":false,"template":"","format":"standard","meta":{"footnotes":""},"categories":[154,21,191,59],"tags":[102,90,100,37,45,40],"class_list":["post-3938","post","type-post","status-publish","format-standard","hentry","category-2016-08-trams-meer-uk-iom","category-britain","category-isle-of-man","category-nostalgie","tag-360-pano","tag-infrarot","tag-langzeitbelichtung","tag-meer","tag-see","tag-strasenbahn","odd"],"_links":{"self":[{"href":"http:\/\/blog.inmontanis.info\/index.php?rest_route=\/wp\/v2\/posts\/3938","targetHints":{"allow":["GET"]}}],"collection":[{"href":"http:\/\/blog.inmontanis.info\/index.php?rest_route=\/wp\/v2\/posts"}],"about":[{"href":"http:\/\/blog.inmontanis.info\/index.php?rest_route=\/wp\/v2\/types\/post"}],"author":[{"embeddable":true,"href":"http:\/\/blog.inmontanis.info\/index.php?rest_route=\/wp\/v2\/users\/1"}],"replies":[{"embeddable":true,"href":"http:\/\/blog.inmontanis.info\/index.php?rest_route=%2Fwp%2Fv2%2Fcomments&post=3938"}],"version-history":[{"count":2,"href":"http:\/\/blog.inmontanis.info\/index.php?rest_route=\/wp\/v2\/posts\/3938\/revisions"}],"predecessor-version":[{"id":3940,"href":"http:\/\/blog.inmontanis.info\/index.php?rest_route=\/wp\/v2\/posts\/3938\/revisions\/3940"}],"wp:attachment":[{"href":"http:\/\/blog.inmontanis.info\/index.php?rest_route=%2Fwp%2Fv2%2Fmedia&parent=3938"}],"wp:term":[{"taxonomy":"category","embeddable":true,"href":"http:\/\/blog.inmontanis.info\/index.php?rest_route=%2Fwp%2Fv2%2Fcategories&post=3938"},{"taxonomy":"post_tag","embeddable":true,"href":"http:\/\/blog.inmontanis.info\/index.php?rest_route=%2Fwp%2Fv2%2Ftags&post=3938"}],"curies":[{"name":"wp","href":"https:\/\/api.w.org\/{rel}","templated":true}]}}