{"id":3902,"date":"2016-08-07T19:03:02","date_gmt":"2016-08-07T17:03:02","guid":{"rendered":"http:\/\/blog.inmontanis.info\/?p=3902"},"modified":"2023-07-01T20:57:35","modified_gmt":"2023-07-01T18:57:35","slug":"hintertux-7-8-2016","status":"publish","type":"post","link":"http:\/\/blog.inmontanis.info\/?p=3902","title":{"rendered":"Hintertux, 7.8.2016"},"content":{"rendered":"<p><strong>So, 7.8.2016<\/strong><\/p>\n<p>Am Freitag hat&#8217;s einiges geschneit, bis runter zum TuxerFernerHaus. Gestern war lt. Webcam ganztags Nebel an der GefrorenenWand, die Nacht sollte kalt verlaufen, aber es blieb die Frage: Hart? Weich? Viel Neuschnee? Tiefschnee? Dann Allmountain. Leider die falsche Wahl. Es hatte mit sehr viel Wind geschneit. Offpiste oben unm\u00f6glich weil windgepresst, und unten unm\u00f6glich weil nass+schwer+pappig. Somit bin ich die TFH-Abfahrt auch nur 2x gefahren.<\/p>\n<p>Die Pisten waren an der GW bis Mittag hart (Racecarver w\u00e4re besser gewesen), am Olperer hier und da weicher, aber trotzdem bis Mittag teils gut fahrbar, au\u00dfer der Piste rechts vom SL, die war schon fr\u00fcher tiefer aufgeweicht. Schieben musste man in den Flachst\u00fccken nicht, selbst ohne viel Schuss kam man problemlos zu den Einstiegen. Ab 13 Uhr wurde es aber auch an der GW w\u00e4rmer und bremsig, so dass ich heute um 13:30 aufgeh\u00f6rt hab.<\/p>\n<p>(Fotos anklicken zum Vergr\u00f6\u00dfern)<\/p>\n<p><a href='http:\/\/ski.inmontanis.info\/d\/217529-2\/DSC05440.jpg'><img src=http:\/\/ski.inmontanis.info\/d\/217528-3\/DSC05440.jpg \/><\/a><br \/>\n^ Standard-Foto zum Olperer<\/p>\n<p><a href='http:\/\/ski.inmontanis.info\/d\/217533-2\/DSC05442.jpg'><img src=http:\/\/ski.inmontanis.info\/d\/217532-3\/DSC05442.jpg \/><\/a><br \/>\n^ GB3. \u00dcber den Wolken, aber kein klassisches Wolken-\/Nebelmeer-Bild heute.<\/p>\n<p><a href='http:\/\/ski.inmontanis.info\/d\/217537-2\/DSC05444.jpg'><img src=http:\/\/ski.inmontanis.info\/d\/217536-3\/DSC05444.jpg \/><\/a><br \/>\n^ Aussichtsterrasse<\/p>\n<p><a href='http:\/\/ski.inmontanis.info\/d\/217541-2\/DSC05448.jpg'><img src=http:\/\/ski.inmontanis.info\/d\/217540-3\/DSC05448.jpg \/><\/a><br \/>\n^ Standard-Foto zur Gefrorenen Wand. Sch\u00f6n, dass zur Abwechslung nicht \u00fcberall sonnig ist, aber hier die Wolken h\u00e4ngen, sondern \u00fcberall sonst die Wolken sind und es hier sonnig ist.<\/p>\n<p><a href='http:\/\/ski.inmontanis.info\/d\/217545-2\/DSC05451.jpg'><img src=http:\/\/ski.inmontanis.info\/d\/217544-3\/DSC05451.jpg \/><\/a><br \/>\n^ TFH-Hang Links<\/p>\n<p><a href='http:\/\/ski.inmontanis.info\/d\/217593-2\/DSC05452.jpg'><img src=http:\/\/ski.inmontanis.info\/d\/217592-3\/DSC05452.jpg \/><\/a><br \/>\n^ TFH-Hang Mitte<\/p>\n<p><a href='http:\/\/ski.inmontanis.info\/d\/217553-2\/DSC05454.jpg'><img src=http:\/\/ski.inmontanis.info\/d\/217552-3\/DSC05454.jpg \/><\/a><br \/>\n^ Die Zwischen-den-Gondeln-Varianten w\u00e4ren sogar vielleicht noch gegangen, aber der Neuschnee war leider m\u00fcllig.<\/p>\n<p><a href='http:\/\/ski.inmontanis.info\/d\/217557-2\/DSC05455.jpg'><img src=http:\/\/ski.inmontanis.info\/d\/217556-3\/DSC05455.jpg \/><\/a><br \/>\n^ Auch diese Variante h\u00e4tte schneem\u00e4\u00dfig vielleicht heute noch gereicht, wenn es keinen Neuschnee gegeben h\u00e4tte &#8211; so sieht man halt die ganzen Steine nicht und nebenbei ist er ziemlich unfahrbar. Dann halt erst im n\u00e4chsten Juli wieder.<\/p>\n<p><a href='http:\/\/ski.inmontanis.info\/d\/217561-2\/DSC05460.jpg'><img src=http:\/\/ski.inmontanis.info\/d\/217560-3\/DSC05460.jpg \/><\/a><br \/>\n^ GB3<\/p>\n<p><a href='http:\/\/ski.inmontanis.info\/d\/217565-2\/DSC05462.jpg'><img src=http:\/\/ski.inmontanis.info\/d\/217564-3\/DSC05462.jpg \/><\/a><br \/>\n^ GW-SL. Der Hang links nur zur H\u00e4lfte pr\u00e4pariert und als ich ihn gegen Mittag fuhr, war er wie schon die letzten Wochen schlechter als der Trainingshang rechts vom SL.<\/p>\n<p><a href='http:\/\/ski.inmontanis.info\/d\/217569-2\/DSC05466.jpg'><img src=http:\/\/ski.inmontanis.info\/d\/217568-3\/DSC05466.jpg \/><\/a><br \/>\n^ Der st\u00fcrmische Schneefall hinterlie\u00df interessante Muster auf den Steinen. Und gef\u00e4hrliche Krusten an den St\u00fctzen, die nach und nach runterfielen.<\/p>\n<p><a href='http:\/\/ski.inmontanis.info\/d\/217573-2\/DSC05467.jpg'><img src=http:\/\/ski.inmontanis.info\/d\/217572-3\/DSC05467.jpg \/><\/a><br \/>\n^ Wenn Steine B\u00e4rte kriegen.<\/p>\n<p><a href='http:\/\/ski.inmontanis.info\/d\/217577-2\/DSC05468.jpg'><img src=http:\/\/ski.inmontanis.info\/d\/217576-3\/DSC05468.jpg \/><\/a><br \/>\n^ Unter der DSB sah es eher so aus, als h\u00e4tte einer eine Ladung Schaum hingespritzt, wie bei einem schlechten Film, wo Schaum als Schnee-Ersatz verwendet wird ;)<\/p>\n<p><a href='http:\/\/ski.inmontanis.info\/d\/217581-2\/DSC05472.jpg'><img src=http:\/\/ski.inmontanis.info\/d\/217580-3\/DSC05472.jpg \/><\/a><br \/>\n^ Wie schon in den Vorwochen sind die Parkpl\u00e4tze gut gef\u00fcllt. Au\u00dfer in der Tiefgarage, da ist immer viel Platz.<\/p>\n<p><a href='http:\/\/ski.inmontanis.info\/d\/217589-2\/ge20160717-0807.jpg'><img src=http:\/\/ski.inmontanis.info\/d\/217588-3\/ge20160717-0807.jpg \/><\/a><br \/>\n^ GPS-Tracks der letzten 4 Besuche: Gelb 17.7., Gr\u00fcn 23.7., Rot 30.7., Blau 7.8.<\/p>\n","protected":false},"excerpt":{"rendered":"<p>So, 7.8.2016<\/p>\n<p>Am Freitag hat&#8217;s einiges geschneit, bis runter zum TuxerFernerHaus. Gestern war lt. Webcam ganztags Nebel an der GefrorenenWand, die Nacht sollte kalt verlaufen, aber es blieb die Frage: Hart? Weich? Viel Neuschnee? Tiefschnee? Dann Allmountain. Leider die falsche Wahl. Es hatte mit sehr viel Wind geschneit. Offpiste oben unm\u00f6glich weil windgepresst, und unten <a href=\"http:\/\/blog.inmontanis.info\/?p=3902\">[&#8230;]<\/a><\/p>\n","protected":false},"author":1,"featured_media":0,"comment_status":"closed","ping_status":"closed","sticky":false,"template":"","format":"standard","meta":{"footnotes":""},"categories":[246,25,13,28],"tags":[72,53,47],"class_list":["post-3902","post","type-post","status-publish","format-standard","hentry","category-hintertux","category-noreport","category-austria","category-skifahren-sommer","tag-10eub","tag-8eub","tag-sl","odd"],"_links":{"self":[{"href":"http:\/\/blog.inmontanis.info\/index.php?rest_route=\/wp\/v2\/posts\/3902","targetHints":{"allow":["GET"]}}],"collection":[{"href":"http:\/\/blog.inmontanis.info\/index.php?rest_route=\/wp\/v2\/posts"}],"about":[{"href":"http:\/\/blog.inmontanis.info\/index.php?rest_route=\/wp\/v2\/types\/post"}],"author":[{"embeddable":true,"href":"http:\/\/blog.inmontanis.info\/index.php?rest_route=\/wp\/v2\/users\/1"}],"replies":[{"embeddable":true,"href":"http:\/\/blog.inmontanis.info\/index.php?rest_route=%2Fwp%2Fv2%2Fcomments&post=3902"}],"version-history":[{"count":2,"href":"http:\/\/blog.inmontanis.info\/index.php?rest_route=\/wp\/v2\/posts\/3902\/revisions"}],"predecessor-version":[{"id":3904,"href":"http:\/\/blog.inmontanis.info\/index.php?rest_route=\/wp\/v2\/posts\/3902\/revisions\/3904"}],"wp:attachment":[{"href":"http:\/\/blog.inmontanis.info\/index.php?rest_route=%2Fwp%2Fv2%2Fmedia&parent=3902"}],"wp:term":[{"taxonomy":"category","embeddable":true,"href":"http:\/\/blog.inmontanis.info\/index.php?rest_route=%2Fwp%2Fv2%2Fcategories&post=3902"},{"taxonomy":"post_tag","embeddable":true,"href":"http:\/\/blog.inmontanis.info\/index.php?rest_route=%2Fwp%2Fv2%2Ftags&post=3902"}],"curies":[{"name":"wp","href":"https:\/\/api.w.org\/{rel}","templated":true}]}}