{"id":3898,"date":"2016-07-30T21:57:06","date_gmt":"2016-07-30T19:57:06","guid":{"rendered":"http:\/\/blog.inmontanis.info\/?p=3898"},"modified":"2023-07-01T20:57:35","modified_gmt":"2023-07-01T18:57:35","slug":"hintertux-30-7-2016","status":"publish","type":"post","link":"http:\/\/blog.inmontanis.info\/?p=3898","title":{"rendered":"Hintertux, 30.7.2016"},"content":{"rendered":"<p><strong>Sa, 30.7.2016<\/strong><\/p>\n<p>Die Gefrorene Wand war heute morgen zur Abwechslung mal wieder richtig gefroren. Obwohl die letzten Webcambilder von gestern noch Nebel zeigten, muss es also doch noch rechtzeitig aufgeklart haben. Positiv wird sich auch auswirken, dass die Sonne schon wieder einen Monat tiefer steht und sp\u00e4ter aufgeht, so dass die H\u00e4nge morgens l\u00e4nger im Schatten sind. Klar war es aber wohl nur ganz am Morgen, denn als ich (Bergfahrt um ca. 8:45 Uhr) oben war, waren schon einige Wolken da, nachmittags wurden es dann mehr, aber es blieb trocken. Nachmittagstemperatur an der Bergstation: +8\u00b0<\/p>\n<p>Wie \u00fcblich fuhr ich erst ein paar mal am Olperer-SL, ging ganz gut, nur die Flachst\u00fccke waren wieder einmal nur mit Schieben zu meistern. Ansonsten war ich die meiste Zeit wieder im Offpistebereich zwischen den Gondeln unterwegs (mit Auffahrt 10EUB+DSB), da s\u00e4mtliche Varianten wohl n\u00e4chste Woche nicht mehr m\u00f6glich sein werden. Nach 15 Uhr bin ich noch 2x den GB3 gefahren (DSB dann nur noch mit abgeschnallten Ski fahrbar), die letzte Abfahrt um 15:30 hab ich nochmal &#8211; haupts\u00e4chlich &#8211; auf der Piste gemacht.<\/p>\n<p>Glaub das war heute bisher der beste Tag am Hintertuxer in diesem Jahr, aber jedenfalls sehr anstrengend. Zwei Tage hintereinander halt ich das glaub ich nicht durch ;-)<\/p>\n<p>(Fotos anklicken zum Vergr\u00f6\u00dfern)<\/p>\n<p><a href='http:\/\/ski.inmontanis.info\/d\/217416-2\/DSC05371.jpg'><img src=http:\/\/ski.inmontanis.info\/d\/217415-3\/DSC05371.jpg \/><\/a><br \/>\n^ Standard-Foto von Sektion 1 (zum Gl\u00fcck ist wieder die 8EUB in Betrieb, da kann man das Fenster \u00f6ffnen)<\/p>\n<p><a href='http:\/\/ski.inmontanis.info\/d\/217420-2\/DSC05373.jpg'><img src=http:\/\/ski.inmontanis.info\/d\/217419-3\/DSC05373.jpg \/><\/a><br \/>\n^ TFH-Hang rechts und Ende der Abfahrt. Heute war mehr Fu\u00dfweg angesagt.<\/p>\n<p><a href='http:\/\/ski.inmontanis.info\/d\/217424-2\/DSC05378.jpg'><img src=http:\/\/ski.inmontanis.info\/d\/217423-3\/DSC05378.jpg \/><\/a><br \/>\n^ Standard Olperer von GW (heute meinerseits kein wolkenloses Foto m\u00f6glich gewesen)<\/p>\n<p><a href='http:\/\/ski.inmontanis.info\/d\/217432-2\/DSC05380.jpg'><img src=http:\/\/ski.inmontanis.info\/d\/217431-3\/DSC05380.jpg \/><\/a><br \/>\n^ Morgens nett, die blaue am Olperer<\/p>\n<p><a href='http:\/\/ski.inmontanis.info\/d\/217436-2\/DSC05381.jpg'><img src=http:\/\/ski.inmontanis.info\/d\/217435-3\/DSC05381.jpg \/><\/a><br \/>\n^ Rechter Trainingshang an der GW schon etliches an Eis<\/p>\n<p><a href='http:\/\/ski.inmontanis.info\/d\/217440-2\/DSC05382.jpg'><img src=http:\/\/ski.inmontanis.info\/d\/217439-3\/DSC05382.jpg \/><\/a><br \/>\n^ Erstaunlich, letzte Woche war alles aufgebaggert f\u00fcr die St\u00fctzenversetzung und heute schon nichts mehr erkennbar &#8211; Schnee samt Sand und Dreck gleichm\u00e4\u00dfig<\/p>\n<p><a href='http:\/\/ski.inmontanis.info\/d\/217444-2\/DSC05383.jpg'><img src=http:\/\/ski.inmontanis.info\/d\/217443-3\/DSC05383.jpg \/><\/a><br \/>\n^ Oberer Kasererweg. K\u00f6nnte nun doch ein bisschen tiefer gelegt werden.<\/p>\n<p><a href='http:\/\/ski.inmontanis.info\/d\/217448-2\/DSC05387.jpg'><img src=http:\/\/ski.inmontanis.info\/d\/217447-3\/DSC05387.jpg \/><\/a><br \/>\n^ TFH-Hang mitte. Der Bereich links der Vermattung unten geht heuer schon die ganze Zeit nicht wirklich gut, da nicht richtig kompakt und viele L\u00f6cher drin von Schneeverschiebungen etc. &#8211; das war in den Vorjahren immer besser. Und bisher ist der Unterschied mit\/ohne Vermattung auch noch nicht wirklich lohnenswert.<\/p>\n<p><a href='http:\/\/ski.inmontanis.info\/d\/217452-2\/DSC05388.jpg'><img src=http:\/\/ski.inmontanis.info\/d\/217451-3\/DSC05388.jpg \/><\/a><br \/>\n^ Offpiste zwischen den Gondeln. Wird n\u00e4chstes WE nicht mehr m\u00f6glich sein.<\/p>\n<p><a href='http:\/\/ski.inmontanis.info\/d\/217456-2\/DSC05389.jpg'><img src=http:\/\/ski.inmontanis.info\/d\/217455-3\/DSC05389.jpg \/><\/a><br \/>\n^ Zufahrt DSB, haufen Schnee, aktuell noch nicht mal auf Vermattungsniveau. Oben dagegen ist die Schneeauflage nicht mehr sehr dick. Wenn da nicht regelm\u00e4\u00dfig Schnee verschoben wird, wird man bald (n\u00e4chstes WE) nicht mehr mit angeschnallten Skiern bergauf fahren k\u00f6nnen.<\/p>\n<p><a href='http:\/\/ski.inmontanis.info\/d\/217460-2\/DSC05393.jpg'><img src=http:\/\/ski.inmontanis.info\/d\/217459-3\/DSC05393.jpg \/><\/a><br \/>\n^ Offpiste zwischen den Gondeln.<\/p>\n<p><a href='http:\/\/ski.inmontanis.info\/d\/217464-2\/DSC05395.jpg'><img src=http:\/\/ski.inmontanis.info\/d\/217463-3\/DSC05395.jpg \/><\/a><br \/>\n^ Offpiste zwischen den Gondeln.<\/p>\n<p><a href='http:\/\/ski.inmontanis.info\/d\/217468-2\/DSC05398.jpg'><img src=http:\/\/ski.inmontanis.info\/d\/217467-3\/DSC05398.jpg \/><\/a><br \/>\n^ Gegen 11 Uhr der beste Hang des Tages: Abfahrt an der DSB<\/p>\n<p><a href='http:\/\/ski.inmontanis.info\/d\/217472-2\/DSC05400.jpg'><img src=http:\/\/ski.inmontanis.info\/d\/217471-3\/DSC05400.jpg \/><\/a><br \/>\n^ Offpiste (Steilrinne) (also, eher Steil als Rinne)<\/p>\n<p><a href='http:\/\/ski.inmontanis.info\/d\/217476-2\/DSC05402.jpg'><img src=http:\/\/ski.inmontanis.info\/d\/217475-3\/DSC05402.jpg \/><\/a><br \/>\n^ Offpiste (Steilrinne). Zufahrt wird n\u00e4chstes WE wohl nicht mehr m\u00f6glich sein.<\/p>\n<p><a href='http:\/\/ski.inmontanis.info\/d\/217480-2\/DSC05403.jpg'><img src=http:\/\/ski.inmontanis.info\/d\/217479-3\/DSC05403.jpg \/><\/a><br \/>\n^ Offpiste<\/p>\n<p><a href='http:\/\/ski.inmontanis.info\/d\/217484-2\/DSC05405.jpg'><img src=http:\/\/ski.inmontanis.info\/d\/217483-3\/DSC05405.jpg \/><\/a><br \/>\n^ Wasserkan\u00e4le<\/p>\n<p><a href='http:\/\/ski.inmontanis.info\/d\/217488-2\/DSC05407.jpg'><img src=http:\/\/ski.inmontanis.info\/d\/217487-3\/DSC05407.jpg \/><\/a><br \/>\n^ Wasserkan\u00e4le<\/p>\n<p><a href='http:\/\/ski.inmontanis.info\/d\/217525-2\/DSC05408.jpg'><img src=http:\/\/ski.inmontanis.info\/d\/217524-3\/DSC05408.jpg \/><\/a><br \/>\n^ Offpiste (Steilrinne) &#8211; R\u00fcckblick nach der 2. Fahrt heute. Mein Lieblingsoffpistehang im Juli.<\/p>\n<p><a href='http:\/\/ski.inmontanis.info\/d\/217493-2\/DSC05411.jpg'><img src=http:\/\/ski.inmontanis.info\/d\/217492-3\/DSC05411.jpg \/><\/a><br \/>\n^ TFH-Hang links (nach 2 Abfahrten links und 2 Abfahrten rechts; au\u00dfer mir war mal wieder keiner unterwegs). Die Felsdurchfahrten werden wohl n\u00e4chste Woche nicht mehr m\u00f6glich sein, und die Spalte kommt auch langsam.<\/p>\n<p><a href='http:\/\/ski.inmontanis.info\/d\/217497-2\/DSC05412.jpg'><img src=http:\/\/ski.inmontanis.info\/d\/217496-3\/DSC05412.jpg \/><\/a><br \/>\n^ Offpiste (Steilrinne), wird in ein paar Tagen auch nicht mehr m\u00f6glich sein.<\/p>\n<p><a href='http:\/\/ski.inmontanis.info\/d\/217501-2\/DSC05413.jpg'><img src=http:\/\/ski.inmontanis.info\/d\/217500-3\/DSC05413.jpg \/><\/a><br \/>\n^ Offpiste (Steilrinne). Lagen auch einige Steine auf dem Schnee.<\/p>\n<p><a href='http:\/\/ski.inmontanis.info\/d\/217505-2\/DSC05416.jpg'><img src=http:\/\/ski.inmontanis.info\/d\/217504-3\/DSC05416.jpg \/><\/a><br \/>\n^ \u00c4h, warum hat man die alte (Zugspitz-) Gondel denn jetzt ausgerechnet hier hin gestellt??<\/p>\n<p><a href='http:\/\/ski.inmontanis.info\/d\/217509-2\/DSC05417.jpg'><img src=http:\/\/ski.inmontanis.info\/d\/217508-3\/DSC05417.jpg \/><\/a><br \/>\n^ L\u00e4rmstange 2 \/ Kaserer<\/p>\n<p><a href='http:\/\/ski.inmontanis.info\/d\/217513-2\/DSC05420.jpg'><img src=http:\/\/ski.inmontanis.info\/d\/217512-3\/DSC05420.jpg \/><\/a><br \/>\n^ Bereits um 13:40 (wie auch letzte Woche) wurden die GW-Trainingsh\u00e4nge pr\u00e4pariert. Schade, war nachmittags mit der DSB fr\u00fcher immer noch eine nette Abwechslung.<\/p>\n<p>Bin mir auch nicht sicher, ob das die Schneeverh\u00e4ltnisse viel besser macht, wenn man das so fr\u00fch macht, denn das &#8220;\/\\\/\\\/\\&#8221;-Profil f\u00e4llt bis zur Nacht doch wieder etwas in sich zusammen und der Schnee w\u00fcrde doch vermutlich besser gefrieren, wenn das Profil noch ausgepr\u00e4gter w\u00e4re?<\/p>\n<p><a href='http:\/\/ski.inmontanis.info\/d\/217517-2\/DSC05423.jpg'><img src=http:\/\/ski.inmontanis.info\/d\/217516-3\/DSC05423.jpg \/><\/a><br \/>\n^ Fundamente Ex-Sektion 3 (wenn man schon grad drunter steht)<\/p>\n<p><a href='http:\/\/ski.inmontanis.info\/d\/217521-2\/DSC05424.jpg'><img src=http:\/\/ski.inmontanis.info\/d\/217520-3\/DSC05424.jpg \/><\/a><br \/>\n^ Offpiste<\/p>\n<p>Hatte heute zwar nicht die kleine Actioncam dabei und auch nicht meinen Stativstecken, aber ein kurzes Filmchen vom Offpistebereich musste ich doch nochmal machen, wenn es schon das letzte Mal diese Saison hier sein wird&#8230;<\/p>\n<p><object style=\"height: 500px; width: 900px\"><param name=\"movie\" value=\"http:\/\/www.youtube.com\/v\/gCcNa-wWcyk\"><\/param><param name=\"wmode\" value=\"transparent\"><\/param><embed src=\"http:\/\/www.youtube.com\/v\/gCcNa-wWcyk\" type=\"application\/x-shockwave-flash\" wmode=\"transparent\"  width=\"900\" height=\"480\"><\/embed><\/object><\/p>\n","protected":false},"excerpt":{"rendered":"<p>Sa, 30.7.2016<\/p>\n<p>Die Gefrorene Wand war heute morgen zur Abwechslung mal wieder richtig gefroren. Obwohl die letzten Webcambilder von gestern noch Nebel zeigten, muss es also doch noch rechtzeitig aufgeklart haben. Positiv wird sich auch auswirken, dass die Sonne schon wieder einen Monat tiefer steht und sp\u00e4ter aufgeht, so dass die H\u00e4nge morgens l\u00e4nger im <a href=\"http:\/\/blog.inmontanis.info\/?p=3898\">[&#8230;]<\/a><\/p>\n","protected":false},"author":1,"featured_media":0,"comment_status":"closed","ping_status":"closed","sticky":false,"template":"","format":"standard","meta":{"footnotes":""},"categories":[246,25,13,28],"tags":[72,38,78,47],"class_list":["post-3898","post","type-post","status-publish","format-standard","hentry","category-hintertux","category-noreport","category-austria","category-skifahren-sommer","tag-10eub","tag-dsb","tag-restschnee","tag-sl","odd"],"_links":{"self":[{"href":"http:\/\/blog.inmontanis.info\/index.php?rest_route=\/wp\/v2\/posts\/3898","targetHints":{"allow":["GET"]}}],"collection":[{"href":"http:\/\/blog.inmontanis.info\/index.php?rest_route=\/wp\/v2\/posts"}],"about":[{"href":"http:\/\/blog.inmontanis.info\/index.php?rest_route=\/wp\/v2\/types\/post"}],"author":[{"embeddable":true,"href":"http:\/\/blog.inmontanis.info\/index.php?rest_route=\/wp\/v2\/users\/1"}],"replies":[{"embeddable":true,"href":"http:\/\/blog.inmontanis.info\/index.php?rest_route=%2Fwp%2Fv2%2Fcomments&post=3898"}],"version-history":[{"count":3,"href":"http:\/\/blog.inmontanis.info\/index.php?rest_route=\/wp\/v2\/posts\/3898\/revisions"}],"predecessor-version":[{"id":3901,"href":"http:\/\/blog.inmontanis.info\/index.php?rest_route=\/wp\/v2\/posts\/3898\/revisions\/3901"}],"wp:attachment":[{"href":"http:\/\/blog.inmontanis.info\/index.php?rest_route=%2Fwp%2Fv2%2Fmedia&parent=3898"}],"wp:term":[{"taxonomy":"category","embeddable":true,"href":"http:\/\/blog.inmontanis.info\/index.php?rest_route=%2Fwp%2Fv2%2Fcategories&post=3898"},{"taxonomy":"post_tag","embeddable":true,"href":"http:\/\/blog.inmontanis.info\/index.php?rest_route=%2Fwp%2Fv2%2Ftags&post=3898"}],"curies":[{"name":"wp","href":"https:\/\/api.w.org\/{rel}","templated":true}]}}