{"id":3893,"date":"2016-07-23T20:59:41","date_gmt":"2016-07-23T18:59:41","guid":{"rendered":"http:\/\/blog.inmontanis.info\/?p=3893"},"modified":"2023-07-01T20:57:35","modified_gmt":"2023-07-01T18:57:35","slug":"hintertux-23-7-2016","status":"publish","type":"post","link":"http:\/\/blog.inmontanis.info\/?p=3893","title":{"rendered":"Hintertux, 23.7.2016"},"content":{"rendered":"<p><strong>Sa, 23.7.2016<\/strong><\/p>\n<p>Dieses Wochenende Samstag oder Sonntag nach Hintertux? Die Vorhersagen sprachen eher f\u00fcr Samstag, wobei es nicht wirklich eindeutig war. Im Nachhinein betrachtet gab es am Samstag leider auch vormittags praktisch keine Sonne, da w\u00e4re es am Sonntag doch besser gewesen. <\/p>\n<p>Von der Sicht her war&#8217;s aber gut, und da man ja nicht wei\u00df, wie es n\u00e4chste Woche sein wird, hab ich diesmal einige Abfahrten (zumeist Offpiste) gefilmt.<\/p>\n<p>Schnee war morgens (5\u00b0C an der Bergstation) schon relativ bremsig, aber immerhin gleichm\u00e4\u00dfig und nicht stockig. Da war die eine Olperer-Abfahrt letztes WE vom Schnee her besser. Aber mit dem ganzen Sand wird das heuer auch nicht mehr besser, au\u00dfer dann im Sp\u00e4taugust, wenn der Schnee weg ist ;) <\/p>\n<p>Allerdings war ich eh fast wieder nur Offpiste unterwegs. Da ist es dann angenehmer, wenn es weicher ist.<\/p>\n<p>(Fotos anklicken zum Vergr\u00f6\u00dfern)<\/p>\n<p><a href='http:\/\/ski.inmontanis.info\/d\/217368-2\/DSC05351.jpg'><img src=http:\/\/ski.inmontanis.info\/d\/217367-3\/DSC05351.jpg \/><\/a><br \/>\n^ Standard-Blick von der Sektion 1. Wenn der GB1 statt der 8EUB f\u00e4hrt, ist das Foto leider immer m\u00fcllig, da kein Fenster zu \u00f6ffnen.<\/p>\n<p><a href='http:\/\/ski.inmontanis.info\/d\/217372-2\/DSC05353.jpg'><img src=http:\/\/ski.inmontanis.info\/d\/217371-3\/DSC05353.jpg \/><\/a><br \/>\n^ TFH-Hang links. Den Spuren nach waren in den letzten Tagen einige im Offpistebereich links unterwegs.<\/p>\n<p>Vergleich zum 26.7.2015:<br \/>\n<a href='http:\/\/ski.inmontanis.info\/d\/202945-3\/DSC01111.jpg'><img src=http:\/\/ski.inmontanis.info\/d\/202944-4\/DSC01111.jpg \/><\/a><br \/>\n^ 26.7.2015<\/p>\n<p><a href='http:\/\/ski.inmontanis.info\/d\/217376-2\/DSC05355.jpg'><img src=http:\/\/ski.inmontanis.info\/d\/217375-3\/DSC05355.jpg \/><\/a><br \/>\n^ Standard-Foto GW -> Olperer<\/p>\n<p><a href='http:\/\/ski.inmontanis.info\/d\/217380-2\/DSC05356.jpg'><img src=http:\/\/ski.inmontanis.info\/d\/217379-3\/DSC05356.jpg \/><\/a><br \/>\n^ Standard-Foto O -> Gefrorene Wand<\/p>\n<p><a href='http:\/\/ski.inmontanis.info\/d\/217384-2\/DSC05357.jpg'><img src=http:\/\/ski.inmontanis.info\/d\/217383-3\/DSC05357.jpg \/><\/a><br \/>\n^ Oberer Kasererweg. Also doch nur eine Verbreiterung, keine Tieferlegung.<\/p>\n<p><a href='http:\/\/ski.inmontanis.info\/d\/217388-2\/DSC05358.jpg'><img src=http:\/\/ski.inmontanis.info\/d\/217387-3\/DSC05358.jpg \/><\/a><br \/>\n^ TFH-Hang rechts<\/p>\n<p><a href='http:\/\/ski.inmontanis.info\/d\/217392-2\/DSC05359.jpg'><img src=http:\/\/ski.inmontanis.info\/d\/217391-3\/DSC05359.jpg \/><\/a><br \/>\n^ In der netten Steilrinne (bzw. im \u00dcbergang) k\u00f6nnte der Schnee noch n\u00e4chstes WE reichen. Ob es in 2 Wochen noch reicht, ist allerdings fraglich. Letztes Jahr war es schon bei meinem Besuch am 26.7. nicht mehr m\u00f6glich.<\/p>\n<p><a href='http:\/\/ski.inmontanis.info\/d\/217396-2\/DSC05360.jpg'><img src=http:\/\/ski.inmontanis.info\/d\/217395-3\/DSC05360.jpg \/><\/a><br \/>\n^ Graben richtung Schlegeis<\/p>\n<p><a href='http:\/\/ski.inmontanis.info\/d\/217400-2\/DSC05362.jpg'><img src=http:\/\/ski.inmontanis.info\/d\/217399-3\/DSC05362.jpg \/><\/a><br \/>\n^ Heute gro\u00dfe St\u00fctzenversetzungsarbeiten am Olperer. Auch im Video.<\/p>\n<p><a href='http:\/\/ski.inmontanis.info\/d\/217404-2\/DSC05364.jpg'><img src=http:\/\/ski.inmontanis.info\/d\/217403-3\/DSC05364.jpg \/><\/a><br \/>\n^ St\u00fctzenversetzungsarbeiten am Olperer.<\/p>\n<p><a href='http:\/\/ski.inmontanis.info\/d\/217408-2\/DSC05366.jpg'><img src=http:\/\/ski.inmontanis.info\/d\/217407-3\/DSC05366.jpg \/><\/a><br \/>\n^ St\u00fctzenversetzungsarbeiten am Olperer.<\/p>\n<p><a href='http:\/\/ski.inmontanis.info\/d\/217412-2\/DSC05369.jpg'><img src=http:\/\/ski.inmontanis.info\/d\/217411-3\/DSC05369.jpg \/><\/a><br \/>\n^ TFH-Hang mitte<\/p>\n<p>26.7.2015:<br \/>\n<a href='http:\/\/ski.inmontanis.info\/d\/202949-3\/DSC01112.jpg'><img src=http:\/\/ski.inmontanis.info\/d\/202948-4\/DSC01112.jpg \/><\/a><br \/>\n^ 26.7.2015<\/p>\n<p><a href='http:\/\/ski.inmontanis.info\/d\/216484-3\/tux_scanS2_1998pre07.jpg'><img src=http:\/\/ski.inmontanis.info\/d\/216483-4\/tux_scanS2_1998pre07.jpg \/><\/a><br \/>\n^ Genauer Tag unbekannt, evtl. 31.8.1997, 29.5.1997 oder 26.7.1996.<br \/>\n(Von der Schneemenge und dem Schneezustand her w\u00fcrde ich ja noch am ehesten auf den Juli-Termin tippen, falls das Foto denn \u00fcberhaupt von einem Skitag von mir gemacht wurde. Hatte ich schon 2013 gescannt und w\u00e4re somit mein \u00e4ltestes Vergleichsfoto von diesem Bereich.)<\/p>\n<p>Und ein l\u00e4ngerer Film mit einigen Pisten und viel Offpistevarianten, zudem die St\u00fctzenversetzungsarbeiten am Olperer:<br \/>\n<object style=\"height: 500px; width: 900px\"><param name=\"movie\" value=\"http:\/\/www.youtube.com\/v\/AXKwKlGHpSc\"><\/param><param name=\"wmode\" value=\"transparent\"><\/param><embed src=\"http:\/\/www.youtube.com\/v\/AXKwKlGHpSc\" type=\"application\/x-shockwave-flash\" wmode=\"transparent\"  width=\"900\" height=\"480\"><\/embed><\/object><\/p>\n","protected":false},"excerpt":{"rendered":"<p>Sa, 23.7.2016<\/p>\n<p>Dieses Wochenende Samstag oder Sonntag nach Hintertux? Die Vorhersagen sprachen eher f\u00fcr Samstag, wobei es nicht wirklich eindeutig war. Im Nachhinein betrachtet gab es am Samstag leider auch vormittags praktisch keine Sonne, da w\u00e4re es am Sonntag doch besser gewesen. <\/p>\n<p>Von der Sicht her war&#8217;s aber gut, und da man ja nicht <a href=\"http:\/\/blog.inmontanis.info\/?p=3893\">[&#8230;]<\/a><\/p>\n","protected":false},"author":1,"featured_media":0,"comment_status":"closed","ping_status":"closed","sticky":false,"template":"","format":"standard","meta":{"footnotes":""},"categories":[246,25,13,28],"tags":[],"class_list":["post-3893","post","type-post","status-publish","format-standard","hentry","category-hintertux","category-noreport","category-austria","category-skifahren-sommer","odd"],"_links":{"self":[{"href":"http:\/\/blog.inmontanis.info\/index.php?rest_route=\/wp\/v2\/posts\/3893","targetHints":{"allow":["GET"]}}],"collection":[{"href":"http:\/\/blog.inmontanis.info\/index.php?rest_route=\/wp\/v2\/posts"}],"about":[{"href":"http:\/\/blog.inmontanis.info\/index.php?rest_route=\/wp\/v2\/types\/post"}],"author":[{"embeddable":true,"href":"http:\/\/blog.inmontanis.info\/index.php?rest_route=\/wp\/v2\/users\/1"}],"replies":[{"embeddable":true,"href":"http:\/\/blog.inmontanis.info\/index.php?rest_route=%2Fwp%2Fv2%2Fcomments&post=3893"}],"version-history":[{"count":3,"href":"http:\/\/blog.inmontanis.info\/index.php?rest_route=\/wp\/v2\/posts\/3893\/revisions"}],"predecessor-version":[{"id":3896,"href":"http:\/\/blog.inmontanis.info\/index.php?rest_route=\/wp\/v2\/posts\/3893\/revisions\/3896"}],"wp:attachment":[{"href":"http:\/\/blog.inmontanis.info\/index.php?rest_route=%2Fwp%2Fv2%2Fmedia&parent=3893"}],"wp:term":[{"taxonomy":"category","embeddable":true,"href":"http:\/\/blog.inmontanis.info\/index.php?rest_route=%2Fwp%2Fv2%2Fcategories&post=3893"},{"taxonomy":"post_tag","embeddable":true,"href":"http:\/\/blog.inmontanis.info\/index.php?rest_route=%2Fwp%2Fv2%2Ftags&post=3893"}],"curies":[{"name":"wp","href":"https:\/\/api.w.org\/{rel}","templated":true}]}}