{"id":3891,"date":"2016-07-10T17:42:04","date_gmt":"2016-07-10T15:42:04","guid":{"rendered":"http:\/\/blog.inmontanis.info\/?p=3891"},"modified":"2023-07-01T20:57:34","modified_gmt":"2023-07-01T18:57:34","slug":"hintertux-10-7-2016","status":"publish","type":"post","link":"http:\/\/blog.inmontanis.info\/?p=3891","title":{"rendered":"Hintertux, 10.7.2016"},"content":{"rendered":"<p><strong>So, 10.7.2016<\/strong><\/p>\n<p>So, endlich auch in Hintertux ein richtiger Sommerskitag, lange hat&#8217;s gedauert.<\/p>\n<p>Die Nacht verlief klar, mit ca. +5\u00b0 an der Gefrorenen Wand aber auch relativ warm. Dennoch ist die Klarheit wichtiger als ein oder zwei Grad Unterschied, die Pisten waren morgens gut gefroren, zumindest an der noch schattigen Gefrorenen Wand. Da die Temperaturen aber auf +9\u00b0 kletterten (oben an der Bergstation) blieb es im Olperer-Bereich nicht all zu lang gut und auch etwas bremsig im Flachst\u00fcck.<\/p>\n<p>Aber die Pisten waren heute eh nur Nebensache, denn endlich waren die Offpiste-Varianten zwischen den Gondeln wieder nach meinem Geschmack. Wenn auch nicht mein bester Tag heute dort, aber im Gesamten schon ganz gut. Bin insg. 10x in dem Bereich gefahren, um 15 Uhr hab ichs aber gelassen, da der Schnee doch schon anstrengend schwer war. Die Kaserervarianten sind leider durch die Bauarbeiten ausgefallen. Obwohl heut glaub ich keiner da war, aber durch diese Felsenfelder und zwischen den Baggern wollte ich auch nicht zu Fu\u00df durch.<\/p>\n<p>(Fotos anklicken zum Vergr\u00f6\u00dfern)<\/p>\n<p><a href='http:\/\/ski.inmontanis.info\/d\/216895-2\/DSC04988_001.jpg'><img src=http:\/\/ski.inmontanis.info\/d\/216894-3\/DSC04988_001.jpg \/><\/a><br \/>\n^ Abfahrtsende GB3<\/p>\n<p><a href='http:\/\/ski.inmontanis.info\/d\/216899-2\/DSC04989.jpg'><img src=http:\/\/ski.inmontanis.info\/d\/216898-3\/DSC04989.jpg \/><\/a><br \/>\n^ TFH-Hang \/ Unterer Kasererweg \/ Depot<\/p>\n<p><a href='http:\/\/ski.inmontanis.info\/d\/216903-2\/DSC04991.jpg'><img src=http:\/\/ski.inmontanis.info\/d\/216902-3\/DSC04991.jpg \/><\/a><br \/>\n^ TFH-Hang-Abfahrt<\/p>\n<p><a href='http:\/\/ski.inmontanis.info\/d\/216907-2\/DSC04995.jpg'><img src=http:\/\/ski.inmontanis.info\/d\/216906-3\/DSC04995.jpg \/><\/a><br \/>\n^ Standard-Bild zur Gefrorenen Wand<\/p>\n<p><a href='http:\/\/ski.inmontanis.info\/d\/216911-2\/DSC04998_001.jpg'><img src=http:\/\/ski.inmontanis.info\/d\/216910-3\/DSC04998_001.jpg \/><\/a><br \/>\n^ Bauarbeiten am oberen Kasererweg. Daher fallen die fr\u00fchsommerlichen Kaserer-Varianten leider aus :-(<\/p>\n<p><a href='http:\/\/ski.inmontanis.info\/d\/216979-2\/DSC05010.jpg'><img src=http:\/\/ski.inmontanis.info\/d\/216978-3\/DSC05010.jpg \/><\/a><br \/>\n^ Bauarbeiten oberer Kasererweg. Hm, vielleicht macht man noch einen zweiten Weg weiter unten? Oder will man gar so viel wegbaggern, bis man auf das untere Niveau kommt? Na, wir werden es sehen, was da die n\u00e4chsten Wochen passiert.<\/p>\n<p><a href='http:\/\/ski.inmontanis.info\/d\/216915-2\/DSC05000.jpg'><img src=http:\/\/ski.inmontanis.info\/d\/216914-3\/DSC05000.jpg \/><\/a><br \/>\n^ So muss Sommerskifahren aussehen. Toller Firn vormittags im heute ungenutzten Trainingsareal am Olperer<\/p>\n<p><a href='http:\/\/ski.inmontanis.info\/d\/216919-2\/DSC05003.jpg'><img src=http:\/\/ski.inmontanis.info\/d\/216918-3\/DSC05003.jpg \/><\/a><br \/>\n^ GW-Trainingsh\u00e4nge waren ausgelastet. Rechts auf der geschlossenen Schwarzen war gegen 13 Uhr auch allerhand los.<\/p>\n<p><a href='http:\/\/ski.inmontanis.info\/d\/216923-2\/DSC05004.jpg'><img src=http:\/\/ski.inmontanis.info\/d\/216922-3\/DSC05004.jpg \/><\/a><br \/>\n^ So muss Sommerskifahren aussehen. Lange hat&#8217;s gedauert, aber endlich komm ich wieder zu den tollen Offpiste-Varianten zwischen den Gondelbahnen. Vielleicht die sch\u00f6nste Panoramabfahrt in Hintertux.<\/p>\n<p><a href='http:\/\/ski.inmontanis.info\/d\/216927-2\/DSC05008.jpg'><img src=http:\/\/ski.inmontanis.info\/d\/216926-3\/DSC05008.jpg \/><\/a><br \/>\n^ Standard-Foto TFH-Hang rechts<\/p>\n<p><a href='http:\/\/ski.inmontanis.info\/d\/216931-2\/DSC05009.jpg'><img src=http:\/\/ski.inmontanis.info\/d\/216930-3\/DSC05009.jpg \/><\/a><br \/>\n^ Standard-Foto TFH-Hang links<\/p>\n<p><a href='http:\/\/ski.inmontanis.info\/d\/216935-2\/DSC05011_001.jpg'><img src=http:\/\/ski.inmontanis.info\/d\/216934-3\/DSC05011_001.jpg \/><\/a><br \/>\n^ Standard-Foto Olperer<\/p>\n<p><a href='http:\/\/ski.inmontanis.info\/d\/216939-2\/DSC05013.jpg'><img src=http:\/\/ski.inmontanis.info\/d\/216938-3\/DSC05013.jpg \/><\/a><br \/>\n^ Offpiste. Hier und da, insb. nachmittags, etwas bremsig, sonst aber gut zu fahren gewesen. Au\u00dfer mir war allerdings heute keiner hier unterwegs, aber von den Vortagen gibts noch ein paar Kurzschwungspuren<\/p>\n<p><a href='http:\/\/ski.inmontanis.info\/d\/216943-2\/DSC05015.jpg'><img src=http:\/\/ski.inmontanis.info\/d\/216942-3\/DSC05015.jpg \/><\/a><br \/>\n^ Offpiste zwischen den Gondeln<\/p>\n<p><a href='http:\/\/ski.inmontanis.info\/d\/216947-2\/DSC05016.jpg'><img src=http:\/\/ski.inmontanis.info\/d\/216946-3\/DSC05016.jpg \/><\/a><br \/>\n^ Blick von der steilen Offpistevariante richtung Kaserer-Lifte<\/p>\n<p><a href='http:\/\/ski.inmontanis.info\/d\/216951-2\/DSC05020.jpg'><img src=http:\/\/ski.inmontanis.info\/d\/216950-3\/DSC05020.jpg \/><\/a><br \/>\n^ In der r\u00fcckw\u00e4rtigen Kabine des GB3 nach unten gesehen sah diese Variante hier fahrbar aus &#8211;  aber jetzt merke ich, dass ich da wohl nicht mehr ohne Aufstieg r\u00fcber kommen werde :-(<\/p>\n<p><a href='http:\/\/ski.inmontanis.info\/d\/216963-2\/DSC05028.jpg'><img src=http:\/\/ski.inmontanis.info\/d\/216962-3\/DSC05028.jpg \/><\/a><br \/>\n^ Jetzt bergauf ist es mir auch klar, dass es nicht funktionieren konnte. Musste also vorhin von links kommend etwas aufsteigen.<\/p>\n<p><a href='http:\/\/ski.inmontanis.info\/d\/216955-2\/DSC05022.jpg'><img src=http:\/\/ski.inmontanis.info\/d\/216954-3\/DSC05022.jpg \/><\/a><br \/>\n^ Variante GW-Schlegeis<\/p>\n<p><a href='http:\/\/ski.inmontanis.info\/d\/216959-2\/DSC05026.jpg'><img src=http:\/\/ski.inmontanis.info\/d\/216958-3\/DSC05026.jpg \/><\/a><br \/>\n^ Die ca. 6 sichtbarsten Spuren waren von mir. Sp\u00e4ter bin ich auch noch zwischen den kleinen Felsen da in Bildmitte durch. Die leichte Senke der Gletscherspalte rechts hab ich vorsorglich umfahren.<\/p>\n<p><a href='http:\/\/ski.inmontanis.info\/d\/216967-2\/DSC05031.jpg'><img src=http:\/\/ski.inmontanis.info\/d\/216966-3\/DSC05031.jpg \/><\/a><br \/>\n^ Ein letztes Mal noch mit der 10EUB, dann richtung Ex-SL-Sektion 4 und oben rechts der St\u00fctze auf Restschnee zwischen den Felsen und dann nochmal die rechte steile Rinne, wie \u00fcblich im Fr\u00fchsommer der sch\u00f6nste Offpistebereich.<\/p>\n<p><a href='http:\/\/ski.inmontanis.info\/d\/216971-2\/DSC05034_001.jpg'><img src=http:\/\/ski.inmontanis.info\/d\/216970-3\/DSC05034_001.jpg \/><\/a><br \/>\n^ Hatte die Hoffnung schon aufgegeben, aber irgendwann nachmittags wurde doch noch die 4EUB in Betrieb genommen.<\/p>\n<p><a href='http:\/\/ski.inmontanis.info\/d\/216975-2\/ge20160604-0710.jpg'><img src=http:\/\/ski.inmontanis.info\/d\/216974-3\/ge20160604-0710.jpg \/><\/a><br \/>\n^ GPS-Track der letzten 4 Besuche. Gelb 4.6., Gr\u00fcn 18.6., Rot 25.6. und Blau heute 10.7.<\/p>\n","protected":false},"excerpt":{"rendered":"<p>So, 10.7.2016<\/p>\n<p>So, endlich auch in Hintertux ein richtiger Sommerskitag, lange hat&#8217;s gedauert.<\/p>\n<p>Die Nacht verlief klar, mit ca. +5\u00b0 an der Gefrorenen Wand aber auch relativ warm. Dennoch ist die Klarheit wichtiger als ein oder zwei Grad Unterschied, die Pisten waren morgens gut gefroren, zumindest an der noch schattigen Gefrorenen Wand. Da die Temperaturen <a href=\"http:\/\/blog.inmontanis.info\/?p=3891\">[&#8230;]<\/a><\/p>\n","protected":false},"author":1,"featured_media":0,"comment_status":"closed","ping_status":"closed","sticky":false,"template":"","format":"standard","meta":{"footnotes":""},"categories":[246,25,13,28],"tags":[72,42,78,47],"class_list":["post-3891","post","type-post","status-publish","format-standard","hentry","category-hintertux","category-noreport","category-austria","category-skifahren-sommer","tag-10eub","tag-4eub","tag-restschnee","tag-sl","odd"],"_links":{"self":[{"href":"http:\/\/blog.inmontanis.info\/index.php?rest_route=\/wp\/v2\/posts\/3891","targetHints":{"allow":["GET"]}}],"collection":[{"href":"http:\/\/blog.inmontanis.info\/index.php?rest_route=\/wp\/v2\/posts"}],"about":[{"href":"http:\/\/blog.inmontanis.info\/index.php?rest_route=\/wp\/v2\/types\/post"}],"author":[{"embeddable":true,"href":"http:\/\/blog.inmontanis.info\/index.php?rest_route=\/wp\/v2\/users\/1"}],"replies":[{"embeddable":true,"href":"http:\/\/blog.inmontanis.info\/index.php?rest_route=%2Fwp%2Fv2%2Fcomments&post=3891"}],"version-history":[{"count":1,"href":"http:\/\/blog.inmontanis.info\/index.php?rest_route=\/wp\/v2\/posts\/3891\/revisions"}],"predecessor-version":[{"id":3892,"href":"http:\/\/blog.inmontanis.info\/index.php?rest_route=\/wp\/v2\/posts\/3891\/revisions\/3892"}],"wp:attachment":[{"href":"http:\/\/blog.inmontanis.info\/index.php?rest_route=%2Fwp%2Fv2%2Fmedia&parent=3891"}],"wp:term":[{"taxonomy":"category","embeddable":true,"href":"http:\/\/blog.inmontanis.info\/index.php?rest_route=%2Fwp%2Fv2%2Fcategories&post=3891"},{"taxonomy":"post_tag","embeddable":true,"href":"http:\/\/blog.inmontanis.info\/index.php?rest_route=%2Fwp%2Fv2%2Ftags&post=3891"}],"curies":[{"name":"wp","href":"https:\/\/api.w.org\/{rel}","templated":true}]}}