{"id":3889,"date":"2016-07-17T12:42:16","date_gmt":"2016-07-17T10:42:16","guid":{"rendered":"http:\/\/blog.inmontanis.info\/?p=3889"},"modified":"2023-07-01T20:57:34","modified_gmt":"2023-07-01T18:57:34","slug":"hintertux-17-7-2016","status":"publish","type":"post","link":"http:\/\/blog.inmontanis.info\/?p=3889","title":{"rendered":"Hintertux, 17.7.2016"},"content":{"rendered":"<p><strong>So, 17.7.2016<\/strong><br \/>\nIch glaub langsam, wenn die Saison zu Ende ist, werde ich feststellen, dass ich mit meiner Saisonkarte zwar \u00f6fters oben war, aber auch nicht mehr Sch\u00f6nwetterskitage hatte, als w\u00e4re ich nur dann alle 2-3 Wochen gefahren, wenn das Wetter gepasst h\u00e4tte&#8230;<\/p>\n<p>Wieder einmal war kurzfristig ein Schlechtwetterwochenende angek\u00fcndigt. Na gut, nicht ganz schlecht, aber halt weitere 2 Tage Nebel, so ungef\u00e4hr. Was an der Gefrorenen Wand auch nicht so un\u00fcblich ist, wenn man sich die Webcam-History auf Bergfex anschaut.<\/p>\n<p>Bei Sichtweiten von 1-2 B\u00fcgeln hatten heute nicht mal die Renngruppen ihre Kurse gesteckt, sondern blieben auf den Pisten, die somit un\u00fcblich voll waren. Am besten (und zwar richtig gut!) ging es auf der blauen am Olperer (einige andere waren auch OK), da es dort wohl ein paar frische Raupenspuren vom Morgen gab, kompakt aber nass-weich. Die alten Spuren dagegen waren schnell etwas bremsiger, im Flachteil unten musste man etwas schieben, wobei es generell nicht sooo extrem pappig war. Schneehaufen waren auch kein Problem dank des nass-glitschigen Schnees (oder es lag daran, dass ich heute mal wieder meine neuen Racecarver anhatte). Mag sein, dass der Schnee bei Sonnenschein heute viel nerviger gewesen w\u00e4re.<\/p>\n<p>Mittags hab ich dann aufgeh\u00f6rt, da nun auch die blaue am Olperer bremsiger wurde und es wetterm\u00e4\u00dfig wohl nicht besser geworden w\u00e4re (und wenn, h\u00e4tte es wohl noch viel mehr gepappt). Foto hab ich nur eines gemacht:<\/p>\n<p><a href='http:\/\/ski.inmontanis.info\/d\/217364-3\/DSC05349.jpg'><img src=http:\/\/ski.inmontanis.info\/d\/217363-3\/DSC05349.jpg \/><\/a><br \/>\n^ Der Nebel blieb die ganze Zeit nat\u00fcrlich genau zwischen TFH und Bergstationen&#8230;<\/p>\n","protected":false},"excerpt":{"rendered":"<p>So, 17.7.2016 Ich glaub langsam, wenn die Saison zu Ende ist, werde ich feststellen, dass ich mit meiner Saisonkarte zwar \u00f6fters oben war, aber auch nicht mehr Sch\u00f6nwetterskitage hatte, als w\u00e4re ich nur dann alle 2-3 Wochen gefahren, wenn das Wetter gepasst h\u00e4tte&#8230;<\/p>\n<p>Wieder einmal war kurzfristig ein Schlechtwetterwochenende angek\u00fcndigt. Na gut, nicht ganz schlecht, <a href=\"http:\/\/blog.inmontanis.info\/?p=3889\">[&#8230;]<\/a><\/p>\n","protected":false},"author":1,"featured_media":0,"comment_status":"closed","ping_status":"closed","sticky":false,"template":"","format":"standard","meta":{"footnotes":""},"categories":[246,25,13,28],"tags":[],"class_list":["post-3889","post","type-post","status-publish","format-standard","hentry","category-hintertux","category-noreport","category-austria","category-skifahren-sommer","odd"],"_links":{"self":[{"href":"http:\/\/blog.inmontanis.info\/index.php?rest_route=\/wp\/v2\/posts\/3889","targetHints":{"allow":["GET"]}}],"collection":[{"href":"http:\/\/blog.inmontanis.info\/index.php?rest_route=\/wp\/v2\/posts"}],"about":[{"href":"http:\/\/blog.inmontanis.info\/index.php?rest_route=\/wp\/v2\/types\/post"}],"author":[{"embeddable":true,"href":"http:\/\/blog.inmontanis.info\/index.php?rest_route=\/wp\/v2\/users\/1"}],"replies":[{"embeddable":true,"href":"http:\/\/blog.inmontanis.info\/index.php?rest_route=%2Fwp%2Fv2%2Fcomments&post=3889"}],"version-history":[{"count":1,"href":"http:\/\/blog.inmontanis.info\/index.php?rest_route=\/wp\/v2\/posts\/3889\/revisions"}],"predecessor-version":[{"id":3890,"href":"http:\/\/blog.inmontanis.info\/index.php?rest_route=\/wp\/v2\/posts\/3889\/revisions\/3890"}],"wp:attachment":[{"href":"http:\/\/blog.inmontanis.info\/index.php?rest_route=%2Fwp%2Fv2%2Fmedia&parent=3889"}],"wp:term":[{"taxonomy":"category","embeddable":true,"href":"http:\/\/blog.inmontanis.info\/index.php?rest_route=%2Fwp%2Fv2%2Fcategories&post=3889"},{"taxonomy":"post_tag","embeddable":true,"href":"http:\/\/blog.inmontanis.info\/index.php?rest_route=%2Fwp%2Fv2%2Ftags&post=3889"}],"curies":[{"name":"wp","href":"https:\/\/api.w.org\/{rel}","templated":true}]}}