{"id":3885,"date":"2016-07-03T22:43:31","date_gmt":"2016-07-03T20:43:31","guid":{"rendered":"http:\/\/blog.inmontanis.info\/?p=3885"},"modified":"2023-08-05T15:41:59","modified_gmt":"2023-08-05T13:41:59","slug":"crans-montana-sommerski-3-7-2016","status":"publish","type":"post","link":"http:\/\/blog.inmontanis.info\/?p=3885","title":{"rendered":"Crans-Montana (Sommerski), 3.7.2016"},"content":{"rendered":"<p><strong>Teil 4: Crans Montana &#8211; Sommerski, 3.7.2016 <\/strong><\/p>\n<p>Gegen 8:45 Uhr kam ich in Crans-Montana an (\u00d6ffnung lt. Website 9 Uhr) und stand vor der Wahl Parkplatz oder Parkdeck? Vielleicht ist das Parkdeck g\u00fcnstiger. Keine Ahnung, ob dem so war, aber mit 1 CHF pro ca. 40 Minuten oder 15 CHF f\u00fcr den ganzen Tag, kann man es nicht g\u00fcstig nennen. Ich warf 10 CHF ein, wodurch ich bis 15:20 Uhr parken &#8211; pardon, parkieren &#8211; durfte. Skibetrieb soll ja bis 15 Uhr in Betrieb sein. Gut m\u00f6glich, dass man mit der Tiefgarage g\u00fcnstiger aussteigt, insb., wenn man nicht wei\u00df, wie lang man bleibt, denn in der Tiefgarage muss man wohl ein Ticket ziehen und im Nachhinein zahlen.<\/p>\n<p>Wie gestern in Macugnaga darf man quasi gratis Skifahren und muss lediglich eine Berg- und Talfahrt zahlen, die hier allerdings CHF 35,- kostet. An der Mittelstation musste ich dann ca. 20 Minuten warten, da das Funitel nur alle halbe Stunde f\u00e4hrt (mit 3 Kabinen, wobei in der ersten keiner einsteigen konnte). Zwei Snowboarder-Kiffer kamen kurz vor der Abfahrt und wollten auf die n\u00e4chste Kabine warten, als ein Hirni in &#8220;meiner&#8221; Kabine meinte, dass die n\u00e4chste erst in einer halben Stunde fahren w\u00fcrde, wodurch sie einstiegen. Ja, danke f\u00fcr die Geruchsbel\u00e4stigung. Oben angekommen war der SL schon in Betrieb, ich hatte die erste Funitel-Auffahrt also verpasst. (Und nach meiner ersten SL-Fahrt stank es am SL-Ausstieg doch schon wieder nach Gras, unglaublich.)<\/p>\n<p>\u00dcberrascht war ich, dass der s\u00fcdostseitig gelegene SL schr\u00e4g neben dem Funitel in Betrieb ist &#8211; h\u00e4tte ich doch erwartet, dass der r\u00fcckseitig gelegene Gletscher-SL l\u00e4uft. Der ist aber seit einiger Zeit geschlossen. Hat vielleicht etwas den Nachteil des schlechteren Schnees, daf\u00fcr ist das Pano hier besser. Ge\u00f6ffnet waren 2 Abfahrten, links und rechts am SL. Der Skiweg war pr\u00e4pariert, aber geschlossen, wurde aber trotzdem von mehreren befahren. Offpiste war auch etliches m\u00f6glich. Teilweise war der Schnee leider schon morgens bremsig, was sich dann im Laufe des Vormittags auf andere Stellen on- wie offpiste ausweitete. <\/p>\n<p>Hin und wieder gab es kurze Wartezeiten am SL, aber nichts dramatisches. Renngruppen waren dankenswerterweise keine unterwegs, so war das Ambiente hier doch wesentlich relaxter als in diesen auf die Rennfahrerindustrie getrimmten &#8220;Industriesommerskigebiete&#8221; wie dem nahegelegenen Saas-Fee oder Zermatt oder dem weiter entfernteren Les2Alpes.<\/p>\n<p>4 vom Alpinforum hab ich bei der Gelegenheit auch getroffen, die machten sich dann noch den Spa\u00df, ein paar mal \u00fcber den See zu fahren bzw. \u00fcber die Felsen zu springen. \u00dcberrascht war ich, dass auch nachmittags &#8211; trotz des mittlerweile sehr bremsigen Schnees &#8211; viele Leute unterwegs waren. Da es im Wallis mit Zermatt und Saas Fee ja auch zwei &#8220;richtige&#8221; Sommerskigebiete gibt, waren es vermutlich weniger Einheimische, als eher Touristen, die um die Uhrzeit noch fuhren. Ski und Schuhe konnte man sich oben glaub ich spontan und gratis ausleihen, so dass man einige in kurzen Hosen fuhren sah.<\/p>\n<p>W\u00e4hrend am Morgen die Schlie\u00dfung des SL noch &#8211; entgegen der Website &#8211; mit 13 Uhr angeschrieben war, wurde das sp\u00e4ter auf 15 Uhr ge\u00e4ndert, so dass ich bis ca. 13:45 am SL blieb, danach noch kurz an der Snackbar was a\u00df (preislich g\u00fcnstig, nicht nur f\u00fcr schweizer Verh\u00e4ltnisse) und um 14:30 Uhr die Bahn ins Tal nahm, der Pappschnee war dann doch zu anstrengend und ich musste ja die Zeit des Parktickets beachten.<\/p>\n<p>Ansonsten w\u00fcrde das Skigebiet f\u00fcr den Winter auch einen sehr netten Eindruck machen, aber bei den Skipasspreisen und den Parkkosten, wird es wohl noch lange dauern, bis ich mal hier her kommen werde.<\/p>\n<p>(Fotos anklicken zum Vergr\u00f6\u00dfern)<\/p>\n<p><a href='http:\/\/extra.inmontanis.info\/d\/35149-2\/ge2016070203a.jpg'><img src=http:\/\/extra.inmontanis.info\/d\/35148-3\/ge2016070203a.jpg \/><\/a><br \/>\n^ Strecke und POI 1.+2.+3.7.2016<br \/>\nA) Macugnaga &#8211; Moro (Sommerski)<br \/>\nB) Macugnaga &#8211; Belvedere<br \/>\nC) Mottarone<br \/>\n<strong>D) Crans-Montana (Sommerski)<\/strong><br \/>\n(\u00dcbrigens nicht wahllos da oben platziert, denn dort befindet sich tats\u00e4chlich der Sommerski-SL, ein sch\u00f6nes St\u00fcck vom Parkplatz entfernt; die Auffahrt in Macugnaga war da k\u00fcrzer)<\/p>\n<p><a href='http:\/\/ski.inmontanis.info\/d\/217111-2\/DSC04829.jpg'><img src=http:\/\/ski.inmontanis.info\/d\/217109-3\/DSC04829.jpg \/><\/a><br \/>\n^ Hochh\u00e4user am Berg<\/p>\n<p><a href='http:\/\/ski.inmontanis.info\/d\/217115-2\/DSC04834.jpg'><img src=http:\/\/ski.inmontanis.info\/d\/217114-3\/DSC04834.jpg \/><\/a><br \/>\n^ Mittelstation 6EUB (WSO)<\/p>\n<p><a href='http:\/\/ski.inmontanis.info\/d\/217119-2\/DSC04836.jpg'><img src=http:\/\/ski.inmontanis.info\/d\/217118-3\/DSC04836.jpg \/><\/a><br \/>\n^ Ist das eine Abfahrt? S\u00e4he jedenfalls sehr nett aus.<\/p>\n<p><a href='http:\/\/ski.inmontanis.info\/d\/217123-2\/DSC04838.jpg'><img src=http:\/\/ski.inmontanis.info\/d\/217122-3\/DSC04838.jpg \/><\/a><br \/>\n^ 6EUB Sektion 2 .. und eine verlassene Talstation<\/p>\n<p><a href='http:\/\/ski.inmontanis.info\/d\/217127-2\/DSC04840.jpg'><img src=http:\/\/ski.inmontanis.info\/d\/217126-3\/DSC04840.jpg \/><\/a><br \/>\n^ 6EUB Sektion 2 .. und eine verlassene Talstation<\/p>\n<p><a href='http:\/\/ski.inmontanis.info\/d\/217131-2\/DSC04847.jpg'><img src=http:\/\/ski.inmontanis.info\/d\/217130-3\/DSC04847.jpg \/><\/a><br \/>\n^ Funitel Talstation. F\u00fcr einen, der so gut wie nur \u00f6sterreichische und franz\u00f6sische Funitels kennt, ist der Schweizer Umlauf hier seeeehr eigenartig.<\/p>\n<p><a href='http:\/\/ski.inmontanis.info\/d\/217135-2\/DSC04848.jpg'><img src=http:\/\/ski.inmontanis.info\/d\/217134-3\/DSC04848.jpg \/><\/a><br \/>\n^ 6EUB Sektion 2 \/ Violettes<\/p>\n<p><a href='http:\/\/ski.inmontanis.info\/d\/217139-2\/DSC04849.jpg'><img src=http:\/\/ski.inmontanis.info\/d\/217138-3\/DSC04849.jpg \/><\/a><br \/>\n^ Pano Station Violettes<\/p>\n<p><a href='http:\/\/ski.inmontanis.info\/d\/217143-2\/DSC04850.jpg'><img src=http:\/\/ski.inmontanis.info\/d\/217142-3\/DSC04850.jpg \/><\/a><br \/>\n^ Der Gletscher-SL ist stillgelegt, aber man plant angeblich neue Anlagen auf dem Gletscher (jedenfalls in den 3 anderen Sprachen als Deutsch)<\/p>\n<p><a href='http:\/\/ski.inmontanis.info\/d\/217147-2\/DSC04855.jpg'><img src=http:\/\/ski.inmontanis.info\/d\/217146-3\/DSC04855.jpg \/><\/a><br \/>\n^ Funitel Plaine Morte (Tote Ebene (?))<\/p>\n<p><a href='http:\/\/ski.inmontanis.info\/d\/217151-2\/DSC04859.jpg'><img src=http:\/\/ski.inmontanis.info\/d\/217150-3\/DSC04859.jpg \/><\/a><br \/>\n^ Funitel; Rechts auf dem kleinen Hochplateau gibt&#8217;s einen SL<\/p>\n<p><a href='http:\/\/ski.inmontanis.info\/d\/217155-2\/DSC04861.jpg'><img src=http:\/\/ski.inmontanis.info\/d\/217154-3\/DSC04861.jpg \/><\/a><br \/>\n^ Ungew\u00f6hnlich aufgebrochener Restschnee &#8211; schaut aus wie Gletschereis, ist es aber nicht.<\/p>\n<p><a href='http:\/\/ski.inmontanis.info\/d\/217159-2\/DSC04863.jpg'><img src=http:\/\/ski.inmontanis.info\/d\/217158-3\/DSC04863.jpg \/><\/a><br \/>\n^ Funitel Plaine Morte (mit Blick u.a. zum Matterhorn)<\/p>\n<p><a href='http:\/\/ski.inmontanis.info\/d\/217163-2\/DSC04865.jpg'><img src=http:\/\/ski.inmontanis.info\/d\/217162-3\/DSC04865.jpg \/><\/a><br \/>\n^ Funitel Plaine Morte<\/p>\n<p><a href='http:\/\/ski.inmontanis.info\/d\/217167-2\/DSC04866.jpg'><img src=http:\/\/ski.inmontanis.info\/d\/217166-3\/DSC04866.jpg \/><\/a><br \/>\n^ Funitel Plaine Morte<\/p>\n<p><a href='http:\/\/ski.inmontanis.info\/d\/217171-2\/DSC04867.jpg'><img src=http:\/\/ski.inmontanis.info\/d\/217170-3\/DSC04867.jpg \/><\/a><br \/>\n^ Blick zur Funitel-Abfahrt, nachmittags waren hier mind. 2 Abfahrtsspuren zu sehen, und wer genau hinsieht, sieht hier einen Tourengeher. Schad, dass der Sommerski-Lift nicht weiter runter geht ;)<\/p>\n<p><a href='http:\/\/ski.inmontanis.info\/d\/217360-2\/DSC04870.jpg'><img src=http:\/\/ski.inmontanis.info\/d\/217359-3\/DSC04870.jpg \/><\/a><br \/>\n^ Funitel Plaine Morte, weites Spannfeld.<\/p>\n<p><a href='http:\/\/ski.inmontanis.info\/d\/217176-2\/DSC04874.jpg'><img src=http:\/\/ski.inmontanis.info\/d\/217175-3\/DSC04874.jpg \/><\/a><br \/>\n^ Funitel Plaine Morte<\/p>\n<p><a href='http:\/\/ski.inmontanis.info\/d\/217180-2\/DSC04876.jpg'><img src=http:\/\/ski.inmontanis.info\/d\/217179-3\/DSC04876.jpg \/><\/a><br \/>\n^ SL Le Lac, nur dieses WE zum Sommerskifahren ge\u00f6ffnet.<\/p>\n<p><a href='http:\/\/ski.inmontanis.info\/d\/217184-2\/DSC04877.jpg'><img src=http:\/\/ski.inmontanis.info\/d\/217183-3\/DSC04877.jpg \/><\/a><br \/>\n^ Funitel Plaine Morte<\/p>\n<p><a href='http:\/\/ski.inmontanis.info\/d\/217188-2\/DSC04878.jpg'><img src=http:\/\/ski.inmontanis.info\/d\/217187-3\/DSC04878.jpg \/><\/a><br \/>\n^ SL Le Lac. Der Name ist Programm.<\/p>\n<p><a href='http:\/\/ski.inmontanis.info\/d\/217192-2\/DSC04884.jpg'><img src=http:\/\/ski.inmontanis.info\/d\/217191-3\/DSC04884.jpg \/><\/a><br \/>\n^ Einer der beiden stillgelegten Gletscher-SL<\/p>\n<p><a href='http:\/\/ski.inmontanis.info\/d\/217196-2\/DSC04887.jpg'><img src=http:\/\/ski.inmontanis.info\/d\/217195-3\/DSC04887.jpg \/><\/a><br \/>\n^ Gletscher<\/p>\n<p><a href='http:\/\/ski.inmontanis.info\/d\/217200-2\/DSC04888.jpg'><img src=http:\/\/ski.inmontanis.info\/d\/217199-3\/DSC04888.jpg \/><\/a><br \/>\n^ SL Le Lac und Tiefblick ins Rh\u00f4ne-Tal<\/p>\n<p><a href='http:\/\/ski.inmontanis.info\/d\/217204-2\/DSC04890.jpg'><img src=http:\/\/ski.inmontanis.info\/d\/217203-3\/DSC04890.jpg \/><\/a><br \/>\n^ SL und See. Die linke Skiwegabfahrt war offiziell geschlossen, fr\u00fch aber gut zu fahren.<\/p>\n<p><a href='http:\/\/ski.inmontanis.info\/d\/217208-2\/DSC04894.jpg'><img src=http:\/\/ski.inmontanis.info\/d\/217207-3\/DSC04894.jpg \/><\/a><br \/>\n^ Sommerski-SL in kompletter L\u00e4nge und Offpiste-Gel\u00e4nde<\/p>\n<p><a href='http:\/\/ski.inmontanis.info\/d\/217212-2\/DSC04893.jpg'><img src=http:\/\/ski.inmontanis.info\/d\/217211-3\/DSC04893.jpg \/><\/a><br \/>\n^ Gipfel<\/p>\n<p><a href='http:\/\/ski.inmontanis.info\/d\/217216-2\/DSC04896.jpg'><img src=http:\/\/ski.inmontanis.info\/d\/217215-3\/DSC04896.jpg \/><\/a><br \/>\n^ Der SL ist zwar kurz, aber mit 3 Abfahrten und weitem Gel\u00e4nde  kann man sich im Sommer den Tag \u00fcber besch\u00e4ftigen.<\/p>\n<p><a href='http:\/\/ski.inmontanis.info\/d\/217220-2\/DSC04898.jpg'><img src=http:\/\/ski.inmontanis.info\/d\/217219-3\/DSC04898.jpg \/><\/a><br \/>\n^ Abfahrt, Funitel und Pano<\/p>\n<p><a href='http:\/\/ski.inmontanis.info\/d\/217224-2\/DSC04900.jpg'><img src=http:\/\/ski.inmontanis.info\/d\/217223-3\/DSC04900.jpg \/><\/a><br \/>\n^ Ex-Gletscher-SL; unter dem Felsen liegen ein paar St\u00fctzenteile<\/p>\n<p><a href='http:\/\/ski.inmontanis.info\/d\/217228-2\/DSC04901.jpg'><img src=http:\/\/ski.inmontanis.info\/d\/217227-3\/DSC04901.jpg \/><\/a><br \/>\n^ Der Gletscher hier oben befindet sich so gut wie nur noch im Becken.<\/p>\n<p><a href='http:\/\/ski.inmontanis.info\/d\/217232-2\/DSC04911.jpg'><img src=http:\/\/ski.inmontanis.info\/d\/217231-3\/DSC04911.jpg \/><\/a><br \/>\n^ Blick zum Mont Blanc, leider hatte ich mein Zoom-Tele nicht dabei.<\/p>\n<p><a href='http:\/\/ski.inmontanis.info\/d\/217236-2\/DSC04912.jpg'><img src=http:\/\/ski.inmontanis.info\/d\/217235-3\/DSC04912.jpg \/><\/a><br \/>\n^ Nach 12:30 wurde es nochmals etwas voller, wohl einige spontane Wanderer inklusive. Der Hang hier ist gut steil und der Einstieg am SL schwierig, da das Seil an der 2. St\u00fctze zu hoch war. Keine Ahnung, warum der Einstieg nicht an der ersten St\u00fctze war.<\/p>\n<p><a href='http:\/\/ski.inmontanis.info\/d\/217240-2\/DSC04914.jpg'><img src=http:\/\/ski.inmontanis.info\/d\/217239-3\/DSC04914.jpg \/><\/a><br \/>\n^ Bergstationen Funitel, SL, Ex-PB mit geschlossenem Restaurant, Ex-SL und einer kleinen Snackbar<\/p>\n<p><a href='http:\/\/ski.inmontanis.info\/d\/217244-2\/DSC04915.jpg'><img src=http:\/\/ski.inmontanis.info\/d\/217243-3\/DSC04915.jpg \/><\/a><br \/>\n^ Panorama-Terrasse an der ehemaligen PB-Station<\/p>\n<p><a href='http:\/\/ski.inmontanis.info\/d\/217248-2\/DSC04922.jpg'><img src=http:\/\/ski.inmontanis.info\/d\/217247-3\/DSC04922.jpg \/><\/a><br \/>\n^ Gletscherblick und unten die Snack-Bar<\/p>\n<p><a href='http:\/\/ski.inmontanis.info\/d\/217252-2\/DSC04920.jpg'><img src=http:\/\/ski.inmontanis.info\/d\/217251-3\/DSC04920.jpg \/><\/a><br \/>\n^ Sommerski-SL<\/p>\n<p><a href='http:\/\/ski.inmontanis.info\/d\/217256-2\/DSC04923.jpg'><img src=http:\/\/ski.inmontanis.info\/d\/217255-3\/DSC04923.jpg \/><\/a><br \/>\n^ Ex-PB-Bergstation<\/p>\n<p><a href='http:\/\/ski.inmontanis.info\/d\/217260-2\/DSC04924.jpg'><img src=http:\/\/ski.inmontanis.info\/d\/217259-3\/DSC04924.jpg \/><\/a><br \/>\n^ SL und Funitel<\/p>\n<p><a href='http:\/\/ski.inmontanis.info\/d\/217264-2\/DSC04926.jpg'><img src=http:\/\/ski.inmontanis.info\/d\/217263-3\/DSC04926.jpg \/><\/a><br \/>\n^ SL Le Lac mit seinen Pisten und dem Offpistegel\u00e4nde.<\/p>\n<p><a href='http:\/\/ski.inmontanis.info\/d\/217268-2\/DSC04928.jpg'><img src=http:\/\/ski.inmontanis.info\/d\/217267-3\/DSC04928.jpg \/><\/a><br \/>\n^ Hier sind heute etliche \u00fcber den See gefahren (aber f\u00fcr mich ist das nix ;) )<\/p>\n<p><a href='http:\/\/ski.inmontanis.info\/d\/217272-2\/DSC04929.jpg'><img src=http:\/\/ski.inmontanis.info\/d\/217271-3\/DSC04929.jpg \/><\/a><br \/>\n^ Raclette, ein stinkender K\u00e4se, auf Wei\u00dfbrot, mit Zwiebeln und G\u00fcrkchen, um 5,- CHF hier oben an der Bergstation, das ist doch glatt g\u00fcnstig und sehr lecker noch dazu, da ich heute ja noch nichts anderes bekommen hab. Als ich eine Stunde vorher vorbei ging, hatten die meisten Leute eine kleine Kartoffel statt dem Brot; bei mir war die Wahl zwischen Wei\u00dfbrot oder Polenta. Alternativ h\u00e4tte es auch noch Polenta mit glaub Ragu um 8,- CHF gegeben.<\/p>\n<p><a href='http:\/\/ski.inmontanis.info\/d\/217276-2\/DSC04931.jpg'><img src=http:\/\/ski.inmontanis.info\/d\/217275-3\/DSC04931.jpg \/><\/a><br \/>\n^ Einer ist oder mehrere sind etwas aufgestiegen, um diese Offpiste-H\u00e4nge zu nehmen.<\/p>\n<p><a href='http:\/\/ski.inmontanis.info\/d\/217280-2\/DSC04935.jpg'><img src=http:\/\/ski.inmontanis.info\/d\/217279-3\/DSC04935.jpg \/><\/a><br \/>\n^ Selbst um 14:15 nahmen anscheinend noch einige Sommerausfl\u00fcgler die Chance war, sich noch Ski und Schuhe zu leihen, um ein paar Abfahrten zu machen. Bei dem jetzt pappigen Schnee werden sie aber wohl eher keine Sommerskifans werden, f\u00fcrcht ich ;)<\/p>\n<p><a href='http:\/\/ski.inmontanis.info\/d\/217284-2\/DSC04938.jpg'><img src=http:\/\/ski.inmontanis.info\/d\/217283-3\/DSC04938.jpg \/><\/a><br \/>\n^ Bergstation Funitel. Der SL fuhr wohl noch bis 15 Uhr.<\/p>\n<p><a href='http:\/\/ski.inmontanis.info\/d\/217292-2\/DSC04945.jpg'><img src=http:\/\/ski.inmontanis.info\/d\/217291-3\/DSC04945.jpg \/><\/a><br \/>\n^ Links der Bergstation sind wohl doch ein paar mehr Skifahrer aufgestiegen. Meine Spuren waren direkt links unterhalb der Bergstation.<\/p>\n<p><a href='http:\/\/ski.inmontanis.info\/d\/217296-2\/DSC04954.jpg'><img src=http:\/\/ski.inmontanis.info\/d\/217295-3\/DSC04954.jpg \/><\/a><br \/>\n^ Das gro\u00dfe Spannfeld<\/p>\n<p><a href='http:\/\/ski.inmontanis.info\/d\/217300-2\/DSC04957.jpg'><img src=http:\/\/ski.inmontanis.info\/d\/217299-3\/DSC04957.jpg \/><\/a><br \/>\n^ Funitel Plaine Morte mit St\u00fctze 4<\/p>\n<p><a href='http:\/\/ski.inmontanis.info\/d\/217304-2\/DSC04959.jpg'><img src=http:\/\/ski.inmontanis.info\/d\/217303-3\/DSC04959.jpg \/><\/a><br \/>\n^ Blick zum rechten Skigebietsteil<\/p>\n<p><a href='http:\/\/ski.inmontanis.info\/d\/217308-2\/DSC04963.jpg'><img src=http:\/\/ski.inmontanis.info\/d\/217307-3\/DSC04963.jpg \/><\/a><br \/>\n^ Funitel<\/p>\n<p><a href='http:\/\/ski.inmontanis.info\/d\/217312-2\/DSC04964.jpg'><img src=http:\/\/ski.inmontanis.info\/d\/217311-3\/DSC04964.jpg \/><\/a><br \/>\n^ Funitel und dessen Abfahrt (bzw. muss man dann erst wieder mit einer KSB zur Funitel-Talstation). Die Tourengeher hatten hier vom Ende der Abfahrt jedenfalls einen weiten Fu\u00dfweg heute.<\/p>\n<p><a href='http:\/\/ski.inmontanis.info\/d\/217316-2\/DSC04967.jpg'><img src=http:\/\/ski.inmontanis.info\/d\/217315-3\/DSC04967.jpg \/><\/a><br \/>\n^ Zugang zwischen 6EUB und Funitel mit Jeep- und Maserati-Werbung. Die Skifahrer hier sind wohl von der reicheren Sorte..<\/p>\n<p><a href='http:\/\/ski.inmontanis.info\/d\/217320-2\/DSC04968.jpg'><img src=http:\/\/ski.inmontanis.info\/d\/217319-3\/DSC04968.jpg \/><\/a><br \/>\n^ Zugang zwischen 6EUB und Funitel<\/p>\n<p><a href='http:\/\/ski.inmontanis.info\/d\/217324-2\/DSC04971.jpg'><img src=http:\/\/ski.inmontanis.info\/d\/217323-3\/DSC04971.jpg \/><\/a><br \/>\n^ Station Les Violettes<\/p>\n<p><a href='http:\/\/ski.inmontanis.info\/d\/217328-2\/DSC04972.jpg'><img src=http:\/\/ski.inmontanis.info\/d\/217327-3\/DSC04972.jpg \/><\/a><br \/>\n^ Talfahrt 6EUB<\/p>\n<p><a href='http:\/\/ski.inmontanis.info\/d\/217332-2\/DSC04975.jpg'><img src=http:\/\/ski.inmontanis.info\/d\/217331-3\/DSC04975.jpg \/><\/a><br \/>\n^ Talblick von der 6EUB<\/p>\n<p><a href='http:\/\/ski.inmontanis.info\/d\/217336-2\/DSC04976.jpg'><img src=http:\/\/ski.inmontanis.info\/d\/217335-3\/DSC04976.jpg \/><\/a><br \/>\n^ Die 6EUB \u00fcberquert ein paar steile Gr\u00e4ben, da sollte man im Winter wohl aufpassen, bevor man hier planlos rumf\u00e4hrt ;) Gel\u00e4nde schaut hier jedenfalls \u00fcberall recht nett aus, k\u00f6nnte ein nettes Skigebiet im Winter sein<\/p>\n<p><a href='http:\/\/ski.inmontanis.info\/d\/217340-2\/DSC04984.jpg'><img src=http:\/\/ski.inmontanis.info\/d\/217339-3\/DSC04984.jpg \/><\/a><br \/>\n^ 6KSB, die an der Mittelstation der 6EUB startet, aber in den linken Sektor f\u00e4hrt<\/p>\n<p><a href='http:\/\/ski.inmontanis.info\/d\/217344-2\/DSC04985.jpg'><img src=http:\/\/ski.inmontanis.info\/d\/217343-3\/DSC04985.jpg \/><\/a><br \/>\n^ Talstation 6EUB und Talabfahrt<\/p>\n<p><a href='http:\/\/ski.inmontanis.info\/d\/217348-2\/DSC04986.jpg'><img src=http:\/\/ski.inmontanis.info\/d\/217347-3\/DSC04986.jpg \/><\/a><br \/>\n^ Skipass (fremde Keycard wurde akzeptiert) und Parkschein, macht zusammen also 45,- CHF, also wohl um die 40,- \u20ac<\/p>\n<p><a href='http:\/\/ski.inmontanis.info\/d\/217352-2\/ge20160703a.jpg'><img src=http:\/\/ski.inmontanis.info\/d\/217351-3\/ge20160703a.jpg \/><\/a><br \/>\n^ GPS-Track 3.7.2016; 6EUB und Funitel sind zusammen 5-6 km lang.<\/p>\n<p><a href='http:\/\/ski.inmontanis.info\/d\/217356-2\/ge20160703d.jpg'><img src=http:\/\/ski.inmontanis.info\/d\/217355-3\/ge20160703d.jpg \/><\/a><br \/>\n^ GPS-Track 3.7.2016; meine 44 Abfahrten am SL im Detail, der SL ist. ca 350m lang und macht ca. 90hm. Gibt wohl wenige SL mit diesen Ma\u00dfen, an denen man es so lang aush\u00e4lt. Und wenn der Schnee nicht so pappig gewesen w\u00e4re, h\u00e4tte man noch mehr Offpistegel\u00e4nde fahren k\u00f6nnen.<\/p>\n<p>Und ein kleines Filmchen hab ich auch noch gemacht:<br \/>\n<object style=\"height: 500px; width: 900px\"><param name=\"movie\" value=\"http:\/\/www.youtube.com\/v\/FPq5WEwGWJo\"><\/param><param name=\"wmode\" value=\"transparent\"><\/param><embed src=\"http:\/\/www.youtube.com\/v\/FPq5WEwGWJo\" type=\"application\/x-shockwave-flash\" wmode=\"transparent\"  width=\"900\" height=\"480\"><\/embed><\/object><\/p>\n<p>Crans-Montana war ja fr\u00fcher mal ein Sommerskigebiet mit ca. zwei Gletscher-SL. Die Zeiten sind dank Gletscherschwund leider schon lange vorbei. Warum man sich gerade heuer dazu entschied, f\u00fcr ein Wochenende Sommerski anzubieten, wei\u00df ich nicht, mag sein, dass es am wenig hei\u00dfen Fr\u00fchjahr lag, mag auch sein, dass hier oben regelm\u00e4\u00dfig genug Schnee l\u00e4ge und man einfach auf der Suche nach einer Marketingaktion war. <\/p>\n<p>Nachdem es einige Zeit lang nur noch abw\u00e4rts ging, was die ge\u00f6ffneten Sommerskigebiete angeht, kam mit Val d&#8217;Isere (wieder regelm\u00e4\u00dfig seit einigen Jahren), Verbier (vor ein paar Jahren, leider nur eine einmalige Aktion, ich war dabei) und Macugnaga (regelm\u00e4\u00dfig wieder seit einigen Jahren) ja wieder etwas Bewegung in die Sache. Es w\u00e4re jedenfalls sch\u00f6n, wenn es in den n\u00e4chsten Jahren immer wieder mal solche Aktionen hier oder da g\u00e4be. Klar, in Oropa wird das heutzutage nichts mehr &#8211; fr\u00fcher wurde am Korblift extra eine Mittelstation f\u00fcr Sommerski eingerichtet &#8211; aber ich denke, es g\u00e4be viele Skigebiete, die das &#8211; vielleicht nicht jedes Jahr &#8211; machen k\u00f6nnten.<\/p>\n<p>W\u00e4hrend zumindest einige der Alpinforums-Mitglieder noch nach Les Diablerets fuhren, um die Isenau-4EUB zu verabschieden, war mir der dreist\u00fcndige Umweg doch zu weit (selbst wenn ich um 13 Uhr aufgeh\u00f6rt h\u00e4tte), muss ich also im Winter nochmal hin. So fuhr ich \u00fcber Furka-, Oberalp- und Fl\u00fcela-Pass wieder heim. Mit CH-Vignette w\u00e4re ich den Fl\u00fcela ja wohl eher nicht gefahren, aber das ist echt ein sehr sch\u00f6ner Pass, der an die Westalpen bzw. sogar Skandinavien erinnert. Die Operation &#8220;\u00c4lplermakkaroni&#8221; ging wieder einmal schief, hatte mehrmals an Restaurants gehalten, entweder keine Karte ausgehangen oder gerade keine K\u00fcchenzeit, oder eben keine \u00c4lplermagronen, oder Pizzerias (nicht gehalten) oder sonstwie nicht gepasst und nach dem Oberalp braucht man&#8217;s wohl eh nicht mehr versuchen, da das keine Deutschschweiz mehr ist und es somit nicht zu den Standardgerichten geh\u00f6rt. Vielleicht in der Gegend um Davos, da hatte ich&#8217;s nicht mehr probiert, da es mir mit 20:30 zu sp\u00e4t war und bef\u00fcrchtete, dass die K\u00fcche schon wieder geschlossen sein k\u00f6nnte. Hielt stattdessen um 22:30 in Imst am McDonalds f\u00fcr einen leckeren Backhendl-Burger mit H\u00fchnerschnitzel, Kartoffelsalat mit K\u00fcrbiskern\u00f6l, Vogerlsalat, frischen Gurken und Tomaten. Um 23:30 Uhr war ich dann daheim.<\/p>\n<p>Und mal wieder zum Thema &#8220;spritsparende k\u00fcrzere P\u00e4sse-Route statt Autobahnen&#8221;: Am Freitag Abend und am Sonntag Abend hatte ich jeweils in Ried\/Prutz im Oberinntal (ca. 92 km von Innsbruck entfernt) zum Tanken gehalten (dazu noch um 20 \u20ac in Italien), das war eine Strecke lt. Tacho von 1.033 km und lt. Zapfs\u00e4ule 52,01 Liter (bzw. 60,- \u20ac; ab\/bis Innsbruck also dann ca. 70,- \u20ac), macht also im Schnitt ca. 5,03 Liter \/ 100 km &#8211; trotz der vielen P\u00e4sse\/Bergstra\u00dfen (Maloja, Macugnaga, Mottarone, Simplon, CransMontana, Furka, Oberalp, Fl\u00fcela) und ein paar wenigen Autobahnen in Italien.  <\/p>\n","protected":false},"excerpt":{"rendered":"<p>Teil 4: Crans Montana &#8211; Sommerski, 3.7.2016 <\/p>\n<p>Gegen 8:45 Uhr kam ich in Crans-Montana an (\u00d6ffnung lt. Website 9 Uhr) und stand vor der Wahl Parkplatz oder Parkdeck? Vielleicht ist das Parkdeck g\u00fcnstiger. Keine Ahnung, ob dem so war, aber mit 1 CHF pro ca. 40 Minuten oder 15 CHF f\u00fcr den ganzen Tag, <a href=\"http:\/\/blog.inmontanis.info\/?p=3885\">[&#8230;]<\/a><\/p>\n","protected":false},"author":1,"featured_media":0,"comment_status":"closed","ping_status":"closed","sticky":false,"template":"","format":"standard","meta":{"footnotes":""},"categories":[749,14,28,81],"tags":[39,56,78,45,47],"class_list":["post-3885","post","type-post","status-publish","format-standard","hentry","category-crans-montana","category-swiss","category-skifahren-sommer","category-kurztrips","tag-6eub","tag-6sb","tag-restschnee","tag-see","tag-sl","odd"],"_links":{"self":[{"href":"http:\/\/blog.inmontanis.info\/index.php?rest_route=\/wp\/v2\/posts\/3885","targetHints":{"allow":["GET"]}}],"collection":[{"href":"http:\/\/blog.inmontanis.info\/index.php?rest_route=\/wp\/v2\/posts"}],"about":[{"href":"http:\/\/blog.inmontanis.info\/index.php?rest_route=\/wp\/v2\/types\/post"}],"author":[{"embeddable":true,"href":"http:\/\/blog.inmontanis.info\/index.php?rest_route=\/wp\/v2\/users\/1"}],"replies":[{"embeddable":true,"href":"http:\/\/blog.inmontanis.info\/index.php?rest_route=%2Fwp%2Fv2%2Fcomments&post=3885"}],"version-history":[{"count":3,"href":"http:\/\/blog.inmontanis.info\/index.php?rest_route=\/wp\/v2\/posts\/3885\/revisions"}],"predecessor-version":[{"id":3888,"href":"http:\/\/blog.inmontanis.info\/index.php?rest_route=\/wp\/v2\/posts\/3885\/revisions\/3888"}],"wp:attachment":[{"href":"http:\/\/blog.inmontanis.info\/index.php?rest_route=%2Fwp%2Fv2%2Fmedia&parent=3885"}],"wp:term":[{"taxonomy":"category","embeddable":true,"href":"http:\/\/blog.inmontanis.info\/index.php?rest_route=%2Fwp%2Fv2%2Fcategories&post=3885"},{"taxonomy":"post_tag","embeddable":true,"href":"http:\/\/blog.inmontanis.info\/index.php?rest_route=%2Fwp%2Fv2%2Ftags&post=3885"}],"curies":[{"name":"wp","href":"https:\/\/api.w.org\/{rel}","templated":true}]}}