{"id":3880,"date":"2016-07-03T08:00:34","date_gmt":"2016-07-03T06:00:34","guid":{"rendered":"http:\/\/blog.inmontanis.info\/?p=3880"},"modified":"2023-08-01T22:03:29","modified_gmt":"2023-08-01T20:03:29","slug":"mottarone-2-3-7-2016","status":"publish","type":"post","link":"http:\/\/blog.inmontanis.info\/?p=3880","title":{"rendered":"Mottarone 2.+3.7.2016"},"content":{"rendered":"<p><strong>Teil 3: Mottarone <\/strong><\/p>\n<p>Auf dem Weg zum Mottarone in Gravellona kam ich zuf\u00e4llig an einem ipercoop\/Einkaufszentrum vorbei, dort gab es auch ein paar Restaurants, hab ne Portion Nudeln und danach beim McDonalds ein Eis gegessen. H\u00e4tte ja einkaufen wollen, aber wie auch in Frankreich \u00fcblich waren am Eingang keine Einkaufswagen &#8211; und da ich des Laufens in diesem schw\u00fclwarmen EKZ \u00fcberdr\u00fcssig war und keine Lust hatte, nochmal raus, Wagen holen, rein, etc. &#8211; lie\u00df ich es eben sein. So viel gibt&#8217;s in Italien ja eh immer nicht f\u00fcr mich. Und ich hatte erst vor 3 Wochen einen Gro\u00dfeinkauf in Tschechien gemacht.<\/p>\n<p>Nebenbei versuchte ich 2x an einer Agip zu tanken &#8211; weder Bankomat-, noch Kredit-, noch dt. Postsparkarte wurden aktzeptiert. Bargeld (Scheine) ging dann am Automat. Mittlerweile ist es ja in Italien sogar so, dass man bei einigen Tankstellen trotz ge\u00f6ffneten Tankstellenshops nur noch an den Automaten zahlen kann..<\/p>\n<p>Bei der Auffahrt am Mottarone hatte es nochmal kr\u00e4ftiger geregnet, bis zum Sonnenuntergang war aber ja noch etwas Zeit zum Aufklaren. Nach 20 Uhr hatte es aber nochmals kr\u00e4ftig geregnet, somit gab ich&#8217;s auf, heute wieder einmal tolle Nachtfotos zu den Seen und zur Po-Ebene zu machen und hoffte auf morgen fr\u00fch. Sonst h\u00e4tt ich auch gleich am simplon schlafen k\u00f6nnen&#8230; Na gut, hier ist&#8217;s ruhiger. <\/p>\n<p>(Fotos anklicken zum Vergr\u00f6\u00dfern)<\/p>\n<p><a href='http:\/\/extra.inmontanis.info\/d\/35149-2\/ge2016070203a.jpg'><img src=http:\/\/extra.inmontanis.info\/d\/35148-3\/ge2016070203a.jpg \/><\/a><br \/>\n^ Strecke und POI 1.+2.+3.7.2016<br \/>\nA) Macugnaga &#8211; Moro (Sommerski)<br \/>\nB) Macugnaga &#8211; Belvedere<br \/>\n<strong>C) Mottarone<\/strong><br \/>\nD) Crans-Montana (Sommerski)<\/p>\n<p><a href='http:\/\/ski.inmontanis.info\/d\/216983-2\/DSC04746.jpg'><img src=http:\/\/ski.inmontanis.info\/d\/216982-3\/DSC04746.jpg \/><\/a><br \/>\n^ \u00d6hm. Was ist denn aus der Matten-Tubingbahn und der Mattenskipiste passiert? Dachte, ich k\u00f6nnte hier heut Abend noch ein bissl Skifahren&#8230;<\/p>\n<p>2008 wurden die Matten verlegt<br \/>\n2010 sah es so aus (ich bin aber damals nicht gefahren):<br \/>\n<a href='http:\/\/ski.inmontanis.info\/d\/117645-3\/P1540264.JPG'><img src=http:\/\/ski.inmontanis.info\/d\/117644-4\/P1540264.JPG \/><\/a><br \/>\n^ Mattenskipiste und -tubingbahn am 26.6.2010<\/p>\n<p><a href='http:\/\/ski.inmontanis.info\/d\/216987-2\/DSC04751.jpg'><img src=http:\/\/ski.inmontanis.info\/d\/216986-3\/DSC04751.jpg \/><\/a><br \/>\n^ PB Bergstation mit h\u00e4sslichem Bauzaun<\/p>\n<p><a href='http:\/\/ski.inmontanis.info\/d\/216991-2\/DSC04753.jpg'><img src=http:\/\/ski.inmontanis.info\/d\/216990-3\/DSC04753.jpg \/><\/a><br \/>\n^ Seit Ende April 2016 wird die PB revisioniert<\/p>\n<p><a href='http:\/\/ski.inmontanis.info\/d\/216995-2\/DSC04755.jpg'><img src=http:\/\/ski.inmontanis.info\/d\/216994-3\/DSC04755.jpg \/><\/a><br \/>\n^ Alte Liftteile<\/p>\n<p><a href='http:\/\/ski.inmontanis.info\/d\/216999-2\/DSC04758.jpg'><img src=http:\/\/ski.inmontanis.info\/d\/216998-3\/DSC04758.jpg \/><\/a><br \/>\n^ PB Bergstation<\/p>\n<p><a href='http:\/\/ski.inmontanis.info\/d\/217003-2\/DSC04760.jpg'><img src=http:\/\/ski.inmontanis.info\/d\/217002-3\/DSC04760.jpg \/><\/a><br \/>\n^ Ex-Zahnradbahn-Strecke<\/p>\n<p>Hier zur Erinnerung ein Foto von 2010:<\/p>\n<p><a href='http:\/\/ski.inmontanis.info\/d\/123033-3\/DSCF0948.jpg'><img src=http:\/\/ski.inmontanis.info\/d\/123032-4\/DSCF0948.jpg \/><\/a><br \/>\n^ Altes Plakat der Zahnradbahn, Vorg\u00e4ngerin der PB<\/p>\n<p><a href='http:\/\/ski.inmontanis.info\/d\/217007-2\/DSC04761.jpg'><img src=http:\/\/ski.inmontanis.info\/d\/217006-3\/DSC04761.jpg \/><\/a><br \/>\n^ Gegen\u00fcber der PB-Station steht ein l\u00e4ngliches Geh\u00e4use, was glaub ich mal die Remise der Zahnradbahn war<\/p>\n<p><a href='http:\/\/ski.inmontanis.info\/d\/217011-2\/DSC04762.jpg'><img src=http:\/\/ski.inmontanis.info\/d\/217010-3\/DSC04762.jpg \/><\/a><br \/>\n^ PB Bergstation<\/p>\n<p><a href='http:\/\/ski.inmontanis.info\/d\/217015-2\/DSC04765.jpg'><img src=http:\/\/ski.inmontanis.info\/d\/217014-3\/DSC04765.jpg \/><\/a><br \/>\n^ PB Bergstation<\/p>\n<p><a href='http:\/\/ski.inmontanis.info\/d\/217019-2\/DSC04767.jpg'><img src=http:\/\/ski.inmontanis.info\/d\/217018-3\/DSC04767.jpg \/><\/a><br \/>\n^ Ex-Zahnradbahn-Strecke.<\/p>\n<p><a href='http:\/\/ski.inmontanis.info\/d\/217023-2\/DSC04770.jpg'><img src=http:\/\/ski.inmontanis.info\/d\/217022-3\/DSC04770.jpg \/><\/a><br \/>\n^ Gipfelblick. Leider alles sehr neblig, auch richtung Seen, heute.<\/p>\n<p><a href='http:\/\/ski.inmontanis.info\/d\/217027-2\/DSC04804.jpg'><img src=http:\/\/ski.inmontanis.info\/d\/217026-3\/DSC04804.jpg \/><\/a><br \/>\n^ Ehemaliger Albergo Stazione Ristorante Pensione Bar Mottarone, ehemaliger Zahnradbahn-Bahnhof<\/p>\n<p>2010 war es noch ein St\u00fcck weniger verfallen:<\/p>\n<p><a href='http:\/\/ski.inmontanis.info\/d\/117681-3\/P1540279.JPG'><img src=http:\/\/ski.inmontanis.info\/d\/117680-4\/P1540279.JPG \/><\/a><br \/>\n^ Ehemaliger Albergo Stazione Ristorante Pensione Bar Mottarone (das steht alles drauf) (26.10.2010)<\/p>\n<p><a href='http:\/\/ski.inmontanis.info\/d\/217031-2\/DSC04774.jpg'><img src=http:\/\/ski.inmontanis.info\/d\/217030-3\/DSC04774.jpg \/><\/a><br \/>\n^ Ex-Albergo\/Ex-ZRB-Bahnhof<\/p>\n<p><a href='http:\/\/ski.inmontanis.info\/d\/217035-2\/DSC04775.jpg'><img src=http:\/\/ski.inmontanis.info\/d\/217034-3\/DSC04775.jpg \/><\/a><br \/>\n^ Noch ein fast ganz verfallenes Geb\u00e4ude weiter oben<\/p>\n<p><a href='http:\/\/ski.inmontanis.info\/d\/217039-2\/DSC04778.jpg'><img src=http:\/\/ski.inmontanis.info\/d\/217038-3\/DSC04778.jpg \/><\/a><br \/>\n^ Ex-Albergo\/Ex-ZRB-Bahnhof, durch den gr\u00fcnen Zaun fotografiert<\/p>\n<p><a href='http:\/\/ski.inmontanis.info\/d\/217043-2\/DSC04779.jpg'><img src=http:\/\/ski.inmontanis.info\/d\/217042-3\/DSC04779.jpg \/><\/a><br \/>\n^ Ex-Albergo\/Ex-ZRB-Bahnhof, durch den gr\u00fcnen Zaun fotografiert<\/p>\n<p><a href='http:\/\/ski.inmontanis.info\/d\/217047-2\/DSC04781.jpg'><img src=http:\/\/ski.inmontanis.info\/d\/217046-3\/DSC04781.jpg \/><\/a><br \/>\n^ Ex-Albergo\/Ex-ZRB-Bahnhof, durch den gr\u00fcnen Zaun fotografiert<\/p>\n<p><a href='http:\/\/ski.inmontanis.info\/d\/217051-2\/DSC04785.jpg'><img src=http:\/\/ski.inmontanis.info\/d\/217050-3\/DSC04785.jpg \/><\/a><br \/>\n^ Ex-Albergo\/Ex-ZRB-Bahnhof. Also, durch 3 Lagen Zaun kann man dann nicht mehr fotografieren&#8230;<\/p>\n<p><a href='http:\/\/ski.inmontanis.info\/d\/217055-2\/DSC04786.jpg'><img src=http:\/\/ski.inmontanis.info\/d\/217054-3\/DSC04786.jpg \/><\/a><br \/>\n^ Ex-Albergo\/Ex-ZRB-Bahnhof, durch den gr\u00fcnen Zaun fotografiert<\/p>\n<p><a href='http:\/\/ski.inmontanis.info\/d\/217059-2\/DSC04792.jpg'><img src=http:\/\/ski.inmontanis.info\/d\/217058-3\/DSC04792.jpg \/><\/a><br \/>\n^ Ex-Albergo\/Ex-ZRB-Bahnhof<\/p>\n<p><a href='http:\/\/ski.inmontanis.info\/d\/217063-2\/DSC04793.jpg'><img src=http:\/\/ski.inmontanis.info\/d\/217062-3\/DSC04793.jpg \/><\/a><br \/>\n^ Ex-Albergo\/Ex-ZRB-Bahnhof<\/p>\n<p><a href='http:\/\/ski.inmontanis.info\/d\/217067-2\/DSC04796.jpg'><img src=http:\/\/ski.inmontanis.info\/d\/217066-3\/DSC04796.jpg \/><\/a><br \/>\n^ Ex-Albergo\/Ex-ZRB-Bahnhof<\/p>\n<p><strong>3.7.2016<\/strong><\/p>\n<p>Vom Mottarone nach Crans-Monata f\u00e4hrt man ca. 3 Stunden lt. Navi, Sonnenaufgang soll um 5:40 Uhr sein &#8211; also passt beides gut zusammen. Allzu lang konnte ich mich hier allerdings nicht mehr aufhalten &#8211; und viel fr\u00fcher kam ich leider auch nicht aus den Federn &#8230;<\/p>\n<p><a href='http:\/\/ski.inmontanis.info\/d\/217101-2\/DSC04805.jpg'><img src=http:\/\/ski.inmontanis.info\/d\/217100-3\/DSC04805.jpg \/><\/a><br \/>\n^ Pano Po-Ebene in der Morgend\u00e4mmerung<\/p>\n<p><a href='http:\/\/ski.inmontanis.info\/d\/217072-2\/DSC04808.jpg'><img src=http:\/\/ski.inmontanis.info\/d\/217071-3\/DSC04808.jpg \/><\/a><br \/>\n^ Monte Rosa zur Morgend\u00e4mmerung<\/p>\n<p><a href='http:\/\/ski.inmontanis.info\/d\/217076-2\/DSC04811.jpg'><img src=http:\/\/ski.inmontanis.info\/d\/217075-3\/DSC04811.jpg \/><\/a><br \/>\n^ Lago Maggiore<\/p>\n<p><a href='http:\/\/ski.inmontanis.info\/d\/217080-2\/DSC04813.jpg'><img src=http:\/\/ski.inmontanis.info\/d\/217079-3\/DSC04813.jpg \/><\/a><br \/>\n^ Lago Maggiore und PB-Bergstation, vor Sonnenaufgang<\/p>\n<p><a href='http:\/\/ski.inmontanis.info\/d\/217105-2\/DSC04814.jpg'><img src=http:\/\/ski.inmontanis.info\/d\/217104-3\/DSC04814.jpg \/><\/a><br \/>\n^ Po-Ebene, vor Sonnenaufgang<\/p>\n<p><a href='http:\/\/ski.inmontanis.info\/d\/217085-2\/DSC04820.jpg'><img src=http:\/\/ski.inmontanis.info\/d\/217084-3\/DSC04820.jpg \/><\/a><br \/>\n^ Lago Maggiore, kurz vor Sonnenaufgang.<\/p>\n<p><a href='http:\/\/ski.inmontanis.info\/d\/217089-2\/DSC04821.jpg'><img src=http:\/\/ski.inmontanis.info\/d\/217088-3\/DSC04821.jpg \/><\/a><br \/>\n^ Sommerlich abgebaute SL-Br\u00fccke. Der Grund, warum der Teil der Stra\u00dfe im Winter gesperrt ist :)<\/p>\n<p><a href='http:\/\/ski.inmontanis.info\/d\/217093-2\/DSC04823.jpg'><img src=http:\/\/ski.inmontanis.info\/d\/217092-3\/DSC04823.jpg \/><\/a><br \/>\n^ Monte Rosa Sonnenaufgang<\/p>\n<p><a href='http:\/\/ski.inmontanis.info\/d\/217097-2\/DSC04826.jpg'><img src=http:\/\/ski.inmontanis.info\/d\/217096-3\/DSC04826.jpg \/><\/a><br \/>\n^ Po-Ebene, Sonnenaufgang<\/p>\n<p>Fortsetzung folgt.<\/p>\n","protected":false},"excerpt":{"rendered":"<p>Teil 3: Mottarone <\/p>\n<p>Auf dem Weg zum Mottarone in Gravellona kam ich zuf\u00e4llig an einem ipercoop\/Einkaufszentrum vorbei, dort gab es auch ein paar Restaurants, hab ne Portion Nudeln und danach beim McDonalds ein Eis gegessen. H\u00e4tte ja einkaufen wollen, aber wie auch in Frankreich \u00fcblich waren am Eingang keine Einkaufswagen &#8211; und da ich <a href=\"http:\/\/blog.inmontanis.info\/?p=3880\">[&#8230;]<\/a><\/p>\n","protected":false},"author":1,"featured_media":0,"comment_status":"closed","ping_status":"closed","sticky":false,"template":"","format":"standard","meta":{"footnotes":""},"categories":[15,445,32,81],"tags":[51,52,45],"class_list":["post-3880","post","type-post","status-publish","format-standard","hentry","category-italienitaly","category-mottarone","category-lostplaces","category-kurztrips","tag-architektur","tag-pb","tag-see","odd"],"_links":{"self":[{"href":"http:\/\/blog.inmontanis.info\/index.php?rest_route=\/wp\/v2\/posts\/3880","targetHints":{"allow":["GET"]}}],"collection":[{"href":"http:\/\/blog.inmontanis.info\/index.php?rest_route=\/wp\/v2\/posts"}],"about":[{"href":"http:\/\/blog.inmontanis.info\/index.php?rest_route=\/wp\/v2\/types\/post"}],"author":[{"embeddable":true,"href":"http:\/\/blog.inmontanis.info\/index.php?rest_route=\/wp\/v2\/users\/1"}],"replies":[{"embeddable":true,"href":"http:\/\/blog.inmontanis.info\/index.php?rest_route=%2Fwp%2Fv2%2Fcomments&post=3880"}],"version-history":[{"count":2,"href":"http:\/\/blog.inmontanis.info\/index.php?rest_route=\/wp\/v2\/posts\/3880\/revisions"}],"predecessor-version":[{"id":3882,"href":"http:\/\/blog.inmontanis.info\/index.php?rest_route=\/wp\/v2\/posts\/3880\/revisions\/3882"}],"wp:attachment":[{"href":"http:\/\/blog.inmontanis.info\/index.php?rest_route=%2Fwp%2Fv2%2Fmedia&parent=3880"}],"wp:term":[{"taxonomy":"category","embeddable":true,"href":"http:\/\/blog.inmontanis.info\/index.php?rest_route=%2Fwp%2Fv2%2Fcategories&post=3880"},{"taxonomy":"post_tag","embeddable":true,"href":"http:\/\/blog.inmontanis.info\/index.php?rest_route=%2Fwp%2Fv2%2Ftags&post=3880"}],"curies":[{"name":"wp","href":"https:\/\/api.w.org\/{rel}","templated":true}]}}