{"id":3873,"date":"2016-07-02T18:23:42","date_gmt":"2016-07-02T16:23:42","guid":{"rendered":"http:\/\/blog.inmontanis.info\/?p=3873"},"modified":"2023-08-02T22:10:07","modified_gmt":"2023-08-02T20:10:07","slug":"macugnaga-moro-pass-2-7-2016","status":"publish","type":"post","link":"http:\/\/blog.inmontanis.info\/?p=3873","title":{"rendered":"Macugnaga Moro Pass, 2.7.2016"},"content":{"rendered":"<p><strong>Teil 1: Sommerski Macugnaga &#8211; Moro <\/strong><\/p>\n<p><em>1.7.2016<\/em><\/p>\n<p>Dieses WE hatte ich mir vorgenommen, in die Westalpen zum Sommerskifahren zu fahren. Hatte ja gehofft, dass Alpe d&#8217;Huez wieder aufmacht, aber leider doch nicht, obwohl es nach genug Schnee ausgesehen h\u00e4tte. Alternative war Macugnaga, die seit letzter Woche wieder offen hatten und noch das eine oder andere WE offen lassen k\u00f6nnen, weil genug Schnee. Cervinia fiel f\u00fcr dieses WE schon aus, weil die Abfahrt nicht mehr sonderlich brauchbar bis Plan Maison m\u00f6glich schien. Blieb noch Tignes \u00fcbrig.<\/p>\n<p>Kurzfristig ergab sich noch ein weiteres Ziel: Crans-Montana, seit vielen Jahren kein Vertreter von Sommerski mehr, will dieses WE einen SL \u00f6ffnen, dem Restschnee sei Dank. Wenn das mal nicht Grund genug ist, dort vorbei zu schauen.<\/p>\n<p>Den Wettervorhersagen nach sollte ich am SA Macu und SO dann CMA fahren. Etwas sp\u00e4ter als erhofft, um kurz vor 17 Uhr, kam ich am Freitag weg. Wollte egtl. am Mottarone n\u00e4chtigen, machte zeitm\u00e4\u00dfig aber keinen Sinn mehr, so dass ich noch bis Macugnaga gefahren bin und dort am DSB-Parkplatz \u00fcbernachtete. Irgendwann nachts bin ich mal wach geworden, weil es regnete. Mist. Davon war nix in den Vorhersagen, egtl. h\u00e4tte die Nacht trocken und klar verlaufen sollen.<\/p>\n<p><em>2.7.2016<\/em><\/p>\n<p>Um 7:45 war ich am Parkplatz der PB und hatte gehofft, die Tagesparkkosten zu zahlen, die dann hoffentlich auch am Belvedere-DSB-Parkplatz gelten w\u00fcrden, da ich die nachmittags mal wieder besuchen wollte. Tagesparkkarten gibt&#8217;s aber nur an der DSB (4,- \u20ac) hier an der PB gar keine, sondern man muss jeweils 1,- pro Stunde zahlen. Haben wohl immer noch zu viel G\u00e4ste, wenn man sie damit vergraulen kann?!<\/p>\n<p>Tageskarte kostet wie in den Vorjahren nur so viel wie eine Berg- und Talfahrt mit den PBs, also 17,- \u20ac. Oben angekommen war der SL bereits in Betrieb und ein paar Gruppen schon unterwegs, anscheinend war die erste Bergfahrt doch nicht erst um  8 Uhr. Wetter blieb halbwegs, mal bissl Sonne, mal bissl Nebel, um 9:30 mal kurz ein bisschen genieselt, um 11:30 dann leichter Regen, um 11:45 wurde der SL 45min vor offizieller Schlie\u00dfung lt. Website geschlossen &#8211; ob nun wegen des Regens oder generell, wei\u00df ich nicht.<\/p>\n<p>Wie \u00fcblich hier im Sommer war ich haupts\u00e4chlich offpiste unterwegs, es gab zwar keinen richtigen Firn, aber eine 5-10cm weiche (Regennasse?) Schicht auf kompaktem Schnee, was ganz ok zu fahren war. In den Flachst\u00fccken war der Schnee bremsig, so dass die Schiebest\u00fccke zu den Offpistevarianten noch anstrengender waren als sonst. Der Verbindungsskiweg oben war noch ohne Abschnallen m\u00f6glich, was also je nach Wetter und Lust auf ca. weitere 2 Skiwochenenden deuten w\u00fcrde.<\/p>\n<p>Bei meiner letzten Offpiste-Abfahrt (bei leichtem Regen und Nebel) traf ich am Moro-Pass auf 2 Wanderer (Rentner) aus der Schweiz, kamen aus Saas Almagell und waren etwas \u00fcberrascht, dass der Skilift fuhr und auch die Seilbahn. Wollten dann mit der Seilbahn runter und in Macu \u00fcbernachten. Na, ich war nicht weniger \u00fcberrascht. An der Mittelstation hab ich noch eine kleine Fotosession eingelegt, da ich den Parkplatz bis 13 Uhr bezahlt hatte&#8230;<\/p>\n<p>(Fotos anklicken zum Vergr\u00f6\u00dfern)<\/p>\n<p><a href='http:\/\/extra.inmontanis.info\/d\/35149-2\/ge2016070203a.jpg'><img src=http:\/\/extra.inmontanis.info\/d\/35148-3\/ge2016070203a.jpg \/><\/a><br \/>\n^ Strecke und POI 1.+2.+3.7.2016<br \/>\nA) Macugnaga &#8211; Moro (Sommerski)<br \/>\nB) Macugnaga &#8211; Belvedere<br \/>\nC) Mottarone<br \/>\nD) Crans-Montana (Sommerski)<\/p>\n<p><a href='http:\/\/ski.inmontanis.info\/d\/216488-2\/DSC04567.jpg'><img src=http:\/\/ski.inmontanis.info\/d\/216487-3\/DSC04567.jpg \/><\/a><br \/>\n^ Na toll. Die Parktageskarte um 4,- \u20ac gibt es nur an der DSB (und gilt auch nur dort), hier muss man pro Stunde einen Euro zahlen.<\/p>\n<p><a href='http:\/\/ski.inmontanis.info\/d\/216492-2\/DSC04568.jpg'><img src=http:\/\/ski.inmontanis.info\/d\/216491-3\/DSC04568.jpg \/><\/a><br \/>\n^ PB Sektion 1 Talstation<\/p>\n<p><a href='http:\/\/ski.inmontanis.info\/d\/216496-2\/DSC04571.jpg'><img src=http:\/\/ski.inmontanis.info\/d\/216495-3\/DSC04571.jpg \/><\/a><br \/>\n^ PB Sektion 1 Strecke<\/p>\n<p><a href='http:\/\/ski.inmontanis.info\/d\/216500-2\/DSC04574.jpg'><img src=http:\/\/ski.inmontanis.info\/d\/216499-3\/DSC04574.jpg \/><\/a><br \/>\n^ Blick zum Belvedere-Gebiet mit den beiden DSBs, das ich am nachmittag noch besuchte<\/p>\n<p><a href='http:\/\/ski.inmontanis.info\/d\/216504-2\/DSC04575.jpg'><img src=http:\/\/ski.inmontanis.info\/d\/216503-3\/DSC04575.jpg \/><\/a><br \/>\n^ PB Sektion 1 und Parkplatz<\/p>\n<p><a href='http:\/\/ski.inmontanis.info\/d\/216508-2\/DSC04576.jpg'><img src=http:\/\/ski.inmontanis.info\/d\/216507-3\/DSC04576.jpg \/><\/a><br \/>\n^ PB Sektion 2<\/p>\n<p><a href='http:\/\/ski.inmontanis.info\/d\/216512-2\/DSC04577.jpg'><img src=http:\/\/ski.inmontanis.info\/d\/216511-3\/DSC04577.jpg \/><\/a><br \/>\n^ PB Sektion 2<\/p>\n<p><a href='http:\/\/ski.inmontanis.info\/d\/216516-2\/DSC04578.jpg'><img src=http:\/\/ski.inmontanis.info\/d\/216515-3\/DSC04578.jpg \/><\/a><br \/>\n^ PB Sektion 2 Bergstation<\/p>\n<p><a href='http:\/\/ski.inmontanis.info\/d\/216520-2\/DSC04579.jpg'><img src=http:\/\/ski.inmontanis.info\/d\/216519-3\/DSC04579.jpg \/><\/a><br \/>\n^ PB Sektion 2 Bergstation<\/p>\n<p><a href='http:\/\/ski.inmontanis.info\/d\/216524-2\/DSC04580.jpg'><img src=http:\/\/ski.inmontanis.info\/d\/216523-3\/DSC04580.jpg \/><\/a><br \/>\n^ Sommerskigebiet<\/p>\n<p><a href='http:\/\/ski.inmontanis.info\/d\/216528-2\/DSC04581.jpg'><img src=http:\/\/ski.inmontanis.info\/d\/216527-3\/DSC04581.jpg \/><\/a><br \/>\n^ Schneeh\u00f6he zwischen den beiden SL-Talstationen. Die Bezeichnung Restschneefeld w\u00e4re irgendwie unfair, manche Skigebiete haben den ganzen Winter auf ihren Abfahrten nicht so eine dicke Schneedecke ;)<\/p>\n<p><a href='http:\/\/ski.inmontanis.info\/d\/216532-2\/DSC04584.jpg'><img src=http:\/\/ski.inmontanis.info\/d\/216531-3\/DSC04584.jpg \/><\/a><br \/>\n^ Da in der unteren H\u00e4lfte der Piste 2 Kurse gesteckt waren, hatte man als Normalo nur wenig Platz zwischen den beiden&#8230;<\/p>\n<p><a href='http:\/\/ski.inmontanis.info\/d\/216536-2\/DSC04585.jpg'><img src=http:\/\/ski.inmontanis.info\/d\/216535-3\/DSC04585.jpg \/><\/a><br \/>\n^ Oberer Teil. Der Regen von der Nacht konnte auf der Piste noch gefrieren, gut.<\/p>\n<p><a href='http:\/\/ski.inmontanis.info\/d\/216540-2\/DSC04586.jpg'><img src=http:\/\/ski.inmontanis.info\/d\/216539-3\/DSC04586.jpg \/><\/a><br \/>\n^ Durch die 2-3 Skirenngruppen war&#8217;s gut gef\u00fcllt<\/p>\n<p><a href='http:\/\/ski.inmontanis.info\/d\/216544-2\/DSC04588.jpg'><img src=http:\/\/ski.inmontanis.info\/d\/216543-3\/DSC04588.jpg \/><\/a><br \/>\n^ Passo Moro und Blick in die Schweiz richtung Saas Fee. Der Verbindungsweg von der SL-Bergstation zum linken Bereich war ohne Abschnallen m\u00f6glich (manchmal muss man da ja schon \u00fcber Felsen steigen)<\/p>\n<p><a href='http:\/\/ski.inmontanis.info\/d\/216548-2\/DSC04590.jpg'><img src=http:\/\/ski.inmontanis.info\/d\/216547-3\/DSC04590.jpg \/><\/a><br \/>\n^ Im Offpiste-Gel\u00e4nde. Au\u00df\u009fer mir hab ich hier nur einmal einen fahren sehen.<\/p>\n<p><a href='http:\/\/ski.inmontanis.info\/d\/216552-2\/DSC04592.jpg'><img src=http:\/\/ski.inmontanis.info\/d\/216551-3\/DSC04592.jpg \/><\/a><br \/>\n^ DSB, SL, SL, PB, sowie der seit einigen Jahren geschlossene R\u00fcckbringer-SL und rechts oben weitere ehemalige SL-\u00dc\u009cberreste<\/p>\n<p><a href='http:\/\/ski.inmontanis.info\/d\/216556-2\/DSC04593.jpg'><img src=http:\/\/ski.inmontanis.info\/d\/216555-3\/DSC04593.jpg \/><\/a><br \/>\n^ Der Eimer ist voll mit Salz &#8211; die Trainingsgruppen haben ihre Kurse gesalzen.<\/p>\n<p><a href='http:\/\/ski.inmontanis.info\/d\/216560-2\/DSC04596.jpg'><img src=http:\/\/ski.inmontanis.info\/d\/216559-3\/DSC04596.jpg \/><\/a><br \/>\n^ Am Gipfel waren ein paar Tourengeher unterwegs und sind abgefahren.<\/p>\n<p><a href='http:\/\/ski.inmontanis.info\/d\/216564-2\/DSC04597.jpg'><img src=http:\/\/ski.inmontanis.info\/d\/216563-3\/DSC04597.jpg \/><\/a><br \/>\n^ Offpiste, die Spuren in den Steilh\u00e4ngen waren fast alle von mir.<\/p>\n<p><a href='http:\/\/ski.inmontanis.info\/d\/216568-2\/DSC04598.jpg'><img src=http:\/\/ski.inmontanis.info\/d\/216567-3\/DSC04598.jpg \/><\/a><br \/>\n^ PB Sektion 2 Bergstation<\/p>\n<p><a href='http:\/\/ski.inmontanis.info\/d\/216572-2\/DSC04599.jpg'><img src=http:\/\/ski.inmontanis.info\/d\/216571-3\/DSC04599.jpg \/><\/a><br \/>\n^ Restaurant an der Bergstation. Wof\u00fcr wohl der gro\u00df\u009fe Bogen im Untergeschoss gedacht war?<\/p>\n<p><a href='http:\/\/ski.inmontanis.info\/d\/216576-2\/DSC04602.jpg'><img src=http:\/\/ski.inmontanis.info\/d\/216575-3\/DSC04602.jpg \/><\/a><br \/>\n^ Talstation SL Joder<\/p>\n<p><a href='http:\/\/ski.inmontanis.info\/d\/216580-2\/DSC04606.jpg'><img src=http:\/\/ski.inmontanis.info\/d\/216579-3\/DSC04606.jpg \/><\/a><br \/>\n^ Blick zur Talstation der DSB und der leicht modellierten Abfahrt zur Mittelstation<\/p>\n<p><a href='http:\/\/ski.inmontanis.info\/d\/216584-2\/DSC04610.jpg'><img src=http:\/\/ski.inmontanis.info\/d\/216583-3\/DSC04610.jpg \/><\/a><br \/>\n^ Mittelstation, wohl ehemaliger Kartenschalter<\/p>\n<p><a href='http:\/\/ski.inmontanis.info\/d\/216588-2\/DSC04612.jpg'><img src=http:\/\/ski.inmontanis.info\/d\/216587-3\/DSC04612.jpg \/><\/a><br \/>\n^ PB Sektion 1; auf dem Schild steht Piemonte Funivie<\/p>\n<p><a href='http:\/\/ski.inmontanis.info\/d\/216592-2\/DSC04613.jpg'><img src=http:\/\/ski.inmontanis.info\/d\/216591-3\/DSC04613.jpg \/><\/a><br \/>\n^ PB Sektion 1<\/p>\n<p><a href='http:\/\/ski.inmontanis.info\/d\/216596-2\/DSC04615.jpg'><img src=http:\/\/ski.inmontanis.info\/d\/216595-3\/DSC04615.jpg \/><\/a><br \/>\n^ Mittelstation<\/p>\n<p><a href='http:\/\/ski.inmontanis.info\/d\/216600-2\/DSC04616.jpg'><img src=http:\/\/ski.inmontanis.info\/d\/216599-3\/DSC04616.jpg \/><\/a><br \/>\n^ Mittelstation<\/p>\n<p><a href='http:\/\/ski.inmontanis.info\/d\/216604-2\/DSC04617.jpg'><img src=http:\/\/ski.inmontanis.info\/d\/216603-3\/DSC04617.jpg \/><\/a><br \/>\n^ PB Sektion 2 mit Abfahrt<\/p>\n<p><a href='http:\/\/ski.inmontanis.info\/d\/216608-2\/DSC04618.jpg'><img src=http:\/\/ski.inmontanis.info\/d\/216607-3\/DSC04618.jpg \/><\/a><br \/>\n^ PB Sektion 2 Talstation. Wenn&#8217;s nicht Italien w\u00e4r, k\u00f6nnt&#8217;s genauso gut in Russland sein ;)<\/p>\n<p>Aber der Italo-Trash-Style macht ja das Skigebiet umso interessanter. Die kurze Abfahrt am SL ist ja nur Nebensache, die Offpistevarianten (wenn auch leider nur anstrengend zu erreichen), der alte Teller-SL, die alten PB, &#8230; das Gesamtpaket macht&#8217;s aus.<\/p>\n<p><a href='http:\/\/ski.inmontanis.info\/d\/216612-2\/DSC04619.jpg'><img src=http:\/\/ski.inmontanis.info\/d\/216611-3\/DSC04619.jpg \/><\/a><br \/>\n^ Mittelstation, alte Kabine<\/p>\n<p><a href='http:\/\/ski.inmontanis.info\/d\/216616-2\/DSC04620.jpg'><img src=http:\/\/ski.inmontanis.info\/d\/216615-3\/DSC04620.jpg \/><\/a><br \/>\n^ Alte Kabine, mit Faltt\u00fcren<\/p>\n<p><a href='http:\/\/ski.inmontanis.info\/d\/216620-2\/DSC04621.jpg'><img src=http:\/\/ski.inmontanis.info\/d\/216619-3\/DSC04621.jpg \/><\/a><br \/>\n^ Alte Kabine, mit Holzboden<\/p>\n<p><a href='http:\/\/ski.inmontanis.info\/d\/216637-2\/DSC04622.jpg'><img src=http:\/\/ski.inmontanis.info\/d\/216636-3\/DSC04622.jpg \/><\/a><br \/>\n^ Alte Kabine<\/p>\n<p><a href='http:\/\/ski.inmontanis.info\/d\/216625-2\/DSC04623.jpg'><img src=http:\/\/ski.inmontanis.info\/d\/216624-3\/DSC04623.jpg \/><\/a><br \/>\n^ Alte Kabine, mit Faltt\u00fcren<\/p>\n<p><a href='http:\/\/ski.inmontanis.info\/d\/216629-2\/DSC04626.jpg'><img src=http:\/\/ski.inmontanis.info\/d\/216628-3\/DSC04626.jpg \/><\/a><br \/>\n^ Alte Kabine<\/p>\n<p><a href='http:\/\/ski.inmontanis.info\/d\/216633-2\/ge20160702b.jpg'><img src=http:\/\/ski.inmontanis.info\/d\/216632-3\/ge20160702b.jpg \/><\/a><br \/>\n^ GPS-Track 2.7.2016 (dunkelblau) und meine vorherigen Sommerbesuche (hellblau)<\/p>\n<p>Waren heute 26 Abfahrten, der SL macht auf ca. 295m ca. 70hm.<\/p>\n<p>Fazit: War heute nicht der beste Tag hier, aber auch nicht der schlechteste.<\/p>\n<p>Danach bin ich noch zu den DSBs im Belvedere &#8211; Gebiet&#8230;<\/p>\n<p>(Fortsetzung folgt.)<\/p>\n","protected":false},"excerpt":{"rendered":"<p>Teil 1: Sommerski Macugnaga &#8211; Moro <\/p>\n<p>1.7.2016<\/p>\n<p>Dieses WE hatte ich mir vorgenommen, in die Westalpen zum Sommerskifahren zu fahren. Hatte ja gehofft, dass Alpe d&#8217;Huez wieder aufmacht, aber leider doch nicht, obwohl es nach genug Schnee ausgesehen h\u00e4tte. Alternative war Macugnaga, die seit letzter Woche wieder offen hatten und noch das eine oder <a href=\"http:\/\/blog.inmontanis.info\/?p=3873\">[&#8230;]<\/a><\/p>\n","protected":false},"author":1,"featured_media":0,"comment_status":"closed","ping_status":"closed","sticky":false,"template":"","format":"standard","meta":{"footnotes":""},"categories":[15,465,59,28,32,81],"tags":[52,47],"class_list":["post-3873","post","type-post","status-publish","format-standard","hentry","category-italienitaly","category-macugnaga","category-nostalgie","category-skifahren-sommer","category-lostplaces","category-kurztrips","tag-pb","tag-sl","odd"],"_links":{"self":[{"href":"http:\/\/blog.inmontanis.info\/index.php?rest_route=\/wp\/v2\/posts\/3873","targetHints":{"allow":["GET"]}}],"collection":[{"href":"http:\/\/blog.inmontanis.info\/index.php?rest_route=\/wp\/v2\/posts"}],"about":[{"href":"http:\/\/blog.inmontanis.info\/index.php?rest_route=\/wp\/v2\/types\/post"}],"author":[{"embeddable":true,"href":"http:\/\/blog.inmontanis.info\/index.php?rest_route=\/wp\/v2\/users\/1"}],"replies":[{"embeddable":true,"href":"http:\/\/blog.inmontanis.info\/index.php?rest_route=%2Fwp%2Fv2%2Fcomments&post=3873"}],"version-history":[{"count":1,"href":"http:\/\/blog.inmontanis.info\/index.php?rest_route=\/wp\/v2\/posts\/3873\/revisions"}],"predecessor-version":[{"id":3874,"href":"http:\/\/blog.inmontanis.info\/index.php?rest_route=\/wp\/v2\/posts\/3873\/revisions\/3874"}],"wp:attachment":[{"href":"http:\/\/blog.inmontanis.info\/index.php?rest_route=%2Fwp%2Fv2%2Fmedia&parent=3873"}],"wp:term":[{"taxonomy":"category","embeddable":true,"href":"http:\/\/blog.inmontanis.info\/index.php?rest_route=%2Fwp%2Fv2%2Fcategories&post=3873"},{"taxonomy":"post_tag","embeddable":true,"href":"http:\/\/blog.inmontanis.info\/index.php?rest_route=%2Fwp%2Fv2%2Ftags&post=3873"}],"curies":[{"name":"wp","href":"https:\/\/api.w.org\/{rel}","templated":true}]}}