{"id":3871,"date":"2016-06-25T18:22:22","date_gmt":"2016-06-25T16:22:22","guid":{"rendered":"http:\/\/blog.inmontanis.info\/?p=3871"},"modified":"2023-07-01T20:57:35","modified_gmt":"2023-07-01T18:57:35","slug":"hintertux-25-6-2016","status":"publish","type":"post","link":"http:\/\/blog.inmontanis.info\/?p=3871","title":{"rendered":"Hintertux, 25.6.2016"},"content":{"rendered":"<p><strong>25.6.2016<\/strong><\/p>\n<p>Auch dieses WE waren die Wettervorhersagen wieder sehr mau. Etwas Sonne in Tux am SA bis Mittag, SO schlecht. Im Westen (wo SA\/SO Cervinia und Macu m\u00f6glich gewesen w\u00e4ren) wurde f\u00fcr den SA von Tag zu Tag schlechter gemeldet, daf\u00fcr sollte SO sonnig werden. Eine Teilnahme von bastian-m und Kaliningrad h\u00e4tten zwar f\u00fcr einen Ausflug nach Cervinia + Macugnaga gesprochen, aber bei den unsicheren Prognosen und da ich lieber n\u00e4chstes WE nach Alpe d&#8217;Huez fahren w\u00fcrde, sofern die heuer Sommerski anbieten, entschied ich mich doch dagegen. Zumal schlussendlich einige Vorhersageseiten f\u00fcr SA sogar in Tux noch mehr Sonne meldeten als in Cervinia und nach den vielen Schlechtwetterskitagen der letzten Monate..<\/p>\n<p>So blieb ich eben wieder daheim und fuhr nur am heutigen Samstag nach Hintertux. Wetterm\u00e4\u00dfig war es doch sonniger als erwartet, nur der Schnee war leider etwas verdorben. Der Schnee war morgens tief weich und auch offpiste war&#8217;s nicht viel besser. Vermutlich hatte es gestern abends bzw. \u00fcber die Nacht etwas geregnet, jedenfalls hat es nicht genug aufgeklart bzw. war alternativ nicht kalt genug. Besser als letztes WE war&#8217;s aber und hier und da gab&#8217;s mal eine frische Raupenspur on- oder offpiste. Anderswo war&#8217;s bremsig und ich lie\u00df es gegen 13 Uhr, obwohl es wetterm\u00e4\u00dfig noch halbwegs sonnig war.<\/p>\n<p>Im Gegensatz zur gestrigen Homepage-Angabe war heute der GB2 nicht mehr in Revision, somit die 4EUB leider geschlossen. K\u00f6nnte aber auch dem starken Wind heute Morgen geschuldet gewesen sein.<\/p>\n<p>(Fotos anklicken zum Vergr\u00f6\u00dfern.)<\/p>\n<p><a href='http:\/\/ski.inmontanis.info\/d\/216439-2\/DSC04535.jpg'><img src=http:\/\/ski.inmontanis.info\/d\/216438-3\/DSC04535.jpg \/><\/a><br \/>\n^ Blick zu den Mittelstationsabfahrten vom Kasererbereich &#8211; hier ist gestern ein Alpinforums-User runtergefahren &#8230;<\/p>\n<p><a href='http:\/\/ski.inmontanis.info\/d\/216443-2\/DSC04538_001.jpg'><img src=http:\/\/ski.inmontanis.info\/d\/216442-3\/DSC04538_001.jpg \/><\/a><br \/>\n^ Respekt an bastian-m f\u00fcr den Zusatzaufstieg (von den Schneefeldern links) zu dieser Schneerinne und dem danach folgenden langen Fu\u00dfmarsch zur Sommerbergalm &#8230;<\/p>\n<p><a href='http:\/\/ski.inmontanis.info\/d\/216447-2\/DSC04543_001.jpg'><img src=http:\/\/ski.inmontanis.info\/d\/216446-3\/DSC04543_001.jpg \/><\/a><br \/>\n^ L\u00e4rmstange2 Depot<\/p>\n<p><a href='http:\/\/ski.inmontanis.info\/d\/216451-2\/DSC04544.jpg'><img src=http:\/\/ski.inmontanis.info\/d\/216450-3\/DSC04544.jpg \/><\/a><br \/>\n^ Zufahrt GB3<\/p>\n<p><a href='http:\/\/ski.inmontanis.info\/d\/216455-2\/DSC04545.jpg'><img src=http:\/\/ski.inmontanis.info\/d\/216454-3\/DSC04545.jpg \/><\/a><br \/>\n^ TFH-Hang rechts<\/p>\n<p><a href='http:\/\/ski.inmontanis.info\/d\/216459-2\/DSC04550.jpg'><img src=http:\/\/ski.inmontanis.info\/d\/216458-3\/DSC04550.jpg \/><\/a><br \/>\n^ TFH-Hang Mitte. Die Depots links und mittig sind \u00fcbrigens noch nicht vermattet.<\/p>\n<p><a href='http:\/\/ski.inmontanis.info\/d\/216467-2\/DSC04552.jpg'><img src=http:\/\/ski.inmontanis.info\/d\/216466-3\/DSC04552.jpg \/><\/a><br \/>\n^ Die vermatteten Bereiche an der GW hatten nach wie vor noch Schnee auf den Matten; die Spur oben linkerhand der Schneefangz\u00e4une (die nun langsam eingesammelt werden) ging ganz gut.<\/p>\n<p><a href='http:\/\/ski.inmontanis.info\/d\/216471-2\/DSC04554_001.jpg'><img src=http:\/\/ski.inmontanis.info\/d\/216470-3\/DSC04554_001.jpg \/><\/a><br \/>\n^ Bauarbeiten am oberen Kasererweg. Will man ihn doch tiefer legen? Die Arbeiten st\u00f6ren evtl. f\u00fcr Ausfl\u00fcge ins Gel\u00e4nde hier in den n\u00e4chsten Wochen &#8230;<\/p>\n<p><a href='http:\/\/ski.inmontanis.info\/d\/216463-2\/DSC04555.jpg'><img src=http:\/\/ski.inmontanis.info\/d\/216462-3\/DSC04555.jpg \/><\/a><br \/>\n^ TFH-Hang links, hier konnte man noch die Bullyspur runter (meine Spur links). Den oberen Offpistehang hab ich heute abermals auslassen, aber wir haben ja erst Ende Juni.<\/p>\n<p><a href='http:\/\/ski.inmontanis.info\/d\/216480-2\/DSC04558_001.jpg'><img src=http:\/\/ski.inmontanis.info\/d\/216479-3\/DSC04558_001.jpg \/><\/a><br \/>\n^ Die Matten f\u00fcr das Depot bzw. den unteren Teil der Abfahrt warten nach wie vor darauf, verlegt zu werden.<\/p>\n<p><a href='http:\/\/ski.inmontanis.info\/d\/216476-2\/DSC04559.jpg'><img src=http:\/\/ski.inmontanis.info\/d\/216475-3\/DSC04559.jpg \/><\/a><br \/>\n^ Aktuell w\u00e4ren 6 Parkpl\u00e4tze zum Elektrofahrzeug-Laden markiert; die beiden Stromverteiler haben jeweils 2 gro\u00dfe und 2 kleine Anschl\u00fcsse &#8211; also dann max. 4 oder 8 Fahrzeuge?<\/p>\n<p>Nachdem ich von den Wettervorhersageseiten die letzten Tage wieder genervt war, da wieder einmal je nach Anbieter von &#8220;sehr sonnig&#8221; bis &#8220;stark bew\u00f6lkt + regnerisch&#8221; dabei war, hab ich mir am Freitag Abend Screenshots gemacht, um sie mit dem heutigen Samstag zu vergleichen. Genauer gesagt, hab ich das f\u00fcr Hintertux und Stilfserjoch gemacht (da das f\u00fcr heute auch noch im Raum gestanden ist):<\/p>\n<p>Bergfex (Hintertux Berg): Stark bew\u00f6lkt, zwischen 8 und 11 kaum Sonne, die ersten kurzen Regenschauer (60%, 0 l), danach etwas mehr Sonne und mehr Regen<\/p>\n<p>Yr (Olperer): ab 2 Uhr klar, zwischen 8 und 11 stark bew\u00f6lkt, zwischen 11-14 Uhr etwas Sonne und Regen.<\/p>\n<p>Kachelmannwetter (Olperer): ganztags sehr stark bew\u00f6lkt, haupts\u00e4chlich niedrige Wolken, aber in der Sonnenscheindauer auch etliches an Sonne<\/p>\n<p>wetter.at (Hintertuxer Gletscher): trocken, zwischen 9-13 Uhr 80% bew\u00f6lkt<\/p>\n<p>Im Prinzip hatten alle nicht ganz unrecht, waren sie ja auch nicht so unterschiedlich. Der Olperer-Gipfel war tats\u00e4chlich so gut wie die ganze Zeit in Wolken, im Skigebiet dagegen war es teils sehr sonnig. Regentropfen hab ich von 9 bis 13 Uhr keinen gesehen.<\/p>\n<p>&#8212;<\/p>\n<p>Nun zum Stilfserjoch:<\/p>\n<p>3bmeteo (Passo dello Stelvio): von 6-13 uhr &#8220;variabile&#8221;, halb Sonne, halb Wolken. Ab 14 Uhr leichter, 15+16 Uhr starker Regen.<\/p>\n<p>ilmeteo (Passo dello Stelvio): von 7-9 Uhr leicht bew\u00f6lkt, 10-15 Uhr Sonne + leichter Regen<\/p>\n<p>bergfex (Stilfser Joch): viel Sonne und kurze Gewitter zwischen 11 und 17 Uhr<\/p>\n<p>yr (Giogo dello Stelvio): 6-10 Uhr stark bew\u00f6lkt, 10-12 Uhr wolkenlos, ab 12 Uhr bedeckt + hohe Regenwahrscheinlichkeit (auch Starkregen m\u00f6glich)<\/p>\n<p>Kachelmannwetter (Gomagoi, hab nix passenderes gefunden): bis 14 Uhr wolkenlos, dann ein paar dichtere Wolken<\/p>\n<p>Der Webcam nach zogen zwischen 6\/7 Uhr ein paar Wolken durch, danach war es bis 11 Uhr sehr sonnig, dann schaut es eher mittel bis stark bew\u00f6lkt aus, ab 13:30 zog es ganz zu, um 14:30 hat es lt. bastian-m f\u00fcr ca. 1 Stunde gewittert (inkl. Hagel)<\/p>\n<p>Fazit? Keiner lag so wirklich richtig. Die einen waren vormittags richtiger, die anderen nachmittags. Manchmal kann man auch einfach Horoskope lesen statt Wettervorhersagen. Die treffen genauso gut.<\/p>\n<p>Und Cervinia? Nun, die Webcam-Historie zeigte je nach Standort vormittags kaum Sonne, ab dem fr\u00fchen Nachmittag Regen &#8211; hier hatten also die pessimistischeren Vorhersagen recht, in Tux hatte ich da mehr Sonne.<\/p>\n<p>N\u00e4chstes WE, so das Wetter passt, m\u00f6chte ich Macugnaga und Alpe d&#8217;Huez (falls sie \u00f6ffnen) oder dazu alternativ Tignes fahren. Kann also sein, dass es den n\u00e4chsten Tux-Bericht erst in 2 Wochen gibt.<\/p>\n","protected":false},"excerpt":{"rendered":"<p>25.6.2016<\/p>\n<p>Auch dieses WE waren die Wettervorhersagen wieder sehr mau. Etwas Sonne in Tux am SA bis Mittag, SO schlecht. Im Westen (wo SA\/SO Cervinia und Macu m\u00f6glich gewesen w\u00e4ren) wurde f\u00fcr den SA von Tag zu Tag schlechter gemeldet, daf\u00fcr sollte SO sonnig werden. Eine Teilnahme von bastian-m und Kaliningrad h\u00e4tten zwar f\u00fcr einen <a href=\"http:\/\/blog.inmontanis.info\/?p=3871\">[&#8230;]<\/a><\/p>\n","protected":false},"author":1,"featured_media":0,"comment_status":"closed","ping_status":"closed","sticky":false,"template":"","format":"standard","meta":{"footnotes":""},"categories":[246,25,13,28],"tags":[72,47],"class_list":["post-3871","post","type-post","status-publish","format-standard","hentry","category-hintertux","category-noreport","category-austria","category-skifahren-sommer","tag-10eub","tag-sl","odd"],"_links":{"self":[{"href":"http:\/\/blog.inmontanis.info\/index.php?rest_route=\/wp\/v2\/posts\/3871","targetHints":{"allow":["GET"]}}],"collection":[{"href":"http:\/\/blog.inmontanis.info\/index.php?rest_route=\/wp\/v2\/posts"}],"about":[{"href":"http:\/\/blog.inmontanis.info\/index.php?rest_route=\/wp\/v2\/types\/post"}],"author":[{"embeddable":true,"href":"http:\/\/blog.inmontanis.info\/index.php?rest_route=\/wp\/v2\/users\/1"}],"replies":[{"embeddable":true,"href":"http:\/\/blog.inmontanis.info\/index.php?rest_route=%2Fwp%2Fv2%2Fcomments&post=3871"}],"version-history":[{"count":1,"href":"http:\/\/blog.inmontanis.info\/index.php?rest_route=\/wp\/v2\/posts\/3871\/revisions"}],"predecessor-version":[{"id":3872,"href":"http:\/\/blog.inmontanis.info\/index.php?rest_route=\/wp\/v2\/posts\/3871\/revisions\/3872"}],"wp:attachment":[{"href":"http:\/\/blog.inmontanis.info\/index.php?rest_route=%2Fwp%2Fv2%2Fmedia&parent=3871"}],"wp:term":[{"taxonomy":"category","embeddable":true,"href":"http:\/\/blog.inmontanis.info\/index.php?rest_route=%2Fwp%2Fv2%2Fcategories&post=3871"},{"taxonomy":"post_tag","embeddable":true,"href":"http:\/\/blog.inmontanis.info\/index.php?rest_route=%2Fwp%2Fv2%2Ftags&post=3871"}],"curies":[{"name":"wp","href":"https:\/\/api.w.org\/{rel}","templated":true}]}}