{"id":3869,"date":"2016-06-18T18:20:28","date_gmt":"2016-06-18T16:20:28","guid":{"rendered":"http:\/\/blog.inmontanis.info\/?p=3869"},"modified":"2023-07-01T20:57:34","modified_gmt":"2023-07-01T18:57:34","slug":"hintertux-18-6-2016","status":"publish","type":"post","link":"http:\/\/blog.inmontanis.info\/?p=3869","title":{"rendered":"Hintertux, 18.6.2016"},"content":{"rendered":"<p><strong>18.6.2016<\/strong><\/p>\n<p>Nicht, dass ich heute sonderlich viel Erwartungen gehabt h\u00e4tte. Die ganze Woche \u00fcber hatte es lt. Wettervorhersagen immmer wieder etwas geschneit, dazu auch f\u00fcr dieses WE nur wenig Sonne und weiter Schnee gemeldet. Ohne Saisonkarte w\u00e4re ich auch dieses WE nicht zum Skifahren gekommen. Mit Saisonkarte probiert&#8217;s man halt, ist f\u00fcr ein paar Stunden unterwegs und kann manchmal Gl\u00fcck haben. Aber heuer wohl eher nicht. Wobei ich ja zu der Zeit normalerweie noch am Stubaier unterwegs w\u00e4re, dort hat man immerhin den Vorteil, dass das Wetter im Durchschnitt besser als in Tux ist und aufgrund von diversen Arbeiten es immer wieder mal frische Pistenraupenspuren am Tag gibt. Zudem ist der Daunferner bei schwierigen Pistenverh\u00e4ltnissen (vom dauernden Pappschnee wie im letzten Fr\u00fchjahr abgesehen) auch meist angenehmer zu fahren als die H\u00e4nge in Tux.<\/p>\n<p>Vorsichtshalber also die Allmountain mitgenommen, die auch n\u00f6tig waren, denn es hatte auch \u00fcber Nacht geschneit und die Pisten wurden danach nicht pr\u00e4pariert. Das war morgens schon mit den Allmountains grenzwertig, wobei es dann etwas weicher und angenehmer wurde. Zumindest Offpiste, wo keine Spuren waren, ging es schon ganz gut &#8211; bin aber meine klassischen Offpiste-St\u00fccke trotzdem nicht gefahren. Auf der Piste dagegen dann sehr unruhig, sehr anstrengend, und absolut kein Spa\u00df heute. Als dann gegen 11 Uhr der Eisregen einsetzte, bin ich wieder runter. Schlechtes Wetter und schlechte Pisten, diese Kombi muss ich mir nicht antun ;)<\/p>\n<p>Obwohl ich ja bekanntlich ein Fan der 4EUB bin, aber an Tagen wie diesen, wo nur morgens bis 9\/10 Uhr Sonne gemeldet werden und man m\u00f6glichst schnell droben sein will, ist die Wartezeit schon st\u00f6rend. Um 8:40 Uhr musste ich 15 Minuten an der 4EUB anstehen. 10EUB und DSB sind derzeit ebenfalls in Revision. An der Talstation 6KSB L\u00e4rmstange2 werden derzeit Depots angelegt, hab aber kein Foto gemacht.<\/p>\n<p><a href='http:\/\/ski.inmontanis.info\/d\/216411-2\/DSC04519_001.jpg'><img src=http:\/\/ski.inmontanis.info\/d\/216410-3\/DSC04519_001.jpg \/><\/a><br \/>\n^ Abfahrt Sommerbergalm lohnt sich nicht mehr .. (selbst wenn eine Mittelstation im Talboden w\u00e4re)<\/p>\n<p><a href='http:\/\/ski.inmontanis.info\/d\/216415-2\/DSC04520_001.jpg'><img src=http:\/\/ski.inmontanis.info\/d\/216414-3\/DSC04520_001.jpg \/><\/a><br \/>\n^ TFH-Hang links<\/p>\n<p><a href='http:\/\/ski.inmontanis.info\/d\/216419-2\/DSC04521_001.jpg'><img src=http:\/\/ski.inmontanis.info\/d\/216418-3\/DSC04521_001.jpg \/><\/a><br \/>\n^ TFH-Hang mitte<\/p>\n<p><a href='http:\/\/ski.inmontanis.info\/d\/216423-2\/DSC04522.jpg'><img src=http:\/\/ski.inmontanis.info\/d\/216422-3\/DSC04522.jpg \/><\/a><br \/>\n^ TFH-Hang rechts<\/p>\n<p><a href='http:\/\/ski.inmontanis.info\/d\/216427-2\/DSC04526.jpg'><img src=http:\/\/ski.inmontanis.info\/d\/216426-3\/DSC04526.jpg \/><\/a><br \/>\n^ Kaum war man oben, war die Gefrorene Wand auch schon in Wolken. Ok, ist eh nicht un\u00fcblich. Wenn es auf einem der Tiroler Gletscher irgendwo am ehesten &#8220;Nebel&#8221; gibt, dann hier.<\/p>\n<p><a href='http:\/\/ski.inmontanis.info\/d\/216431-2\/DSC04527.jpg'><img src=http:\/\/ski.inmontanis.info\/d\/216430-3\/DSC04527.jpg \/><\/a><br \/>\n^ Grad mal frei, wenig sp\u00e4ter war dann wieder alles zu. Hier links neben der Piste ging&#8217;s ganz gut. Dr\u00fcben an der GW war&#8217;s mir dann schon wieder zu neblig f\u00fcr Offpisteabenteuer.<\/p>\n<p><a href='http:\/\/ski.inmontanis.info\/d\/216435-2\/DSC04528.jpg'><img src=http:\/\/ski.inmontanis.info\/d\/216434-3\/DSC04528.jpg \/><\/a><br \/>\n^ In der Tiefgarage wird eine E-Auto-Ladestation installiert.<\/p>\n<p>Das erste Monat Tuxer Sommersaison war also nicht wirklich der Rede wert. Hoffentlich wird der Juli besser.<\/p>\n<p>PS: Aktuelle Baustellen: Auf der Stra\u00dfe durchs Ziller-\/Tuxertal gibt&#8217;s derzeit 3 Baustellen mit Ampelregelung.<\/p>\n","protected":false},"excerpt":{"rendered":"<p>18.6.2016<\/p>\n<p>Nicht, dass ich heute sonderlich viel Erwartungen gehabt h\u00e4tte. Die ganze Woche \u00fcber hatte es lt. Wettervorhersagen immmer wieder etwas geschneit, dazu auch f\u00fcr dieses WE nur wenig Sonne und weiter Schnee gemeldet. Ohne Saisonkarte w\u00e4re ich auch dieses WE nicht zum Skifahren gekommen. Mit Saisonkarte probiert&#8217;s man halt, ist f\u00fcr ein paar Stunden <a href=\"http:\/\/blog.inmontanis.info\/?p=3869\">[&#8230;]<\/a><\/p>\n","protected":false},"author":1,"featured_media":0,"comment_status":"closed","ping_status":"closed","sticky":false,"template":"","format":"standard","meta":{"footnotes":""},"categories":[246,25,13,28],"tags":[],"class_list":["post-3869","post","type-post","status-publish","format-standard","hentry","category-hintertux","category-noreport","category-austria","category-skifahren-sommer","odd"],"_links":{"self":[{"href":"http:\/\/blog.inmontanis.info\/index.php?rest_route=\/wp\/v2\/posts\/3869","targetHints":{"allow":["GET"]}}],"collection":[{"href":"http:\/\/blog.inmontanis.info\/index.php?rest_route=\/wp\/v2\/posts"}],"about":[{"href":"http:\/\/blog.inmontanis.info\/index.php?rest_route=\/wp\/v2\/types\/post"}],"author":[{"embeddable":true,"href":"http:\/\/blog.inmontanis.info\/index.php?rest_route=\/wp\/v2\/users\/1"}],"replies":[{"embeddable":true,"href":"http:\/\/blog.inmontanis.info\/index.php?rest_route=%2Fwp%2Fv2%2Fcomments&post=3869"}],"version-history":[{"count":1,"href":"http:\/\/blog.inmontanis.info\/index.php?rest_route=\/wp\/v2\/posts\/3869\/revisions"}],"predecessor-version":[{"id":3870,"href":"http:\/\/blog.inmontanis.info\/index.php?rest_route=\/wp\/v2\/posts\/3869\/revisions\/3870"}],"wp:attachment":[{"href":"http:\/\/blog.inmontanis.info\/index.php?rest_route=%2Fwp%2Fv2%2Fmedia&parent=3869"}],"wp:term":[{"taxonomy":"category","embeddable":true,"href":"http:\/\/blog.inmontanis.info\/index.php?rest_route=%2Fwp%2Fv2%2Fcategories&post=3869"},{"taxonomy":"post_tag","embeddable":true,"href":"http:\/\/blog.inmontanis.info\/index.php?rest_route=%2Fwp%2Fv2%2Ftags&post=3869"}],"curies":[{"name":"wp","href":"https:\/\/api.w.org\/{rel}","templated":true}]}}