{"id":3867,"date":"2016-06-04T07:17:17","date_gmt":"2016-06-04T05:17:17","guid":{"rendered":"http:\/\/blog.inmontanis.info\/?p=3867"},"modified":"2023-07-01T20:57:35","modified_gmt":"2023-07-01T18:57:35","slug":"hintertux-4-6-2016","status":"publish","type":"post","link":"http:\/\/blog.inmontanis.info\/?p=3867","title":{"rendered":"Hintertux, 4.6.2016"},"content":{"rendered":"<p><strong>4.6.2016<\/strong><\/p>\n<p>Und wieder ein Wochenende mit bescheidener Wettervorhersage. Daher dieses WE nur am heutigen Samstag und auch nur f\u00fcr einen halben Tag gefahren. Es gibt Tage mit tollem Wetter, Tage mit tollem Schnee, Tage mit beiden. Und Tage mit weder-noch, so wie heute. Der Neuschnee der Nacht war unpr\u00e4pariert und am morgen windgepresst eklig, da hatte ich bei schlechterem Wetter schon besseren Schnee. Naja.<\/p>\n<p>GB2 heute in Revision, Tiefgarage &#8220;wg. Reinigung&#8221; gesperrt &#8211; na besser jetzt als im Hochsommer &#8211; und ein paar interessante Sachen gab&#8217;s doch wieder zu fotografieren, also ganz umsonst war der Besuch nicht.<\/p>\n<p><a href='http:\/\/ski.inmontanis.info\/d\/215911-2\/DSC04489.jpg'><img src=http:\/\/ski.inmontanis.info\/d\/215910-3\/DSC04489.jpg \/><\/a><br \/>\n^ Standard-Bild von der 1. Sektion<\/p>\n<p><a href='http:\/\/ski.inmontanis.info\/d\/215915-2\/DSC04491_001.jpg'><img src=http:\/\/ski.inmontanis.info\/d\/215914-3\/DSC04491_001.jpg \/><\/a><br \/>\n^ WC Sommerbergalm. Sieht man jetzt auch nicht alle Tage :) Nicht mal hier, und nicht mal den ganzen Tag. Mittags war wieder alles normal.<\/p>\n<p><a href='http:\/\/ski.inmontanis.info\/d\/215919-2\/DSC04492.jpg'><img src=http:\/\/ski.inmontanis.info\/d\/215918-3\/DSC04492.jpg \/><\/a><br \/>\n^ WC Sommerbergalm. Die Trocknungsger\u00e4te sind jetzt wieder weg, nichts erinnert mehr an die Schl\u00e4uche aus dem Boden.<\/p>\n<p><a href='http:\/\/ski.inmontanis.info\/d\/215923-2\/DSC04493_001.jpg'><img src=http:\/\/ski.inmontanis.info\/d\/215922-3\/DSC04493_001.jpg \/><\/a><br \/>\n^ 4EUB Sektion 2. Mag ich ja lieber als den GB 2 (der gerade Revision hat), aber morgens gibt&#8217;s Stau, weil die Rennfahrer wg. ihrer gro\u00dfen Rucks\u00e4cke halt oft nur zu zweit einsteigen.<\/p>\n<p><a href='http:\/\/ski.inmontanis.info\/d\/215927-2\/DSC04500.jpg'><img src=http:\/\/ski.inmontanis.info\/d\/215926-3\/DSC04500.jpg \/><\/a><br \/>\n^ Womit meine Frage von letztens auch schon beantwortet w\u00e4re: Der Kunstschnee wird bereits jetzt auf die DSB-Abfahrt verteilt.<\/p>\n<p><a href='http:\/\/ski.inmontanis.info\/d\/215931-2\/DSC04501_001.jpg'><img src=http:\/\/ski.inmontanis.info\/d\/215930-3\/DSC04501_001.jpg \/><\/a><br \/>\n^ Sommerskivorbereitung am TFH-Hang. Mit dem Depot links wird vmtl. wieder der untere Kasererweg den Sommer \u00fcber als Pistenraupenzufahrt in Schuss gehalten.<\/p>\n<p><a href='http:\/\/ski.inmontanis.info\/d\/215935-2\/DSC04502.jpg'><img src=http:\/\/ski.inmontanis.info\/d\/215934-3\/DSC04502.jpg \/><\/a><br \/>\n^ TFH-Hang rechts<\/p>\n<p><a href='http:\/\/ski.inmontanis.info\/d\/215939-2\/DSC04503_001.jpg'><img src=http:\/\/ski.inmontanis.info\/d\/215938-3\/DSC04503_001.jpg \/><\/a><br \/>\n^ TFH-Hang Mitte<\/p>\n<p><a href='http:\/\/ski.inmontanis.info\/d\/215943-2\/DSC04504_001.jpg'><img src=http:\/\/ski.inmontanis.info\/d\/215942-3\/DSC04504_001.jpg \/><\/a><br \/>\n^ TFH-Hang links<\/p>\n<p><a href='http:\/\/ski.inmontanis.info\/d\/215947-2\/DSC04505_001.jpg'><img src=http:\/\/ski.inmontanis.info\/d\/215946-3\/DSC04505_001.jpg \/><\/a><br \/>\n^ Von \u00fcberall wird Schnee abgebaut<\/p>\n<p><a href='http:\/\/ski.inmontanis.info\/d\/215951-2\/DSC04506_001.jpg'><img src=http:\/\/ski.inmontanis.info\/d\/215950-3\/DSC04506_001.jpg \/><\/a><br \/>\n^ Wartungsarbeiten SL Olperer links<\/p>\n<p><a href='http:\/\/ski.inmontanis.info\/d\/215955-2\/DSC04508_001.jpg'><img src=http:\/\/ski.inmontanis.info\/d\/215954-3\/DSC04508_001.jpg \/><\/a><br \/>\n^ Schneeh\u00f6he GB3-Ausstieg. F\u00fcr zuk\u00fcnftige Vergleichsfotos im Laufe der Saison<\/p>\n<p><a href='http:\/\/ski.inmontanis.info\/d\/215959-2\/DSC04514_001.jpg'><img src=http:\/\/ski.inmontanis.info\/d\/215958-3\/DSC04514_001.jpg \/><\/a><br \/>\n^ Na gut, hier macht die Wegfreir\u00e4umeritis wenigstens mal Sinn &#8211; die Fu\u00dfg\u00e4nger m\u00fcssen nicht auf Schnee gehen und die Skifahrer k\u00f6nnen ein paar Wochen l\u00e4nger zum GB3 fahren.<\/p>\n<p><a href='http:\/\/ski.inmontanis.info\/d\/215963-2\/DSC04515.jpg'><img src=http:\/\/ski.inmontanis.info\/d\/215962-3\/DSC04515.jpg \/><\/a><br \/>\n^ Die Abfahrt zur Sommerbergalm w\u00e4re dagegen nur noch mit viel Fu\u00dfweg zu machen.<\/p>\n<p>N\u00e4chstes WE schaut&#8217;s leider wetterm\u00e4\u00dfig nicht besser aus&#8230;<\/p>\n","protected":false},"excerpt":{"rendered":"<p>4.6.2016<\/p>\n<p>Und wieder ein Wochenende mit bescheidener Wettervorhersage. Daher dieses WE nur am heutigen Samstag und auch nur f\u00fcr einen halben Tag gefahren. Es gibt Tage mit tollem Wetter, Tage mit tollem Schnee, Tage mit beiden. Und Tage mit weder-noch, so wie heute. Der Neuschnee der Nacht war unpr\u00e4pariert und am morgen windgepresst eklig, da <a href=\"http:\/\/blog.inmontanis.info\/?p=3867\">[&#8230;]<\/a><\/p>\n","protected":false},"author":1,"featured_media":0,"comment_status":"closed","ping_status":"closed","sticky":false,"template":"","format":"standard","meta":{"footnotes":""},"categories":[246,25,13,28],"tags":[72,42,47],"class_list":["post-3867","post","type-post","status-publish","format-standard","hentry","category-hintertux","category-noreport","category-austria","category-skifahren-sommer","tag-10eub","tag-4eub","tag-sl","odd"],"_links":{"self":[{"href":"http:\/\/blog.inmontanis.info\/index.php?rest_route=\/wp\/v2\/posts\/3867","targetHints":{"allow":["GET"]}}],"collection":[{"href":"http:\/\/blog.inmontanis.info\/index.php?rest_route=\/wp\/v2\/posts"}],"about":[{"href":"http:\/\/blog.inmontanis.info\/index.php?rest_route=\/wp\/v2\/types\/post"}],"author":[{"embeddable":true,"href":"http:\/\/blog.inmontanis.info\/index.php?rest_route=\/wp\/v2\/users\/1"}],"replies":[{"embeddable":true,"href":"http:\/\/blog.inmontanis.info\/index.php?rest_route=%2Fwp%2Fv2%2Fcomments&post=3867"}],"version-history":[{"count":1,"href":"http:\/\/blog.inmontanis.info\/index.php?rest_route=\/wp\/v2\/posts\/3867\/revisions"}],"predecessor-version":[{"id":3868,"href":"http:\/\/blog.inmontanis.info\/index.php?rest_route=\/wp\/v2\/posts\/3867\/revisions\/3868"}],"wp:attachment":[{"href":"http:\/\/blog.inmontanis.info\/index.php?rest_route=%2Fwp%2Fv2%2Fmedia&parent=3867"}],"wp:term":[{"taxonomy":"category","embeddable":true,"href":"http:\/\/blog.inmontanis.info\/index.php?rest_route=%2Fwp%2Fv2%2Fcategories&post=3867"},{"taxonomy":"post_tag","embeddable":true,"href":"http:\/\/blog.inmontanis.info\/index.php?rest_route=%2Fwp%2Fv2%2Ftags&post=3867"}],"curies":[{"name":"wp","href":"https:\/\/api.w.org\/{rel}","templated":true}]}}