{"id":3865,"date":"2016-05-28T07:15:06","date_gmt":"2016-05-28T05:15:06","guid":{"rendered":"http:\/\/blog.inmontanis.info\/?p=3865"},"modified":"2023-08-03T22:01:57","modified_gmt":"2023-08-03T20:01:57","slug":"korblift-fedaiamarmolada-28-5-2016","status":"publish","type":"post","link":"http:\/\/blog.inmontanis.info\/?p=3865","title":{"rendered":"Korblift Fedaia\/Marmolada, 28.5.2016"},"content":{"rendered":"<p>Wie schon vor 2 Jahren entschloss man sich am Fedaiapass-Korblift, heuer die Saison zu verl\u00e4ngern &#8211; an den Wochenenden bis zur offiziellen Sommersaison. Das wollte ich mir nat\u00fcrlich nicht entgehen lassen.<\/p>\n<p>Ganz so viel Schnee wie vor 2 Jahren liegt leider nicht, so dass f\u00fcr mich gem\u00e4\u00df Blick auf die Webcams heute der vern\u00fcnftig letzte Skitag zu sein schien, bevor mir der Fu\u00dfweg unten zu lang wird. Zumindest halbwegs sonnig sollte es auch werden, also fuhr ich hin. Um 9 Uhr kam ich an der Talstation an (Lift w\u00e4re schon ab 8:30 gefahren) und wollte eine Tageskarte. Bekam aber nur eine Halbtageskarte, um 18,- \u20ac. Galt dann bis 12:45, denn der Lift macht derzeit von 12:45-14:00 Mittag. Auch recht, nachmittags k\u00f6nnte das Wetter eh schlechter werden.<\/p>\n<p>Durch die warmen Temperaturen und des noch relativ jungen Schnees im oberen Bereich, war es oben weicher, tiefer und im Laufe des Vormittags dann auch teils etwas stockig. Weiter unten ging&#8217;s besser, wobei auch der Saharasand etwas bremste. Da galt dann: Je steiler, desto besser. Im Gesamten ging&#8217;s aber schon ganz gut. Im Gegensatz zu Juni 2014 gab&#8217;s wenigstens (noch) keine tiefen T\u00f6pfe. Schlussendlich konnte ich 6x fahren, bevor um 13 Uhr dann Schluss war. (Nachmittags bin ich nicht mehr gefahren, h\u00e4tte ich ja nochmal zahlen m\u00fcssen.)<\/p>\n<p>(Anklicken zum Vergr\u00f6\u00dfern)<\/p>\n<p><a href='http:\/\/ski.inmontanis.info\/d\/215279-2\/DSC04350.jpg'><img src=http:\/\/ski.inmontanis.info\/d\/215278-3\/DSC04350.jpg \/><\/a><br \/>\n^ Auffahrt Sellajoch<\/p>\n<p><a href='http:\/\/ski.inmontanis.info\/d\/215283-2\/DSC04352.jpg'><img src=http:\/\/ski.inmontanis.info\/d\/215282-3\/DSC04352.jpg \/><\/a><br \/>\n^ Langkofel(scharte), Gondeln h\u00e4ngen noch nicht<\/p>\n<p><a href='http:\/\/ski.inmontanis.info\/d\/215287-2\/DSC04356.jpg'><img src=http:\/\/ski.inmontanis.info\/d\/215286-3\/DSC04356.jpg \/><\/a><br \/>\n^ Sellajoch mit Blick zur Marmolada. Auch im Belvedere-Gebiet l\u00e4ge noch gen\u00fcgend Schnee.<\/p>\n<p><a href='http:\/\/ski.inmontanis.info\/d\/215291-2\/DSC04362.jpg'><img src=http:\/\/ski.inmontanis.info\/d\/215290-3\/DSC04362.jpg \/><\/a><br \/>\n^ Staumauer und Blick ins Skigebiet am Fedaiapass<\/p>\n<p><a href='http:\/\/ski.inmontanis.info\/d\/215295-2\/DSC04366.jpg'><img src=http:\/\/ski.inmontanis.info\/d\/215294-3\/DSC04366.jpg \/><\/a><br \/>\n^ Mit 2x Fu\u00dfweg konnte man bis zu den Autos abfahren, der Rest zur Talstation war dann Fu\u00dfweg.<\/p>\n<p><a href='http:\/\/ski.inmontanis.info\/d\/215299-2\/DSC04371.jpg'><img src=http:\/\/ski.inmontanis.info\/d\/215298-3\/DSC04371.jpg \/><\/a><\/p>\n<p><a href='http:\/\/ski.inmontanis.info\/d\/215303-2\/DSC04377.jpg'><img src=http:\/\/ski.inmontanis.info\/d\/215302-3\/DSC04377.jpg \/><\/a><\/p>\n<p><a href='http:\/\/ski.inmontanis.info\/d\/215307-2\/DSC04379.jpg'><img src=http:\/\/ski.inmontanis.info\/d\/215306-3\/DSC04379.jpg \/><\/a><\/p>\n<p><a href='http:\/\/ski.inmontanis.info\/d\/215311-2\/DSC04382.jpg'><img src=http:\/\/ski.inmontanis.info\/d\/215310-3\/DSC04382.jpg \/><\/a><br \/>\n^ Oberer\/Mittlerer Teil. Hier ging&#8217;s auf der Abfahrt am besten.<\/p>\n<p><a href='http:\/\/ski.inmontanis.info\/d\/215315-2\/DSC04385.jpg'><img src=http:\/\/ski.inmontanis.info\/d\/215314-3\/DSC04385.jpg \/><\/a><\/p>\n<p><a href='http:\/\/ski.inmontanis.info\/d\/215319-2\/DSC04386.jpg'><img src=http:\/\/ski.inmontanis.info\/d\/215318-3\/DSC04386.jpg \/><\/a><\/p>\n<p><a href='http:\/\/ski.inmontanis.info\/d\/215323-2\/DSC04387.jpg'><img src=http:\/\/ski.inmontanis.info\/d\/215322-3\/DSC04387.jpg \/><\/a><br \/>\n^ Die Spuren verraten schon, es ist etwas tiefer heute, insb. hier im oberen Bereich, wo der Schnee noch nicht so alt ist<\/p>\n<p><a href='http:\/\/ski.inmontanis.info\/d\/215327-2\/DSC04391.jpg'><img src=http:\/\/ski.inmontanis.info\/d\/215326-3\/DSC04391.jpg \/><\/a><br \/>\n^ Bergstation; waren nat\u00fcrlich viele Tourengeher zum Gipfel unterwegs<\/p>\n<p><a href='http:\/\/ski.inmontanis.info\/d\/215331-2\/DSC04394.jpg'><img src=http:\/\/ski.inmontanis.info\/d\/215330-3\/DSC04394.jpg \/><\/a><br \/>\n^ Abfahrt<\/p>\n<p><a href='http:\/\/ski.inmontanis.info\/d\/215335-2\/DSC04396.jpg'><img src=http:\/\/ski.inmontanis.info\/d\/215334-3\/DSC04396.jpg \/><\/a><br \/>\n^ Abfahrt<\/p>\n<p><a href='http:\/\/ski.inmontanis.info\/d\/215339-2\/DSC04397.jpg'><img src=http:\/\/ski.inmontanis.info\/d\/215338-3\/DSC04397.jpg \/><\/a><br \/>\n^ Abfahrt<\/p>\n<p><a href='http:\/\/ski.inmontanis.info\/d\/215343-2\/DSC04398.jpg'><img src=http:\/\/ski.inmontanis.info\/d\/215342-3\/DSC04398.jpg \/><\/a><\/p>\n<p><a href='http:\/\/ski.inmontanis.info\/d\/215347-2\/DSC04401.jpg'><img src=http:\/\/ski.inmontanis.info\/d\/215346-3\/DSC04401.jpg \/><\/a><br \/>\n^ Abfahrt. Hier war dann Abschnallen angesagt &#8211; wie \u00fcblich musste man die Piste queren<\/p>\n<p><a href='http:\/\/ski.inmontanis.info\/d\/215351-2\/DSC04402.jpg'><img src=http:\/\/ski.inmontanis.info\/d\/215350-3\/DSC04402.jpg \/><\/a><br \/>\n^ .. bevor man wieder weiter abfahren konnte.<\/p>\n<p><a href='http:\/\/ski.inmontanis.info\/d\/215355-2\/DSC04403.jpg'><img src=http:\/\/ski.inmontanis.info\/d\/215354-3\/DSC04403.jpg \/><\/a><\/p>\n<p><a href='http:\/\/ski.inmontanis.info\/d\/215359-2\/DSC04404.jpg'><img src=http:\/\/ski.inmontanis.info\/d\/215358-3\/DSC04404.jpg \/><\/a><br \/>\n^ Hier war f\u00fcr die meisten dann Schluss, ich bin nat\u00fcrlich noch zu dem Schneefeld da rechts r\u00fcber. Bei der ersten Abfahrt die gr\u00f6\u00dften \u00c4ste aus dem Weg ger\u00e4umt, danach bis zu den Autos gefahren.<\/p>\n<p><a href='http:\/\/ski.inmontanis.info\/d\/215363-2\/DSC04408.jpg'><img src=http:\/\/ski.inmontanis.info\/d\/215362-3\/DSC04408.jpg \/><\/a><br \/>\n^ Tageskarte gab&#8217;s keine, aber ich bekam eine Vormittagskarte um 18,- \u0080 (Mittagspause Korblift heute 12:45-14:00)<\/p>\n<p><a href='http:\/\/ski.inmontanis.info\/d\/215367-2\/DSC04414.jpg'><img src=http:\/\/ski.inmontanis.info\/d\/215366-3\/DSC04414.jpg \/><\/a><br \/>\n^ Offpiste<\/p>\n<p><a href='http:\/\/ski.inmontanis.info\/d\/215371-2\/DSC04415.jpg'><img src=http:\/\/ski.inmontanis.info\/d\/215370-3\/DSC04415.jpg \/><\/a><br \/>\n^ Offpiste<\/p>\n<p><a href='http:\/\/ski.inmontanis.info\/d\/215375-2\/DSC04421.jpg'><img src=http:\/\/ski.inmontanis.info\/d\/215374-3\/DSC04421.jpg \/><\/a><\/p>\n<p><a href='http:\/\/ski.inmontanis.info\/d\/215379-2\/DSC04424.jpg'><img src=http:\/\/ski.inmontanis.info\/d\/215378-3\/DSC04424.jpg \/><\/a><br \/>\n^ Das rechte St\u00fcck ist au\u00dfer mir bis Mittag keiner mehr gefahren. Ging ganz gut, gab aber ein bisschen Feindkontakt.<\/p>\n<p><a href='http:\/\/ski.inmontanis.info\/d\/215383-2\/DSC04427.jpg'><img src=http:\/\/ski.inmontanis.info\/d\/215382-3\/DSC04427.jpg \/><\/a><br \/>\n^ Offpiste, weiter unten und je \u00e4lter der Schnee, desto besser. Wobei der Sand nat\u00fcrlich auch wieder etwas gebremst hat.<\/p>\n<p><a href='http:\/\/ski.inmontanis.info\/d\/215387-2\/DSC04429.jpg'><img src=http:\/\/ski.inmontanis.info\/d\/215386-3\/DSC04429.jpg \/><\/a><br \/>\n^ Offpiste unten, Variante um das schmale St\u00fcck etwas zu umfahren.<\/p>\n<p><a href='http:\/\/ski.inmontanis.info\/d\/215391-2\/DSC04431.jpg'><img src=http:\/\/ski.inmontanis.info\/d\/215390-3\/DSC04431.jpg \/><\/a><br \/>\n^ Offpiste<\/p>\n<p><a href='http:\/\/ski.inmontanis.info\/d\/215395-2\/DSC04435.jpg'><img src=http:\/\/ski.inmontanis.info\/d\/215394-3\/DSC04435.jpg \/><\/a><br \/>\n^ Rechts die Abfahrt, links die gerade gefahrene Offpiste-Variante, im unteren Bereich etwas steinig.<\/p>\n<p><a href='http:\/\/ski.inmontanis.info\/d\/215399-2\/DSC04437.jpg'><img src=http:\/\/ski.inmontanis.info\/d\/215398-3\/DSC04437.jpg \/><\/a><br \/>\n^ Am besten ging wie \u00fcblich der steile Offpistehang links vom Korblift. Das hat die richtige Steilheit f\u00fcr den weichen Schnee. Au\u00dferdem war er hier schon alt und fester.<\/p>\n<p><a href='http:\/\/ski.inmontanis.info\/d\/215403-2\/DSC04439.jpg'><img src=http:\/\/ski.inmontanis.info\/d\/215402-3\/DSC04439.jpg \/><\/a><br \/>\n^ Unterer Offpistehang. Hab 2 Tourengeher reinfahren sehen, aber ich lie\u00df es bleiben, schien mir keine vern\u00fcnftige, durchgehende Restschneerinne zu geben.<\/p>\n<p><a href='http:\/\/ski.inmontanis.info\/d\/215407-2\/DSC04444.jpg'><img src=http:\/\/ski.inmontanis.info\/d\/215406-3\/DSC04444.jpg \/><\/a><br \/>\n^ Die beiden Steilh\u00e4nge am Korblift (links und rechts), die bei solchen Schneeverh\u00e4ltnissen (weich+leicht bremis) aufgrund ihrer Steilheit am besten sind.<\/p>\n<p><a href='http:\/\/ski.inmontanis.info\/d\/215411-2\/DSC04449.jpg'><img src=http:\/\/ski.inmontanis.info\/d\/215410-3\/DSC04449.jpg \/><\/a><br \/>\n^ Im oberen und mittleren Teil dagegen war&#8217;s dann auf der Abfahrt am sch\u00f6nsten, weil da der Schnee am kompaktesten war.<\/p>\n<p><a href='http:\/\/ski.inmontanis.info\/d\/215415-2\/ge20160528b.jpg'><img src=http:\/\/ski.inmontanis.info\/d\/215414-3\/ge20160528b.jpg \/><\/a><br \/>\n^ GPS-Track 28.5.2016<\/p>\n<p>Auf weitere Zwischenhalte hab ich dann verzichtet (der Korblift in Vellau liegt ja auch nicht gerade auf dem Weg und das Wetter sollte nachmittags ja auch nicht mehr so sonnig sein), so dass ich wieder \u00fcber&#8217;s Sellajoch heim fuhr. Allerdings nicht \u00fcber die italienische Autobahn, einerseits weil ich Zeit hatte (und mir die Maut sparen konnte), andererseits hie\u00df es an der Autobahn-Zufahrt auch 6km Stau zwischen Brixen und Sterzing.<\/p>\n<p>Allerdings h\u00e4tte ich in Sterzing auffahren sollen, denn eine Baustelle auf der Brennerbundesstra\u00dfe kostete mich dann 45-60 Minuten, denn die Ampelschaltung war total beschissen (ca. 3km Stau richtung Brenner, aber runterw\u00e4rts war gar nichts los) und ich wusste ja nicht, wo die Baustelle war &#8211; und sie kam nicht und kam nicht und kam nicht. Schlussendlich war sie erst kurz nach Gossensa\u00df, der Stau aber schon weit davor. Naja.<\/p>\n<p><a href='http:\/\/extra.inmontanis.info\/d\/35049-2\/DSC04451.jpg'><img src=http:\/\/extra.inmontanis.info\/d\/35048-3\/DSC04451.jpg \/><\/a><br \/>\n^ War schon so lang nicht mehr in Brixen, dass ich gar nicht gewusst hatte, dass es inzwischen eine Umfahrungsstra\u00dfe gibt. Da macht Mautsparen doch gleich doppelt Spa\u00df .-)<\/p>\n<p><a href='http:\/\/extra.inmontanis.info\/d\/35053-2\/DSC04462.jpg'><img src=http:\/\/extra.inmontanis.info\/d\/35052-3\/DSC04462.jpg \/><\/a><br \/>\n^ Das kenn ich tats\u00e4chlich nur aus \u00d6sterreich, dass man es nicht schafft, nach dem Aufheben einer Baustelle die Stra\u00dfenmarkierungen vern\u00fcnftig zu entfernen. Aktuell gilt hier jedenfalls die wei\u00dfe Markierung, keine der Orangenen. Aber ob das jeder checkt?<\/p>\n","protected":false},"excerpt":{"rendered":"<p>Wie schon vor 2 Jahren entschloss man sich am Fedaiapass-Korblift, heuer die Saison zu verl\u00e4ngern &#8211; an den Wochenenden bis zur offiziellen Sommersaison. Das wollte ich mir nat\u00fcrlich nicht entgehen lassen.<\/p>\n<p>Ganz so viel Schnee wie vor 2 Jahren liegt leider nicht, so dass f\u00fcr mich gem\u00e4\u00df Blick auf die Webcams heute der vern\u00fcnftig letzte <a href=\"http:\/\/blog.inmontanis.info\/?p=3865\">[&#8230;]<\/a><\/p>\n","protected":false},"author":1,"featured_media":0,"comment_status":"closed","ping_status":"closed","sticky":false,"template":"","format":"standard","meta":{"footnotes":""},"categories":[24,489,15,59,28],"tags":[91,63,78,45],"class_list":["post-3865","post","type-post","status-publish","format-standard","hentry","category-tagestour","category-fedaia-fiacconi","category-italienitaly","category-nostalgie","category-skifahren-sommer","tag-graffer","tag-korblift","tag-restschnee","tag-see","odd"],"_links":{"self":[{"href":"http:\/\/blog.inmontanis.info\/index.php?rest_route=\/wp\/v2\/posts\/3865","targetHints":{"allow":["GET"]}}],"collection":[{"href":"http:\/\/blog.inmontanis.info\/index.php?rest_route=\/wp\/v2\/posts"}],"about":[{"href":"http:\/\/blog.inmontanis.info\/index.php?rest_route=\/wp\/v2\/types\/post"}],"author":[{"embeddable":true,"href":"http:\/\/blog.inmontanis.info\/index.php?rest_route=\/wp\/v2\/users\/1"}],"replies":[{"embeddable":true,"href":"http:\/\/blog.inmontanis.info\/index.php?rest_route=%2Fwp%2Fv2%2Fcomments&post=3865"}],"version-history":[{"count":1,"href":"http:\/\/blog.inmontanis.info\/index.php?rest_route=\/wp\/v2\/posts\/3865\/revisions"}],"predecessor-version":[{"id":3866,"href":"http:\/\/blog.inmontanis.info\/index.php?rest_route=\/wp\/v2\/posts\/3865\/revisions\/3866"}],"wp:attachment":[{"href":"http:\/\/blog.inmontanis.info\/index.php?rest_route=%2Fwp%2Fv2%2Fmedia&parent=3865"}],"wp:term":[{"taxonomy":"category","embeddable":true,"href":"http:\/\/blog.inmontanis.info\/index.php?rest_route=%2Fwp%2Fv2%2Fcategories&post=3865"},{"taxonomy":"post_tag","embeddable":true,"href":"http:\/\/blog.inmontanis.info\/index.php?rest_route=%2Fwp%2Fv2%2Ftags&post=3865"}],"curies":[{"name":"wp","href":"https:\/\/api.w.org\/{rel}","templated":true}]}}