{"id":3863,"date":"2016-05-26T07:13:08","date_gmt":"2016-05-26T05:13:08","guid":{"rendered":"http:\/\/blog.inmontanis.info\/?p=3863"},"modified":"2023-07-01T20:57:34","modified_gmt":"2023-07-01T18:57:34","slug":"hintertux-26-5-29-5-2016","status":"publish","type":"post","link":"http:\/\/blog.inmontanis.info\/?p=3863","title":{"rendered":"Hintertux 26.5. + 29.5.2016"},"content":{"rendered":"<p>Am Feiertag, 26.5. und am Sonntag, 29.5., war ich wieder am Hintertuxer. Immer wieder erstaunlich, dass es doch jeden Tag irgendwas &#8220;neues&#8221; oder anderweitig interessantes zu fotografieren gibt.<\/p>\n<p>26.5.<br \/>\nEs gab etwas Neuschnee in den letzten Tagen, war aber wieder warm &#8211; somit war&#8217;s sp\u00e4testens ab Mittag sehr pappig. Eine hin und wieder frisch pr\u00e4parierte Spur am Kaserer ging aber noch toll, so dass ich f\u00fcr 1-2 Stunden dort blieb. Gegen 13:30 Uhr hab ich&#8217;s dann sein lassen &#8211; hatte bei dem Pappschnee keinen Sinn. Macht ja nix, komm ja noch oft genug rauf ;)<\/p>\n<p>29.5.<br \/>\nMorgens gingen sich ein paar Sonnenstrahlen aus, aber bereits um 10:30 fing es mal kurz leicht zu schneien und regnen an, h\u00f6rte dann wieder auf, um 11:30 dann st\u00e4rker, dann wieder etwas schw\u00e4cher und dann bin ich auch schon wieder gegangen. Oben hin und wieder auch Nebel. Schnee war am Morgen ganz nett (nicht hart gefroren, sondern eine d\u00fcnne firnige Schicht), wurde aber dann auch wieder bremsiger. Bin wieder fast nur am Kaserer gefahren, k\u00f6nnte ja heute der letzte Betriebstag sein. Die anderen Abfahrten hab ich ja dann jetzt eh 4 Monate lang&#8230; (4 Monate?! Ich glaub, ich brauch im Sommer doch noch etwas Abwechslung in anderen Gebieten ;) )<\/p>\n<p>Achja, und da war dann doch .. Der Liftler an der 10EUB &#8211; Talstation hatte gegen 12 Uhr die Sitze der Gondeln trocken gewischt. Weil man ja an den Skik\u00f6chern gespart hatte. Prinzipiell ja nett. Aber. Der Voll*** macht diese Arbeiten mit der Zigarette im Mund. Nachdem ich aus 2 Gondeln wieder ausgestiegen bin und mich gewundert hatte, warum das hier so verqualmt stinkt, hab ich die 3., in der er gerade putzte, auslassen und bin in die 4. rein, wo er dann nicht geputzt hatte &#8211; dann erst ist mir aufgefallen, das er die Schuld f\u00fcr die Luftverpestung war&#8230;<\/p>\n<p>(Fotos anklicken zum Vergr\u00f6\u00dfern)<\/p>\n<p><a href='http:\/\/ski.inmontanis.info\/d\/215419-2\/DSC04324.jpg'><img src=http:\/\/ski.inmontanis.info\/d\/215418-3\/DSC04324.jpg \/><\/a><br \/>\n^ Standard-Foto von der Sektion 1<\/p>\n<p><a href='http:\/\/ski.inmontanis.info\/d\/215423-2\/DSC04325.jpg'><img src=http:\/\/ski.inmontanis.info\/d\/215422-3\/DSC04325.jpg \/><\/a><br \/>\n^ (26.5.) 6SB Sommerberg; Abfahrt seit ca. 2 Tagen geschlossen<\/p>\n<p><a href='http:\/\/ski.inmontanis.info\/d\/215471-2\/DSC04465.jpg'><img src=http:\/\/ski.inmontanis.info\/d\/215470-3\/DSC04465.jpg \/><\/a><br \/>\n^ (29.5.) 6SB Sommerberg<\/p>\n<p><a href='http:\/\/ski.inmontanis.info\/d\/215427-2\/DSC04327_001.jpg'><img src=http:\/\/ski.inmontanis.info\/d\/215426-3\/DSC04327_001.jpg \/><\/a><br \/>\n^ Mittelstationsabfahrt. Wegfreir\u00e4umeritis mal wieder, w\u00e4re wohl echt tragisch, wenn der Weg hier ein paar Tage sp\u00e4ter vom Schnee befreit w\u00e4re?!<\/p>\n<p><a href='http:\/\/ski.inmontanis.info\/d\/215431-2\/DSC04328.jpg'><img src=http:\/\/ski.inmontanis.info\/d\/215430-3\/DSC04328.jpg \/><\/a><br \/>\n^ (26.5.) Mittelstationsabfahrt<\/p>\n<p>3 Tage sp\u00e4ter:<\/p>\n<p><a href='http:\/\/ski.inmontanis.info\/d\/215479-2\/DSC04467.jpg'><img src=http:\/\/ski.inmontanis.info\/d\/215478-3\/DSC04467.jpg \/><\/a><br \/>\n^ (29.5.) Mittelstationsabfahrt (2). Vor 1 Woche noch ge\u00f6ffnet, heute verst\u00e4ndlicherweise geschlossen.<\/p>\n<p>Mal wieder unglaublich, wie schnell das an der Abfahrt jetzt ging!<\/p>\n<p><a href='http:\/\/ski.inmontanis.info\/d\/215435-2\/DSC04329_001.jpg'><img src=http:\/\/ski.inmontanis.info\/d\/215434-3\/DSC04329_001.jpg \/><\/a><br \/>\n^ Schneefangz\u00e4une an der gefrorenen Wand.<\/p>\n<p><a href='http:\/\/ski.inmontanis.info\/d\/215439-2\/DSC04330.jpg'><img src=http:\/\/ski.inmontanis.info\/d\/215438-3\/DSC04330.jpg \/><\/a><br \/>\n^ Olperer<\/p>\n<p><a href='http:\/\/ski.inmontanis.info\/d\/215443-2\/DSC04332.jpg'><img src=http:\/\/ski.inmontanis.info\/d\/215442-3\/DSC04332.jpg \/><\/a><br \/>\n^ Depot- bzw. St\u00fctzenvermattungsarbeiten linker Kaserer-SL<\/p>\n<p><a href='http:\/\/ski.inmontanis.info\/d\/215447-2\/DSC04334.jpg'><img src=http:\/\/ski.inmontanis.info\/d\/215446-3\/DSC04334.jpg \/><\/a><br \/>\n^ Depot- bzw. Vermattungsarbeiten rechter Kaserer-SL<\/p>\n<p><a href='http:\/\/ski.inmontanis.info\/d\/215451-2\/DSC04336_001.jpg'><img src=http:\/\/ski.inmontanis.info\/d\/215450-3\/DSC04336_001.jpg \/><\/a><br \/>\n^ Komplette Strecke DSB Sektion IV, 10EUB Sektion 3, GB3, 6KSB L\u00e4rmstange 2, SL GW und mein eigentlicher Fotogrund: Die interessante Formation der Schneefangz\u00e4une gegen\u00fcber der 10EUB-Bergstation. Normalerweise fahr ich dort ganz gern immer etwas offpiste im Hochsommer, das k\u00f6nnte dieses Mal etwas schwieriger werden &#8211; au\u00dfer die Haufen gl\u00e4tten sich wieder.<\/p>\n<p><a href='http:\/\/ski.inmontanis.info\/d\/215455-2\/DSC04337_001.jpg'><img src=http:\/\/ski.inmontanis.info\/d\/215454-3\/DSC04337_001.jpg \/><\/a><br \/>\n^ (26.5.) Schneeverschiebungsarbeiten TFH<\/p>\n<p><a href='http:\/\/ski.inmontanis.info\/d\/215503-2\/DSC04486.jpg'><img src=http:\/\/ski.inmontanis.info\/d\/215502-3\/DSC04486.jpg \/><\/a><br \/>\n^ (29.5.) Depotarbeiten TFH. Soll das hier neuerdings ein Depot werden, oder wird der Schnee wohl noch auf die Abfahrt verschoben werden, um den \u00fcblichen Schneewall zu errichten, der anscheinend rechts schon angefangen wurde?<\/p>\n<p><a href='http:\/\/ski.inmontanis.info\/d\/215459-2\/DSC04338.jpg'><img src=http:\/\/ski.inmontanis.info\/d\/215458-3\/DSC04338.jpg \/><\/a><br \/>\n^ DSB-Hang vom Ausstieg 10EUB. Die Beschneiung hat wohl ordentlich was geleistet heuer. Mal gespannt, ob man das nun auf die Piste verteilen wird, oder so bel\u00e4sst. K\u00f6nnte auch f\u00fcr zuk\u00fcnftige Vergleichsfotos interessant sein.<\/p>\n<p><a href='http:\/\/ski.inmontanis.info\/d\/215463-2\/DSC04341.jpg'><img src=http:\/\/ski.inmontanis.info\/d\/215462-3\/DSC04341.jpg \/><\/a><br \/>\n^ Vermattungsfeld rechts der GW-SL, wird auch immer  gr\u00f6\u00dfer. Gut, die Felsen darunter ja auch.<\/p>\n<p><a href='http:\/\/ski.inmontanis.info\/d\/215467-2\/DSC04344.jpg'><img src=http:\/\/ski.inmontanis.info\/d\/215466-3\/DSC04344.jpg \/><\/a><br \/>\n^ Am Kaserer. Links der Abfahrt wurde am Donnerstag mehrmals frisch pr\u00e4pariert (Vermattungsarbeiten usw.), so dass ich die eine oder andere Stunde hier blieb. Au\u00dfer mir fuhr aber fast keiner, die meisten blieben auf der pappigen Piste ;-)<\/p>\n<p>(29.5.)<\/p>\n<p><a href='http:\/\/ski.inmontanis.info\/d\/215475-2\/DSC04466.jpg'><img src=http:\/\/ski.inmontanis.info\/d\/215474-3\/DSC04466.jpg \/><\/a><br \/>\n^ Mittelstationsabfahrten. Die Linke war vor 1 Woche noch ge\u00f6ffnet.<\/p>\n<p><a href='http:\/\/ski.inmontanis.info\/d\/215483-2\/DSC04468.jpg'><img src=http:\/\/ski.inmontanis.info\/d\/215482-3\/DSC04468.jpg \/><\/a><br \/>\n^ Diese Abfahrt (11a) war am Sonntag leider nicht mehr frisch pr\u00e4pariert<\/p>\n<p><a href='http:\/\/ski.inmontanis.info\/d\/215487-2\/DSC04469.jpg'><img src=http:\/\/ski.inmontanis.info\/d\/215486-3\/DSC04469.jpg \/><\/a><br \/>\n^ Gletscherstand Ausstieg 6KSB L\u00e4rmstange2 &#8211; k\u00f6nnte f\u00fcr zuk\u00fcnftige Vergleichsfotos interessant sein. Und ja, hinter dem Schild spitzt Fels.<\/p>\n<p><a href='http:\/\/ski.inmontanis.info\/d\/215491-2\/DSC04470.jpg'><img src=http:\/\/ski.inmontanis.info\/d\/215490-3\/DSC04470.jpg \/><\/a><br \/>\n^ Vermattung linker Kaserer-SL<\/p>\n<p><a href='http:\/\/ski.inmontanis.info\/d\/215495-2\/DSC04471.jpg'><img src=http:\/\/ski.inmontanis.info\/d\/215494-3\/DSC04471.jpg \/><\/a><br \/>\n^ Depotarbeiten linker Kaserer-SL<\/p>\n<p><a href='http:\/\/ski.inmontanis.info\/d\/215499-2\/DSC04481.jpg'><img src=http:\/\/ski.inmontanis.info\/d\/215498-3\/DSC04481.jpg \/><\/a><br \/>\n^ TFH-Hang, heute f\u00fcr mich mal etwas ungew\u00f6hnlich; die linke unten jetzt zu (am Donnerstag noch offen) und stattdessen nur ganz rechts  ge\u00f6ffnet. Also prinzipiell so wie die letzten Jahre im Sommer, nur, dass sie heuer noch etwas weiter nach rechts gewandert ist (Und dass die Querfahrt auf dem Schneewall unten eben noch nicht vorhanden ist). Hoffentlich wird jetzt nicht dort, wo die Pistenraupe ist, auch noch vermattet. Denn links und rechts der Abfahrt geht&#8217;s im Sommer insb. nachmittags immer am besten&#8230;<\/p>\n<p>Kann aber auch sein, dass das Ende Mai auch die letzten Jahre so aussah und die Abfahrt einfach immer ein St\u00fcck nach links wandert, wenn die Felsen von rechts ausapern.<\/p>\n<p>Hier zum Vergleich 22.8.2015:<br \/>\n<a href='http:\/\/ski.inmontanis.info\/d\/203530-3\/DSC01297.jpg'><img src=http:\/\/ski.inmontanis.info\/d\/203529-4\/DSC01297.jpg \/><\/a><\/p>\n<p>Mir scheint, dass Mattenfeld oben wird heuer auch breiter?<\/p>\n","protected":false},"excerpt":{"rendered":"<p>Am Feiertag, 26.5. und am Sonntag, 29.5., war ich wieder am Hintertuxer. Immer wieder erstaunlich, dass es doch jeden Tag irgendwas &#8220;neues&#8221; oder anderweitig interessantes zu fotografieren gibt.<\/p>\n<p>26.5. Es gab etwas Neuschnee in den letzten Tagen, war aber wieder warm &#8211; somit war&#8217;s sp\u00e4testens ab Mittag sehr pappig. Eine hin und wieder frisch pr\u00e4parierte <a href=\"http:\/\/blog.inmontanis.info\/?p=3863\">[&#8230;]<\/a><\/p>\n","protected":false},"author":1,"featured_media":0,"comment_status":"closed","ping_status":"closed","sticky":false,"template":"","format":"standard","meta":{"footnotes":""},"categories":[246,25,13,28],"tags":[47],"class_list":["post-3863","post","type-post","status-publish","format-standard","hentry","category-hintertux","category-noreport","category-austria","category-skifahren-sommer","tag-sl","odd"],"_links":{"self":[{"href":"http:\/\/blog.inmontanis.info\/index.php?rest_route=\/wp\/v2\/posts\/3863","targetHints":{"allow":["GET"]}}],"collection":[{"href":"http:\/\/blog.inmontanis.info\/index.php?rest_route=\/wp\/v2\/posts"}],"about":[{"href":"http:\/\/blog.inmontanis.info\/index.php?rest_route=\/wp\/v2\/types\/post"}],"author":[{"embeddable":true,"href":"http:\/\/blog.inmontanis.info\/index.php?rest_route=\/wp\/v2\/users\/1"}],"replies":[{"embeddable":true,"href":"http:\/\/blog.inmontanis.info\/index.php?rest_route=%2Fwp%2Fv2%2Fcomments&post=3863"}],"version-history":[{"count":1,"href":"http:\/\/blog.inmontanis.info\/index.php?rest_route=\/wp\/v2\/posts\/3863\/revisions"}],"predecessor-version":[{"id":3864,"href":"http:\/\/blog.inmontanis.info\/index.php?rest_route=\/wp\/v2\/posts\/3863\/revisions\/3864"}],"wp:attachment":[{"href":"http:\/\/blog.inmontanis.info\/index.php?rest_route=%2Fwp%2Fv2%2Fmedia&parent=3863"}],"wp:term":[{"taxonomy":"category","embeddable":true,"href":"http:\/\/blog.inmontanis.info\/index.php?rest_route=%2Fwp%2Fv2%2Fcategories&post=3863"},{"taxonomy":"post_tag","embeddable":true,"href":"http:\/\/blog.inmontanis.info\/index.php?rest_route=%2Fwp%2Fv2%2Ftags&post=3863"}],"curies":[{"name":"wp","href":"https:\/\/api.w.org\/{rel}","templated":true}]}}