{"id":3860,"date":"2016-05-16T07:08:50","date_gmt":"2016-05-16T05:08:50","guid":{"rendered":"http:\/\/blog.inmontanis.info\/?p=3860"},"modified":"2023-07-01T20:57:34","modified_gmt":"2023-07-01T18:57:34","slug":"hintertux-16-5-2016","status":"publish","type":"post","link":"http:\/\/blog.inmontanis.info\/?p=3860","title":{"rendered":"Hintertux, 16.5.2016"},"content":{"rendered":"<p><strong>Pfingstmontag, 16.5.2016<\/strong><\/p>\n<p>Nachdem ich 2002\/03 und 2003\/04 die Stubaier Jahreskarte (Skibetriebseinstellung 2002: 26.8.-13.9. &#8211;<em> hach, was waren das noch f\u00fcr Zeiten!<\/em>) und 2006 die \u00d6tztaler Sommersaisonkarte (Skibetriebseinstellung: 17.7.-6.10.) f\u00fcr den Sommer hatte, hab ich heuer erstmals die Hintertuxer Sommersaisonkarte gekauft, hoffentlich ohne Betriebseinstellung.<\/p>\n<p>Gr\u00fcnde daf\u00fcr gab es mehrere:<br \/>\n&#8211; Die Tirol Snow Card, die ich heuer aufgrund der verk\u00fcrzten Saison am Stubaier hab, ist nur bis 15.5. g\u00fcltig<br \/>\n&#8211; Das quasi inexistente Fr\u00fchjahr (und der generell recht schwierige Winter) soll dann hoffentlich mit etlichen sch\u00f6nen Skitagen im Juni+Juli nachgeholt werden<br \/>\n&#8211; Begleiterscheinungen, wie, dass ich heuer nur noch 1 Woche Urlaub hab, oder auch keine Lust zum Sommerskifahren in Frankreich hab (au\u00dfer Alpe d&#8217;Huez macht auf) &#8211; weil&#8217;s in Hintertux wesentlich besser ist &#8211; ergeben mehr fahrbare Wochenenden in Tux<br \/>\n&#8211; und ganz wichtig: Weil es am Hintertuxer neuerdings (seit letztem Jahr?) eine verk\u00fcrzte Sommersaisonkarte gibt, die nicht von April bis Dezember g\u00fcltig ist, sondern genau in der TSC-losen Zeit vom 16.5.-30.9., zu einem verg\u00fcnstigten Preis (Normalpreis heuer 454,50 \u20ac).<\/p>\n<p>An der Kasse wollte ich nochmal wissen, was der Tiroler Preis f\u00fcr die lange Saisonkarte im Vgl. ist, der Aufpreis w\u00e4re aber ordentlich h\u00f6her gewesen, auch wenn es f\u00fcr die kurze Saisonkarte keinen Tiroler Preis geben soll, so eine kurze EMail-Nachfrage meinerseits vor einigen Wochen. Umso \u00fcberraschter war ich, als ich die Karte nun doch zu einem g\u00fcnstigeren Preis bekam &#8211; mit der Aufschrift &#8220;Sais SC&#8221;. Wobei das &#8220;SC&#8221; dann wohl weniger f\u00fcr &#8220;Sommer Kurz&#8221; stehen wird, als eher f\u00fcr SkiClub? Das ist jetzt interessant. Ich wusste gar nicht, dass man als Skiclub-Mitglied generell Erm\u00e4\u00dfigungen auf Skip\u00e4sse bekommt? Oder gilt das &#8220;normalerweise&#8221; dann doch nur, wenn der Trainer die Karten in Gruppen kauft? Ansonsten w\u00e4re das ja mal ein Grund, einem Skiclub beizutreten, vielleicht bekommt man auch in anderen Skigebieten in Europa damit Erm\u00e4\u00dfigungen auf Tageskarten, auch wenn man alleine unterwegs ist? Wer kennt sich damit aus, wer hat Erfahrungen?<\/p>\n<p>Sei&#8217;s wie&#8217;s ist, ich muss jetzt statt ca. 14 nur noch 11x fahren, bis ich die Karte eingefahren hab. Damit werd ich immer noch 2-3x so oft fahren m\u00fcssen, als ich normalerweise gefahren w\u00e4re, insofern ist auch das eine Win-Win-Situation, sowohl f\u00fcr die Bergbahnen, wie auch f\u00fcr mich, zumindest wenn ich, wie mal kurz \u00fcberschlagen, mit ca. 18 Skitagen rechne. Denn jeden Schlechtwettertag werd ich jetzt trotzdem nicht mehr mitnehmen.<\/p>\n<p>Wobei auch heute so ein Schlechtwettertag war, den ich normalerweise nicht gefahren w\u00e4re, h\u00e4tte ich die Tageskarte kaufen m\u00fcssen. Morgens gab&#8217;s zwar ca. 2 Stunden lang recht sonniges Wetter, danach aber bedeckt, mal etwas neblig, und mehr oder weniger starker Schneefall. Also nicht viel anders wie die letzten beiden Tage am Stubaier, nur dass es noch k\u00e4lter (im zweistelligen Minusbereich) und noch windiger war. Somit volle Winterklamotte mit warmen Pulli, Skihose und Skijacke. Warmes, sommerliches Fr\u00fchjahrsskifahren muss wohl leider weiterhin warten. Komische Saison heuer. Aber das sagte ich ja bereits in den letzten Wochen.<\/p>\n<p>Leider gab&#8217;s auch ein paar Punkte, die normalerweise f\u00fcr einen Eintrag in meine Anti-Liste gereicht h\u00e4tten:<br \/>\n1.) Dass die schwarze Abfahrt nicht pr\u00e4pariert war, OK, war auch guter Pulver. Dass die Schneeverwehungen auf manchen Abfahrten nicht vermeidbar waren und somit erschwert fahrbar waren, auch noch OK. Dass eine der beiden Abfahrten zur Mittelstation (die 2a) nicht pr\u00e4pariert wurde und aufgrund der teils gefrorenen Spuren sehr anstrengend zu fahren war, schon nerviger. Am rechten Kaserer-SL, von der rechten Abfahrt unten der Weg zum SL-Einstieg, da war pl\u00f6tzlich &#8211; nicht erkennbar &#8211; eine Raupenspur bei der Einm\u00fcndung der anderen Abfahrt, also wie ein erh\u00f6hter Pistenrand, was wie ein Schlagloch f\u00fcr einen Radfahrer mich beinahe zum Sturz brachte, das h\u00e4tte nicht sein d\u00fcrfen.<br \/>\nDen Vogel abgeschossen hat aber die Abfahrt links vom linken Kaserer-SL. Im interaktiven Plan gr\u00fcn, kein Sperrschild, die Pistenbegrenzungszeichen am Rand noch vorhanden, zwar nicht frisch pr\u00e4pariert (wie so manch andere heute) &#8211; es gab keine Anzeichen f\u00fcr mich, dass die Abfahrt nicht ge\u00f6ffnet sein soll. Die obere H\u00e4lfte ging ja auch ganz gut, nur pl\u00f6tzlich kam ich in einen komplett unfahrbaren Bereich, hart gefrorene schr\u00e4ge offene (knollige) Pistenraupenspuren, die man durch den Neuschnee und die schlechte Sicht nicht sah, und von denen ich etliche \u00fcberfahren musste (quasi wie mit Vollgas \u00fcber den harten, erh\u00f6hten Pistenrand, und das ganze mehrmals), bis ich endlich zum Stillstand kam. Grund? Schneeverschiebungen f\u00fcr die vermatteten SL-St\u00fctzen. Ja, h\u00e4tte man drauf kommen k\u00f6nnen, aber die vermatteten Bereiche sahen auch nicht so erh\u00f6ht aus, als dass das so augenscheinlich gewesen w\u00e4re. Jedenfalls sehr gef\u00e4hrlich.<br \/>\n2.) Die 3SB Schlegeis hatte heute ihren letzten Tag. Das hatte ich erwartet. Vergessen hatte ich aber (weil schon ewig her, dass ich am letzten Schlegeis-Betriebstag hier oben war), dass die am letzten Tag nicht bis zum Schluss f\u00e4hrt. Talstation war 15:45 angeschrieben und auch sonst nirgends ein Hinweis. Als ich sie um 13:45 nochmal fahren wollte, wurde die Piste gerade gesperrt. Na Danke. Das wenn ich gewusst h\u00e4tte, w\u00e4re ich vorher zum GB3 geschoben anstatt erst die 10EUB zu fahren. Oder von der 10EUB zum GW-SL geschoben, anstatt runter zum GB3 zu fahren. Grrr!<\/p>\n<p>Etwas vers\u00f6hnt war ich daf\u00fcr wieder, dass die 4EUB um 11 Uhr ausgaragiert und ab ca. 12:30 Uhr in Betrieb genommen wurde.<\/p>\n<p>Schnee war im allgemeinen pulvrig, zur Mittelstation dann nachmittags leicht sulzig.<\/p>\n<p>(Fotos anklicken zum Vergr\u00f6\u00dfern)<\/p>\n<p><a href='http:\/\/ski.inmontanis.info\/d\/214719-2\/DSC04158.jpg'><img src=http:\/\/ski.inmontanis.info\/d\/214718-3\/DSC04158.jpg \/><\/a><br \/>\n^ Standard-Blick von der Sektion 1 vs. Gletscher<\/p>\n<p><a href='http:\/\/ski.inmontanis.info\/d\/214723-2\/DSC04160.jpg'><img src=http:\/\/ski.inmontanis.info\/d\/214722-3\/DSC04160.jpg \/><\/a><br \/>\n^ GW-SL. Rechte Abfahrt offiziell schon gesperrt.<\/p>\n<p><a href='http:\/\/ski.inmontanis.info\/d\/214727-2\/DSC04161.jpg'><img src=http:\/\/ski.inmontanis.info\/d\/214726-3\/DSC04161.jpg \/><\/a><br \/>\n^ Olperer von GW<\/p>\n<p><a href='http:\/\/ski.inmontanis.info\/d\/214731-2\/DSC04162.jpg'><img src=http:\/\/ski.inmontanis.info\/d\/214730-3\/DSC04162.jpg \/><\/a><br \/>\n^ Schneefangz\u00e4une \u00fcberall<\/p>\n<p><a href='http:\/\/ski.inmontanis.info\/d\/214735-2\/DSC04163.jpg'><img src=http:\/\/ski.inmontanis.info\/d\/214734-3\/DSC04163.jpg \/><\/a><br \/>\n^ Die Russen links vom SL Olperer. Weiter rauf kam ich nicht mehr, der linke Lift war  f\u00fcr den Rest des Tages defekt und wir mussten alle zum rechten wechseln.<\/p>\n<p><a href='http:\/\/ski.inmontanis.info\/d\/214739-2\/DSC04166.jpg'><img src=http:\/\/ski.inmontanis.info\/d\/214738-3\/DSC04166.jpg \/><\/a><br \/>\n^ Verkrustungen an den Kabelbindern :)<\/p>\n<p><a href='http:\/\/ski.inmontanis.info\/d\/214743-2\/DSC04167.jpg'><img src=http:\/\/ski.inmontanis.info\/d\/214742-3\/DSC04167.jpg \/><\/a><br \/>\n^ GW von Olperer<\/p>\n<p><a href='http:\/\/ski.inmontanis.info\/d\/214747-2\/DSC04168.jpg'><img src=http:\/\/ski.inmontanis.info\/d\/214746-3\/DSC04168.jpg \/><\/a><br \/>\n^ Schlegeis-3SB-Abfahrt. War die echt den ganzen Winter so schmal??<\/p>\n<p><a href='http:\/\/ski.inmontanis.info\/d\/214751-2\/DSC04169.jpg'><img src=http:\/\/ski.inmontanis.info\/d\/214750-3\/DSC04169.jpg \/><\/a><br \/>\n^ Schlegeis-3SB. Ich vermisse die rechte schwarze Abfahrt.<\/p>\n<p><a href='http:\/\/ski.inmontanis.info\/d\/214755-2\/DSC04171.jpg'><img src=http:\/\/ski.inmontanis.info\/d\/214754-3\/DSC04171.jpg \/><\/a><br \/>\n^ Die schwarze Abfahrt vom Kaserer aus wurde wohl wg. des neuesten Gletscherschwundes (und vielleicht auch wg. der neuen KSB) neu trassiert (schr\u00e4ger, weniger steil)<\/p>\n<p><a href='http:\/\/ski.inmontanis.info\/d\/214759-2\/DSC04172.jpg'><img src=http:\/\/ski.inmontanis.info\/d\/214758-3\/DSC04172.jpg \/><\/a><br \/>\n^ Ausstieg neue Kaserer\/L\u00e4rmstange2-KSB links: Bergauf<\/p>\n<p><a href='http:\/\/ski.inmontanis.info\/d\/214763-2\/DSC04173.jpg'><img src=http:\/\/ski.inmontanis.info\/d\/214762-3\/DSC04173.jpg \/><\/a><br \/>\n^ Ausstieg neue Kaserer\/L\u00e4rmstange2-KSB rechts: Bergauf<\/p>\n<p><a href='http:\/\/ski.inmontanis.info\/d\/214767-2\/DSC04174.jpg'><img src=http:\/\/ski.inmontanis.info\/d\/214766-3\/DSC04174.jpg \/><\/a><br \/>\n^ Vermattung linker SL Kaserer<\/p>\n<p><a href='http:\/\/ski.inmontanis.info\/d\/214771-2\/DSC04177.jpg'><img src=http:\/\/ski.inmontanis.info\/d\/214770-3\/DSC04177.jpg \/><\/a><br \/>\n^ Route 13<\/p>\n<p><a href='http:\/\/ski.inmontanis.info\/d\/214775-2\/DSC04178.jpg'><img src=http:\/\/ski.inmontanis.info\/d\/214774-3\/DSC04178.jpg \/><\/a><br \/>\n^ Route 13, hier noch ganz ok zu fahren<\/p>\n<p><a href='http:\/\/ski.inmontanis.info\/d\/214779-2\/DSC04179.jpg'><img src=http:\/\/ski.inmontanis.info\/d\/214778-3\/DSC04179.jpg \/><\/a><br \/>\n^ Route 13<\/p>\n<p><a href='http:\/\/ski.inmontanis.info\/d\/214783-2\/DSC04180.jpg'><img src=http:\/\/ski.inmontanis.info\/d\/214782-3\/DSC04180.jpg \/><\/a><br \/>\n^ Route 13 und Einm\u00fcndung 13a. Ab hier war&#8217;s dann leider mit seeehr viel Arbeit verbunden (gefrorene alte Spuren), daher die 13a nicht nochmal extra gefahren.<\/p>\n<p><a href='http:\/\/ski.inmontanis.info\/d\/214787-2\/DSC04181.jpg'><img src=http:\/\/ski.inmontanis.info\/d\/214786-3\/DSC04181.jpg \/><\/a><br \/>\n^ Route 13a<\/p>\n<p><a href='http:\/\/ski.inmontanis.info\/d\/214791-2\/DSC04183.jpg'><img src=http:\/\/ski.inmontanis.info\/d\/214790-3\/DSC04183.jpg \/><\/a><br \/>\n^ Route 13\/13a gemeinsamer Teil<\/p>\n<p><a href='http:\/\/ski.inmontanis.info\/d\/214795-2\/DSC04186.jpg'><img src=http:\/\/ski.inmontanis.info\/d\/214794-3\/DSC04186.jpg \/><\/a><br \/>\n^ Lief mir gestern oder vorgestern am Stubaier mal wieder eine Maus \u00fcber die Piste (nicht un\u00fcblich am Stubaier), war&#8217;s hier und heute zur Abwechslung mal wieder ein Murmeltier.<\/p>\n<p><a href='http:\/\/ski.inmontanis.info\/d\/214799-2\/DSC04188.jpg'><img src=http:\/\/ski.inmontanis.info\/d\/214798-3\/DSC04188.jpg \/><\/a><br \/>\n^ Mittelstationsabfahrten. Noch viel Schnee hier auf der Piste.<\/p>\n<p><a href='http:\/\/ski.inmontanis.info\/d\/214803-2\/DSC04191.jpg'><img src=http:\/\/ski.inmontanis.info\/d\/214802-3\/DSC04191.jpg \/><\/a><br \/>\n^ Rolltreppe an der Sommerbergalm<\/p>\n<p><a href='http:\/\/ski.inmontanis.info\/d\/214807-2\/DSC04196.jpg'><img src=http:\/\/ski.inmontanis.info\/d\/214806-3\/DSC04196.jpg \/><\/a><br \/>\n^ Untergeschoss Sommerbergalm. Anscheinend hat man hier gr\u00f6bere Probleme mit Wasser? Aber unter dem Boden!?<\/p>\n<p><a href='http:\/\/ski.inmontanis.info\/d\/214811-2\/DSC04195.jpg'><img src=http:\/\/ski.inmontanis.info\/d\/214810-3\/DSC04195.jpg \/><\/a><br \/>\n^ Untergeschoss Sommerbergalm. Hat was SciFi-Film-m\u00e4\u00dfiges mit diesen Schl\u00e4uchen da aus dem Boden :)<\/p>\n<p><a href='http:\/\/ski.inmontanis.info\/d\/214815-2\/DSC04193.jpg'><img src=http:\/\/ski.inmontanis.info\/d\/214814-3\/DSC04193.jpg \/><\/a><br \/>\n^ Untergeschoss Sommerbergalm. Scheint jedenfalls eher dauerhaft installiert zu sein.<\/p>\n<p><a href='http:\/\/ski.inmontanis.info\/d\/214819-2\/DSC04197.jpg'><img src=http:\/\/ski.inmontanis.info\/d\/214818-3\/DSC04197.jpg \/><\/a><br \/>\n^ TFH-Hang, aktuell (nur) die linke Seite in kompletter L\u00e4nge offen. Rechts wird noch etwas Schnee verschoben.<\/p>\n<p><a href='http:\/\/ski.inmontanis.info\/d\/214823-2\/DSC04199.jpg'><img src=http:\/\/ski.inmontanis.info\/d\/214822-3\/DSC04199.jpg \/><\/a><br \/>\n^ Linke Abfahrt am SL Kaserer, keine Anzeichen, dass sie geschlossen w\u00e4re, aber pl\u00f6tzlich nicht sichtbare und harte Schneeverschiebungs-Raupenspuren, die mich beinahe zum St\u00fcrzen brachten. (Stark kontrastverst\u00e4rkt, so gut sah man das in Wirklichkeit nicht.)<\/p>\n<p><a href='http:\/\/ski.inmontanis.info\/d\/214827-2\/DSC04203.jpg'><img src=http:\/\/ski.inmontanis.info\/d\/214826-3\/DSC04203.jpg \/><\/a><br \/>\n^ Nachmittags war die 4EUB in Betrieb<\/p>\n<p><a href='http:\/\/ski.inmontanis.info\/d\/214831-2\/DSC04205.jpg'><img src=http:\/\/ski.inmontanis.info\/d\/214830-3\/DSC04205.jpg \/><\/a><br \/>\n^ TFH<\/p>\n<p><a href='http:\/\/ski.inmontanis.info\/d\/214835-2\/DSC04207.jpg'><img src=http:\/\/ski.inmontanis.info\/d\/214834-3\/DSC04207.jpg \/><\/a><br \/>\n^ Nicht nur Livigno, auch Hintertux hat seine seit Jahren (hier: 2011 oder 2012) unvollendete Seilbahntalstation :)<\/p>\n<p><a href='http:\/\/ski.inmontanis.info\/d\/214839-2\/DSC04208.jpg'><img src=http:\/\/ski.inmontanis.info\/d\/214838-3\/DSC04208.jpg \/><\/a><br \/>\n^ Unvollendetes Untergeschoss der 10EUB-Talstation. Was war hier egtl. mal geplant?<\/p>\n<p><a href='http:\/\/ski.inmontanis.info\/d\/214843-2\/DSC04210.jpg'><img src=http:\/\/ski.inmontanis.info\/d\/214842-3\/DSC04210.jpg \/><\/a><br \/>\n^ Unvollendetes Untergeschoss der 10EUB-Talstation. Und wohin sollte eigentlich der verglaste Steg unterhalb der Br\u00fccke weitergehen?<\/p>\n<p><a href='http:\/\/ski.inmontanis.info\/d\/214847-2\/DSC04209.jpg'><img src=http:\/\/ski.inmontanis.info\/d\/214846-3\/DSC04209.jpg \/><\/a><br \/>\n^ Vermattung an der Zufahrt zur DSB, die heute wohl kaum jemand gefahren ist<\/p>\n<p><a href='http:\/\/ski.inmontanis.info\/d\/214851-2\/DSC04211.jpg'><img src=http:\/\/ski.inmontanis.info\/d\/214850-3\/DSC04211.jpg \/><\/a><br \/>\n^ Ausstieg GB3. Nicht abw\u00e4rts oder ebenerdig wie im Sommer\/Herbst, sondern ein sch\u00f6nes St\u00fcck bergauf momentan<\/p>\n<p><a href='http:\/\/ski.inmontanis.info\/d\/214855-2\/DSC04213.jpg'><img src=http:\/\/ski.inmontanis.info\/d\/214854-3\/DSC04213.jpg \/><\/a><br \/>\n^ 13:45 und die 3SB Schlegeis wird dicht gemacht. Na toll, knapp verpasst.<\/p>\n<p><a href='http:\/\/ski.inmontanis.info\/d\/214859-2\/DSC04216.jpg'><img src=http:\/\/ski.inmontanis.info\/d\/214858-3\/DSC04216.jpg \/><\/a><br \/>\n^ Arbeiten an einer GB2-St\u00fctze. Mir solls recht sein, mag die 4EUB eh viel lieber.<\/p>\n<p>(Viele Fortsetzungen werden folgen.)<\/p>\n","protected":false},"excerpt":{"rendered":"<p>Pfingstmontag, 16.5.2016<\/p>\n<p>Nachdem ich 2002\/03 und 2003\/04 die Stubaier Jahreskarte (Skibetriebseinstellung 2002: 26.8.-13.9. &#8211; hach, was waren das noch f\u00fcr Zeiten!) und 2006 die \u00d6tztaler Sommersaisonkarte (Skibetriebseinstellung: 17.7.-6.10.) f\u00fcr den Sommer hatte, hab ich heuer erstmals die Hintertuxer Sommersaisonkarte gekauft, hoffentlich ohne Betriebseinstellung.<\/p>\n<p>Gr\u00fcnde daf\u00fcr gab es mehrere: &#8211; Die Tirol Snow Card, die ich <a href=\"http:\/\/blog.inmontanis.info\/?p=3860\">[&#8230;]<\/a><\/p>\n","protected":false},"author":1,"featured_media":0,"comment_status":"closed","ping_status":"closed","sticky":false,"template":"","format":"standard","meta":{"footnotes":""},"categories":[246,25,13,27],"tags":[55,42,38,47],"class_list":["post-3860","post","type-post","status-publish","format-standard","hentry","category-hintertux","category-noreport","category-austria","category-skifahren-winterskiing-winter","tag-3sb","tag-4eub","tag-dsb","tag-sl","odd"],"_links":{"self":[{"href":"http:\/\/blog.inmontanis.info\/index.php?rest_route=\/wp\/v2\/posts\/3860","targetHints":{"allow":["GET"]}}],"collection":[{"href":"http:\/\/blog.inmontanis.info\/index.php?rest_route=\/wp\/v2\/posts"}],"about":[{"href":"http:\/\/blog.inmontanis.info\/index.php?rest_route=\/wp\/v2\/types\/post"}],"author":[{"embeddable":true,"href":"http:\/\/blog.inmontanis.info\/index.php?rest_route=\/wp\/v2\/users\/1"}],"replies":[{"embeddable":true,"href":"http:\/\/blog.inmontanis.info\/index.php?rest_route=%2Fwp%2Fv2%2Fcomments&post=3860"}],"version-history":[{"count":1,"href":"http:\/\/blog.inmontanis.info\/index.php?rest_route=\/wp\/v2\/posts\/3860\/revisions"}],"predecessor-version":[{"id":3861,"href":"http:\/\/blog.inmontanis.info\/index.php?rest_route=\/wp\/v2\/posts\/3860\/revisions\/3861"}],"wp:attachment":[{"href":"http:\/\/blog.inmontanis.info\/index.php?rest_route=%2Fwp%2Fv2%2Fmedia&parent=3860"}],"wp:term":[{"taxonomy":"category","embeddable":true,"href":"http:\/\/blog.inmontanis.info\/index.php?rest_route=%2Fwp%2Fv2%2Fcategories&post=3860"},{"taxonomy":"post_tag","embeddable":true,"href":"http:\/\/blog.inmontanis.info\/index.php?rest_route=%2Fwp%2Fv2%2Ftags&post=3860"}],"curies":[{"name":"wp","href":"https:\/\/api.w.org\/{rel}","templated":true}]}}