{"id":3858,"date":"2016-05-15T07:06:34","date_gmt":"2016-05-15T05:06:34","guid":{"rendered":"http:\/\/blog.inmontanis.info\/?p=3858"},"modified":"2023-08-06T10:56:09","modified_gmt":"2023-08-06T08:56:09","slug":"stubaier-gletscher-14-15-5-2016","status":"publish","type":"post","link":"http:\/\/blog.inmontanis.info\/?p=3858","title":{"rendered":"Stubaier Gletscher, 14.+15.5.2016"},"content":{"rendered":"<p>Zum Abschluss der TSC-G\u00fcltigkeit gings noch 2 Tage auf&#8217;n Stubaier Gletscher. Hauptgrund: Gratis-Service am K2-Ski und evtl. Kauf eines neuen Ski, nachdem meine beiden aktuellen Ski Belags\/Kantenm\u00e4\u00dfig so gut wie am Ende sind und ausgetauscht werden m\u00fcssen, da sie die n\u00e4chste Saison wohl nicht mehr \u00fcberleben werden.<\/p>\n<p>Da ich diesmal die Hersteller umgekehrt haben will (d.h. mein selbst designter Ski (Carpani) soll diesmal der Allmountain werden statt bisher der Racecarver) ging es mir darum, einen g\u00fcnstigen Racecarver zu testen.<\/p>\n<p>In der Liga unter 400,- \u20ac gab es einen V\u00f6lk RTM 75 und die V\u00f6lkl Racetiger RC+SC. Zum Leihen war der RC nur in 160 da, den SC und den RTM hab ich in meiner Standardgr\u00f6\u00dfe (so 165-168) geliehen, Reihenfolge war RTM -> RC -> SC.<\/p>\n<p>Die ersten Abfahrten mit dem RTM 75 iS waren ganz nett, so ein Mittelding zwischen meinem Allmountain und meinem Racecarver, aber doch eher wenig stabil bei den unruhigen Schnee in h\u00f6heren Geschwindigkeiten. Aber wenn ich mich f\u00fcr einen einzigen Ski anstatt zwei entscheiden m\u00fcsste, w\u00e4re er durchaus weit vorne.<\/p>\n<p>Als zweites war der Racetiger RC Uvo in 160 mit f\u00fcr einen Racecarver sehr kurzem 13,1m &#8211; Radius dran. Sehr, sehr drehfreudig, fast weniger kantenbissig wie der RTM und trotz des kurzen Radius absolut keine Slalom-Atit\u00fcden, sondern auch driftend und mit Gro\u00dfschwung befahrbar. Aber gut, ich hatte ja vor einiger Zeit schon mal in Folge zwei Racetiger RC (oder war der zweite der zweite weil Garantieaustausch, wei\u00df nicht mehr), sch\u00f6n, dass sie immer noch so breitbandig sind, wie damals.<\/p>\n<p>Der 5cm l\u00e4ngere SC mit somit l\u00e4ngerem 14m Radius war dann kantengriffiger, aber noch ertr\u00e4glich, in Summe aber fand ich ihn weniger drehfreudig bzw. spielerisch und generell anstrengender zu fahren.<\/p>\n<p>Somit entschied ich mich f\u00fcr den RC in 160 &#8211; weil ich die 165 nicht testen konnte und ich mit der Geometrie des Ski recht zufrieden war und nicht absch\u00e4tzen konnte, wie sich der 165er mit 2m l\u00e4ngeren Radius fahren w\u00fcrde.<\/p>\n<p>Wetterm\u00e4\u00dfig war&#8217;s am Samstag eher mau, aber besser als bef\u00fcrchtet. Schneite zwar die ganze Zeit, waren aber auch ein paar Sonnenstrahlen zu sehen und die Sicht war auch meist OK. Ab Mittag dann st\u00e4rkerer Nassschneefall, so dass ich dann bald aufgeh\u00f6rt hatte und mit den beiden Paar Skiern ins Tal fuhr.<\/p>\n<p>Heute am Sonntag w\u00e4re ich auch Kaunertal gefahren, falls da die Wettervorhersagen sp\u00fcrbar sonniger gemeldet h\u00e4tten als am Stubaier, hatten sie aber nicht. Am Stubaier dann etwas voller als gestern, etwas weniger Schneefall, etwas mehr Sonne, etwas bessere Sicht. Eisjoch-Steilhang daf\u00fcr weniger sch\u00f6n fahrbar (knollig), auch sonst zerfahrener. Der V\u00f6lkl f\u00e4hrt aber recht ruhig und satt durch den zerfahrenen Schnee. Beste Pisten wie \u00fcblich am Daunferner, der rechte Trainingsbereich &#8211; Pisten pr\u00e4pariert, aber kein Training heute dort.<\/p>\n<p>Die geschlossenen Mittelstationsabfahrten bin ich nicht gefahren &#8211; wollte mit den Racecarvern nicht in den Tiefschnee und die Sicht war auch meist schlechter\/nebliger richtung Mittelstation. Sind aber etliche runtergefahren.<\/p>\n<p>(Fotos anklicken zum Vergr\u00f6\u00dfern)<\/p>\n<p><strong>14.5.2016<\/strong><\/p>\n<p><a href='http:\/\/ski.inmontanis.info\/d\/214607-2\/DSC04104.jpg'><img src=http:\/\/ski.inmontanis.info\/d\/214606-3\/DSC04104.jpg \/><\/a><br \/>\n^ Ex-6ZUB Eisgrat Talstation<\/p>\n<p><a href='http:\/\/ski.inmontanis.info\/d\/214611-2\/DSC04105.jpg'><img src=http:\/\/ski.inmontanis.info\/d\/214610-3\/DSC04105.jpg \/><\/a><br \/>\n^ Ex-6ZUB Eisgrat St\u00fctze 1<\/p>\n<p><a href='http:\/\/ski.inmontanis.info\/d\/214615-2\/DSC04107.jpg'><img src=http:\/\/ski.inmontanis.info\/d\/214614-3\/DSC04107.jpg \/><\/a><br \/>\n^ Ex-6ZUB Eisgrat St\u00fctze 2<\/p>\n<p><a href='http:\/\/ski.inmontanis.info\/d\/214619-2\/DSC04108.jpg'><img src=http:\/\/ski.inmontanis.info\/d\/214618-3\/DSC04108.jpg \/><\/a><br \/>\n^ Ex-6ZUB Eisgrat St\u00fctze 2<\/p>\n<p><a href='http:\/\/ski.inmontanis.info\/d\/214623-2\/DSC04109.jpg'><img src=http:\/\/ski.inmontanis.info\/d\/214622-3\/DSC04109.jpg \/><\/a><br \/>\n^ Bauweg<\/p>\n<p><a href='http:\/\/ski.inmontanis.info\/d\/214627-2\/DSC04110.jpg'><img src=http:\/\/ski.inmontanis.info\/d\/214626-3\/DSC04110.jpg \/><\/a><br \/>\n^ Bauweg<\/p>\n<p><a href='http:\/\/ski.inmontanis.info\/d\/214631-2\/DSC04111.jpg'><img src=http:\/\/ski.inmontanis.info\/d\/214630-3\/DSC04111.jpg \/><\/a><br \/>\n^ Ex-6ZUB Eisgrat<\/p>\n<p><a href='http:\/\/ski.inmontanis.info\/d\/214635-2\/DSC04113.jpg'><img src=http:\/\/ski.inmontanis.info\/d\/214634-3\/DSC04113.jpg \/><\/a><br \/>\n^ Ex-6ZUB Eisgrat<\/p>\n<p><a href='http:\/\/ski.inmontanis.info\/d\/214639-2\/DSC04115.jpg'><img src=http:\/\/ski.inmontanis.info\/d\/214638-3\/DSC04115.jpg \/><\/a><br \/>\n^ Mittelstation<\/p>\n<p><a href='http:\/\/ski.inmontanis.info\/d\/214643-2\/DSC04116.jpg'><img src=http:\/\/ski.inmontanis.info\/d\/214642-3\/DSC04116.jpg \/><\/a><br \/>\n^ Ex-6ZUB Eisgrat<\/p>\n<p><a href='http:\/\/ski.inmontanis.info\/d\/214647-2\/DSC04117.jpg'><img src=http:\/\/ski.inmontanis.info\/d\/214646-3\/DSC04117.jpg \/><\/a><br \/>\n^ Mittelstation<\/p>\n<p><a href='http:\/\/ski.inmontanis.info\/d\/214651-2\/DSC04118.jpg'><img src=http:\/\/ski.inmontanis.info\/d\/214650-3\/DSC04118.jpg \/><\/a><br \/>\n^ Mittelstation<\/p>\n<p><a href='http:\/\/ski.inmontanis.info\/d\/214655-2\/DSC04120.jpg'><img src=http:\/\/ski.inmontanis.info\/d\/214654-3\/DSC04120.jpg \/><\/a><br \/>\n^ Mittelstation<\/p>\n<p><a href='http:\/\/ski.inmontanis.info\/d\/214659-2\/DSC04122.jpg'><img src=http:\/\/ski.inmontanis.info\/d\/214658-3\/DSC04122.jpg \/><\/a><br \/>\n^ Alle Abfahrten zur Mittelstation waren geschlossen<\/p>\n<p><a href='http:\/\/ski.inmontanis.info\/d\/214663-2\/DSC04124.jpg'><img src=http:\/\/ski.inmontanis.info\/d\/214662-3\/DSC04124.jpg \/><\/a><br \/>\n^ SL Eisjoch. Samstag war&#8217;s recht leer. Und hin und wieder waren auch ein paar Sonnenstrahlen zu sehen.<\/p>\n<p><a href='http:\/\/ski.inmontanis.info\/d\/214667-2\/DSC04127.jpg'><img src=http:\/\/ski.inmontanis.info\/d\/214666-3\/DSC04127.jpg \/><\/a><br \/>\n^ Carpani F6 Racecarver wird mit V\u00f6lkl Racetiger RC ersetzt. Demn\u00e4chst wird dann mein K2 Allmountain mit Carpani Allmountain ersetzt.<\/p>\n<p>Das besondere Feature am V\u00f6lkl ist \u00fcbrigens das Ding oben unterhalb der Spitze, UVO genannt, Ultimatives Vibrations Objekt (H\u00e4, Dildo?). Das Teil macht die Skier leichter und das Innere Ei ist tats\u00e4chlich frei beweglich und schluckt somit die Vibrationen, insofern aber etwas fraglich, ob das mit Schnee im Laufe des Tages nicht schnell festfriert oder sich verklemmt, muss ich mal aufpassen. Leider sind auch die Kanten von der schmalen Sorte.<\/p>\n<p><strong>15.5.2016<\/strong><\/p>\n<p><a href='http:\/\/ski.inmontanis.info\/d\/214671-2\/DSC04133.jpg'><img src=http:\/\/ski.inmontanis.info\/d\/214670-3\/DSC04133.jpg \/><\/a><br \/>\n^ Schneedepot Talstation DSB Wildspitz<\/p>\n<p><a href='http:\/\/ski.inmontanis.info\/d\/214675-2\/DSC04136.jpg'><img src=http:\/\/ski.inmontanis.info\/d\/214674-3\/DSC04136.jpg \/><\/a><br \/>\n^ GV-Foto SL Gai\u00dfkarferner<\/p>\n<p><a href='http:\/\/ski.inmontanis.info\/d\/214679-2\/DSC04139.jpg'><img src=http:\/\/ski.inmontanis.info\/d\/214678-3\/DSC04139.jpg \/><\/a><br \/>\n^ Gletscherverlust Gai\u00dfkarferner-Abfahrt<\/p>\n<p><a href='http:\/\/ski.inmontanis.info\/d\/214683-2\/DSC04142.jpg'><img src=http:\/\/ski.inmontanis.info\/d\/214682-3\/DSC04142.jpg \/><\/a><br \/>\n^ Station Eisgrat<\/p>\n<p><a href='http:\/\/ski.inmontanis.info\/d\/214687-2\/DSC04143.jpg'><img src=http:\/\/ski.inmontanis.info\/d\/214686-3\/DSC04143.jpg \/><\/a><br \/>\n^ Station Eisgrat<\/p>\n<p><a href='http:\/\/ski.inmontanis.info\/d\/214691-2\/DSC04144.jpg'><img src=http:\/\/ski.inmontanis.info\/d\/214690-3\/DSC04144.jpg \/><\/a><br \/>\n^ 8KSB usw. Fuhr wie gestern im Schneckentempo, trotz leichter Wartezeiten.<\/p>\n<p><a href='http:\/\/ski.inmontanis.info\/d\/214695-2\/DSC04145.jpg'><img src=http:\/\/ski.inmontanis.info\/d\/214694-3\/DSC04145.jpg \/><\/a><br \/>\n^ 8KSB Rotadl, in dem Bereich war nur noch die Rote ausgesteckt und ge\u00f6ffnet<\/p>\n<p><a href='http:\/\/ski.inmontanis.info\/d\/214699-2\/DSC04146.jpg'><img src=http:\/\/ski.inmontanis.info\/d\/214698-3\/DSC04146.jpg \/><\/a><br \/>\n^ Talstation 3S-Bahn<\/p>\n<p><a href='http:\/\/ski.inmontanis.info\/d\/214703-2\/DSC04147.jpg'><img src=http:\/\/ski.inmontanis.info\/d\/214702-3\/DSC04147.jpg \/><\/a><br \/>\n^ Talstation 3S-Bahn<\/p>\n<p><a href='http:\/\/ski.inmontanis.info\/d\/214707-2\/DSC04149.jpg'><img src=http:\/\/ski.inmontanis.info\/d\/214706-3\/DSC04149.jpg \/><\/a><br \/>\n^ \u00dcberreste der alten Eisgratbahn<\/p>\n<p><a href='http:\/\/ski.inmontanis.info\/d\/214711-2\/DSC04150.jpg'><img src=http:\/\/ski.inmontanis.info\/d\/214710-3\/DSC04150.jpg \/><\/a><br \/>\n^ \u00dcberreste der alten Eisgratbahn<\/p>\n<p><a href='http:\/\/ski.inmontanis.info\/d\/214715-2\/DSC04151.jpg'><img src=http:\/\/ski.inmontanis.info\/d\/214714-3\/DSC04151.jpg \/><\/a><br \/>\n^ \u00dcberreste der alten Eisgratbahn<\/p>\n<p>\u00dcbrigens, Kris hat letztens auch viele Fotos von den Eisgrat-Resten gemacht:<br \/>\n<a href='https:\/\/photos.google.com\/share\/AF1QipP0GNpzS1y0ItIFTzFH_7n6wYGejoIp_ixYt6RSYsxZmn0hJ1dhX3LYZCk8BfK3Bw?key=YklfQ3FjVnNhVUhGZ3ZrYWtFTExiUVAtWHJFQTRB'>https:\/\/photos.google.com\/share\/AF1QipP0GNpzS1y0ItIFTzFH_7n6wYGejoIp_ixYt6RSYsxZmn0hJ1dhX3LYZCk8BfK3Bw?key=YklfQ3FjVnNhVUhGZ3ZrYWtFTExiUVAtWHJFQTRB<\/a><\/p>\n<p>.. ach ja und dann noch die Aufl\u00f6sung zum vorhin genannten GV (Gletschervergleichs)-Foto:<\/p>\n<p><a href='http:\/\/ski.inmontanis.info\/d\/214675-2\/DSC04136.jpg'><img src=http:\/\/ski.inmontanis.info\/d\/214674-3\/DSC04136.jpg \/><\/a><br \/>\n^ Pfingsten 2016<\/p>\n<p><img src=http:\/\/ski.inmontanis.info\/alte\/200201_old1995astubaipitztal\/old1995_StubaiGL3.JPG \/><br \/>\n^ Pfingsten 1995<\/p>\n","protected":false},"excerpt":{"rendered":"<p>Zum Abschluss der TSC-G\u00fcltigkeit gings noch 2 Tage auf&#8217;n Stubaier Gletscher. Hauptgrund: Gratis-Service am K2-Ski und evtl. Kauf eines neuen Ski, nachdem meine beiden aktuellen Ski Belags\/Kantenm\u00e4\u00dfig so gut wie am Ende sind und ausgetauscht werden m\u00fcssen, da sie die n\u00e4chste Saison wohl nicht mehr \u00fcberleben werden.<\/p>\n<p>Da ich diesmal die Hersteller umgekehrt haben will <a href=\"http:\/\/blog.inmontanis.info\/?p=3858\">[&#8230;]<\/a><\/p>\n","protected":false},"author":1,"featured_media":0,"comment_status":"closed","ping_status":"closed","sticky":false,"template":"","format":"standard","meta":{"footnotes":""},"categories":[25,13,27,895,32],"tags":[56,69,57,54,47],"class_list":["post-3858","post","type-post","status-publish","format-standard","hentry","category-noreport","category-austria","category-skifahren-winterskiing-winter","category-stubaier-gletscher","category-lostplaces","tag-6sb","tag-6zub","tag-8sb","tag-gletschervergleich","tag-sl","odd"],"_links":{"self":[{"href":"http:\/\/blog.inmontanis.info\/index.php?rest_route=\/wp\/v2\/posts\/3858","targetHints":{"allow":["GET"]}}],"collection":[{"href":"http:\/\/blog.inmontanis.info\/index.php?rest_route=\/wp\/v2\/posts"}],"about":[{"href":"http:\/\/blog.inmontanis.info\/index.php?rest_route=\/wp\/v2\/types\/post"}],"author":[{"embeddable":true,"href":"http:\/\/blog.inmontanis.info\/index.php?rest_route=\/wp\/v2\/users\/1"}],"replies":[{"embeddable":true,"href":"http:\/\/blog.inmontanis.info\/index.php?rest_route=%2Fwp%2Fv2%2Fcomments&post=3858"}],"version-history":[{"count":1,"href":"http:\/\/blog.inmontanis.info\/index.php?rest_route=\/wp\/v2\/posts\/3858\/revisions"}],"predecessor-version":[{"id":3859,"href":"http:\/\/blog.inmontanis.info\/index.php?rest_route=\/wp\/v2\/posts\/3858\/revisions\/3859"}],"wp:attachment":[{"href":"http:\/\/blog.inmontanis.info\/index.php?rest_route=%2Fwp%2Fv2%2Fmedia&parent=3858"}],"wp:term":[{"taxonomy":"category","embeddable":true,"href":"http:\/\/blog.inmontanis.info\/index.php?rest_route=%2Fwp%2Fv2%2Fcategories&post=3858"},{"taxonomy":"post_tag","embeddable":true,"href":"http:\/\/blog.inmontanis.info\/index.php?rest_route=%2Fwp%2Fv2%2Ftags&post=3858"}],"curies":[{"name":"wp","href":"https:\/\/api.w.org\/{rel}","templated":true}]}}