{"id":3851,"date":"2016-05-07T20:47:41","date_gmt":"2016-05-07T18:47:41","guid":{"rendered":"http:\/\/blog.inmontanis.info\/?p=3851"},"modified":"2023-05-07T19:47:48","modified_gmt":"2023-05-07T17:47:48","slug":"val-thorens-7-5-2016","status":"publish","type":"post","link":"http:\/\/blog.inmontanis.info\/?p=3851","title":{"rendered":"Val Thorens, 7.5.2016"},"content":{"rendered":"<p><strong>7.5.2016 &#8211; Val Thorens<\/strong><\/p>\n<p>Bei meinem letzten (und bisher einzigen) Besuch, am 10.5.2013, war ich ja nicht sehr begeistert von dem Skigebiet in Val Thorens. Nervige Flachst\u00fccke auf sehr vielen Abfahrten, die bei den damaligen Pappschneeverh\u00e4ltnissen viel Schieberei bedeuteten. F\u00fcr Val Thorens spricht nat\u00fcrlich, dass es kein Skigebiet in den Alpen (und vmtl. in ganz Europa) gibt, dass am 2. Mai-WE auch nur ann\u00e4hernd ein vergleichbar gro\u00dfe Angebot hat. Und heute war das Wetter besser und der Schnee besser als 2013, also probierte ich es nochmal. Und wurde auch nicht entt\u00e4uscht, nachmittags hier und da zwar tiefer aufgesulzt, aber nur 1-2 Schiebestellen.<\/p>\n<p>Da die Lifte ja erst ab 9:05\/9:15 Uhr liefen, konnte ich es am Morgen gem\u00fctlich angehen. Um 8:30 Uhr war ich dann am Parkplatz P4, der f\u00fcr Tagesg\u00e4ste gratis ist. Die Tageskarte kostete 44,10 \u20ac, mit morgen (Sonntag, letzter Betriebstag) g\u00e4be es eine g\u00fcnstige Kombi. Im Gegensatz zum letzten Mal (2013) war auch nirgends ein Aushang zu sehen, dass die Lifte morgen nicht bis zum Schluss liefen. Aber die Wettervorhersagen waren eh nicht gut f\u00fcr morgen, und ein Tag reicht dann auch.<\/p>\n<p>Das Wetter blieb auch fast etwas besser als die Wettervorhersagen gemeldet hatten, allerdings wie gestern ein starker Sturm und in den Sturmsesseln eisige Temperaturen. Nicht gerade fr\u00fchlingshaft. Und leider sind die bequemsten Lifte (die beiden EUBs) die mit den uninteressantesten Abfahrten. Los war jedenfalls genug und als Fazit des heutigen Tages: Ende der Saison kann man VT schon mal wieder mitnehmen. Die 3V an sich interessieren mich dagegen weiterhin nicht.<\/p>\n<p>Detail am Rande: S\u00e4mtliche KSBs mit Double Embarquement hatten \u00fcbrigens nur einen Einstieg ge\u00f6ffnet. D.h. es war dann nur jeder 2. Sessel besetzt.<\/p>\n<p>(Fotos anklicken zum Vergr\u00f6\u00dfern.)<\/p>\n<p><a href='http:\/\/extra.inmontanis.info\/d\/35093-3\/ge20160504-08b.jpg'><img src=http:\/\/extra.inmontanis.info\/d\/35092-4\/ge20160504-08b.jpg \/><\/a><br \/>\n^ Strecke und POI 4.-8.5.2016<br \/>\nA) Les Diablerets &#8211; Glacier 3000<br \/>\nB) Tignes<br \/>\nC) Val Thorens<br \/>\nD) Disentis<\/p>\n<p><a href='http:\/\/ski.inmontanis.info\/d\/216131-2\/DSC03948.jpg'><img src=http:\/\/ski.inmontanis.info\/d\/216130-3\/DSC03948.jpg \/><\/a><br \/>\n^ Les Menuires<\/p>\n<p><a href='http:\/\/ski.inmontanis.info\/d\/216135-2\/DSC03949.jpg'><img src=http:\/\/ski.inmontanis.info\/d\/216134-3\/DSC03949.jpg \/><\/a><br \/>\n^ Gruppen-Korblift in Les Menuires. Den w\u00fcrd ich ganz gern mal fahren.<\/p>\n<p><a href='http:\/\/ski.inmontanis.info\/d\/216139-2\/DSC03952.jpg'><img src=http:\/\/ski.inmontanis.info\/d\/216138-3\/DSC03952.jpg \/><\/a><br \/>\n^ Die letzte Woche ist in Val Thorens (lt Homepage)  traditionell Holl\u00e4nder-Woche. Noch sind gen\u00fcgend Busse da.<\/p>\n<p><a href='http:\/\/ski.inmontanis.info\/d\/216143-2\/DSC03953.jpg'><img src=http:\/\/ski.inmontanis.info\/d\/216142-3\/DSC03953.jpg \/><\/a><br \/>\n^ Pistenplan. Alle Gr\u00fcnen und Gelben, sowie die lichtlosen Cairn und Plein Sud, waren ge\u00f6ffnet.<\/p>\n<p><a href='http:\/\/ski.inmontanis.info\/d\/216147-2\/DSC03955.jpg'><img src=http:\/\/ski.inmontanis.info\/d\/216146-3\/DSC03955.jpg \/><\/a><br \/>\n^ KSB Moutiere und EUB Caron und in Verl\u00e4ngerung PB Cime Caron<\/p>\n<p><a href='http:\/\/ski.inmontanis.info\/d\/216151-2\/DSC03956.jpg'><img src=http:\/\/ski.inmontanis.info\/d\/216150-3\/DSC03956.jpg \/><\/a><br \/>\n^ KSB Moutiere und Funitel Grand Fond<\/p>\n<p><a href='http:\/\/ski.inmontanis.info\/d\/216155-2\/DSC03958.jpg'><img src=http:\/\/ski.inmontanis.info\/d\/216154-3\/DSC03958.jpg \/><\/a><br \/>\n^ PB Cime Caron<\/p>\n<p><a href='http:\/\/ski.inmontanis.info\/d\/216159-2\/DSC03962.jpg'><img src=http:\/\/ski.inmontanis.info\/d\/216158-3\/DSC03962.jpg \/><\/a><br \/>\n^ PB Cime Caron<\/p>\n<p><a href='http:\/\/ski.inmontanis.info\/d\/216163-2\/DSC03964.jpg'><img src=http:\/\/ski.inmontanis.info\/d\/216162-3\/DSC03964.jpg \/><\/a><br \/>\n^ PB Cime Caron<\/p>\n<p><a href='http:\/\/ski.inmontanis.info\/d\/216167-2\/DSC03966.jpg'><img src=http:\/\/ski.inmontanis.info\/d\/216166-3\/DSC03966.jpg \/><\/a><br \/>\n^ PB Cime Caron<\/p>\n<p><a href='http:\/\/ski.inmontanis.info\/d\/216171-2\/DSC03970.jpg'><img src=http:\/\/ski.inmontanis.info\/d\/216170-3\/DSC03970.jpg \/><\/a><br \/>\n^ PB Cime Caron Abspannung<\/p>\n<p><a href='http:\/\/ski.inmontanis.info\/d\/216175-2\/DSC03971.jpg'><img src=http:\/\/ski.inmontanis.info\/d\/216174-3\/DSC03971.jpg \/><\/a><br \/>\n^ Panorama Bergstation PB Cime Caron<\/p>\n<p><a href='http:\/\/ski.inmontanis.info\/d\/216179-2\/DSC03974.jpg'><img src=http:\/\/ski.inmontanis.info\/d\/216178-3\/DSC03974.jpg \/><\/a><br \/>\n^ Panorama Bergstation PB Cime Caron mit Blick zur KSB Rosael aus Orelle<\/p>\n<p><a href='http:\/\/ski.inmontanis.info\/d\/216183-2\/DSC03976.jpg'><img src=http:\/\/ski.inmontanis.info\/d\/216182-3\/DSC03976.jpg \/><\/a><br \/>\n^ PB Cime Caron<\/p>\n<p><a href='http:\/\/ski.inmontanis.info\/d\/216187-2\/DSC03979.jpg'><img src=http:\/\/ski.inmontanis.info\/d\/216186-3\/DSC03979.jpg \/><\/a><br \/>\n^ Panorama Bergstation PB Cime Caron mit Blick zum Skigebietsteil Bouchet (Orelle), hab ich heute auslassen.<\/p>\n<p><a href='http:\/\/ski.inmontanis.info\/d\/216191-2\/DSC03982.jpg'><img src=http:\/\/ski.inmontanis.info\/d\/216190-3\/DSC03982.jpg \/><\/a><br \/>\n^ Panorama Bergstation PB Cime Caron mit Blick nach Val Thorens<\/p>\n<p><a href='http:\/\/ski.inmontanis.info\/d\/216195-2\/DSC03983.jpg'><img src=http:\/\/ski.inmontanis.info\/d\/216194-3\/DSC03983.jpg \/><\/a><br \/>\n^ PB Cime Caron<\/p>\n<p><a href='http:\/\/ski.inmontanis.info\/d\/216199-2\/DSC03984.jpg'><img src=http:\/\/ski.inmontanis.info\/d\/216198-3\/DSC03984.jpg \/><\/a><br \/>\n^ Von der Bergstation Gruppen-Pendel-Funitel Thorens f\u00fchrt eine lt. Plan neue Abfahrt namens Lory richtung Orelle. Nette Au\u00dfenrumabfahrt.<\/p>\n<p><a href='http:\/\/ski.inmontanis.info\/d\/216203-2\/DSC03988.jpg'><img src=http:\/\/ski.inmontanis.info\/d\/216202-3\/DSC03988.jpg \/><\/a><br \/>\n^ Nette Abfahrt Lory. Wie \u00fcblich in Val Thorens mit einem Flachst\u00fcck, wo man es laufen lassen muss &#8211;  bei Pappschnee muss man hier  wohl ewig rausschieben. Heute am Morgen ging&#8217;s noch.<\/p>\n<p><a href='http:\/\/ski.inmontanis.info\/d\/216207-2\/DSC03990.jpg'><img src=http:\/\/ski.inmontanis.info\/d\/216206-3\/DSC03990.jpg \/><\/a><br \/>\n^ Abfahrt Lory<\/p>\n<p><a href='http:\/\/ski.inmontanis.info\/d\/216211-2\/DSC03993.jpg'><img src=http:\/\/ski.inmontanis.info\/d\/216210-3\/DSC03993.jpg \/><\/a><br \/>\n^ KSB Rosael, Verbindung von Orelle nach Val Thorens<\/p>\n<p><a href='http:\/\/ski.inmontanis.info\/d\/216215-2\/DSC03995.jpg'><img src=http:\/\/ski.inmontanis.info\/d\/216214-3\/DSC03995.jpg \/><\/a><br \/>\n^ KSB Rosael mit Abfahrt Lory<\/p>\n<p><a href='http:\/\/ski.inmontanis.info\/d\/216219-2\/DSC03996.jpg'><img src=http:\/\/ski.inmontanis.info\/d\/216218-3\/DSC03996.jpg \/><\/a><br \/>\n^ Eine der Abfahrten zwischen Grand Fond und Portette<\/p>\n<p><a href='http:\/\/ski.inmontanis.info\/d\/216223-2\/DSC03997.jpg'><img src=http:\/\/ski.inmontanis.info\/d\/216222-3\/DSC03997.jpg \/><\/a><br \/>\n^ KSB Portette (links Moraine+Col). Ohne die Sturmsessel w\u00e4ren heute vielleicht nicht alle Lifte gefahren. Und: Schnell. Nicht mit halber Geschwindigkeit wie in \u00d6sterreich am Saisonende.<\/p>\n<p><a href='http:\/\/ski.inmontanis.info\/d\/216227-2\/DSC03998.jpg'><img src=http:\/\/ski.inmontanis.info\/d\/216226-3\/DSC03998.jpg \/><\/a><br \/>\n^ KSB Plein Sud<\/p>\n<p><a href='http:\/\/ski.inmontanis.info\/d\/216231-2\/DSC03999.jpg'><img src=http:\/\/ski.inmontanis.info\/d\/216230-3\/DSC03999.jpg \/><\/a><br \/>\n^ KSB Plein Sud durch Val Thorens<\/p>\n<p><a href='http:\/\/ski.inmontanis.info\/d\/216235-2\/DSC04002.jpg'><img src=http:\/\/ski.inmontanis.info\/d\/216234-3\/DSC04002.jpg \/><\/a><br \/>\n^ KSB Plein Sud und Val Thorens und Blick in den zentralen Skigebietsbereich mit der KSB Portette in Bildmitte, PB Cime Caron ganz rechts<\/p>\n<p><a href='http:\/\/ski.inmontanis.info\/d\/216239-2\/DSC04003.jpg'><img src=http:\/\/ski.inmontanis.info\/d\/216238-3\/DSC04003.jpg \/><\/a><br \/>\n^ Gel\u00e4nde oberhalb der KSB Plein Sud. S\u00e4he doch nett aus, schade, dass da keine 2. Sektion steht, k\u00f6nnte man doch mal einen netten Kurven-KSSL reinziehen ;)<\/p>\n<p><a href='http:\/\/ski.inmontanis.info\/d\/216243-2\/DSC04005.jpg'><img src=http:\/\/ski.inmontanis.info\/d\/216242-3\/DSC04005.jpg \/><\/a><br \/>\n^ Pano Abfahrt Plein Sud mit PB Cime Caron in Bildmitte<\/p>\n<p><a href='http:\/\/ski.inmontanis.info\/d\/216247-2\/DSC04006.jpg'><img src=http:\/\/ski.inmontanis.info\/d\/216246-3\/DSC04006.jpg \/><\/a><br \/>\n^ Val Thorens \/ Bildmitte Plein Sud<\/p>\n<p><a href='http:\/\/ski.inmontanis.info\/d\/216251-2\/DSC04007.jpg'><img src=http:\/\/ski.inmontanis.info\/d\/216250-3\/DSC04007.jpg \/><\/a><br \/>\n^ Val Thorens \/ Bereich Peclet<\/p>\n<p><a href='http:\/\/ski.inmontanis.info\/d\/216255-2\/DSC04008.jpg'><img src=http:\/\/ski.inmontanis.info\/d\/216254-3\/DSC04008.jpg \/><\/a><br \/>\n^ Funitel Peclet<\/p>\n<p><a href='http:\/\/ski.inmontanis.info\/d\/216259-2\/DSC04010.jpg'><img src=http:\/\/ski.inmontanis.info\/d\/216258-3\/DSC04010.jpg \/><\/a><br \/>\n^ Funitel Peclet und SL Stades, SL war bis zum fr\u00fchen Nachmittag wg. eines Rennens gesperrt.<\/p>\n<p><a href='http:\/\/ski.inmontanis.info\/d\/216263-2\/DSC04011.jpg'><img src=http:\/\/ski.inmontanis.info\/d\/216262-3\/DSC04011.jpg \/><\/a><br \/>\n^ Na das ist ja mal ein witziger Name f\u00fcr ein doppeltes F\u00f6rderband: Castor &#038; Pollux.<\/p>\n<p><a href='http:\/\/ski.inmontanis.info\/d\/216267-2\/DSC04012.jpg'><img src=http:\/\/ski.inmontanis.info\/d\/216266-3\/DSC04012.jpg \/><\/a><br \/>\n^ 3SB Glacier von der Bergstation Peclet<\/p>\n<p><a href='http:\/\/ski.inmontanis.info\/d\/216271-2\/DSC04015.jpg'><img src=http:\/\/ski.inmontanis.info\/d\/216270-3\/DSC04015.jpg \/><\/a><br \/>\n^ 3SB Glacier<\/p>\n<p><a href='http:\/\/ski.inmontanis.info\/d\/216275-2\/DSC04019.jpg'><img src=http:\/\/ski.inmontanis.info\/d\/216274-3\/DSC04019.jpg \/><\/a><br \/>\n^ Glacier de Chaviere, ehemaliges Sommerskigebiet<\/p>\n<p><a href='http:\/\/ski.inmontanis.info\/d\/216279-2\/DSC04021.jpg'><img src=http:\/\/ski.inmontanis.info\/d\/216278-3\/DSC04021.jpg \/><\/a><br \/>\n^ Glacier de Chaviere, ehemaliges Sommerskigebiet (Abfahrt von der 4SB Col)<\/p>\n<p><a href='http:\/\/ski.inmontanis.info\/d\/216283-2\/DSC04022.jpg'><img src=http:\/\/ski.inmontanis.info\/d\/216282-3\/DSC04022.jpg \/><\/a><br \/>\n^ Gletscherabdeckmatten an der Abfahrt 4SB Col<\/p>\n<p><a href='http:\/\/ski.inmontanis.info\/d\/216287-2\/DSC04023.jpg'><img src=http:\/\/ski.inmontanis.info\/d\/216286-3\/DSC04023.jpg \/><\/a><br \/>\n^ Funitel Peclet. Macht f\u00fcr mich zwar nicht den Eindruck, als w\u00fcrde man damit eine maximale F\u00f6rderleistung bekommen, aber bequem ist die Stuhleinteilung so schon.<\/p>\n<p><a href='http:\/\/ski.inmontanis.info\/d\/216291-2\/DSC04025.jpg'><img src=http:\/\/ski.inmontanis.info\/d\/216290-3\/DSC04025.jpg \/><\/a><br \/>\n^ Ausstieg Funitel Peclet mit Blick zur 3SB Glacier (links) und rechts wohl eine ehemalige KSSL-Talstation, der aufgrund der Gletscherschmelze nicht mehr in Betrieb sein k\u00f6nnte &#8211; da klafft ein tiefer Graben jetzt.<\/p>\n<p><a href='http:\/\/ski.inmontanis.info\/d\/216295-2\/DSC04033.jpg'><img src=http:\/\/ski.inmontanis.info\/d\/216294-3\/DSC04033.jpg \/><\/a><br \/>\n^ Glacier-Peclet, besagte Mulde aus der anderen Richtung.<\/p>\n<p><a href='http:\/\/ski.inmontanis.info\/d\/216299-2\/DSC04032.jpg'><img src=http:\/\/ski.inmontanis.info\/d\/216298-3\/DSC04032.jpg \/><\/a><br \/>\n^ Abgang 3SB Glacier. Die Schieberei hier oben ist m\u00fchselig, warum hat man das nicht anders gebaut?! Und: links rauf das andere, ehemalige Sommerskigebiet.<\/p>\n<p><a href='http:\/\/ski.inmontanis.info\/d\/216303-2\/DSC04034.jpg'><img src=http:\/\/ski.inmontanis.info\/d\/216302-3\/DSC04034.jpg \/><\/a><br \/>\n^ Kurven-SL Stades, am sp\u00e4teren Nachmittag endlich auch f\u00fcr Normalos ge\u00f6ffnet. Murmeltiere waren in dem Bereich auch zu sehen (zumindest an einer der geschlossenen Abfahrten, wobei die eine rechte Abfahrt evtl. sogar offen war, blo\u00df nicht frisch pr\u00e4pariert? Keine Ahnung, toll gingen nachmittags beide, sch\u00f6n firnig gewesen.)<\/p>\n<p><a href='http:\/\/ski.inmontanis.info\/d\/216307-2\/DSC04038.jpg'><img src=http:\/\/ski.inmontanis.info\/d\/216306-3\/DSC04038.jpg \/><\/a><br \/>\n^ SL Stades<\/p>\n<p><a href='http:\/\/ski.inmontanis.info\/d\/216311-2\/DSC04039.jpg'><img src=http:\/\/ski.inmontanis.info\/d\/216310-3\/DSC04039.jpg \/><\/a><br \/>\n^ SL Stades und im Hintergrund 3SB Glacier und Funitel Peclet<\/p>\n<p><a href='http:\/\/ski.inmontanis.info\/d\/216315-2\/DSC04040.jpg'><img src=http:\/\/ski.inmontanis.info\/d\/216314-3\/DSC04040.jpg \/><\/a><br \/>\n^ Zoom vom SL Stades zu 3SB Glacier und Funitel Peclet. Dort gab&#8217;s einst Sommerski.<\/p>\n<p><a href='http:\/\/ski.inmontanis.info\/d\/216319-2\/DSC04044.jpg'><img src=http:\/\/ski.inmontanis.info\/d\/216318-3\/DSC04044.jpg \/><\/a><br \/>\n^ KSB Cascades und Funitel Peclet<\/p>\n<p><a href='http:\/\/ski.inmontanis.info\/d\/216323-2\/DSC04045.jpg'><img src=http:\/\/ski.inmontanis.info\/d\/216322-3\/DSC04045.jpg \/><\/a><br \/>\n^ Ex-4EUB Peclet. Hach, die t\u00e4t ich lieber hier sehen.<\/p>\n<p><a href='http:\/\/ski.inmontanis.info\/d\/216327-2\/DSC04047.jpg'><img src=http:\/\/ski.inmontanis.info\/d\/216326-3\/DSC04047.jpg \/><\/a><br \/>\n^ Doppel-KSSL Plateau. Morgens war der linke offen, nachmittags der rechte.<\/p>\n<p><a href='http:\/\/ski.inmontanis.info\/d\/216331-2\/DSC04048.jpg'><img src=http:\/\/ski.inmontanis.info\/d\/216330-3\/DSC04048.jpg \/><\/a><br \/>\n^ An einigen Talstationen gibt&#8217;s Handy-Ladestationen<\/p>\n<p><a href='http:\/\/ski.inmontanis.info\/d\/216335-2\/DSC04052.jpg'><img src=http:\/\/ski.inmontanis.info\/d\/216334-3\/DSC04052.jpg \/><\/a><br \/>\n^ EUB Cairn. Schon traurig, dass die beiden bequemsten Lifte hier, EUB Cairn und Caron, die uninteressantesten Abfahrten haben.<\/p>\n<p><a href='http:\/\/ski.inmontanis.info\/d\/216339-2\/DSC04053.jpg'><img src=http:\/\/ski.inmontanis.info\/d\/216338-3\/DSC04053.jpg \/><\/a><br \/>\n^ EUB Cairn und KSB Plein Sud<\/p>\n<p><a href='http:\/\/ski.inmontanis.info\/d\/216343-2\/ge20160507a.jpg'><img src=http:\/\/ski.inmontanis.info\/d\/216342-3\/ge20160507a.jpg \/><\/a><br \/>\n^ GPS-Track 7.5.2016 (Blau) und im Vergleich in Orange 10.5.2013. Hab versucht, heute m\u00f6glichst die Abfahrten zu fahren, die ich 2013 nicht gefahren bin. Fehlen trotzdem noch ein paar Abfahrtsst\u00fccke.<\/p>\n<p>Zur\u00fcck ging&#8217;s \u00fcber Albertville und dort noch in den Quick (auf den \u00fcblichen Toast + Churros + neu: Crepes) &#8230;<\/p>\n<p>(Fortsetzung folgt.)<\/p>\n","protected":false},"excerpt":{"rendered":"<p>7.5.2016 &#8211; Val Thorens<\/p>\n<p>Bei meinem letzten (und bisher einzigen) Besuch, am 10.5.2013, war ich ja nicht sehr begeistert von dem Skigebiet in Val Thorens. Nervige Flachst\u00fccke auf sehr vielen Abfahrten, die bei den damaligen Pappschneeverh\u00e4ltnissen viel Schieberei bedeuteten. F\u00fcr Val Thorens spricht nat\u00fcrlich, dass es kein Skigebiet in den Alpen (und vmtl. in ganz <a href=\"http:\/\/blog.inmontanis.info\/?p=3851\">[&#8230;]<\/a><\/p>\n","protected":false},"author":1,"featured_media":0,"comment_status":"closed","ping_status":"closed","sticky":false,"template":"","format":"standard","meta":{"footnotes":""},"categories":[153,16,27,244],"tags":[56,53,51,63,48,52,47],"class_list":["post-3851","post","type-post","status-publish","format-standard","hentry","category-2016-5-himmelfahrt","category-france","category-skifahren-winterskiing-winter","category-trois-vallees","tag-6sb","tag-8eub","tag-architektur","tag-korblift","tag-kssl","tag-pb","tag-sl","odd"],"_links":{"self":[{"href":"http:\/\/blog.inmontanis.info\/index.php?rest_route=\/wp\/v2\/posts\/3851","targetHints":{"allow":["GET"]}}],"collection":[{"href":"http:\/\/blog.inmontanis.info\/index.php?rest_route=\/wp\/v2\/posts"}],"about":[{"href":"http:\/\/blog.inmontanis.info\/index.php?rest_route=\/wp\/v2\/types\/post"}],"author":[{"embeddable":true,"href":"http:\/\/blog.inmontanis.info\/index.php?rest_route=\/wp\/v2\/users\/1"}],"replies":[{"embeddable":true,"href":"http:\/\/blog.inmontanis.info\/index.php?rest_route=%2Fwp%2Fv2%2Fcomments&post=3851"}],"version-history":[{"count":3,"href":"http:\/\/blog.inmontanis.info\/index.php?rest_route=\/wp\/v2\/posts\/3851\/revisions"}],"predecessor-version":[{"id":5008,"href":"http:\/\/blog.inmontanis.info\/index.php?rest_route=\/wp\/v2\/posts\/3851\/revisions\/5008"}],"wp:attachment":[{"href":"http:\/\/blog.inmontanis.info\/index.php?rest_route=%2Fwp%2Fv2%2Fmedia&parent=3851"}],"wp:term":[{"taxonomy":"category","embeddable":true,"href":"http:\/\/blog.inmontanis.info\/index.php?rest_route=%2Fwp%2Fv2%2Fcategories&post=3851"},{"taxonomy":"post_tag","embeddable":true,"href":"http:\/\/blog.inmontanis.info\/index.php?rest_route=%2Fwp%2Fv2%2Ftags&post=3851"}],"curies":[{"name":"wp","href":"https:\/\/api.w.org\/{rel}","templated":true}]}}