{"id":3841,"date":"2016-05-01T16:14:06","date_gmt":"2016-05-01T14:14:06","guid":{"rendered":"http:\/\/blog.inmontanis.info\/?p=3841"},"modified":"2023-08-06T20:47:47","modified_gmt":"2023-08-06T18:47:47","slug":"kitzbuhel-1-5-2016","status":"publish","type":"post","link":"http:\/\/blog.inmontanis.info\/?p=3841","title":{"rendered":"Kitzb\u00fchel, 1.5.2016"},"content":{"rendered":"<p>Wetterbedingt ging&#8217;s am 1.5. lediglich nochmal nach Kitzb\u00fchel. Dort h\u00e4tte es lt. Bergfex und wetter.at bis 11\/12 Uhr zumindest trocken sein sollen. War nat\u00fcrlich mal wieder nicht so, bereits kurz nach 9 Uhr fing es zu schneien und regnen an, die oberen Pistenbereiche wurden durch den Neuschnee stockig (wie halt auch in den vergangenen Wochenenden &#8211; selten so einen entt\u00e4uschenden April erlebt!) und ich durch den nassen Schnee\/Regen gegen 10 Uhr auch nass. Hatte ja keine Regenkleidung an, da ich egtl. nur bis 11\/12 Uhr fahren wollte&#8230;<\/p>\n<p>Kurz nach 10 bin ich daher mit der EUB ins Tal, mich etwas trocknen, danach nochmal rauf und nochmal alle 3 Abfahrten je 2x gefahren. Geschneit hat es weiterhin, aber weniger stark dann. Jedenfalls, Haube und Sitzheizung waren heute am 1.5. sehr angenehm an der kurzen 6KSB, wer h\u00e4tte das gedacht :-) Nein, egtl. ein :-( denn das hatte mal wieder nix mit sonnigem Fr\u00fchjahrsskifahren heute zu tun.<\/p>\n<p>Vor dem Schneefall waren die Pisten ganz gut, zwar noch sehr eisig-hart, aber schon eine leichte aufgefirnte Schneeschicht darauf. Kurz vor 12 Uhr hatte ichs dann gelassen. Bei besserem Wetter und besserem Schnee h\u00e4tte ich&#8217;s sicherlich noch etwas l\u00e4nger ausgehalten, die 3 Abfahrten sind ja trotz ihrer K\u00fcrze recht abwechslungreich und bei tollem Firn &#8230;<\/p>\n<p>(Fotos anklicken zum Vergr\u00f6\u00dfern)<\/p>\n<p><a href='http:\/\/ski.inmontanis.info\/d\/213522-2\/DSC03536.jpg'><img src=http:\/\/ski.inmontanis.info\/d\/213521-3\/DSC03536.jpg \/><\/a><br \/>\n^ Kitzb\u00fchel-Kirchberg \/ Walde &#8211; Fleck<\/p>\n<p><a href='http:\/\/ski.inmontanis.info\/d\/213526-2\/DSC03538.jpg'><img src=http:\/\/ski.inmontanis.info\/d\/213525-3\/DSC03538.jpg \/><\/a><br \/>\n^ An einer Restschneebefahrung der Talabfahrt war heuer nicht mehr zu denken.<\/p>\n<p><a href='http:\/\/ski.inmontanis.info\/d\/213530-2\/DSC03540.jpg'><img src=http:\/\/ski.inmontanis.info\/d\/213529-3\/DSC03540.jpg \/><\/a><br \/>\n^ Auch weiter oben war nicht mehr viel Schnee auf der  Talabfahrt<\/p>\n<p><a href='http:\/\/ski.inmontanis.info\/d\/213534-2\/DSC03541.jpg'><img src=http:\/\/ski.inmontanis.info\/d\/213533-3\/DSC03541.jpg \/><\/a><br \/>\n^ Heute zum Skifahren ge\u00f6ffnet, die beiden F\u00f6rderb\u00e4nder und die 6KSB<\/p>\n<p><a href='http:\/\/ski.inmontanis.info\/d\/213538-2\/DSC03545.jpg'><img src=http:\/\/ski.inmontanis.info\/d\/213537-3\/DSC03545.jpg \/><\/a><br \/>\n^ Alle 3 Abfahrten an der 6KSB ge\u00f6ffnet. Hinten die Schneereste der Skiwelt<\/p>\n<p><a href='http:\/\/ski.inmontanis.info\/d\/213542-2\/DSC03546.jpg'><img src=http:\/\/ski.inmontanis.info\/d\/213541-3\/DSC03546.jpg \/><\/a><br \/>\n^ Ok, also nicht nur an der Bergstation der Walde-6KSB, auch unten ist jetzt ein dickes Schneedepot. Saisonstart Ende Oktober garantiert.<\/p>\n<p><a href='http:\/\/ski.inmontanis.info\/d\/213546-2\/DSC03548.jpg'><img src=http:\/\/ski.inmontanis.info\/d\/213545-3\/DSC03548.jpg \/><\/a><br \/>\n^ Steinbergkogel<\/p>\n<p><a href='http:\/\/ski.inmontanis.info\/d\/213550-2\/DSC03549.jpg'><img src=http:\/\/ski.inmontanis.info\/d\/213549-3\/DSC03549.jpg \/><\/a><br \/>\n^ Abfahrt 6KSB und oberes Schneedepot<\/p>\n<p><a href='http:\/\/ski.inmontanis.info\/d\/213554-2\/DSC03551.jpg'><img src=http:\/\/ski.inmontanis.info\/d\/213553-3\/DSC03551.jpg \/><\/a><br \/>\n^ Abfahrt 6KSB<\/p>\n<p><a href='http:\/\/ski.inmontanis.info\/d\/213558-2\/DSC03552.jpg'><img src=http:\/\/ski.inmontanis.info\/d\/213557-3\/DSC03552.jpg \/><\/a><br \/>\n^ Schwarze Abfahrt<\/p>\n<p><a href='http:\/\/ski.inmontanis.info\/d\/213562-2\/DSC03554.jpg'><img src=http:\/\/ski.inmontanis.info\/d\/213561-3\/DSC03554.jpg \/><\/a><br \/>\n^ Die beiden F\u00f6rderb\u00e4nder erschlie\u00dfen eine Mikro-Skischaukel :-)<\/p>\n<p><a href='http:\/\/ski.inmontanis.info\/d\/213566-2\/DSC03555.jpg'><img src=http:\/\/ski.inmontanis.info\/d\/213565-3\/DSC03555.jpg \/><\/a><br \/>\n^ Das WC an der Bergstation der 6EUB ist auch schon geschlossen. WTF?!<\/p>\n<p><a href='http:\/\/ski.inmontanis.info\/d\/213570-2\/DSC03556.jpg'><img src=http:\/\/ski.inmontanis.info\/d\/213569-3\/DSC03556.jpg \/><\/a><br \/>\n^ Schwarze Abfahrt<\/p>\n<p><a href='http:\/\/ski.inmontanis.info\/d\/213574-2\/DSC03557.jpg'><img src=http:\/\/ski.inmontanis.info\/d\/213573-3\/DSC03557.jpg \/><\/a><br \/>\n^ Blaue und Rote Abfahrt<\/p>\n<p><a href='http:\/\/ski.inmontanis.info\/d\/213578-2\/ge20160501a.jpg'><img src=http:\/\/ski.inmontanis.info\/d\/213577-3\/ge20160501a.jpg \/><\/a><br \/>\n^ GPS-Track 1.5.2016. Bin alle 3 Abfahrten jeweils 5x gefahren.<\/p>\n","protected":false},"excerpt":{"rendered":"<p>Wetterbedingt ging&#8217;s am 1.5. lediglich nochmal nach Kitzb\u00fchel. Dort h\u00e4tte es lt. Bergfex und wetter.at bis 11\/12 Uhr zumindest trocken sein sollen. War nat\u00fcrlich mal wieder nicht so, bereits kurz nach 9 Uhr fing es zu schneien und regnen an, die oberen Pistenbereiche wurden durch den Neuschnee stockig (wie halt auch in den vergangenen Wochenenden <a href=\"http:\/\/blog.inmontanis.info\/?p=3841\">[&#8230;]<\/a><\/p>\n","protected":false},"author":1,"featured_media":0,"comment_status":"closed","ping_status":"closed","sticky":false,"template":"","format":"standard","meta":{"footnotes":""},"categories":[904,25,13,27],"tags":[],"class_list":["post-3841","post","type-post","status-publish","format-standard","hentry","category-kitzbuhel","category-noreport","category-austria","category-skifahren-winterskiing-winter","odd"],"_links":{"self":[{"href":"http:\/\/blog.inmontanis.info\/index.php?rest_route=\/wp\/v2\/posts\/3841","targetHints":{"allow":["GET"]}}],"collection":[{"href":"http:\/\/blog.inmontanis.info\/index.php?rest_route=\/wp\/v2\/posts"}],"about":[{"href":"http:\/\/blog.inmontanis.info\/index.php?rest_route=\/wp\/v2\/types\/post"}],"author":[{"embeddable":true,"href":"http:\/\/blog.inmontanis.info\/index.php?rest_route=\/wp\/v2\/users\/1"}],"replies":[{"embeddable":true,"href":"http:\/\/blog.inmontanis.info\/index.php?rest_route=%2Fwp%2Fv2%2Fcomments&post=3841"}],"version-history":[{"count":1,"href":"http:\/\/blog.inmontanis.info\/index.php?rest_route=\/wp\/v2\/posts\/3841\/revisions"}],"predecessor-version":[{"id":3842,"href":"http:\/\/blog.inmontanis.info\/index.php?rest_route=\/wp\/v2\/posts\/3841\/revisions\/3842"}],"wp:attachment":[{"href":"http:\/\/blog.inmontanis.info\/index.php?rest_route=%2Fwp%2Fv2%2Fmedia&parent=3841"}],"wp:term":[{"taxonomy":"category","embeddable":true,"href":"http:\/\/blog.inmontanis.info\/index.php?rest_route=%2Fwp%2Fv2%2Fcategories&post=3841"},{"taxonomy":"post_tag","embeddable":true,"href":"http:\/\/blog.inmontanis.info\/index.php?rest_route=%2Fwp%2Fv2%2Ftags&post=3841"}],"curies":[{"name":"wp","href":"https:\/\/api.w.org\/{rel}","templated":true}]}}