{"id":3839,"date":"2016-04-30T16:12:25","date_gmt":"2016-04-30T14:12:25","guid":{"rendered":"http:\/\/blog.inmontanis.info\/?p=3839"},"modified":"2023-08-06T20:59:00","modified_gmt":"2023-08-06T18:59:00","slug":"kaunertaler-gletscher-30-4-2016","status":"publish","type":"post","link":"http:\/\/blog.inmontanis.info\/?p=3839","title":{"rendered":"Kaunertaler Gletscher, 30.4.2016"},"content":{"rendered":"<p>Letztes Betriebs-WE in Livigno und heuer leider keine Verl\u00e4ngerung an der Agudio-6EUB geplant. W\u00e4re Grund genug gewesen, dort hinzufahren. Dagegen sprach, dass es nur am Samstag und nur halbwegs sch\u00f6n werden sollte, Firn war bei dem momentanen Winter-Wetter wohl nicht zu erwarten und ein Ziel f\u00fcr SO war wetterm\u00e4\u00dfig auch nicht sinnvoll. Dazu wollte ich den Tunnel auch kostenm\u00e4\u00dfig nicht 2x fahren (falls man \u00fcberhaupt am Samstag h\u00e4tte reinfahren k\u00f6nnen) und schlussendlich war mir das f\u00fcr einen Tagesausflug dann zu weit. Ich hoffe halt mal, dass die die 6EUB nicht kurzfristig noch heuer abrei\u00dfen und ersetzen.<\/p>\n<p>Zudem sahen die Wettervorhersagen am Freitag f\u00fcr das n\u00e4chste potentiell verl\u00e4ngerte Wochenende gut aus (was sie mittlerweile nicht mehr tun), was dann alles zusammen den Ausschlag gab, dass ich am Samstag im Saisonkartenbereich blieb. Kaunertal wollte ich dieses Fr\u00fchjahr noch besuchen, da ich unbedingt noch die wiederbelebte Wiesejaggl-Abfahrt fahren wollte.<\/p>\n<p>Wetter blieb bis nach Mittag sehr sonnig, danach kamen die Wolken, blieb aber bis zum Schluss trocken. Los war einiges, erstmal Wartezeiten an der Mautstelle (keine eigene Spur f\u00fcr Skipassinhaber), an der 4KSB und der 8EUB musste man auch sehr h\u00e4ufig 1-3 FBM abwarten (einen Sessel alleine hatte ich nur 1 oder 2 Mal, Kabine 1), ganz voll war&#8217;s am SL N\u00f6rderjoch, wo es mir bis 15 Uhr zu voll war (davor nur 1x gefahren). Die beiden SL Wei\u00dfseeferner waren zumeist recht leer, am leersten war der SL Falgin.<\/p>\n<p>Schnee on-piste war sehr gut, off-piste zumindest im Bereich der KSBs hart gefroren, daher nichts weiter gefahren.<\/p>\n<p>(Fotos anklicken zum Vergr\u00f6\u00dfern)<\/p>\n<p><a href='http:\/\/ski.inmontanis.info\/d\/213582-2\/DSC03485.jpg'><img src=http:\/\/ski.inmontanis.info\/d\/213581-3\/DSC03485.jpg \/><\/a><br \/>\n^ Stau an der Mautstelle und dann auch noch an der falschen Spur angestellt und zwei lahme K\u00e4ufer mit Extraw\u00fcnschen vor mir gehabt, die mich in Prutz bzw. auf der Autobahn \u00fcberholt haben, weil ich mich halbwegs an die Geschwindigkeitsbeschr\u00e4nkung hielt. Grrrr!!<\/p>\n<p><a href='http:\/\/ski.inmontanis.info\/d\/213586-2\/DSC03487.jpg'><img src=http:\/\/ski.inmontanis.info\/d\/213585-3\/DSC03487.jpg \/><\/a><br \/>\n^ 4KSB und das restliche Skigebiet<\/p>\n<p><a href='http:\/\/ski.inmontanis.info\/d\/213590-2\/DSC03489.jpg'><img src=http:\/\/ski.inmontanis.info\/d\/213589-3\/DSC03489.jpg \/><\/a><br \/>\n^ SL N\u00f6rderjoch &#8211; SL Wei\u00dfseeferner<\/p>\n<p><a href='http:\/\/ski.inmontanis.info\/d\/213594-2\/DSC03490.jpg'><img src=http:\/\/ski.inmontanis.info\/d\/213593-3\/DSC03490.jpg \/><\/a><br \/>\n^ SL Wei\u00dfseeferner und Depot<\/p>\n<p><a href='http:\/\/ski.inmontanis.info\/d\/213598-2\/DSC03493.jpg'><img src=http:\/\/ski.inmontanis.info\/d\/213597-3\/DSC03493.jpg \/><\/a><br \/>\n^ Wiederbelebte schwarze Wiesejaggl-Abfahrt zur Mittelstation<\/p>\n<p><a href='http:\/\/ski.inmontanis.info\/d\/213602-2\/DSC03494.jpg'><img src=http:\/\/ski.inmontanis.info\/d\/213601-3\/DSC03494.jpg \/><\/a><br \/>\n^ Skitunnel der wiederbelebten schwarzen Wiesejaggl-Abfahrt<\/p>\n<p><a href='http:\/\/ski.inmontanis.info\/d\/213606-2\/DSC03496.jpg'><img src=http:\/\/ski.inmontanis.info\/d\/213605-3\/DSC03496.jpg \/><\/a><br \/>\n^ Wiesejaggl-Abfahrt; das oberste St\u00fcck ging verloren. Ist zwar sehr schade, da das das &#8220;selektivste&#8221; St\u00fcck war, aber der Wiedergewinn der restlichen Abfahrt wiegt doch h\u00f6her als der Verlust des Verlorenen. Soll inkl. der 4KSB lt. Facebook noch bis Pfingsten ge\u00f6ffnet bleiben.<\/p>\n<p><a href='http:\/\/ski.inmontanis.info\/d\/213610-2\/DSC03498.jpg'><img src=http:\/\/ski.inmontanis.info\/d\/213609-3\/DSC03498.jpg \/><\/a><br \/>\n^ Wiesejaggl-Abfahrt<\/p>\n<p><a href='http:\/\/ski.inmontanis.info\/d\/213614-2\/DSC03500.jpg'><img src=http:\/\/ski.inmontanis.info\/d\/213613-3\/DSC03500.jpg \/><\/a><br \/>\n^ Wiesejaggl-Abfahrt und 4KSB Sektion 2<\/p>\n<p><a href='http:\/\/ski.inmontanis.info\/d\/213618-2\/DSC03501.jpg'><img src=http:\/\/ski.inmontanis.info\/d\/213617-3\/DSC03501.jpg \/><\/a><br \/>\n^ Wiesejaggl-Abfahrt mit Mond<\/p>\n<p><a href='http:\/\/ski.inmontanis.info\/d\/213622-2\/DSC03502.jpg'><img src=http:\/\/ski.inmontanis.info\/d\/213621-3\/DSC03502.jpg \/><\/a><br \/>\n^ Talabfahrt<\/p>\n<p><a href='http:\/\/ski.inmontanis.info\/d\/213626-2\/DSC03505.jpg'><img src=http:\/\/ski.inmontanis.info\/d\/213625-3\/DSC03505.jpg \/><\/a><br \/>\n^ 4KSB Sektion 1. Die unteren Teile der blauen (links) und schwarzen (rechts) Abfahrt wurden bereits geschlossen<\/p>\n<p><a href='http:\/\/ski.inmontanis.info\/d\/213630-2\/DSC03506.jpg'><img src=http:\/\/ski.inmontanis.info\/d\/213629-3\/DSC03506.jpg \/><\/a><br \/>\n^ riesiges Schneedepot an der Abfahrt zur Mittelstation 4KSB<\/p>\n<p><a href='http:\/\/ski.inmontanis.info\/d\/213634-2\/DSC03507.jpg'><img src=http:\/\/ski.inmontanis.info\/d\/213633-3\/DSC03507.jpg \/><\/a><br \/>\n^ Die sch\u00f6nste Abfahrt an der 8EUB wurde bereits wg. 3 Depots geopfert, so ein Schei\u00df. Auch die rechte Variante (Ex-SL-Spur) war nicht mehr offen<\/p>\n<p><a href='http:\/\/ski.inmontanis.info\/d\/213638-2\/DSC03508.jpg'><img src=http:\/\/ski.inmontanis.info\/d\/213637-3\/DSC03508.jpg \/><\/a><br \/>\n^ Standard-Foto von der Bergstation Wei\u00dfseeferner-SL<\/p>\n<p><a href='http:\/\/ski.inmontanis.info\/d\/213642-2\/DSC03510.jpg'><img src=http:\/\/ski.inmontanis.info\/d\/213641-3\/DSC03510.jpg \/><\/a><br \/>\n^ SL Falgin<\/p>\n<p><a href='http:\/\/ski.inmontanis.info\/d\/213646-2\/DSC03511.jpg'><img src=http:\/\/ski.inmontanis.info\/d\/213645-3\/DSC03511.jpg \/><\/a><br \/>\n^ Wei\u00dfseespitze<\/p>\n<p><a href='http:\/\/ski.inmontanis.info\/d\/213650-2\/DSC03516.jpg'><img src=http:\/\/ski.inmontanis.info\/d\/213649-3\/DSC03516.jpg \/><\/a><br \/>\n^ SL Falgin. Wenn man die ganze Zeit nur Augen f\u00fcr Marchisio- und Graffer-SL hat, kommen einem die Seilrollen an den DM-SL echt winzig vor :)<\/p>\n<p><a href='http:\/\/ski.inmontanis.info\/d\/213654-2\/DSC03518.jpg'><img src=http:\/\/ski.inmontanis.info\/d\/213653-3\/DSC03518.jpg \/><\/a><br \/>\n^ Depots<\/p>\n<p><a href='http:\/\/ski.inmontanis.info\/d\/213658-2\/DSC03519.jpg'><img src=http:\/\/ski.inmontanis.info\/d\/213657-3\/DSC03519.jpg \/><\/a><br \/>\n^ Wiesejaggl-Abfahrt und Stra\u00dfe<\/p>\n<p><a href='http:\/\/ski.inmontanis.info\/d\/213662-2\/DSC03520.jpg'><img src=http:\/\/ski.inmontanis.info\/d\/213661-3\/DSC03520.jpg \/><\/a><br \/>\n^ Wiesejaggl-Abfahrt und Br\u00fccke \u00fcber Stra\u00dfe. Der abgetaute Gletscher oberhalb des Skitunnels war damals ja einer der beiden, die abgetaut sind, weshalb die DSB stillgelegt werden musste.<\/p>\n<p><a href='http:\/\/ski.inmontanis.info\/d\/213666-2\/DSC03521.jpg'><img src=http:\/\/ski.inmontanis.info\/d\/213665-3\/DSC03521.jpg \/><\/a><br \/>\n^ Ganztags mir zu starke Wartezeiten am SL N\u00f6rderjoch. Erst nach 15 Uhr wurde es angenehmer. Wird Zeit, dass man hier irgendwo mal noch einen 2. SL hinstellt.<\/p>\n<p><a href='http:\/\/ski.inmontanis.info\/d\/213670-2\/DSC03522.jpg'><img src=http:\/\/ski.inmontanis.info\/d\/213669-3\/DSC03522.jpg \/><\/a><br \/>\n^ Weitere Depots auf der Abfahrt zur Mittelstation.<\/p>\n<p><a href='http:\/\/ski.inmontanis.info\/d\/213674-2\/DSC03527.jpg'><img src=http:\/\/ski.inmontanis.info\/d\/213673-3\/DSC03527.jpg \/><\/a><br \/>\n^ SL Wei\u00dfseeferner und Falgin. Der Weg hier ins Trainingsgel\u00e4nde war anstrengender wie sonst, da man schieben musste.<\/p>\n<p><a href='http:\/\/ski.inmontanis.info\/d\/213678-2\/DSC03528.jpg'><img src=http:\/\/ski.inmontanis.info\/d\/213677-3\/DSC03528.jpg \/><\/a><br \/>\n^ SL Wei\u00dfseeferner, Falgin und 8EUB<\/p>\n<p><a href='http:\/\/ski.inmontanis.info\/d\/213682-2\/DSC03531.jpg'><img src=http:\/\/ski.inmontanis.info\/d\/213681-3\/DSC03531.jpg \/><\/a><br \/>\n^ N\u00f6rderjoch 2, leider noch nicht wieder aufgestellt.<\/p>\n<p><a href='http:\/\/ski.inmontanis.info\/d\/213686-2\/DSC03532.jpg'><img src=http:\/\/ski.inmontanis.info\/d\/213685-3\/DSC03532.jpg \/><\/a><br \/>\n^ Auch die begehbare Gletscherspalte wurde mit Schnee bedeckt. Nach dem Zustand vom letzten Herbst h\u00e4tte ich nicht gedacht, dass man die weiterhin halten will..<\/p>\n<p><a href='http:\/\/ski.inmontanis.info\/d\/213690-2\/DSC03533.jpg'><img src=http:\/\/ski.inmontanis.info\/d\/213689-3\/DSC03533.jpg \/><\/a><br \/>\n^ 4KSB Sektion 2. Viele Offpiste-Spuren, aber wohl kaum welche von heute &#8211; daf\u00fcr war der Schnee nicht gut genug.<\/p>\n<p>Grund f\u00fcr das Foto war aber ein anderer: Sp\u00e4testens an der Mittelstation waren auch am fr\u00fchen Nachmittag alle Sessel mit 4 Personen gef\u00fcllt. Au\u00dfer die Leute lie\u00dfen an der Mittelstation niemand zusteigen. Aber ansonsten wieder einmal alles sehr locker &#038; leicht funktioniert, ohne Zutrittsschranken an Tal- und Mittelstation.<\/p>\n<p><a href='http:\/\/ski.inmontanis.info\/d\/213694-2\/ge20160430a.jpg'><img src=http:\/\/ski.inmontanis.info\/d\/213693-3\/ge20160430a.jpg \/><\/a><br \/>\n^ GPS-Track 30.4.2016 (gelb) und zum Vergleich in Blau 24.4.2005, das letzte Jahr, in dem ich die Wiesejaggl-Abfahrt gefahren bin.<\/p>\n<p><a href='http:\/\/ski.inmontanis.info\/d\/213698-2\/ge20160430c.jpg'><img src=http:\/\/ski.inmontanis.info\/d\/213697-3\/ge20160430c.jpg \/><\/a><br \/>\n^ Wiesejaggl-Abfahrt 2005 und 2016 und in Rot die Ex-DSB-Trasse, Sat-Bild von 2000 mit den beiden Gletscherchen, \u00fcber die die DSB fuhr<\/p>\n","protected":false},"excerpt":{"rendered":"<p>Letztes Betriebs-WE in Livigno und heuer leider keine Verl\u00e4ngerung an der Agudio-6EUB geplant. W\u00e4re Grund genug gewesen, dort hinzufahren. Dagegen sprach, dass es nur am Samstag und nur halbwegs sch\u00f6n werden sollte, Firn war bei dem momentanen Winter-Wetter wohl nicht zu erwarten und ein Ziel f\u00fcr SO war wetterm\u00e4\u00dfig auch nicht sinnvoll. Dazu wollte ich <a href=\"http:\/\/blog.inmontanis.info\/?p=3839\">[&#8230;]<\/a><\/p>\n","protected":false},"author":1,"featured_media":0,"comment_status":"closed","ping_status":"closed","sticky":false,"template":"","format":"standard","meta":{"footnotes":""},"categories":[905,25,13,27],"tags":[49,47],"class_list":["post-3839","post","type-post","status-publish","format-standard","hentry","category-kaunertaler-gletscher","category-noreport","category-austria","category-skifahren-winterskiing-winter","tag-4sb","tag-sl","odd"],"_links":{"self":[{"href":"http:\/\/blog.inmontanis.info\/index.php?rest_route=\/wp\/v2\/posts\/3839","targetHints":{"allow":["GET"]}}],"collection":[{"href":"http:\/\/blog.inmontanis.info\/index.php?rest_route=\/wp\/v2\/posts"}],"about":[{"href":"http:\/\/blog.inmontanis.info\/index.php?rest_route=\/wp\/v2\/types\/post"}],"author":[{"embeddable":true,"href":"http:\/\/blog.inmontanis.info\/index.php?rest_route=\/wp\/v2\/users\/1"}],"replies":[{"embeddable":true,"href":"http:\/\/blog.inmontanis.info\/index.php?rest_route=%2Fwp%2Fv2%2Fcomments&post=3839"}],"version-history":[{"count":1,"href":"http:\/\/blog.inmontanis.info\/index.php?rest_route=\/wp\/v2\/posts\/3839\/revisions"}],"predecessor-version":[{"id":3840,"href":"http:\/\/blog.inmontanis.info\/index.php?rest_route=\/wp\/v2\/posts\/3839\/revisions\/3840"}],"wp:attachment":[{"href":"http:\/\/blog.inmontanis.info\/index.php?rest_route=%2Fwp%2Fv2%2Fmedia&parent=3839"}],"wp:term":[{"taxonomy":"category","embeddable":true,"href":"http:\/\/blog.inmontanis.info\/index.php?rest_route=%2Fwp%2Fv2%2Fcategories&post=3839"},{"taxonomy":"post_tag","embeddable":true,"href":"http:\/\/blog.inmontanis.info\/index.php?rest_route=%2Fwp%2Fv2%2Ftags&post=3839"}],"curies":[{"name":"wp","href":"https:\/\/api.w.org\/{rel}","templated":true}]}}