{"id":3834,"date":"2016-04-24T19:12:20","date_gmt":"2016-04-24T17:12:20","guid":{"rendered":"http:\/\/blog.inmontanis.info\/?p=3834"},"modified":"2023-08-03T22:02:01","modified_gmt":"2023-08-03T20:02:01","slug":"fedaia-24-4-2016","status":"publish","type":"post","link":"http:\/\/blog.inmontanis.info\/?p=3834","title":{"rendered":"Fedaia, 24.4.2016"},"content":{"rendered":"<p>Nachdem die Wettervorhersagen f\u00fcr n\u00e4chstes WE bisher auch nicht wirklich viel Sonne meldeten, aber f\u00fcr diesen Sonntag die Wetterberichte zumindest trocken und etwas Sonnenschein f\u00fcr den Fedaia meldeten &#8211; und ich zudem letztes Jahr nicht hier war &#8211; fuhr ich eben am Sonntag mal wieder zum Korblift am Fedaia-Pass.<\/p>\n<p>Na-Ja. War wohl einer meiner schlechtesten Tage hier. Die ersten Sonnenstrahlen kamen leider erst um 14:30 Uhr, der Schnee war zwar zur Abwechslung mal nicht pappig, aber daf\u00fcr war die halbe Abfahrt ziemlich eisig und offpiste f\u00fcr mich zu anstrengend, weil br\u00fcchig. Nach der ersten Abfahrt erst mal oben ins Rifugio und um 6,- ein Salsiccia-Panino gekauft, aber das Wetter wurde nicht besser, eher erst mal im Gegenteil.<\/p>\n<p>Ich hatte ja mit dem Gedanken gespielt, ab Mittag noch zum Rollepass weiter zu ziehen, aber einerseits schien es nun doch bald sonnig zu werden (an der Sella bereits sehr sonnig), andererseits waren gestern weder Betriebszeiten noch Skipasskosten f\u00fcr Rollepass zu finden gewesen. Aber wenn es dort heute schon fr\u00fcher sonniger w\u00e4re, k\u00f6nnte es aufgrund der geringen H\u00f6he ja mittags schon wieder eher pappig sein,  das macht ja dann auch nicht viel mehr Sinn?<\/p>\n<p>Um 13:30 Uhr hatte ich aber erst mal die Schnauze voll von den eisigen Pisten, setzte mich auf die Terrasse eines der heute geschlossenen Restaurants, spielte etwas am iPhone, holte sp\u00e4ter noch mein Auto vom Parkplatz, da mittlerweile am Korblift oben Parkpl\u00e4tze frei waren, und wartete bis 14:30, nahm dann die Racecarver (besserer Kantengriff) und blieb noch bis kurz nach 16 Uhr, nachdem nun mittlerweile wenigstens die Sonne gut rausgekommen ist. Aufgefirnt hat es aber leider nicht mehr. Fr\u00fchjahrsskifahren war das leider keines heute :-(<\/p>\n<p>(Fotos anklicken zum Vergr\u00f6\u00dfern)<\/p>\n<p><a href='http:\/\/ski.inmontanis.info\/d\/212932-2\/DSC03405.jpg'><img src=http:\/\/ski.inmontanis.info\/d\/212931-3\/DSC03405.jpg \/><\/a><br \/>\n^ Dantercepies<\/p>\n<p><a href='http:\/\/ski.inmontanis.info\/d\/212936-2\/DSC03409.jpg'><img src=http:\/\/ski.inmontanis.info\/d\/212935-3\/DSC03409.jpg \/><\/a><br \/>\n^ Plan de Gralba<\/p>\n<p><a href='http:\/\/ski.inmontanis.info\/d\/212940-2\/DSC03411.jpg'><img src=http:\/\/ski.inmontanis.info\/d\/212939-3\/DSC03411.jpg \/><\/a><br \/>\n^ Sellajoch, kurz vorher war eine Glatteisstelle auf der Stra\u00dfe, wo ich etwas ins Rutschen kam. Den Rest des Passes fuhr ich daher max. mit 30-40 km\/h.<\/p>\n<p><a href='http:\/\/ski.inmontanis.info\/d\/212944-2\/DSC03413.jpg'><img src=http:\/\/ski.inmontanis.info\/d\/212943-3\/DSC03413.jpg \/><\/a><br \/>\n^ Sellajoch \/ Langkofelscharte<\/p>\n<p><a href='http:\/\/ski.inmontanis.info\/d\/212948-2\/DSC03414.jpg'><img src=http:\/\/ski.inmontanis.info\/d\/212947-3\/DSC03414.jpg \/><\/a><br \/>\n^ Sellajoch, stellenweise etwas glatt &#8230;.<\/p>\n<p><a href='http:\/\/ski.inmontanis.info\/d\/212952-2\/DSC03415.jpg'><img src=http:\/\/ski.inmontanis.info\/d\/212951-3\/DSC03415.jpg \/><\/a><br \/>\n^ Sellajoch, stellenweise auch eine dichtere (leicht matschige) Schneedecke<\/p>\n<p><a href='http:\/\/ski.inmontanis.info\/d\/212956-2\/DSC03416.jpg'><img src=http:\/\/ski.inmontanis.info\/d\/212955-3\/DSC03416.jpg \/><\/a><br \/>\n^ Sellajoch vs. Belvedere &#8211; Marmolada<\/p>\n<p><a href='http:\/\/ski.inmontanis.info\/d\/212960-2\/DSC03419.jpg'><img src=http:\/\/ski.inmontanis.info\/d\/212959-3\/DSC03419.jpg \/><\/a><br \/>\n^ Neue Verbindungsbahn Alba &#8211; Sellarunde<\/p>\n<p><a href='http:\/\/ski.inmontanis.info\/d\/212964-2\/DSC03420.jpg'><img src=http:\/\/ski.inmontanis.info\/d\/212963-3\/DSC03420.jpg \/><\/a><br \/>\n^ Neue Verbindungsbahn Alba &#8211; Sellarunde<\/p>\n<p><a href='http:\/\/ski.inmontanis.info\/d\/212968-2\/DSC03422.jpg'><img src=http:\/\/ski.inmontanis.info\/d\/212967-3\/DSC03422.jpg \/><\/a><br \/>\n^ Fedaia &#8211; Staumauer und Korblift<\/p>\n<p><a href='http:\/\/ski.inmontanis.info\/d\/212972-2\/DSC03424.jpg'><img src=http:\/\/ski.inmontanis.info\/d\/212971-3\/DSC03424.jpg \/><\/a><br \/>\n^ Neuschnee am Korblift und auch in den K\u00f6rben<\/p>\n<p><a href='http:\/\/ski.inmontanis.info\/d\/212976-2\/DSC03431.jpg'><img src=http:\/\/ski.inmontanis.info\/d\/212975-3\/DSC03431.jpg \/><\/a><br \/>\n^ Der hinten liegende Fangzaun wurde wohl von einer Lawine erwischt. Rechts im Westen bereits toller Sonnenschein<\/p>\n<p><a href='http:\/\/ski.inmontanis.info\/d\/212980-2\/DSC03434.jpg'><img src=http:\/\/ski.inmontanis.info\/d\/212979-3\/DSC03434.jpg \/><\/a><br \/>\n^ Die Gesch\u00e4fte \/ Restaurants \/ Bars um die Korblift-Talstation waren heute alle geschlossen, wg. einer Mountain-Wilderness-Demo an der Bergstation des Korblifts (aber vmtl. eher ein Streik gegen MW und nicht unterst\u00fctzend, oder?)<\/p>\n<p><a href='http:\/\/ski.inmontanis.info\/d\/212984-2\/DSC03435.jpg'><img src=http:\/\/ski.inmontanis.info\/d\/212983-3\/DSC03435.jpg \/><\/a><br \/>\n^ Die Fangz\u00e4une wurden wohl zu hei\u00df gewaschen? :)<\/p>\n<p><a href='http:\/\/ski.inmontanis.info\/d\/212988-2\/DSC03437.jpg'><img src=http:\/\/ski.inmontanis.info\/d\/212987-3\/DSC03437.jpg \/><\/a><br \/>\n^ Um 14:30 Uhr blickte auch hier endlich die Sonne durch. Offpiste war&#8217;s wohl nur f\u00fcr Boarder und Breitlattenfahrer ertr\u00e4glich.<\/p>\n<p><a href='http:\/\/ski.inmontanis.info\/d\/212992-2\/DSC03439.jpg'><img src=http:\/\/ski.inmontanis.info\/d\/212991-3\/DSC03439.jpg \/><\/a><br \/>\n^ Fedaia-Stausee<\/p>\n<p><a href='http:\/\/ski.inmontanis.info\/d\/212996-2\/DSC03444.jpg'><img src=http:\/\/ski.inmontanis.info\/d\/212995-3\/DSC03444.jpg \/><\/a><br \/>\n^ Langkofel &#8211; Sellagruppe<\/p>\n<p><a href='http:\/\/ski.inmontanis.info\/d\/213000-2\/DSC03446.jpg'><img src=http:\/\/ski.inmontanis.info\/d\/212999-3\/DSC03446.jpg \/><\/a><br \/>\n^ Korblift St\u00fctze 24 und Bergstation<\/p>\n<p><a href='http:\/\/ski.inmontanis.info\/d\/213004-2\/DSC03454.jpg'><img src=http:\/\/ski.inmontanis.info\/d\/213003-3\/DSC03454.jpg \/><\/a><br \/>\n^ Korblift St\u00fctze 24 und Bergstation<\/p>\n<p><a href='http:\/\/ski.inmontanis.info\/d\/213008-2\/DSC03455.jpg'><img src=http:\/\/ski.inmontanis.info\/d\/213007-3\/DSC03455.jpg \/><\/a><br \/>\n^ Kasse. Auch hier ein Zettel gegen die Mountain-Wilderness-Aktivisten, die wohl gegen die Liftanlagen sein sollen.<\/p>\n<p>Also wenn die Pro-Korblift und Contra-Neubau w\u00e4ren, w\u00e4re mir das ja auch recht ;-)<\/p>\n<p><a href='http:\/\/ski.inmontanis.info\/d\/213012-2\/DSC03457.jpg'><img src=http:\/\/ski.inmontanis.info\/d\/213011-3\/DSC03457.jpg \/><\/a><br \/>\n^ Vmtl. wurde auch dies wg. den MountainWilderness-Aktivisten heute aufgestellt. Als ob sich irgendein italienischer Skitourengeher wg. dieses Skitourenverbots davon abhalten w\u00fcrde&#8230; ;)<\/p>\n<p><a href='http:\/\/ski.inmontanis.info\/d\/213016-2\/DSC03458.jpg'><img src=http:\/\/ski.inmontanis.info\/d\/213015-3\/DSC03458.jpg \/><\/a><br \/>\n^ Mal was neues ;-)<\/p>\n<p><a href='http:\/\/ski.inmontanis.info\/d\/213020-2\/DSC03459.jpg'><img src=http:\/\/ski.inmontanis.info\/d\/213019-3\/DSC03459.jpg \/><\/a><br \/>\n^ Abfahrt am Korblift in kompletter Breite und mit gen\u00fcgend Schnee heuer.<\/p>\n<p><a href='http:\/\/ski.inmontanis.info\/d\/213024-2\/DSC03462.jpg'><img src=http:\/\/ski.inmontanis.info\/d\/213023-3\/DSC03462.jpg \/><\/a><br \/>\n^ Offpiste-Bereich, zwar nicht \u00fcberm\u00e4\u00dfig, aber genug Schnee. F\u00fcr mich aber heute nicht fahrbar.<\/p>\n<p><a href='http:\/\/ski.inmontanis.info\/d\/213028-2\/DSC03465.jpg'><img src=http:\/\/ski.inmontanis.info\/d\/213027-3\/DSC03465.jpg \/><\/a><br \/>\n^ Kurz vor 15 Uhr, endlich blauer Himmel und Sonnenschein.<\/p>\n<p><a href='http:\/\/ski.inmontanis.info\/d\/213032-2\/DSC03470.jpg'><img src=http:\/\/ski.inmontanis.info\/d\/213031-3\/DSC03470.jpg \/><\/a><\/p>\n<p><a href='http:\/\/ski.inmontanis.info\/d\/213036-2\/DSC03472.jpg'><img src=http:\/\/ski.inmontanis.info\/d\/213035-3\/DSC03472.jpg \/><\/a><br \/>\n^ Im oberen Bereich waren hier und da 2 Abfahrtsvarianten pr\u00e4pariert. Von zwei komplett eigenst\u00e4ndigen Abfahrten, wie es einem die Fassa-Homepage suggerieren w\u00fcrde (2 Abfahrten \u00e0 2,75km ge\u00f6ffnet), ist man aber weit entfernt.<\/p>\n<p><a href='http:\/\/ski.inmontanis.info\/d\/213040-2\/DSC03476.jpg'><img src=http:\/\/ski.inmontanis.info\/d\/213039-3\/DSC03476.jpg \/><\/a><br \/>\n^ Tourengeher vs. Korblift<\/p>\n<p><a href='http:\/\/ski.inmontanis.info\/d\/213044-2\/DSC03481.jpg'><img src=http:\/\/ski.inmontanis.info\/d\/213043-3\/DSC03481.jpg \/><\/a><br \/>\n^ Korblift \/ Gipfel. Waren jedenfalls viel Tourengeher heute am Gipfel.<\/p>\n<p><a href='http:\/\/ski.inmontanis.info\/d\/213048-2\/DSC03482.jpg'><img src=http:\/\/ski.inmontanis.info\/d\/213047-3\/DSC03482.jpg \/><\/a><br \/>\n^ Mountain Wilderness baute neben der Korblift-Bergstation ein Zelt auf. Nachmittags um 15:30 gabs dann ein &#8211; eher kleines &#8211; Gruppenfoto.<\/p>\n<p><a href='http:\/\/ski.inmontanis.info\/d\/213052-2\/DSC03483.jpg'><img src=http:\/\/ski.inmontanis.info\/d\/213051-3\/DSC03483.jpg \/><\/a><br \/>\n^ Das nervigste St\u00fcck der Abfahrt heute. Bis zum Schluss eisig, und auch schlecht pr\u00e4pariert.<\/p>\n<p><a href='http:\/\/ski.inmontanis.info\/d\/213056-2\/DSC03484.jpg'><img src=http:\/\/ski.inmontanis.info\/d\/213055-3\/DSC03484.jpg \/><\/a><br \/>\n^ Offpiste heute recht br\u00fcchig. Neuschnee &#8211; Bruchschicht &#8211; Altschnee, wobei der braune Altschnee weich durchn\u00e4sst war und so toll zu fahren gewesen w\u00e4re :(<\/p>\n<p><a href='http:\/\/ski.inmontanis.info\/d\/213060-2\/ge20160424a.jpg'><img src=http:\/\/ski.inmontanis.info\/d\/213059-3\/ge20160424a.jpg \/><\/a><br \/>\n^ Bescheidener GPS-Track vom 24.4.2016<\/p>\n<p>Auf der Heimfahrt noch kurz an der Rastst\u00e4tte vor Brixen (Sarni) f\u00fcr ein Tris die Pasta gehalten. Ufz. 2\/3 Mikrowellen-gew\u00e4rmte (tw. zu harte) Nudeln, also kein Vergleich zu den tollen und ich glaub sogar g\u00fcnstigeren Tris-di-Pasta in einem Autogrill, z.B. vor Mailand. In Nordtirol dann fast bis ins Inntal leichter Schneefall. Am Montag Morgen dann auch in Innsbruck Schneefall und das kalte schneefallreiche Wetter soll wohl auch bis und mit n\u00e4chstem WE noch anhalten. Wieder kein Fr\u00fchjahrsfirn :-(<\/p>\n","protected":false},"excerpt":{"rendered":"<p>Nachdem die Wettervorhersagen f\u00fcr n\u00e4chstes WE bisher auch nicht wirklich viel Sonne meldeten, aber f\u00fcr diesen Sonntag die Wetterberichte zumindest trocken und etwas Sonnenschein f\u00fcr den Fedaia meldeten &#8211; und ich zudem letztes Jahr nicht hier war &#8211; fuhr ich eben am Sonntag mal wieder zum Korblift am Fedaia-Pass.<\/p>\n<p>Na-Ja. War wohl einer meiner schlechtesten <a href=\"http:\/\/blog.inmontanis.info\/?p=3834\">[&#8230;]<\/a><\/p>\n","protected":false},"author":1,"featured_media":0,"comment_status":"closed","ping_status":"closed","sticky":false,"template":"","format":"standard","meta":{"footnotes":""},"categories":[24,489,15,27],"tags":[91,63],"class_list":["post-3834","post","type-post","status-publish","format-standard","hentry","category-tagestour","category-fedaia-fiacconi","category-italienitaly","category-skifahren-winterskiing-winter","tag-graffer","tag-korblift","odd"],"_links":{"self":[{"href":"http:\/\/blog.inmontanis.info\/index.php?rest_route=\/wp\/v2\/posts\/3834","targetHints":{"allow":["GET"]}}],"collection":[{"href":"http:\/\/blog.inmontanis.info\/index.php?rest_route=\/wp\/v2\/posts"}],"about":[{"href":"http:\/\/blog.inmontanis.info\/index.php?rest_route=\/wp\/v2\/types\/post"}],"author":[{"embeddable":true,"href":"http:\/\/blog.inmontanis.info\/index.php?rest_route=\/wp\/v2\/users\/1"}],"replies":[{"embeddable":true,"href":"http:\/\/blog.inmontanis.info\/index.php?rest_route=%2Fwp%2Fv2%2Fcomments&post=3834"}],"version-history":[{"count":1,"href":"http:\/\/blog.inmontanis.info\/index.php?rest_route=\/wp\/v2\/posts\/3834\/revisions"}],"predecessor-version":[{"id":3835,"href":"http:\/\/blog.inmontanis.info\/index.php?rest_route=\/wp\/v2\/posts\/3834\/revisions\/3835"}],"wp:attachment":[{"href":"http:\/\/blog.inmontanis.info\/index.php?rest_route=%2Fwp%2Fv2%2Fmedia&parent=3834"}],"wp:term":[{"taxonomy":"category","embeddable":true,"href":"http:\/\/blog.inmontanis.info\/index.php?rest_route=%2Fwp%2Fv2%2Fcategories&post=3834"},{"taxonomy":"post_tag","embeddable":true,"href":"http:\/\/blog.inmontanis.info\/index.php?rest_route=%2Fwp%2Fv2%2Ftags&post=3834"}],"curies":[{"name":"wp","href":"https:\/\/api.w.org\/{rel}","templated":true}]}}